{"id":158760,"date":"2025-12-02T21:00:53","date_gmt":"2025-12-03T04:00:53","guid":{"rendered":"https:\/\/nbcs.mx\/?p=158760"},"modified":"2025-12-02T21:00:53","modified_gmt":"2025-12-03T04:00:53","slug":"enciende-gobernador-castro-cosio-luces-navidenas-en-la-plaza-de-la-reforma","status":"publish","type":"post","link":"https:\/\/nbcs.mx\/?p=158760","title":{"rendered":"Enciende Gobernador Castro Cos\u00edo luces navide\u00f1as en la Plaza de la Reforma"},"content":{"rendered":"<p style=\"font-weight: 400; text-align: justify;\"><img loading=\"lazy\" decoding=\"async\" class=\" wp-image-158761 alignleft\" src=\"https:\/\/nbcs.mx\/wp-content\/uploads\/2025\/12\/FOTO3-BOLETIN-03137-VMCC-ENCENDIDO-755x423.jpg\" alt=\"\" width=\"402\" height=\"225\" srcset=\"https:\/\/nbcs.mx\/wp-content\/uploads\/2025\/12\/FOTO3-BOLETIN-03137-VMCC-ENCENDIDO-755x423.jpg 755w, https:\/\/nbcs.mx\/wp-content\/uploads\/2025\/12\/FOTO3-BOLETIN-03137-VMCC-ENCENDIDO-1024x573.jpg 1024w, https:\/\/nbcs.mx\/wp-content\/uploads\/2025\/12\/FOTO3-BOLETIN-03137-VMCC-ENCENDIDO-150x84.jpg 150w, https:\/\/nbcs.mx\/wp-content\/uploads\/2025\/12\/FOTO3-BOLETIN-03137-VMCC-ENCENDIDO-768x430.jpg 768w, https:\/\/nbcs.mx\/wp-content\/uploads\/2025\/12\/FOTO3-BOLETIN-03137-VMCC-ENCENDIDO-1536x860.jpg 1536w, https:\/\/nbcs.mx\/wp-content\/uploads\/2025\/12\/FOTO3-BOLETIN-03137-VMCC-ENCENDIDO-2048x1147.jpg 2048w, https:\/\/nbcs.mx\/wp-content\/uploads\/2025\/12\/FOTO3-BOLETIN-03137-VMCC-ENCENDIDO-800x445.jpg 800w\" sizes=\"auto, (max-width: 402px) 100vw, 402px\" \/>El gobernador del estado, V\u00edctor Manuel Castro Cos\u00edo, acompa\u00f1ado por la presidenta del Sistema Estatal DIF, Patricia L\u00f3pez Navarro, encabez\u00f3 el tradicional encendido de luces navide\u00f1as en los edificios de Gobierno del Estado, celebrando la temporada decembrina como un momento de alegr\u00eda, solidaridad y convivencia familiar.<\/p>\n<p style=\"font-weight: 400; text-align: justify;\">\n<p style=\"font-weight: 400; text-align: justify;\">\u201cEstas fiestas son una oportunidad para disfrutar con la familia, ser fraternos y mantener viva la esperanza por una vida mejor\u201d, expres\u00f3 el mandatario frente a las familias que se dieron cita en la Plaza de la Reforma.<\/p>\n<p style=\"font-weight: 400; text-align: justify;\">\n<p style=\"font-weight: 400; text-align: justify;\">Previo al encendido, las y los asistentes disfrutaron de presentaciones art\u00edsticas tradicionales de la temporada, con la interpretaci\u00f3n del mariachi de la Escuela de M\u00fasica del Estado y, al concluir, la actuaci\u00f3n del grupo musical Los Apson.<\/p>\n<p style=\"font-weight: 400; text-align: justify;\">\n<p style=\"font-weight: 400; text-align: justify;\">Durante el evento, el Gobernador reconoci\u00f3 al personal del \u00e1rea de Servicios Generales, responsable de la elaboraci\u00f3n de la decoraci\u00f3n de los edificios y jardines de Palacio de Gobierno y de la Secretar\u00eda de Finanzas, cuyo trabajo da vida a los espacios p\u00fablicos durante la temporada navide\u00f1a.<\/p>\n<p style=\"font-weight: 400; text-align: justify;\">\n<p style=\"font-weight: 400; text-align: justify;\">Finalmente, el mandatario resalt\u00f3 la importancia de la convivencia familiar y de celebrar en un ambiente de armon\u00eda, respeto y paz, invitando a todas y todos los sudcalifornianos a compartir estas fechas con sus seres queridos y reforzar los valores humanos.<\/p>\n<p style=\"font-weight: 400; text-align: justify;\">\n","protected":false},"excerpt":{"rendered":"<p>El gobernador del estado, V\u00edctor Manuel Castro Cos\u00edo, acompa\u00f1ado por la presidenta del Sistema Estatal DIF, Patricia L\u00f3pez Navarro, encabez\u00f3<\/p>\n","protected":false},"author":1,"featured_media":158761,"comment_status":"open","ping_status":"closed","sticky":false,"template":"","format":"standard","meta":{"colormag_page_container_layout":"default_layout","colormag_page_sidebar_layout":"default_layout","_jetpack_memberships_contains_paid_content":false,"footnotes":"","jetpack_publicize_message":"","jetpack_publicize_feature_enabled":true,"jetpack_social_post_already_shared":true,"jetpack_social_options":{"image_generator_settings":{"template":"highway","default_image_id":0,"font":"","enabled":false},"version":2}},"categories":[1],"tags":[],"class_list":["post-158760","post","type-post","status-publish","format-standard","has-post-thumbnail","hentry","category-noticias"],"yoast_head":"<!-- This site is optimized with the Yoast SEO plugin v27.5 - https:\/\/yoast.com\/product\/yoast-seo-wordpress\/ -->\n<title>Enciende Gobernador Castro Cos\u00edo luces navide\u00f1as en la Plaza de la Reforma - NBCS Noticias<\/title>\n<meta name=\"robots\" content=\"index, follow, max-snippet:-1, max-image-preview:large, max-video-preview:-1\" \/>\n<link rel=\"canonical\" href=\"https:\/\/nbcs.mx\/?p=158760\" \/>\n<meta property=\"og:locale\" content=\"es_ES\" \/>\n<meta property=\"og:type\" content=\"article\" \/>\n<meta property=\"og:title\" content=\"Enciende Gobernador Castro Cos\u00edo luces navide\u00f1as en la Plaza de la Reforma - NBCS Noticias\" \/>\n<meta property=\"og:description\" content=\"El gobernador del estado, V\u00edctor Manuel Castro Cos\u00edo, acompa\u00f1ado por la presidenta del Sistema Estatal DIF, Patricia L\u00f3pez Navarro, encabez\u00f3\" \/>\n<meta property=\"og:url\" content=\"https:\/\/nbcs.mx\/?p=158760\" \/>\n<meta property=\"og:site_name\" content=\"NBCS Noticias\" \/>\n<meta property=\"article:publisher\" content=\"https:\/\/www.facebook.com\/NBCSnoticias\" \/>\n<meta property=\"article:author\" content=\"https:\/\/www.facebook.com\/NBCSnoticias\" \/>\n<meta property=\"article:published_time\" content=\"2025-12-03T04:00:53+00:00\" \/>\n<meta property=\"og:image\" content=\"https:\/\/nbcs.mx\/wp-content\/uploads\/2025\/12\/FOTO3-BOLETIN-03137-VMCC-ENCENDIDO.jpg\" \/>\n\t<meta property=\"og:image:width\" content=\"2400\" \/>\n\t<meta property=\"og:image:height\" content=\"1344\" \/>\n\t<meta property=\"og:image:type\" content=\"image\/jpeg\" \/>\n<meta name=\"author\" content=\"NBCS Noticias\" \/>\n<meta name=\"twitter:card\" content=\"summary_large_image\" \/>\n<meta name=\"twitter:creator\" content=\"@https:\/\/twitter.com\/NBCSnoticias\" \/>\n<meta name=\"twitter:site\" content=\"@NBCSnoticias\" \/>\n<meta name=\"twitter:label1\" content=\"Escrito por\" \/>\n\t<meta name=\"twitter:data1\" content=\"NBCS Noticias\" \/>\n\t<meta name=\"twitter:label2\" content=\"Tiempo de lectura\" \/>\n\t<meta name=\"twitter:data2\" content=\"2 minutos\" \/>\n<script type=\"application\/ld+json\" class=\"yoast-schema-graph\">{\"@context\":\"https:\\\/\\\/schema.org\",\"@graph\":[{\"@type\":\"Article\",\"@id\":\"https:\\\/\\\/nbcs.mx\\\/?p=158760#article\",\"isPartOf\":{\"@id\":\"https:\\\/\\\/nbcs.mx\\\/?p=158760\"},\"author\":{\"name\":\"NBCS Noticias\",\"@id\":\"https:\\\/\\\/nbcs.mx\\\/#\\\/schema\\\/person\\\/ece58bab9a7c1e87a4d28ec9ecd79ff4\"},\"headline\":\"Enciende Gobernador Castro Cos\u00edo luces navide\u00f1as en la Plaza de la Reforma\",\"datePublished\":\"2025-12-03T04:00:53+00:00\",\"mainEntityOfPage\":{\"@id\":\"https:\\\/\\\/nbcs.mx\\\/?p=158760\"},\"wordCount\":239,\"commentCount\":0,\"publisher\":{\"@id\":\"https:\\\/\\\/nbcs.mx\\\/#organization\"},\"image\":{\"@id\":\"https:\\\/\\\/nbcs.mx\\\/?p=158760#primaryimage\"},\"thumbnailUrl\":\"https:\\\/\\\/nbcs.mx\\\/wp-content\\\/uploads\\\/2025\\\/12\\\/FOTO3-BOLETIN-03137-VMCC-ENCENDIDO.jpg\",\"articleSection\":[\"Noticias\"],\"inLanguage\":\"es\",\"potentialAction\":[{\"@type\":\"CommentAction\",\"name\":\"Comment\",\"target\":[\"https:\\\/\\\/nbcs.mx\\\/?p=158760#respond\"]}]},{\"@type\":\"WebPage\",\"@id\":\"https:\\\/\\\/nbcs.mx\\\/?p=158760\",\"url\":\"https:\\\/\\\/nbcs.mx\\\/?p=158760\",\"name\":\"Enciende Gobernador Castro Cos\u00edo luces navide\u00f1as en la Plaza de la Reforma - NBCS Noticias\",\"isPartOf\":{\"@id\":\"https:\\\/\\\/nbcs.mx\\\/#website\"},\"primaryImageOfPage\":{\"@id\":\"https:\\\/\\\/nbcs.mx\\\/?p=158760#primaryimage\"},\"image\":{\"@id\":\"https:\\\/\\\/nbcs.mx\\\/?p=158760#primaryimage\"},\"thumbnailUrl\":\"https:\\\/\\\/nbcs.mx\\\/wp-content\\\/uploads\\\/2025\\\/12\\\/FOTO3-BOLETIN-03137-VMCC-ENCENDIDO.jpg\",\"datePublished\":\"2025-12-03T04:00:53+00:00\",\"breadcrumb\":{\"@id\":\"https:\\\/\\\/nbcs.mx\\\/?p=158760#breadcrumb\"},\"inLanguage\":\"es\",\"potentialAction\":[{\"@type\":\"ReadAction\",\"target\":[\"https:\\\/\\\/nbcs.mx\\\/?p=158760\"]}]},{\"@type\":\"ImageObject\",\"inLanguage\":\"es\",\"@id\":\"https:\\\/\\\/nbcs.mx\\\/?p=158760#primaryimage\",\"url\":\"https:\\\/\\\/nbcs.mx\\\/wp-content\\\/uploads\\\/2025\\\/12\\\/FOTO3-BOLETIN-03137-VMCC-ENCENDIDO.jpg\",\"contentUrl\":\"https:\\\/\\\/nbcs.mx\\\/wp-content\\\/uploads\\\/2025\\\/12\\\/FOTO3-BOLETIN-03137-VMCC-ENCENDIDO.jpg\",\"width\":2400,\"height\":1344},{\"@type\":\"BreadcrumbList\",\"@id\":\"https:\\\/\\\/nbcs.mx\\\/?p=158760#breadcrumb\",\"itemListElement\":[{\"@type\":\"ListItem\",\"position\":1,\"name\":\"Portada\",\"item\":\"https:\\\/\\\/nbcs.mx\\\/\"},{\"@type\":\"ListItem\",\"position\":2,\"name\":\"Enciende Gobernador Castro Cos\u00edo luces navide\u00f1as en la Plaza de la Reforma\"}]},{\"@type\":\"WebSite\",\"@id\":\"https:\\\/\\\/nbcs.mx\\\/#website\",\"url\":\"https:\\\/\\\/nbcs.mx\\\/\",\"name\":\"NBCS Noticias\",\"description\":\"Sitio web de noticias en Baja California Sur\",\"publisher\":{\"@id\":\"https:\\\/\\\/nbcs.mx\\\/#organization\"},\"potentialAction\":[{\"@type\":\"SearchAction\",\"target\":{\"@type\":\"EntryPoint\",\"urlTemplate\":\"https:\\\/\\\/nbcs.mx\\\/?s={search_term_string}\"},\"query-input\":{\"@type\":\"PropertyValueSpecification\",\"valueRequired\":true,\"valueName\":\"search_term_string\"}}],\"inLanguage\":\"es\"},{\"@type\":\"Organization\",\"@id\":\"https:\\\/\\\/nbcs.mx\\\/#organization\",\"name\":\"NBCS Noticias\",\"url\":\"https:\\\/\\\/nbcs.mx\\\/\",\"logo\":{\"@type\":\"ImageObject\",\"inLanguage\":\"es\",\"@id\":\"https:\\\/\\\/nbcs.mx\\\/#\\\/schema\\\/logo\\\/image\\\/\",\"url\":\"https:\\\/\\\/nbcs.mx\\\/wp-content\\\/uploads\\\/2018\\\/09\\\/057b69485e93575a5c2b1c1dde2dd297.jpeg\",\"contentUrl\":\"https:\\\/\\\/nbcs.mx\\\/wp-content\\\/uploads\\\/2018\\\/09\\\/057b69485e93575a5c2b1c1dde2dd297.jpeg\",\"width\":64,\"height\":64,\"caption\":\"NBCS Noticias\"},\"image\":{\"@id\":\"https:\\\/\\\/nbcs.mx\\\/#\\\/schema\\\/logo\\\/image\\\/\"},\"sameAs\":[\"https:\\\/\\\/www.facebook.com\\\/NBCSnoticias\",\"https:\\\/\\\/x.com\\\/NBCSnoticias\"]},{\"@type\":\"Person\",\"@id\":\"https:\\\/\\\/nbcs.mx\\\/#\\\/schema\\\/person\\\/ece58bab9a7c1e87a4d28ec9ecd79ff4\",\"name\":\"NBCS Noticias\",\"image\":{\"@type\":\"ImageObject\",\"inLanguage\":\"es\",\"@id\":\"https:\\\/\\\/secure.gravatar.com\\\/avatar\\\/4e52110cad1c4054b43271a0d14bbe9e2ea76aecd0e1097edfc670798d9ca1d4?s=96&d=blank&r=g\",\"url\":\"https:\\\/\\\/secure.gravatar.com\\\/avatar\\\/4e52110cad1c4054b43271a0d14bbe9e2ea76aecd0e1097edfc670798d9ca1d4?s=96&d=blank&r=g\",\"contentUrl\":\"https:\\\/\\\/secure.gravatar.com\\\/avatar\\\/4e52110cad1c4054b43271a0d14bbe9e2ea76aecd0e1097edfc670798d9ca1d4?s=96&d=blank&r=g\",\"caption\":\"NBCS Noticias\"},\"description\":\"\u00bfTienes fotos o video de alg\u00fan acto de posible negligencia, corrupci\u00f3n y abuso de autoridad? M\u00e1ndalo al WhatsApp de NBCS Noticias: 612 141 98 08\",\"sameAs\":[\"https:\\\/\\\/www.nbcs.mx\",\"https:\\\/\\\/www.facebook.com\\\/NBCSnoticias\",\"https:\\\/\\\/www.instagram.com\\\/nbcsnoticias\\\/\",\"https:\\\/\\\/x.com\\\/https:\\\/\\\/twitter.com\\\/NBCSnoticias\"]}]}<\/script>\n<!-- \/ Yoast SEO plugin. -->","yoast_head_json":{"title":"Enciende Gobernador Castro Cos\u00edo luces navide\u00f1as en la Plaza de la Reforma - NBCS Noticias","robots":{"index":"index","follow":"follow","max-snippet":"max-snippet:-1","max-image-preview":"max-image-preview:large","max-video-preview":"max-video-preview:-1"},"canonical":"https:\/\/nbcs.mx\/?p=158760","og_locale":"es_ES","og_type":"article","og_title":"Enciende Gobernador Castro Cos\u00edo luces navide\u00f1as en la Plaza de la Reforma - NBCS Noticias","og_description":"El gobernador del estado, V\u00edctor Manuel Castro Cos\u00edo, acompa\u00f1ado por la presidenta del Sistema Estatal DIF, Patricia L\u00f3pez Navarro, encabez\u00f3","og_url":"https:\/\/nbcs.mx\/?p=158760","og_site_name":"NBCS Noticias","article_publisher":"https:\/\/www.facebook.com\/NBCSnoticias","article_author":"https:\/\/www.facebook.com\/NBCSnoticias","article_published_time":"2025-12-03T04:00:53+00:00","og_image":[{"width":2400,"height":1344,"url":"https:\/\/nbcs.mx\/wp-content\/uploads\/2025\/12\/FOTO3-BOLETIN-03137-VMCC-ENCENDIDO.jpg","type":"image\/jpeg"}],"author":"NBCS Noticias","twitter_card":"summary_large_image","twitter_creator":"@https:\/\/twitter.com\/NBCSnoticias","twitter_site":"@NBCSnoticias","twitter_misc":{"Escrito por":"NBCS Noticias","Tiempo de lectura":"2 minutos"},"schema":{"@context":"https:\/\/schema.org","@graph":[{"@type":"Article","@id":"https:\/\/nbcs.mx\/?p=158760#article","isPartOf":{"@id":"https:\/\/nbcs.mx\/?p=158760"},"author":{"name":"NBCS Noticias","@id":"https:\/\/nbcs.mx\/#\/schema\/person\/ece58bab9a7c1e87a4d28ec9ecd79ff4"},"headline":"Enciende Gobernador Castro Cos\u00edo luces navide\u00f1as en la Plaza de la Reforma","datePublished":"2025-12-03T04:00:53+00:00","mainEntityOfPage":{"@id":"https:\/\/nbcs.mx\/?p=158760"},"wordCount":239,"commentCount":0,"publisher":{"@id":"https:\/\/nbcs.mx\/#organization"},"image":{"@id":"https:\/\/nbcs.mx\/?p=158760#primaryimage"},"thumbnailUrl":"https:\/\/nbcs.mx\/wp-content\/uploads\/2025\/12\/FOTO3-BOLETIN-03137-VMCC-ENCENDIDO.jpg","articleSection":["Noticias"],"inLanguage":"es","potentialAction":[{"@type":"CommentAction","name":"Comment","target":["https:\/\/nbcs.mx\/?p=158760#respond"]}]},{"@type":"WebPage","@id":"https:\/\/nbcs.mx\/?p=158760","url":"https:\/\/nbcs.mx\/?p=158760","name":"Enciende Gobernador Castro Cos\u00edo luces navide\u00f1as en la Plaza de la Reforma - NBCS Noticias","isPartOf":{"@id":"https:\/\/nbcs.mx\/#website"},"primaryImageOfPage":{"@id":"https:\/\/nbcs.mx\/?p=158760#primaryimage"},"image":{"@id":"https:\/\/nbcs.mx\/?p=158760#primaryimage"},"thumbnailUrl":"https:\/\/nbcs.mx\/wp-content\/uploads\/2025\/12\/FOTO3-BOLETIN-03137-VMCC-ENCENDIDO.jpg","datePublished":"2025-12-03T04:00:53+00:00","breadcrumb":{"@id":"https:\/\/nbcs.mx\/?p=158760#breadcrumb"},"inLanguage":"es","potentialAction":[{"@type":"ReadAction","target":["https:\/\/nbcs.mx\/?p=158760"]}]},{"@type":"ImageObject","inLanguage":"es","@id":"https:\/\/nbcs.mx\/?p=158760#primaryimage","url":"https:\/\/nbcs.mx\/wp-content\/uploads\/2025\/12\/FOTO3-BOLETIN-03137-VMCC-ENCENDIDO.jpg","contentUrl":"https:\/\/nbcs.mx\/wp-content\/uploads\/2025\/12\/FOTO3-BOLETIN-03137-VMCC-ENCENDIDO.jpg","width":2400,"height":1344},{"@type":"BreadcrumbList","@id":"https:\/\/nbcs.mx\/?p=158760#breadcrumb","itemListElement":[{"@type":"ListItem","position":1,"name":"Portada","item":"https:\/\/nbcs.mx\/"},{"@type":"ListItem","position":2,"name":"Enciende Gobernador Castro Cos\u00edo luces navide\u00f1as en la Plaza de la Reforma"}]},{"@type":"WebSite","@id":"https:\/\/nbcs.mx\/#website","url":"https:\/\/nbcs.mx\/","name":"NBCS Noticias","description":"Sitio web de noticias en Baja California Sur","publisher":{"@id":"https:\/\/nbcs.mx\/#organization"},"potentialAction":[{"@type":"SearchAction","target":{"@type":"EntryPoint","urlTemplate":"https:\/\/nbcs.mx\/?s={search_term_string}"},"query-input":{"@type":"PropertyValueSpecification","valueRequired":true,"valueName":"search_term_string"}}],"inLanguage":"es"},{"@type":"Organization","@id":"https:\/\/nbcs.mx\/#organization","name":"NBCS Noticias","url":"https:\/\/nbcs.mx\/","logo":{"@type":"ImageObject","inLanguage":"es","@id":"https:\/\/nbcs.mx\/#\/schema\/logo\/image\/","url":"https:\/\/nbcs.mx\/wp-content\/uploads\/2018\/09\/057b69485e93575a5c2b1c1dde2dd297.jpeg","contentUrl":"https:\/\/nbcs.mx\/wp-content\/uploads\/2018\/09\/057b69485e93575a5c2b1c1dde2dd297.jpeg","width":64,"height":64,"caption":"NBCS Noticias"},"image":{"@id":"https:\/\/nbcs.mx\/#\/schema\/logo\/image\/"},"sameAs":["https:\/\/www.facebook.com\/NBCSnoticias","https:\/\/x.com\/NBCSnoticias"]},{"@type":"Person","@id":"https:\/\/nbcs.mx\/#\/schema\/person\/ece58bab9a7c1e87a4d28ec9ecd79ff4","name":"NBCS Noticias","image":{"@type":"ImageObject","inLanguage":"es","@id":"https:\/\/secure.gravatar.com\/avatar\/4e52110cad1c4054b43271a0d14bbe9e2ea76aecd0e1097edfc670798d9ca1d4?s=96&d=blank&r=g","url":"https:\/\/secure.gravatar.com\/avatar\/4e52110cad1c4054b43271a0d14bbe9e2ea76aecd0e1097edfc670798d9ca1d4?s=96&d=blank&r=g","contentUrl":"https:\/\/secure.gravatar.com\/avatar\/4e52110cad1c4054b43271a0d14bbe9e2ea76aecd0e1097edfc670798d9ca1d4?s=96&d=blank&r=g","caption":"NBCS Noticias"},"description":"\u00bfTienes fotos o video de alg\u00fan acto de posible negligencia, corrupci\u00f3n y abuso de autoridad? M\u00e1ndalo al WhatsApp de NBCS Noticias: 612 141 98 08","sameAs":["https:\/\/www.nbcs.mx","https:\/\/www.facebook.com\/NBCSnoticias","https:\/\/www.instagram.com\/nbcsnoticias\/","https:\/\/x.com\/https:\/\/twitter.com\/NBCSnoticias"]}]}},"jetpack_publicize_connections":[],"jetpack_featured_media_url":"https:\/\/nbcs.mx\/wp-content\/uploads\/2025\/12\/FOTO3-BOLETIN-03137-VMCC-ENCENDIDO.jpg","jetpack_sharing_enabled":true,"_links":{"self":[{"href":"https:\/\/nbcs.mx\/index.php?rest_route=\/wp\/v2\/posts\/158760","targetHints":{"allow":["GET"]}}],"collection":[{"href":"https:\/\/nbcs.mx\/index.php?rest_route=\/wp\/v2\/posts"}],"about":[{"href":"https:\/\/nbcs.mx\/index.php?rest_route=\/wp\/v2\/types\/post"}],"author":[{"embeddable":true,"href":"https:\/\/nbcs.mx\/index.php?rest_route=\/wp\/v2\/users\/1"}],"replies":[{"embeddable":true,"href":"https:\/\/nbcs.mx\/index.php?rest_route=%2Fwp%2Fv2%2Fcomments&post=158760"}],"version-history":[{"count":1,"href":"https:\/\/nbcs.mx\/index.php?rest_route=\/wp\/v2\/posts\/158760\/revisions"}],"predecessor-version":[{"id":158762,"href":"https:\/\/nbcs.mx\/index.php?rest_route=\/wp\/v2\/posts\/158760\/revisions\/158762"}],"wp:featuredmedia":[{"embeddable":true,"href":"https:\/\/nbcs.mx\/index.php?rest_route=\/wp\/v2\/media\/158761"}],"wp:attachment":[{"href":"https:\/\/nbcs.mx\/index.php?rest_route=%2Fwp%2Fv2%2Fmedia&parent=158760"}],"wp:term":[{"taxonomy":"category","embeddable":true,"href":"https:\/\/nbcs.mx\/index.php?rest_route=%2Fwp%2Fv2%2Fcategories&post=158760"},{"taxonomy":"post_tag","embeddable":true,"href":"https:\/\/nbcs.mx\/index.php?rest_route=%2Fwp%2Fv2%2Ftags&post=158760"}],"curies":[{"name":"wp","href":"https:\/\/api.w.org\/{rel}","templated":true}]}}