{"id":158790,"date":"2025-12-03T14:28:31","date_gmt":"2025-12-03T21:28:31","guid":{"rendered":"https:\/\/nbcs.mx\/?p=158790"},"modified":"2025-12-03T14:28:31","modified_gmt":"2025-12-03T21:28:31","slug":"merecemos-un-mundo-donde-ser-diferente-no-signifique-ser-excluido-vii-parlamento-inclusivo-2025","status":"publish","type":"post","link":"https:\/\/nbcs.mx\/?p=158790","title":{"rendered":"\u201cMerecemos un mundo donde ser diferente no signifique ser excluido\u201d: VII Parlamento Inclusivo 2025"},"content":{"rendered":"<p style=\"font-weight: 400; text-align: justify;\"><img loading=\"lazy\" decoding=\"async\" class=\" wp-image-158791 alignleft\" src=\"https:\/\/nbcs.mx\/wp-content\/uploads\/2025\/12\/PINCLUSIVO-251204-3-739x492.jpg\" alt=\"\" width=\"357\" height=\"238\" srcset=\"https:\/\/nbcs.mx\/wp-content\/uploads\/2025\/12\/PINCLUSIVO-251204-3-739x492.jpg 739w, https:\/\/nbcs.mx\/wp-content\/uploads\/2025\/12\/PINCLUSIVO-251204-3-1024x681.jpg 1024w, https:\/\/nbcs.mx\/wp-content\/uploads\/2025\/12\/PINCLUSIVO-251204-3-150x100.jpg 150w, https:\/\/nbcs.mx\/wp-content\/uploads\/2025\/12\/PINCLUSIVO-251204-3-768x511.jpg 768w, https:\/\/nbcs.mx\/wp-content\/uploads\/2025\/12\/PINCLUSIVO-251204-3-1536x1022.jpg 1536w, https:\/\/nbcs.mx\/wp-content\/uploads\/2025\/12\/PINCLUSIVO-251204-3-2048x1363.jpg 2048w\" sizes=\"auto, (max-width: 357px) 100vw, 357px\" \/>Con el prop\u00f3sito de garantizar que las iniciativas de las personas con discapacidad no queden en el olvido, el VII Parlamento Inclusivo 2025 \u201cAbriendo Caminos\u201d aprob\u00f3 la creaci\u00f3n del Comit\u00e9 Mixto de Seguimiento y Enlace Legislativo, un \u00f3rgano auxiliar encargado de dar continuidad real a las propuestas presentadas en este ejercicio c\u00edvico.<\/p>\n<p style=\"font-weight: 400; text-align: justify;\">Desde tribuna, el diputado Sven Itzc\u00f3atl Amador Mar\u00edn expuso que este comit\u00e9 establecer\u00e1 un puente operativo entre el Congreso del Estado y la ciudadan\u00eda, y estar\u00e1 integrado de manera paritaria y honor\u00edfica por representantes del Poder Legislativo, la Comisi\u00f3n Permanente de Atenci\u00f3n a Grupos Vulnerables y Personas con Discapacidad, el Parlamento Inclusivo y cinco representantes ciudadanos de las Mesas de Trabajo o municipios participantes.<\/p>\n<p style=\"font-weight: 400; text-align: justify;\">Durante la sesi\u00f3n, se presentaron tres exhortos centrales dirigidos al Poder Ejecutivo Estatal a trav\u00e9s de la Secretar\u00eda de Educaci\u00f3n P\u00fablica, entre ellos:<\/p>\n<p style=\"font-weight: 400; text-align: justify;\">1.- Elaborar y distribuir materiales educativos en Lengua de Se\u00f1as Mexicana, con subt\u00edtulos y respeto a lenguas de se\u00f1as regionales.<\/p>\n<p style=\"font-weight: 400; text-align: justify;\">2.- Crear el departamento \u201cPro-Inclusi\u00f3n\u201d, coordinar Espacios de Regulaci\u00f3n Sensorial y establecer Pausas Cognitivas como ajustes razonables en todos los niveles educativos.<\/p>\n<p style=\"font-weight: 400; text-align: justify;\">3.- Capacitar a docentes y garantizar la educaci\u00f3n preescolar en LSM para ni\u00f1as y ni\u00f1os sordos.<\/p>\n<p style=\"font-weight: 400; text-align: justify;\">4.- Un cuarto exhorto solicita implementar programas de inclusi\u00f3n laboral, capacitaci\u00f3n adaptada y redes de seguimiento para fomentar empleos que valoren las habilidades antes que las limitaciones.<\/p>\n<p style=\"font-weight: 400; text-align: justify;\">Las y los legisladores ciudadanos advirtieron que la inclusi\u00f3n no puede seguir siendo un discurso simb\u00f3lico:<\/p>\n<p style=\"font-weight: 400; text-align: justify;\">\u201cCuando una persona con discapacidad no puede transitar por su ciudad, no recibe un diagn\u00f3stico a tiempo o es rechazada de un empleo, no estamos ante una tragedia personal, sino ante una falla sist\u00e9mica del Estado.\u201d<\/p>\n<p style=\"font-weight: 400; text-align: justify;\">En sus diagn\u00f3sticos, se\u00f1alaron problem\u00e1ticas urgentes en movilidad, salud, empleo y deporte, demandando accesibilidad universal, diagn\u00f3sticos oportunos en neurodesarrollo, acciones afirmativas y presupuesto etiquetado para deporte adaptado.<\/p>\n<p style=\"font-weight: 400; text-align: justify;\">Finalmente, el VII Parlamento Inclusivo pidi\u00f3 acciones concretas, recursos y visi\u00f3n a largo plazo porque una ley sin recursos para ejecutarla se convierte en letra muerta. \u201cNo queremos m\u00e1s promesas de inclusi\u00f3n en el papel; queremos certeza en la inversi\u00f3n p\u00fablica\u201d.<\/p>\n<p style=\"font-weight: 400; text-align: justify;\">El llamado fue claro y contundente: \u201cQue ninguna voz sea silenciada. Que ninguna historia de lucha quede sin reconocimiento. Merecemos un mundo donde ser diferente no signifique ser excluido.\u201d<\/p>\n","protected":false},"excerpt":{"rendered":"<p>Con el prop\u00f3sito de garantizar que las iniciativas de las personas con discapacidad no queden en el olvido, el VII<\/p>\n","protected":false},"author":1,"featured_media":158791,"comment_status":"open","ping_status":"closed","sticky":false,"template":"","format":"standard","meta":{"colormag_page_container_layout":"default_layout","colormag_page_sidebar_layout":"default_layout","_jetpack_memberships_contains_paid_content":false,"footnotes":"","jetpack_publicize_message":"","jetpack_publicize_feature_enabled":true,"jetpack_social_post_already_shared":true,"jetpack_social_options":{"image_generator_settings":{"template":"highway","default_image_id":0,"font":"","enabled":false},"version":2}},"categories":[48],"tags":[],"class_list":["post-158790","post","type-post","status-publish","format-standard","has-post-thumbnail","hentry","category-congreso-de-bcs"],"yoast_head":"<!-- This site is optimized with the Yoast SEO plugin v27.5 - https:\/\/yoast.com\/product\/yoast-seo-wordpress\/ -->\n<title>\u201cMerecemos un mundo donde ser diferente no signifique ser excluido\u201d: VII Parlamento Inclusivo 2025 - NBCS Noticias<\/title>\n<meta name=\"robots\" content=\"index, follow, max-snippet:-1, max-image-preview:large, max-video-preview:-1\" \/>\n<link rel=\"canonical\" href=\"https:\/\/nbcs.mx\/?p=158790\" \/>\n<meta property=\"og:locale\" content=\"es_ES\" \/>\n<meta property=\"og:type\" content=\"article\" \/>\n<meta property=\"og:title\" content=\"\u201cMerecemos un mundo donde ser diferente no signifique ser excluido\u201d: VII Parlamento Inclusivo 2025 - NBCS Noticias\" \/>\n<meta property=\"og:description\" content=\"Con el prop\u00f3sito de garantizar que las iniciativas de las personas con discapacidad no queden en el olvido, el VII\" \/>\n<meta property=\"og:url\" content=\"https:\/\/nbcs.mx\/?p=158790\" \/>\n<meta property=\"og:site_name\" content=\"NBCS Noticias\" \/>\n<meta property=\"article:publisher\" content=\"https:\/\/www.facebook.com\/NBCSnoticias\" \/>\n<meta property=\"article:author\" content=\"https:\/\/www.facebook.com\/NBCSnoticias\" \/>\n<meta property=\"article:published_time\" content=\"2025-12-03T21:28:31+00:00\" \/>\n<meta property=\"og:image\" content=\"https:\/\/nbcs.mx\/wp-content\/uploads\/2025\/12\/PINCLUSIVO-251204-3-scaled.jpg\" \/>\n\t<meta property=\"og:image:width\" content=\"2560\" \/>\n\t<meta property=\"og:image:height\" content=\"1703\" \/>\n\t<meta property=\"og:image:type\" content=\"image\/jpeg\" \/>\n<meta name=\"author\" content=\"NBCS Noticias\" \/>\n<meta name=\"twitter:card\" content=\"summary_large_image\" \/>\n<meta name=\"twitter:creator\" content=\"@https:\/\/twitter.com\/NBCSnoticias\" \/>\n<meta name=\"twitter:site\" content=\"@NBCSnoticias\" \/>\n<meta name=\"twitter:label1\" content=\"Escrito por\" \/>\n\t<meta name=\"twitter:data1\" content=\"NBCS Noticias\" \/>\n\t<meta name=\"twitter:label2\" content=\"Tiempo de lectura\" \/>\n\t<meta name=\"twitter:data2\" content=\"2 minutos\" \/>\n<script type=\"application\/ld+json\" class=\"yoast-schema-graph\">{\"@context\":\"https:\\\/\\\/schema.org\",\"@graph\":[{\"@type\":\"Article\",\"@id\":\"https:\\\/\\\/nbcs.mx\\\/?p=158790#article\",\"isPartOf\":{\"@id\":\"https:\\\/\\\/nbcs.mx\\\/?p=158790\"},\"author\":{\"name\":\"NBCS Noticias\",\"@id\":\"https:\\\/\\\/nbcs.mx\\\/#\\\/schema\\\/person\\\/ece58bab9a7c1e87a4d28ec9ecd79ff4\"},\"headline\":\"\u201cMerecemos un mundo donde ser diferente no signifique ser excluido\u201d: VII Parlamento Inclusivo 2025\",\"datePublished\":\"2025-12-03T21:28:31+00:00\",\"mainEntityOfPage\":{\"@id\":\"https:\\\/\\\/nbcs.mx\\\/?p=158790\"},\"wordCount\":422,\"commentCount\":0,\"publisher\":{\"@id\":\"https:\\\/\\\/nbcs.mx\\\/#organization\"},\"image\":{\"@id\":\"https:\\\/\\\/nbcs.mx\\\/?p=158790#primaryimage\"},\"thumbnailUrl\":\"https:\\\/\\\/nbcs.mx\\\/wp-content\\\/uploads\\\/2025\\\/12\\\/PINCLUSIVO-251204-3-scaled.jpg\",\"articleSection\":[\"Congreso de BCS\"],\"inLanguage\":\"es\",\"potentialAction\":[{\"@type\":\"CommentAction\",\"name\":\"Comment\",\"target\":[\"https:\\\/\\\/nbcs.mx\\\/?p=158790#respond\"]}]},{\"@type\":\"WebPage\",\"@id\":\"https:\\\/\\\/nbcs.mx\\\/?p=158790\",\"url\":\"https:\\\/\\\/nbcs.mx\\\/?p=158790\",\"name\":\"\u201cMerecemos un mundo donde ser diferente no signifique ser excluido\u201d: VII Parlamento Inclusivo 2025 - NBCS Noticias\",\"isPartOf\":{\"@id\":\"https:\\\/\\\/nbcs.mx\\\/#website\"},\"primaryImageOfPage\":{\"@id\":\"https:\\\/\\\/nbcs.mx\\\/?p=158790#primaryimage\"},\"image\":{\"@id\":\"https:\\\/\\\/nbcs.mx\\\/?p=158790#primaryimage\"},\"thumbnailUrl\":\"https:\\\/\\\/nbcs.mx\\\/wp-content\\\/uploads\\\/2025\\\/12\\\/PINCLUSIVO-251204-3-scaled.jpg\",\"datePublished\":\"2025-12-03T21:28:31+00:00\",\"breadcrumb\":{\"@id\":\"https:\\\/\\\/nbcs.mx\\\/?p=158790#breadcrumb\"},\"inLanguage\":\"es\",\"potentialAction\":[{\"@type\":\"ReadAction\",\"target\":[\"https:\\\/\\\/nbcs.mx\\\/?p=158790\"]}]},{\"@type\":\"ImageObject\",\"inLanguage\":\"es\",\"@id\":\"https:\\\/\\\/nbcs.mx\\\/?p=158790#primaryimage\",\"url\":\"https:\\\/\\\/nbcs.mx\\\/wp-content\\\/uploads\\\/2025\\\/12\\\/PINCLUSIVO-251204-3-scaled.jpg\",\"contentUrl\":\"https:\\\/\\\/nbcs.mx\\\/wp-content\\\/uploads\\\/2025\\\/12\\\/PINCLUSIVO-251204-3-scaled.jpg\",\"width\":2560,\"height\":1703},{\"@type\":\"BreadcrumbList\",\"@id\":\"https:\\\/\\\/nbcs.mx\\\/?p=158790#breadcrumb\",\"itemListElement\":[{\"@type\":\"ListItem\",\"position\":1,\"name\":\"Portada\",\"item\":\"https:\\\/\\\/nbcs.mx\\\/\"},{\"@type\":\"ListItem\",\"position\":2,\"name\":\"\u201cMerecemos un mundo donde ser diferente no signifique ser excluido\u201d: VII Parlamento Inclusivo 2025\"}]},{\"@type\":\"WebSite\",\"@id\":\"https:\\\/\\\/nbcs.mx\\\/#website\",\"url\":\"https:\\\/\\\/nbcs.mx\\\/\",\"name\":\"NBCS Noticias\",\"description\":\"Sitio web de noticias en Baja California Sur\",\"publisher\":{\"@id\":\"https:\\\/\\\/nbcs.mx\\\/#organization\"},\"potentialAction\":[{\"@type\":\"SearchAction\",\"target\":{\"@type\":\"EntryPoint\",\"urlTemplate\":\"https:\\\/\\\/nbcs.mx\\\/?s={search_term_string}\"},\"query-input\":{\"@type\":\"PropertyValueSpecification\",\"valueRequired\":true,\"valueName\":\"search_term_string\"}}],\"inLanguage\":\"es\"},{\"@type\":\"Organization\",\"@id\":\"https:\\\/\\\/nbcs.mx\\\/#organization\",\"name\":\"NBCS Noticias\",\"url\":\"https:\\\/\\\/nbcs.mx\\\/\",\"logo\":{\"@type\":\"ImageObject\",\"inLanguage\":\"es\",\"@id\":\"https:\\\/\\\/nbcs.mx\\\/#\\\/schema\\\/logo\\\/image\\\/\",\"url\":\"https:\\\/\\\/nbcs.mx\\\/wp-content\\\/uploads\\\/2018\\\/09\\\/057b69485e93575a5c2b1c1dde2dd297.jpeg\",\"contentUrl\":\"https:\\\/\\\/nbcs.mx\\\/wp-content\\\/uploads\\\/2018\\\/09\\\/057b69485e93575a5c2b1c1dde2dd297.jpeg\",\"width\":64,\"height\":64,\"caption\":\"NBCS Noticias\"},\"image\":{\"@id\":\"https:\\\/\\\/nbcs.mx\\\/#\\\/schema\\\/logo\\\/image\\\/\"},\"sameAs\":[\"https:\\\/\\\/www.facebook.com\\\/NBCSnoticias\",\"https:\\\/\\\/x.com\\\/NBCSnoticias\"]},{\"@type\":\"Person\",\"@id\":\"https:\\\/\\\/nbcs.mx\\\/#\\\/schema\\\/person\\\/ece58bab9a7c1e87a4d28ec9ecd79ff4\",\"name\":\"NBCS Noticias\",\"image\":{\"@type\":\"ImageObject\",\"inLanguage\":\"es\",\"@id\":\"https:\\\/\\\/secure.gravatar.com\\\/avatar\\\/4e52110cad1c4054b43271a0d14bbe9e2ea76aecd0e1097edfc670798d9ca1d4?s=96&d=blank&r=g\",\"url\":\"https:\\\/\\\/secure.gravatar.com\\\/avatar\\\/4e52110cad1c4054b43271a0d14bbe9e2ea76aecd0e1097edfc670798d9ca1d4?s=96&d=blank&r=g\",\"contentUrl\":\"https:\\\/\\\/secure.gravatar.com\\\/avatar\\\/4e52110cad1c4054b43271a0d14bbe9e2ea76aecd0e1097edfc670798d9ca1d4?s=96&d=blank&r=g\",\"caption\":\"NBCS Noticias\"},\"description\":\"\u00bfTienes fotos o video de alg\u00fan acto de posible negligencia, corrupci\u00f3n y abuso de autoridad? M\u00e1ndalo al WhatsApp de NBCS Noticias: 612 141 98 08\",\"sameAs\":[\"https:\\\/\\\/www.nbcs.mx\",\"https:\\\/\\\/www.facebook.com\\\/NBCSnoticias\",\"https:\\\/\\\/www.instagram.com\\\/nbcsnoticias\\\/\",\"https:\\\/\\\/x.com\\\/https:\\\/\\\/twitter.com\\\/NBCSnoticias\"]}]}<\/script>\n<!-- \/ Yoast SEO plugin. -->","yoast_head_json":{"title":"\u201cMerecemos un mundo donde ser diferente no signifique ser excluido\u201d: VII Parlamento Inclusivo 2025 - NBCS Noticias","robots":{"index":"index","follow":"follow","max-snippet":"max-snippet:-1","max-image-preview":"max-image-preview:large","max-video-preview":"max-video-preview:-1"},"canonical":"https:\/\/nbcs.mx\/?p=158790","og_locale":"es_ES","og_type":"article","og_title":"\u201cMerecemos un mundo donde ser diferente no signifique ser excluido\u201d: VII Parlamento Inclusivo 2025 - NBCS Noticias","og_description":"Con el prop\u00f3sito de garantizar que las iniciativas de las personas con discapacidad no queden en el olvido, el VII","og_url":"https:\/\/nbcs.mx\/?p=158790","og_site_name":"NBCS Noticias","article_publisher":"https:\/\/www.facebook.com\/NBCSnoticias","article_author":"https:\/\/www.facebook.com\/NBCSnoticias","article_published_time":"2025-12-03T21:28:31+00:00","og_image":[{"width":2560,"height":1703,"url":"https:\/\/nbcs.mx\/wp-content\/uploads\/2025\/12\/PINCLUSIVO-251204-3-scaled.jpg","type":"image\/jpeg"}],"author":"NBCS Noticias","twitter_card":"summary_large_image","twitter_creator":"@https:\/\/twitter.com\/NBCSnoticias","twitter_site":"@NBCSnoticias","twitter_misc":{"Escrito por":"NBCS Noticias","Tiempo de lectura":"2 minutos"},"schema":{"@context":"https:\/\/schema.org","@graph":[{"@type":"Article","@id":"https:\/\/nbcs.mx\/?p=158790#article","isPartOf":{"@id":"https:\/\/nbcs.mx\/?p=158790"},"author":{"name":"NBCS Noticias","@id":"https:\/\/nbcs.mx\/#\/schema\/person\/ece58bab9a7c1e87a4d28ec9ecd79ff4"},"headline":"\u201cMerecemos un mundo donde ser diferente no signifique ser excluido\u201d: VII Parlamento Inclusivo 2025","datePublished":"2025-12-03T21:28:31+00:00","mainEntityOfPage":{"@id":"https:\/\/nbcs.mx\/?p=158790"},"wordCount":422,"commentCount":0,"publisher":{"@id":"https:\/\/nbcs.mx\/#organization"},"image":{"@id":"https:\/\/nbcs.mx\/?p=158790#primaryimage"},"thumbnailUrl":"https:\/\/nbcs.mx\/wp-content\/uploads\/2025\/12\/PINCLUSIVO-251204-3-scaled.jpg","articleSection":["Congreso de BCS"],"inLanguage":"es","potentialAction":[{"@type":"CommentAction","name":"Comment","target":["https:\/\/nbcs.mx\/?p=158790#respond"]}]},{"@type":"WebPage","@id":"https:\/\/nbcs.mx\/?p=158790","url":"https:\/\/nbcs.mx\/?p=158790","name":"\u201cMerecemos un mundo donde ser diferente no signifique ser excluido\u201d: VII Parlamento Inclusivo 2025 - NBCS Noticias","isPartOf":{"@id":"https:\/\/nbcs.mx\/#website"},"primaryImageOfPage":{"@id":"https:\/\/nbcs.mx\/?p=158790#primaryimage"},"image":{"@id":"https:\/\/nbcs.mx\/?p=158790#primaryimage"},"thumbnailUrl":"https:\/\/nbcs.mx\/wp-content\/uploads\/2025\/12\/PINCLUSIVO-251204-3-scaled.jpg","datePublished":"2025-12-03T21:28:31+00:00","breadcrumb":{"@id":"https:\/\/nbcs.mx\/?p=158790#breadcrumb"},"inLanguage":"es","potentialAction":[{"@type":"ReadAction","target":["https:\/\/nbcs.mx\/?p=158790"]}]},{"@type":"ImageObject","inLanguage":"es","@id":"https:\/\/nbcs.mx\/?p=158790#primaryimage","url":"https:\/\/nbcs.mx\/wp-content\/uploads\/2025\/12\/PINCLUSIVO-251204-3-scaled.jpg","contentUrl":"https:\/\/nbcs.mx\/wp-content\/uploads\/2025\/12\/PINCLUSIVO-251204-3-scaled.jpg","width":2560,"height":1703},{"@type":"BreadcrumbList","@id":"https:\/\/nbcs.mx\/?p=158790#breadcrumb","itemListElement":[{"@type":"ListItem","position":1,"name":"Portada","item":"https:\/\/nbcs.mx\/"},{"@type":"ListItem","position":2,"name":"\u201cMerecemos un mundo donde ser diferente no signifique ser excluido\u201d: VII Parlamento Inclusivo 2025"}]},{"@type":"WebSite","@id":"https:\/\/nbcs.mx\/#website","url":"https:\/\/nbcs.mx\/","name":"NBCS Noticias","description":"Sitio web de noticias en Baja California Sur","publisher":{"@id":"https:\/\/nbcs.mx\/#organization"},"potentialAction":[{"@type":"SearchAction","target":{"@type":"EntryPoint","urlTemplate":"https:\/\/nbcs.mx\/?s={search_term_string}"},"query-input":{"@type":"PropertyValueSpecification","valueRequired":true,"valueName":"search_term_string"}}],"inLanguage":"es"},{"@type":"Organization","@id":"https:\/\/nbcs.mx\/#organization","name":"NBCS Noticias","url":"https:\/\/nbcs.mx\/","logo":{"@type":"ImageObject","inLanguage":"es","@id":"https:\/\/nbcs.mx\/#\/schema\/logo\/image\/","url":"https:\/\/nbcs.mx\/wp-content\/uploads\/2018\/09\/057b69485e93575a5c2b1c1dde2dd297.jpeg","contentUrl":"https:\/\/nbcs.mx\/wp-content\/uploads\/2018\/09\/057b69485e93575a5c2b1c1dde2dd297.jpeg","width":64,"height":64,"caption":"NBCS Noticias"},"image":{"@id":"https:\/\/nbcs.mx\/#\/schema\/logo\/image\/"},"sameAs":["https:\/\/www.facebook.com\/NBCSnoticias","https:\/\/x.com\/NBCSnoticias"]},{"@type":"Person","@id":"https:\/\/nbcs.mx\/#\/schema\/person\/ece58bab9a7c1e87a4d28ec9ecd79ff4","name":"NBCS Noticias","image":{"@type":"ImageObject","inLanguage":"es","@id":"https:\/\/secure.gravatar.com\/avatar\/4e52110cad1c4054b43271a0d14bbe9e2ea76aecd0e1097edfc670798d9ca1d4?s=96&d=blank&r=g","url":"https:\/\/secure.gravatar.com\/avatar\/4e52110cad1c4054b43271a0d14bbe9e2ea76aecd0e1097edfc670798d9ca1d4?s=96&d=blank&r=g","contentUrl":"https:\/\/secure.gravatar.com\/avatar\/4e52110cad1c4054b43271a0d14bbe9e2ea76aecd0e1097edfc670798d9ca1d4?s=96&d=blank&r=g","caption":"NBCS Noticias"},"description":"\u00bfTienes fotos o video de alg\u00fan acto de posible negligencia, corrupci\u00f3n y abuso de autoridad? M\u00e1ndalo al WhatsApp de NBCS Noticias: 612 141 98 08","sameAs":["https:\/\/www.nbcs.mx","https:\/\/www.facebook.com\/NBCSnoticias","https:\/\/www.instagram.com\/nbcsnoticias\/","https:\/\/x.com\/https:\/\/twitter.com\/NBCSnoticias"]}]}},"jetpack_publicize_connections":[],"jetpack_featured_media_url":"https:\/\/nbcs.mx\/wp-content\/uploads\/2025\/12\/PINCLUSIVO-251204-3-scaled.jpg","jetpack_sharing_enabled":true,"_links":{"self":[{"href":"https:\/\/nbcs.mx\/index.php?rest_route=\/wp\/v2\/posts\/158790","targetHints":{"allow":["GET"]}}],"collection":[{"href":"https:\/\/nbcs.mx\/index.php?rest_route=\/wp\/v2\/posts"}],"about":[{"href":"https:\/\/nbcs.mx\/index.php?rest_route=\/wp\/v2\/types\/post"}],"author":[{"embeddable":true,"href":"https:\/\/nbcs.mx\/index.php?rest_route=\/wp\/v2\/users\/1"}],"replies":[{"embeddable":true,"href":"https:\/\/nbcs.mx\/index.php?rest_route=%2Fwp%2Fv2%2Fcomments&post=158790"}],"version-history":[{"count":1,"href":"https:\/\/nbcs.mx\/index.php?rest_route=\/wp\/v2\/posts\/158790\/revisions"}],"predecessor-version":[{"id":158792,"href":"https:\/\/nbcs.mx\/index.php?rest_route=\/wp\/v2\/posts\/158790\/revisions\/158792"}],"wp:featuredmedia":[{"embeddable":true,"href":"https:\/\/nbcs.mx\/index.php?rest_route=\/wp\/v2\/media\/158791"}],"wp:attachment":[{"href":"https:\/\/nbcs.mx\/index.php?rest_route=%2Fwp%2Fv2%2Fmedia&parent=158790"}],"wp:term":[{"taxonomy":"category","embeddable":true,"href":"https:\/\/nbcs.mx\/index.php?rest_route=%2Fwp%2Fv2%2Fcategories&post=158790"},{"taxonomy":"post_tag","embeddable":true,"href":"https:\/\/nbcs.mx\/index.php?rest_route=%2Fwp%2Fv2%2Ftags&post=158790"}],"curies":[{"name":"wp","href":"https:\/\/api.w.org\/{rel}","templated":true}]}}