{"id":158821,"date":"2025-12-04T06:34:37","date_gmt":"2025-12-04T13:34:37","guid":{"rendered":"https:\/\/nbcs.mx\/?p=158821"},"modified":"2025-12-04T06:34:37","modified_gmt":"2025-12-04T13:34:37","slug":"instalan-el-comite-municipal-de-cuidados-en-la-paz","status":"publish","type":"post","link":"https:\/\/nbcs.mx\/?p=158821","title":{"rendered":"Instalan el Comit\u00e9 Municipal de Cuidados en La Paz"},"content":{"rendered":"<figure id=\"attachment_158822\" aria-describedby=\"caption-attachment-158822\" style=\"width: 354px\" class=\"wp-caption alignleft\"><img loading=\"lazy\" decoding=\"async\" class=\" wp-image-158822\" src=\"https:\/\/nbcs.mx\/wp-content\/uploads\/2025\/12\/Foto-Boletin-1415-738x492.jpg\" alt=\"\" width=\"354\" height=\"236\" srcset=\"https:\/\/nbcs.mx\/wp-content\/uploads\/2025\/12\/Foto-Boletin-1415-738x492.jpg 738w, https:\/\/nbcs.mx\/wp-content\/uploads\/2025\/12\/Foto-Boletin-1415-1024x683.jpg 1024w, https:\/\/nbcs.mx\/wp-content\/uploads\/2025\/12\/Foto-Boletin-1415-150x100.jpg 150w, https:\/\/nbcs.mx\/wp-content\/uploads\/2025\/12\/Foto-Boletin-1415-768x512.jpg 768w, https:\/\/nbcs.mx\/wp-content\/uploads\/2025\/12\/Foto-Boletin-1415-1536x1024.jpg 1536w, https:\/\/nbcs.mx\/wp-content\/uploads\/2025\/12\/Foto-Boletin-1415-2048x1365.jpg 2048w\" sizes=\"auto, (max-width: 354px) 100vw, 354px\" \/><figcaption id=\"caption-attachment-158822\" class=\"wp-caption-text\">bole 3 &#8211; 6<\/figcaption><\/figure>\n<p style=\"font-weight: 400; text-align: justify;\">El Ayuntamiento de La Paz a trav\u00e9s del Instituto Municipal de las Mujeres (IMM) realiz\u00f3 la instalaci\u00f3n del Comit\u00e9 Municipal de Cuidados, convirti\u00e9ndose en el tercer municipio del pa\u00eds en poner en marcha esta pol\u00edtica p\u00fablica de esta magnitud.<\/p>\n<p style=\"font-weight: 400; text-align: justify;\">\n<p style=\"font-weight: 400; text-align: justify;\">Con este evento, la administraci\u00f3n municipal consolida el trabajo que ha venido construyendo desde hace meses con encuentros en diversas \u00e1reas del municipio y que representa un reconocimiento directo a las mujeres que hist\u00f3ricamente se han encargado las tareas de cuidado sin ning\u00fan apoyo.<\/p>\n<p style=\"font-weight: 400; text-align: justify;\">\n<p style=\"font-weight: 400; text-align: justify;\">Durante el Foro \u201cLa Paz Cuida: Tejemos la corresponsabilidad del cuidado\u201d, la titular del IMM, Christa Gonz\u00e1lez Robinson, destac\u00f3 que cuidar tambi\u00e9n es un acto colectivo, por eso la importancia de este espacio de reflexi\u00f3n, diagn\u00f3stico y construcci\u00f3n de propuestas.<\/p>\n<p style=\"font-weight: 400; text-align: justify;\">\n\u201cDesde el Ayuntamiento que encabeza nuestra alcaldesa Milena Quiroga Romero, consolidamos este compromiso para garantizar que ni\u00f1as, ni\u00f1os, adultos mayores, personas con discapacidad y quienes los cuidan, tengan una vida digna y segura, por lo que a trav\u00e9s de este espacio de reflexi\u00f3n realizamos cuatro mesas tem\u00e1ticas con actividades sobre c\u00f3mo tejer redes de apoyo en beneficio de la comunidad\u201d.<\/p>\n<p style=\"font-weight: 400; text-align: justify;\">\n<p style=\"font-weight: 400; text-align: justify;\">En el Poliforum de la UABCS, la secretar\u00eda t\u00e9cnica del Ayuntamiento resalt\u00f3 la importancia de comprender el porqu\u00e9 de un Comit\u00e9 de Cuidados en La Paz, destacando que esto permitir\u00e1 socializar los resultados del diagn\u00f3stico municipal elaborado por el IMM y avanzar hacia pol\u00edticas m\u00e1s justas y sostenibles.<\/p>\n<p style=\"font-weight: 400; text-align: justify;\">\n<p style=\"font-weight: 400; text-align: justify;\">El programa incluy\u00f3 la mesa magistral \u201c\u00bfPor qu\u00e9 un Sistema de Cuidados en La Paz?\u201d, que ofreci\u00f3 un panorama global y nacional sobre los modelos de cuidado, adem\u00e1s de recoger testimonios y demandas de personas cuidadoras, quienes enfrentan retos significativos ante la falta de reconocimiento institucional y financiamiento adecuado.<\/p>\n<p style=\"font-weight: 400; text-align: justify;\">\n<p style=\"font-weight: 400; text-align: justify;\">Asimismo, se desarrollaron mesas de trabajo sobre igualdad de g\u00e9nero en el cuidado, articulaci\u00f3n de programas existentes, dise\u00f1o de nuevas intervenciones y corresponsabilidad comunitaria, estableciendo las bases de acci\u00f3n del nuevo Comit\u00e9.<\/p>\n<p style=\"font-weight: 400; text-align: justify;\">\n<p style=\"font-weight: 400; text-align: justify;\">Como parte del encuentro, ciudadanas, ciudadanos y representantes de diversos sectores compartieron sus experiencias y el inter\u00e9s de integrarse a esta instancia, que en los pr\u00f3ximos d\u00edas se lanzar\u00e1 la convocatoria oficial para formar parte del Comit\u00e9 Municipal de Cuidados de La Paz.<\/p>\n","protected":false},"excerpt":{"rendered":"<p>El Ayuntamiento de La Paz a trav\u00e9s del Instituto Municipal de las Mujeres (IMM) realiz\u00f3 la instalaci\u00f3n del Comit\u00e9 Municipal<\/p>\n","protected":false},"author":1,"featured_media":158822,"comment_status":"open","ping_status":"closed","sticky":false,"template":"","format":"standard","meta":{"colormag_page_container_layout":"default_layout","colormag_page_sidebar_layout":"default_layout","_jetpack_memberships_contains_paid_content":false,"footnotes":"","jetpack_publicize_message":"","jetpack_publicize_feature_enabled":true,"jetpack_social_post_already_shared":true,"jetpack_social_options":{"image_generator_settings":{"template":"highway","default_image_id":0,"font":"","enabled":false},"version":2}},"categories":[48],"tags":[],"class_list":["post-158821","post","type-post","status-publish","format-standard","has-post-thumbnail","hentry","category-congreso-de-bcs"],"yoast_head":"<!-- This site is optimized with the Yoast SEO plugin v27.5 - https:\/\/yoast.com\/product\/yoast-seo-wordpress\/ -->\n<title>Instalan el Comit\u00e9 Municipal de Cuidados en La Paz - NBCS Noticias<\/title>\n<meta name=\"robots\" content=\"index, follow, max-snippet:-1, max-image-preview:large, max-video-preview:-1\" \/>\n<link rel=\"canonical\" href=\"https:\/\/nbcs.mx\/?p=158821\" \/>\n<meta property=\"og:locale\" content=\"es_ES\" \/>\n<meta property=\"og:type\" content=\"article\" \/>\n<meta property=\"og:title\" content=\"Instalan el Comit\u00e9 Municipal de Cuidados en La Paz - NBCS Noticias\" \/>\n<meta property=\"og:description\" content=\"El Ayuntamiento de La Paz a trav\u00e9s del Instituto Municipal de las Mujeres (IMM) realiz\u00f3 la instalaci\u00f3n del Comit\u00e9 Municipal\" \/>\n<meta property=\"og:url\" content=\"https:\/\/nbcs.mx\/?p=158821\" \/>\n<meta property=\"og:site_name\" content=\"NBCS Noticias\" \/>\n<meta property=\"article:publisher\" content=\"https:\/\/www.facebook.com\/NBCSnoticias\" \/>\n<meta property=\"article:author\" content=\"https:\/\/www.facebook.com\/NBCSnoticias\" \/>\n<meta property=\"article:published_time\" content=\"2025-12-04T13:34:37+00:00\" \/>\n<meta property=\"og:image\" content=\"https:\/\/nbcs.mx\/wp-content\/uploads\/2025\/12\/Foto-Boletin-1415-scaled.jpg\" \/>\n\t<meta property=\"og:image:width\" content=\"2560\" \/>\n\t<meta property=\"og:image:height\" content=\"1707\" \/>\n\t<meta property=\"og:image:type\" content=\"image\/jpeg\" \/>\n<meta name=\"author\" content=\"NBCS Noticias\" \/>\n<meta name=\"twitter:card\" content=\"summary_large_image\" \/>\n<meta name=\"twitter:creator\" content=\"@https:\/\/twitter.com\/NBCSnoticias\" \/>\n<meta name=\"twitter:site\" content=\"@NBCSnoticias\" \/>\n<meta name=\"twitter:label1\" content=\"Escrito por\" \/>\n\t<meta name=\"twitter:data1\" content=\"NBCS Noticias\" \/>\n\t<meta name=\"twitter:label2\" content=\"Tiempo de lectura\" \/>\n\t<meta name=\"twitter:data2\" content=\"2 minutos\" \/>\n<script type=\"application\/ld+json\" class=\"yoast-schema-graph\">{\"@context\":\"https:\\\/\\\/schema.org\",\"@graph\":[{\"@type\":\"Article\",\"@id\":\"https:\\\/\\\/nbcs.mx\\\/?p=158821#article\",\"isPartOf\":{\"@id\":\"https:\\\/\\\/nbcs.mx\\\/?p=158821\"},\"author\":{\"name\":\"NBCS Noticias\",\"@id\":\"https:\\\/\\\/nbcs.mx\\\/#\\\/schema\\\/person\\\/ece58bab9a7c1e87a4d28ec9ecd79ff4\"},\"headline\":\"Instalan el Comit\u00e9 Municipal de Cuidados en La Paz\",\"datePublished\":\"2025-12-04T13:34:37+00:00\",\"mainEntityOfPage\":{\"@id\":\"https:\\\/\\\/nbcs.mx\\\/?p=158821\"},\"wordCount\":406,\"commentCount\":0,\"publisher\":{\"@id\":\"https:\\\/\\\/nbcs.mx\\\/#organization\"},\"image\":{\"@id\":\"https:\\\/\\\/nbcs.mx\\\/?p=158821#primaryimage\"},\"thumbnailUrl\":\"https:\\\/\\\/nbcs.mx\\\/wp-content\\\/uploads\\\/2025\\\/12\\\/Foto-Boletin-1415-scaled.jpg\",\"articleSection\":[\"Congreso de BCS\"],\"inLanguage\":\"es\",\"potentialAction\":[{\"@type\":\"CommentAction\",\"name\":\"Comment\",\"target\":[\"https:\\\/\\\/nbcs.mx\\\/?p=158821#respond\"]}]},{\"@type\":\"WebPage\",\"@id\":\"https:\\\/\\\/nbcs.mx\\\/?p=158821\",\"url\":\"https:\\\/\\\/nbcs.mx\\\/?p=158821\",\"name\":\"Instalan el Comit\u00e9 Municipal de Cuidados en La Paz - NBCS Noticias\",\"isPartOf\":{\"@id\":\"https:\\\/\\\/nbcs.mx\\\/#website\"},\"primaryImageOfPage\":{\"@id\":\"https:\\\/\\\/nbcs.mx\\\/?p=158821#primaryimage\"},\"image\":{\"@id\":\"https:\\\/\\\/nbcs.mx\\\/?p=158821#primaryimage\"},\"thumbnailUrl\":\"https:\\\/\\\/nbcs.mx\\\/wp-content\\\/uploads\\\/2025\\\/12\\\/Foto-Boletin-1415-scaled.jpg\",\"datePublished\":\"2025-12-04T13:34:37+00:00\",\"breadcrumb\":{\"@id\":\"https:\\\/\\\/nbcs.mx\\\/?p=158821#breadcrumb\"},\"inLanguage\":\"es\",\"potentialAction\":[{\"@type\":\"ReadAction\",\"target\":[\"https:\\\/\\\/nbcs.mx\\\/?p=158821\"]}]},{\"@type\":\"ImageObject\",\"inLanguage\":\"es\",\"@id\":\"https:\\\/\\\/nbcs.mx\\\/?p=158821#primaryimage\",\"url\":\"https:\\\/\\\/nbcs.mx\\\/wp-content\\\/uploads\\\/2025\\\/12\\\/Foto-Boletin-1415-scaled.jpg\",\"contentUrl\":\"https:\\\/\\\/nbcs.mx\\\/wp-content\\\/uploads\\\/2025\\\/12\\\/Foto-Boletin-1415-scaled.jpg\",\"width\":2560,\"height\":1707,\"caption\":\"bole 3 - 6\"},{\"@type\":\"BreadcrumbList\",\"@id\":\"https:\\\/\\\/nbcs.mx\\\/?p=158821#breadcrumb\",\"itemListElement\":[{\"@type\":\"ListItem\",\"position\":1,\"name\":\"Portada\",\"item\":\"https:\\\/\\\/nbcs.mx\\\/\"},{\"@type\":\"ListItem\",\"position\":2,\"name\":\"Instalan el Comit\u00e9 Municipal de Cuidados en La Paz\"}]},{\"@type\":\"WebSite\",\"@id\":\"https:\\\/\\\/nbcs.mx\\\/#website\",\"url\":\"https:\\\/\\\/nbcs.mx\\\/\",\"name\":\"NBCS Noticias\",\"description\":\"Sitio web de noticias en Baja California Sur\",\"publisher\":{\"@id\":\"https:\\\/\\\/nbcs.mx\\\/#organization\"},\"potentialAction\":[{\"@type\":\"SearchAction\",\"target\":{\"@type\":\"EntryPoint\",\"urlTemplate\":\"https:\\\/\\\/nbcs.mx\\\/?s={search_term_string}\"},\"query-input\":{\"@type\":\"PropertyValueSpecification\",\"valueRequired\":true,\"valueName\":\"search_term_string\"}}],\"inLanguage\":\"es\"},{\"@type\":\"Organization\",\"@id\":\"https:\\\/\\\/nbcs.mx\\\/#organization\",\"name\":\"NBCS Noticias\",\"url\":\"https:\\\/\\\/nbcs.mx\\\/\",\"logo\":{\"@type\":\"ImageObject\",\"inLanguage\":\"es\",\"@id\":\"https:\\\/\\\/nbcs.mx\\\/#\\\/schema\\\/logo\\\/image\\\/\",\"url\":\"https:\\\/\\\/nbcs.mx\\\/wp-content\\\/uploads\\\/2018\\\/09\\\/057b69485e93575a5c2b1c1dde2dd297.jpeg\",\"contentUrl\":\"https:\\\/\\\/nbcs.mx\\\/wp-content\\\/uploads\\\/2018\\\/09\\\/057b69485e93575a5c2b1c1dde2dd297.jpeg\",\"width\":64,\"height\":64,\"caption\":\"NBCS Noticias\"},\"image\":{\"@id\":\"https:\\\/\\\/nbcs.mx\\\/#\\\/schema\\\/logo\\\/image\\\/\"},\"sameAs\":[\"https:\\\/\\\/www.facebook.com\\\/NBCSnoticias\",\"https:\\\/\\\/x.com\\\/NBCSnoticias\"]},{\"@type\":\"Person\",\"@id\":\"https:\\\/\\\/nbcs.mx\\\/#\\\/schema\\\/person\\\/ece58bab9a7c1e87a4d28ec9ecd79ff4\",\"name\":\"NBCS Noticias\",\"image\":{\"@type\":\"ImageObject\",\"inLanguage\":\"es\",\"@id\":\"https:\\\/\\\/secure.gravatar.com\\\/avatar\\\/4e52110cad1c4054b43271a0d14bbe9e2ea76aecd0e1097edfc670798d9ca1d4?s=96&d=blank&r=g\",\"url\":\"https:\\\/\\\/secure.gravatar.com\\\/avatar\\\/4e52110cad1c4054b43271a0d14bbe9e2ea76aecd0e1097edfc670798d9ca1d4?s=96&d=blank&r=g\",\"contentUrl\":\"https:\\\/\\\/secure.gravatar.com\\\/avatar\\\/4e52110cad1c4054b43271a0d14bbe9e2ea76aecd0e1097edfc670798d9ca1d4?s=96&d=blank&r=g\",\"caption\":\"NBCS Noticias\"},\"description\":\"\u00bfTienes fotos o video de alg\u00fan acto de posible negligencia, corrupci\u00f3n y abuso de autoridad? M\u00e1ndalo al WhatsApp de NBCS Noticias: 612 141 98 08\",\"sameAs\":[\"https:\\\/\\\/www.nbcs.mx\",\"https:\\\/\\\/www.facebook.com\\\/NBCSnoticias\",\"https:\\\/\\\/www.instagram.com\\\/nbcsnoticias\\\/\",\"https:\\\/\\\/x.com\\\/https:\\\/\\\/twitter.com\\\/NBCSnoticias\"]}]}<\/script>\n<!-- \/ Yoast SEO plugin. -->","yoast_head_json":{"title":"Instalan el Comit\u00e9 Municipal de Cuidados en La Paz - NBCS Noticias","robots":{"index":"index","follow":"follow","max-snippet":"max-snippet:-1","max-image-preview":"max-image-preview:large","max-video-preview":"max-video-preview:-1"},"canonical":"https:\/\/nbcs.mx\/?p=158821","og_locale":"es_ES","og_type":"article","og_title":"Instalan el Comit\u00e9 Municipal de Cuidados en La Paz - NBCS Noticias","og_description":"El Ayuntamiento de La Paz a trav\u00e9s del Instituto Municipal de las Mujeres (IMM) realiz\u00f3 la instalaci\u00f3n del Comit\u00e9 Municipal","og_url":"https:\/\/nbcs.mx\/?p=158821","og_site_name":"NBCS Noticias","article_publisher":"https:\/\/www.facebook.com\/NBCSnoticias","article_author":"https:\/\/www.facebook.com\/NBCSnoticias","article_published_time":"2025-12-04T13:34:37+00:00","og_image":[{"width":2560,"height":1707,"url":"https:\/\/nbcs.mx\/wp-content\/uploads\/2025\/12\/Foto-Boletin-1415-scaled.jpg","type":"image\/jpeg"}],"author":"NBCS Noticias","twitter_card":"summary_large_image","twitter_creator":"@https:\/\/twitter.com\/NBCSnoticias","twitter_site":"@NBCSnoticias","twitter_misc":{"Escrito por":"NBCS Noticias","Tiempo de lectura":"2 minutos"},"schema":{"@context":"https:\/\/schema.org","@graph":[{"@type":"Article","@id":"https:\/\/nbcs.mx\/?p=158821#article","isPartOf":{"@id":"https:\/\/nbcs.mx\/?p=158821"},"author":{"name":"NBCS Noticias","@id":"https:\/\/nbcs.mx\/#\/schema\/person\/ece58bab9a7c1e87a4d28ec9ecd79ff4"},"headline":"Instalan el Comit\u00e9 Municipal de Cuidados en La Paz","datePublished":"2025-12-04T13:34:37+00:00","mainEntityOfPage":{"@id":"https:\/\/nbcs.mx\/?p=158821"},"wordCount":406,"commentCount":0,"publisher":{"@id":"https:\/\/nbcs.mx\/#organization"},"image":{"@id":"https:\/\/nbcs.mx\/?p=158821#primaryimage"},"thumbnailUrl":"https:\/\/nbcs.mx\/wp-content\/uploads\/2025\/12\/Foto-Boletin-1415-scaled.jpg","articleSection":["Congreso de BCS"],"inLanguage":"es","potentialAction":[{"@type":"CommentAction","name":"Comment","target":["https:\/\/nbcs.mx\/?p=158821#respond"]}]},{"@type":"WebPage","@id":"https:\/\/nbcs.mx\/?p=158821","url":"https:\/\/nbcs.mx\/?p=158821","name":"Instalan el Comit\u00e9 Municipal de Cuidados en La Paz - NBCS Noticias","isPartOf":{"@id":"https:\/\/nbcs.mx\/#website"},"primaryImageOfPage":{"@id":"https:\/\/nbcs.mx\/?p=158821#primaryimage"},"image":{"@id":"https:\/\/nbcs.mx\/?p=158821#primaryimage"},"thumbnailUrl":"https:\/\/nbcs.mx\/wp-content\/uploads\/2025\/12\/Foto-Boletin-1415-scaled.jpg","datePublished":"2025-12-04T13:34:37+00:00","breadcrumb":{"@id":"https:\/\/nbcs.mx\/?p=158821#breadcrumb"},"inLanguage":"es","potentialAction":[{"@type":"ReadAction","target":["https:\/\/nbcs.mx\/?p=158821"]}]},{"@type":"ImageObject","inLanguage":"es","@id":"https:\/\/nbcs.mx\/?p=158821#primaryimage","url":"https:\/\/nbcs.mx\/wp-content\/uploads\/2025\/12\/Foto-Boletin-1415-scaled.jpg","contentUrl":"https:\/\/nbcs.mx\/wp-content\/uploads\/2025\/12\/Foto-Boletin-1415-scaled.jpg","width":2560,"height":1707,"caption":"bole 3 - 6"},{"@type":"BreadcrumbList","@id":"https:\/\/nbcs.mx\/?p=158821#breadcrumb","itemListElement":[{"@type":"ListItem","position":1,"name":"Portada","item":"https:\/\/nbcs.mx\/"},{"@type":"ListItem","position":2,"name":"Instalan el Comit\u00e9 Municipal de Cuidados en La Paz"}]},{"@type":"WebSite","@id":"https:\/\/nbcs.mx\/#website","url":"https:\/\/nbcs.mx\/","name":"NBCS Noticias","description":"Sitio web de noticias en Baja California Sur","publisher":{"@id":"https:\/\/nbcs.mx\/#organization"},"potentialAction":[{"@type":"SearchAction","target":{"@type":"EntryPoint","urlTemplate":"https:\/\/nbcs.mx\/?s={search_term_string}"},"query-input":{"@type":"PropertyValueSpecification","valueRequired":true,"valueName":"search_term_string"}}],"inLanguage":"es"},{"@type":"Organization","@id":"https:\/\/nbcs.mx\/#organization","name":"NBCS Noticias","url":"https:\/\/nbcs.mx\/","logo":{"@type":"ImageObject","inLanguage":"es","@id":"https:\/\/nbcs.mx\/#\/schema\/logo\/image\/","url":"https:\/\/nbcs.mx\/wp-content\/uploads\/2018\/09\/057b69485e93575a5c2b1c1dde2dd297.jpeg","contentUrl":"https:\/\/nbcs.mx\/wp-content\/uploads\/2018\/09\/057b69485e93575a5c2b1c1dde2dd297.jpeg","width":64,"height":64,"caption":"NBCS Noticias"},"image":{"@id":"https:\/\/nbcs.mx\/#\/schema\/logo\/image\/"},"sameAs":["https:\/\/www.facebook.com\/NBCSnoticias","https:\/\/x.com\/NBCSnoticias"]},{"@type":"Person","@id":"https:\/\/nbcs.mx\/#\/schema\/person\/ece58bab9a7c1e87a4d28ec9ecd79ff4","name":"NBCS Noticias","image":{"@type":"ImageObject","inLanguage":"es","@id":"https:\/\/secure.gravatar.com\/avatar\/4e52110cad1c4054b43271a0d14bbe9e2ea76aecd0e1097edfc670798d9ca1d4?s=96&d=blank&r=g","url":"https:\/\/secure.gravatar.com\/avatar\/4e52110cad1c4054b43271a0d14bbe9e2ea76aecd0e1097edfc670798d9ca1d4?s=96&d=blank&r=g","contentUrl":"https:\/\/secure.gravatar.com\/avatar\/4e52110cad1c4054b43271a0d14bbe9e2ea76aecd0e1097edfc670798d9ca1d4?s=96&d=blank&r=g","caption":"NBCS Noticias"},"description":"\u00bfTienes fotos o video de alg\u00fan acto de posible negligencia, corrupci\u00f3n y abuso de autoridad? M\u00e1ndalo al WhatsApp de NBCS Noticias: 612 141 98 08","sameAs":["https:\/\/www.nbcs.mx","https:\/\/www.facebook.com\/NBCSnoticias","https:\/\/www.instagram.com\/nbcsnoticias\/","https:\/\/x.com\/https:\/\/twitter.com\/NBCSnoticias"]}]}},"jetpack_publicize_connections":[],"jetpack_featured_media_url":"https:\/\/nbcs.mx\/wp-content\/uploads\/2025\/12\/Foto-Boletin-1415-scaled.jpg","jetpack_sharing_enabled":true,"_links":{"self":[{"href":"https:\/\/nbcs.mx\/index.php?rest_route=\/wp\/v2\/posts\/158821","targetHints":{"allow":["GET"]}}],"collection":[{"href":"https:\/\/nbcs.mx\/index.php?rest_route=\/wp\/v2\/posts"}],"about":[{"href":"https:\/\/nbcs.mx\/index.php?rest_route=\/wp\/v2\/types\/post"}],"author":[{"embeddable":true,"href":"https:\/\/nbcs.mx\/index.php?rest_route=\/wp\/v2\/users\/1"}],"replies":[{"embeddable":true,"href":"https:\/\/nbcs.mx\/index.php?rest_route=%2Fwp%2Fv2%2Fcomments&post=158821"}],"version-history":[{"count":1,"href":"https:\/\/nbcs.mx\/index.php?rest_route=\/wp\/v2\/posts\/158821\/revisions"}],"predecessor-version":[{"id":158823,"href":"https:\/\/nbcs.mx\/index.php?rest_route=\/wp\/v2\/posts\/158821\/revisions\/158823"}],"wp:featuredmedia":[{"embeddable":true,"href":"https:\/\/nbcs.mx\/index.php?rest_route=\/wp\/v2\/media\/158822"}],"wp:attachment":[{"href":"https:\/\/nbcs.mx\/index.php?rest_route=%2Fwp%2Fv2%2Fmedia&parent=158821"}],"wp:term":[{"taxonomy":"category","embeddable":true,"href":"https:\/\/nbcs.mx\/index.php?rest_route=%2Fwp%2Fv2%2Fcategories&post=158821"},{"taxonomy":"post_tag","embeddable":true,"href":"https:\/\/nbcs.mx\/index.php?rest_route=%2Fwp%2Fv2%2Ftags&post=158821"}],"curies":[{"name":"wp","href":"https:\/\/api.w.org\/{rel}","templated":true}]}}