{"id":158830,"date":"2025-12-04T06:43:44","date_gmt":"2025-12-04T13:43:44","guid":{"rendered":"https:\/\/nbcs.mx\/?p=158830"},"modified":"2025-12-04T06:43:44","modified_gmt":"2025-12-04T13:43:44","slug":"con-broche-de-oro-culminan-con-exito-rotundo-las-fiestas-patronales-san-javier-2025","status":"publish","type":"post","link":"https:\/\/nbcs.mx\/?p=158830","title":{"rendered":"\u00a1Con broche de oro! culminan con \u00e9xito rotundo las Fiestas Patronales San Javier 2025"},"content":{"rendered":"<figure id=\"attachment_158831\" aria-describedby=\"caption-attachment-158831\" style=\"width: 372px\" class=\"wp-caption alignleft\"><img loading=\"lazy\" decoding=\"async\" class=\" wp-image-158831\" src=\"https:\/\/nbcs.mx\/wp-content\/uploads\/2025\/12\/CLAUSURA-755x416.jpg\" alt=\"\" width=\"372\" height=\"205\" srcset=\"https:\/\/nbcs.mx\/wp-content\/uploads\/2025\/12\/CLAUSURA-755x416.jpg 755w, https:\/\/nbcs.mx\/wp-content\/uploads\/2025\/12\/CLAUSURA-1024x564.jpg 1024w, https:\/\/nbcs.mx\/wp-content\/uploads\/2025\/12\/CLAUSURA-150x83.jpg 150w, https:\/\/nbcs.mx\/wp-content\/uploads\/2025\/12\/CLAUSURA-768x423.jpg 768w, https:\/\/nbcs.mx\/wp-content\/uploads\/2025\/12\/CLAUSURA.jpg 1164w\" sizes=\"auto, (max-width: 372px) 100vw, 372px\" \/><figcaption id=\"caption-attachment-158831\" class=\"wp-caption-text\">Screenshot<\/figcaption><\/figure>\n<p style=\"font-weight: 400; text-align: justify;\">Las tradicionales <strong>Fiestas Patronales San Javier 2025<\/strong> concluyeron este mi\u00e9rcoles 3 de diciembre con un \u00e9xito rotundo y una alegr\u00eda desbordada, consolid\u00e1ndose como las festividades m\u00e1s importantes de Baja California Sur y del noroeste del pa\u00eds. Por tercer d\u00eda consecutivo, la m\u00e1gica comunidad de San Javier registr\u00f3 un <strong>lleno total<\/strong>, acogiendo con fervor a miles de visitantes locales y de toda la Rep\u00fablica que visitan al Santo Patrono San Francisco Javier.<\/p>\n<p style=\"font-weight: 400; text-align: justify;\"><strong>\u00a0<\/strong><\/p>\n<p style=\"font-weight: 400; text-align: justify;\">El programa art\u00edstico de clausura de este mi\u00e9rcoles 03 de diciembre fue un fest\u00edn cultural que inici\u00f3 con la vibrante presentaci\u00f3n de diversas escuelas de ballet folkl\u00f3rico de la Casa de la Cultura, quienes hicieron gala de excelentes bailes representativos de la rica diversidad regional del pa\u00eds.<\/p>\n<p style=\"font-weight: 400; text-align: justify;\">\n<p style=\"font-weight: 400; text-align: justify;\">El momento c\u00faspide lleg\u00f3 con el mensaje de la presidenta municipal, <strong>Paz del Alma Ochoa Amador<\/strong>, quien no pudo ocultar su emoci\u00f3n:<\/p>\n<p style=\"font-weight: 400; text-align: justify;\">\n<p style=\"font-weight: 400; text-align: justify;\">\u00abSiento un profundo <strong>orgullo<\/strong> de poder dar cierre a un a\u00f1o m\u00e1s de alegr\u00edas, un a\u00f1o m\u00e1s de tradici\u00f3n y, sobre todo, un a\u00f1o m\u00e1s de <strong>unidad<\/strong>. Hemos celebrado lo mejor de nuestra cultura y de nuestras ra\u00edces en honor a nuestro Santo Patrono San Francisco Javier.\u00bb<\/p>\n<p style=\"font-weight: 400; text-align: justify;\">\n<p style=\"font-weight: 400; text-align: justify;\">La edil extendi\u00f3 un <strong>c\u00e1lido y sincero agradecimiento<\/strong> a todos quienes hicieron posible estos festejos en armon\u00eda. Destac\u00f3 c\u00f3mo la <strong>hospitalidad loretana y sudcaliforniana<\/strong> abraz\u00f3 con fraternidad a las miles de familias que engalanaron los tres d\u00edas de fiesta con su presencia.<\/p>\n<p style=\"font-weight: 400; text-align: justify;\">\n<p style=\"font-weight: 400; text-align: justify;\">La alcaldesa expres\u00f3 un reconocimiento especial a todos los <strong>cabalgantes de Loreto y Comond\u00fa<\/strong>, cuya participaci\u00f3n dio un realce inigualable a la celebraci\u00f3n, creando momentos inolvidables de hermandad.<\/p>\n<p style=\"font-weight: 400; text-align: justify;\">\n<p style=\"font-weight: 400; text-align: justify;\">El mensaje de despedida reson\u00f3 con fuerza y esperanza en el coraz\u00f3n de los asistentes: <strong>\u201cCon el favor de Dios, nos vemos en diciembre del 2026\u201d<\/strong>, concluy\u00f3 la alcaldesa.<\/p>\n<p style=\"font-weight: 400; text-align: justify;\"><strong>\u00a0<\/strong><\/p>\n","protected":false},"excerpt":{"rendered":"<p>Las tradicionales Fiestas Patronales San Javier 2025 concluyeron este mi\u00e9rcoles 3 de diciembre con un \u00e9xito rotundo y una alegr\u00eda<\/p>\n","protected":false},"author":1,"featured_media":158831,"comment_status":"open","ping_status":"closed","sticky":false,"template":"","format":"standard","meta":{"colormag_page_container_layout":"default_layout","colormag_page_sidebar_layout":"default_layout","_jetpack_memberships_contains_paid_content":false,"footnotes":"","jetpack_publicize_message":"","jetpack_publicize_feature_enabled":true,"jetpack_social_post_already_shared":true,"jetpack_social_options":{"image_generator_settings":{"template":"highway","default_image_id":0,"font":"","enabled":false},"version":2}},"categories":[40],"tags":[],"class_list":["post-158830","post","type-post","status-publish","format-standard","has-post-thumbnail","hentry","category-municipios"],"yoast_head":"<!-- This site is optimized with the Yoast SEO plugin v27.5 - https:\/\/yoast.com\/product\/yoast-seo-wordpress\/ -->\n<title>\u00a1Con broche de oro! culminan con \u00e9xito rotundo las Fiestas Patronales San Javier 2025 - NBCS Noticias<\/title>\n<meta name=\"robots\" content=\"index, follow, max-snippet:-1, max-image-preview:large, max-video-preview:-1\" \/>\n<link rel=\"canonical\" href=\"https:\/\/nbcs.mx\/?p=158830\" \/>\n<meta property=\"og:locale\" content=\"es_ES\" \/>\n<meta property=\"og:type\" content=\"article\" \/>\n<meta property=\"og:title\" content=\"\u00a1Con broche de oro! culminan con \u00e9xito rotundo las Fiestas Patronales San Javier 2025 - NBCS Noticias\" \/>\n<meta property=\"og:description\" content=\"Las tradicionales Fiestas Patronales San Javier 2025 concluyeron este mi\u00e9rcoles 3 de diciembre con un \u00e9xito rotundo y una alegr\u00eda\" \/>\n<meta property=\"og:url\" content=\"https:\/\/nbcs.mx\/?p=158830\" \/>\n<meta property=\"og:site_name\" content=\"NBCS Noticias\" \/>\n<meta property=\"article:publisher\" content=\"https:\/\/www.facebook.com\/NBCSnoticias\" \/>\n<meta property=\"article:author\" content=\"https:\/\/www.facebook.com\/NBCSnoticias\" \/>\n<meta property=\"article:published_time\" content=\"2025-12-04T13:43:44+00:00\" \/>\n<meta property=\"og:image\" content=\"https:\/\/nbcs.mx\/wp-content\/uploads\/2025\/12\/CLAUSURA.jpg\" \/>\n\t<meta property=\"og:image:width\" content=\"1164\" \/>\n\t<meta property=\"og:image:height\" content=\"641\" \/>\n\t<meta property=\"og:image:type\" content=\"image\/jpeg\" \/>\n<meta name=\"author\" content=\"NBCS Noticias\" \/>\n<meta name=\"twitter:card\" content=\"summary_large_image\" \/>\n<meta name=\"twitter:creator\" content=\"@https:\/\/twitter.com\/NBCSnoticias\" \/>\n<meta name=\"twitter:site\" content=\"@NBCSnoticias\" \/>\n<meta name=\"twitter:label1\" content=\"Escrito por\" \/>\n\t<meta name=\"twitter:data1\" content=\"NBCS Noticias\" \/>\n\t<meta name=\"twitter:label2\" content=\"Tiempo de lectura\" \/>\n\t<meta name=\"twitter:data2\" content=\"2 minutos\" \/>\n<script type=\"application\/ld+json\" class=\"yoast-schema-graph\">{\"@context\":\"https:\\\/\\\/schema.org\",\"@graph\":[{\"@type\":\"Article\",\"@id\":\"https:\\\/\\\/nbcs.mx\\\/?p=158830#article\",\"isPartOf\":{\"@id\":\"https:\\\/\\\/nbcs.mx\\\/?p=158830\"},\"author\":{\"name\":\"NBCS Noticias\",\"@id\":\"https:\\\/\\\/nbcs.mx\\\/#\\\/schema\\\/person\\\/ece58bab9a7c1e87a4d28ec9ecd79ff4\"},\"headline\":\"\u00a1Con broche de oro! culminan con \u00e9xito rotundo las Fiestas Patronales San Javier 2025\",\"datePublished\":\"2025-12-04T13:43:44+00:00\",\"mainEntityOfPage\":{\"@id\":\"https:\\\/\\\/nbcs.mx\\\/?p=158830\"},\"wordCount\":335,\"commentCount\":0,\"publisher\":{\"@id\":\"https:\\\/\\\/nbcs.mx\\\/#organization\"},\"image\":{\"@id\":\"https:\\\/\\\/nbcs.mx\\\/?p=158830#primaryimage\"},\"thumbnailUrl\":\"https:\\\/\\\/nbcs.mx\\\/wp-content\\\/uploads\\\/2025\\\/12\\\/CLAUSURA.jpg\",\"articleSection\":[\"Municipios\"],\"inLanguage\":\"es\",\"potentialAction\":[{\"@type\":\"CommentAction\",\"name\":\"Comment\",\"target\":[\"https:\\\/\\\/nbcs.mx\\\/?p=158830#respond\"]}]},{\"@type\":\"WebPage\",\"@id\":\"https:\\\/\\\/nbcs.mx\\\/?p=158830\",\"url\":\"https:\\\/\\\/nbcs.mx\\\/?p=158830\",\"name\":\"\u00a1Con broche de oro! culminan con \u00e9xito rotundo las Fiestas Patronales San Javier 2025 - NBCS Noticias\",\"isPartOf\":{\"@id\":\"https:\\\/\\\/nbcs.mx\\\/#website\"},\"primaryImageOfPage\":{\"@id\":\"https:\\\/\\\/nbcs.mx\\\/?p=158830#primaryimage\"},\"image\":{\"@id\":\"https:\\\/\\\/nbcs.mx\\\/?p=158830#primaryimage\"},\"thumbnailUrl\":\"https:\\\/\\\/nbcs.mx\\\/wp-content\\\/uploads\\\/2025\\\/12\\\/CLAUSURA.jpg\",\"datePublished\":\"2025-12-04T13:43:44+00:00\",\"breadcrumb\":{\"@id\":\"https:\\\/\\\/nbcs.mx\\\/?p=158830#breadcrumb\"},\"inLanguage\":\"es\",\"potentialAction\":[{\"@type\":\"ReadAction\",\"target\":[\"https:\\\/\\\/nbcs.mx\\\/?p=158830\"]}]},{\"@type\":\"ImageObject\",\"inLanguage\":\"es\",\"@id\":\"https:\\\/\\\/nbcs.mx\\\/?p=158830#primaryimage\",\"url\":\"https:\\\/\\\/nbcs.mx\\\/wp-content\\\/uploads\\\/2025\\\/12\\\/CLAUSURA.jpg\",\"contentUrl\":\"https:\\\/\\\/nbcs.mx\\\/wp-content\\\/uploads\\\/2025\\\/12\\\/CLAUSURA.jpg\",\"width\":1164,\"height\":641,\"caption\":\"Screenshot\"},{\"@type\":\"BreadcrumbList\",\"@id\":\"https:\\\/\\\/nbcs.mx\\\/?p=158830#breadcrumb\",\"itemListElement\":[{\"@type\":\"ListItem\",\"position\":1,\"name\":\"Portada\",\"item\":\"https:\\\/\\\/nbcs.mx\\\/\"},{\"@type\":\"ListItem\",\"position\":2,\"name\":\"\u00a1Con broche de oro! culminan con \u00e9xito rotundo las Fiestas Patronales San Javier 2025\"}]},{\"@type\":\"WebSite\",\"@id\":\"https:\\\/\\\/nbcs.mx\\\/#website\",\"url\":\"https:\\\/\\\/nbcs.mx\\\/\",\"name\":\"NBCS Noticias\",\"description\":\"Sitio web de noticias en Baja California Sur\",\"publisher\":{\"@id\":\"https:\\\/\\\/nbcs.mx\\\/#organization\"},\"potentialAction\":[{\"@type\":\"SearchAction\",\"target\":{\"@type\":\"EntryPoint\",\"urlTemplate\":\"https:\\\/\\\/nbcs.mx\\\/?s={search_term_string}\"},\"query-input\":{\"@type\":\"PropertyValueSpecification\",\"valueRequired\":true,\"valueName\":\"search_term_string\"}}],\"inLanguage\":\"es\"},{\"@type\":\"Organization\",\"@id\":\"https:\\\/\\\/nbcs.mx\\\/#organization\",\"name\":\"NBCS Noticias\",\"url\":\"https:\\\/\\\/nbcs.mx\\\/\",\"logo\":{\"@type\":\"ImageObject\",\"inLanguage\":\"es\",\"@id\":\"https:\\\/\\\/nbcs.mx\\\/#\\\/schema\\\/logo\\\/image\\\/\",\"url\":\"https:\\\/\\\/nbcs.mx\\\/wp-content\\\/uploads\\\/2018\\\/09\\\/057b69485e93575a5c2b1c1dde2dd297.jpeg\",\"contentUrl\":\"https:\\\/\\\/nbcs.mx\\\/wp-content\\\/uploads\\\/2018\\\/09\\\/057b69485e93575a5c2b1c1dde2dd297.jpeg\",\"width\":64,\"height\":64,\"caption\":\"NBCS Noticias\"},\"image\":{\"@id\":\"https:\\\/\\\/nbcs.mx\\\/#\\\/schema\\\/logo\\\/image\\\/\"},\"sameAs\":[\"https:\\\/\\\/www.facebook.com\\\/NBCSnoticias\",\"https:\\\/\\\/x.com\\\/NBCSnoticias\"]},{\"@type\":\"Person\",\"@id\":\"https:\\\/\\\/nbcs.mx\\\/#\\\/schema\\\/person\\\/ece58bab9a7c1e87a4d28ec9ecd79ff4\",\"name\":\"NBCS Noticias\",\"image\":{\"@type\":\"ImageObject\",\"inLanguage\":\"es\",\"@id\":\"https:\\\/\\\/secure.gravatar.com\\\/avatar\\\/4e52110cad1c4054b43271a0d14bbe9e2ea76aecd0e1097edfc670798d9ca1d4?s=96&d=blank&r=g\",\"url\":\"https:\\\/\\\/secure.gravatar.com\\\/avatar\\\/4e52110cad1c4054b43271a0d14bbe9e2ea76aecd0e1097edfc670798d9ca1d4?s=96&d=blank&r=g\",\"contentUrl\":\"https:\\\/\\\/secure.gravatar.com\\\/avatar\\\/4e52110cad1c4054b43271a0d14bbe9e2ea76aecd0e1097edfc670798d9ca1d4?s=96&d=blank&r=g\",\"caption\":\"NBCS Noticias\"},\"description\":\"\u00bfTienes fotos o video de alg\u00fan acto de posible negligencia, corrupci\u00f3n y abuso de autoridad? M\u00e1ndalo al WhatsApp de NBCS Noticias: 612 141 98 08\",\"sameAs\":[\"https:\\\/\\\/www.nbcs.mx\",\"https:\\\/\\\/www.facebook.com\\\/NBCSnoticias\",\"https:\\\/\\\/www.instagram.com\\\/nbcsnoticias\\\/\",\"https:\\\/\\\/x.com\\\/https:\\\/\\\/twitter.com\\\/NBCSnoticias\"]}]}<\/script>\n<!-- \/ Yoast SEO plugin. -->","yoast_head_json":{"title":"\u00a1Con broche de oro! culminan con \u00e9xito rotundo las Fiestas Patronales San Javier 2025 - NBCS Noticias","robots":{"index":"index","follow":"follow","max-snippet":"max-snippet:-1","max-image-preview":"max-image-preview:large","max-video-preview":"max-video-preview:-1"},"canonical":"https:\/\/nbcs.mx\/?p=158830","og_locale":"es_ES","og_type":"article","og_title":"\u00a1Con broche de oro! culminan con \u00e9xito rotundo las Fiestas Patronales San Javier 2025 - NBCS Noticias","og_description":"Las tradicionales Fiestas Patronales San Javier 2025 concluyeron este mi\u00e9rcoles 3 de diciembre con un \u00e9xito rotundo y una alegr\u00eda","og_url":"https:\/\/nbcs.mx\/?p=158830","og_site_name":"NBCS Noticias","article_publisher":"https:\/\/www.facebook.com\/NBCSnoticias","article_author":"https:\/\/www.facebook.com\/NBCSnoticias","article_published_time":"2025-12-04T13:43:44+00:00","og_image":[{"width":1164,"height":641,"url":"https:\/\/nbcs.mx\/wp-content\/uploads\/2025\/12\/CLAUSURA.jpg","type":"image\/jpeg"}],"author":"NBCS Noticias","twitter_card":"summary_large_image","twitter_creator":"@https:\/\/twitter.com\/NBCSnoticias","twitter_site":"@NBCSnoticias","twitter_misc":{"Escrito por":"NBCS Noticias","Tiempo de lectura":"2 minutos"},"schema":{"@context":"https:\/\/schema.org","@graph":[{"@type":"Article","@id":"https:\/\/nbcs.mx\/?p=158830#article","isPartOf":{"@id":"https:\/\/nbcs.mx\/?p=158830"},"author":{"name":"NBCS Noticias","@id":"https:\/\/nbcs.mx\/#\/schema\/person\/ece58bab9a7c1e87a4d28ec9ecd79ff4"},"headline":"\u00a1Con broche de oro! culminan con \u00e9xito rotundo las Fiestas Patronales San Javier 2025","datePublished":"2025-12-04T13:43:44+00:00","mainEntityOfPage":{"@id":"https:\/\/nbcs.mx\/?p=158830"},"wordCount":335,"commentCount":0,"publisher":{"@id":"https:\/\/nbcs.mx\/#organization"},"image":{"@id":"https:\/\/nbcs.mx\/?p=158830#primaryimage"},"thumbnailUrl":"https:\/\/nbcs.mx\/wp-content\/uploads\/2025\/12\/CLAUSURA.jpg","articleSection":["Municipios"],"inLanguage":"es","potentialAction":[{"@type":"CommentAction","name":"Comment","target":["https:\/\/nbcs.mx\/?p=158830#respond"]}]},{"@type":"WebPage","@id":"https:\/\/nbcs.mx\/?p=158830","url":"https:\/\/nbcs.mx\/?p=158830","name":"\u00a1Con broche de oro! culminan con \u00e9xito rotundo las Fiestas Patronales San Javier 2025 - NBCS Noticias","isPartOf":{"@id":"https:\/\/nbcs.mx\/#website"},"primaryImageOfPage":{"@id":"https:\/\/nbcs.mx\/?p=158830#primaryimage"},"image":{"@id":"https:\/\/nbcs.mx\/?p=158830#primaryimage"},"thumbnailUrl":"https:\/\/nbcs.mx\/wp-content\/uploads\/2025\/12\/CLAUSURA.jpg","datePublished":"2025-12-04T13:43:44+00:00","breadcrumb":{"@id":"https:\/\/nbcs.mx\/?p=158830#breadcrumb"},"inLanguage":"es","potentialAction":[{"@type":"ReadAction","target":["https:\/\/nbcs.mx\/?p=158830"]}]},{"@type":"ImageObject","inLanguage":"es","@id":"https:\/\/nbcs.mx\/?p=158830#primaryimage","url":"https:\/\/nbcs.mx\/wp-content\/uploads\/2025\/12\/CLAUSURA.jpg","contentUrl":"https:\/\/nbcs.mx\/wp-content\/uploads\/2025\/12\/CLAUSURA.jpg","width":1164,"height":641,"caption":"Screenshot"},{"@type":"BreadcrumbList","@id":"https:\/\/nbcs.mx\/?p=158830#breadcrumb","itemListElement":[{"@type":"ListItem","position":1,"name":"Portada","item":"https:\/\/nbcs.mx\/"},{"@type":"ListItem","position":2,"name":"\u00a1Con broche de oro! culminan con \u00e9xito rotundo las Fiestas Patronales San Javier 2025"}]},{"@type":"WebSite","@id":"https:\/\/nbcs.mx\/#website","url":"https:\/\/nbcs.mx\/","name":"NBCS Noticias","description":"Sitio web de noticias en Baja California Sur","publisher":{"@id":"https:\/\/nbcs.mx\/#organization"},"potentialAction":[{"@type":"SearchAction","target":{"@type":"EntryPoint","urlTemplate":"https:\/\/nbcs.mx\/?s={search_term_string}"},"query-input":{"@type":"PropertyValueSpecification","valueRequired":true,"valueName":"search_term_string"}}],"inLanguage":"es"},{"@type":"Organization","@id":"https:\/\/nbcs.mx\/#organization","name":"NBCS Noticias","url":"https:\/\/nbcs.mx\/","logo":{"@type":"ImageObject","inLanguage":"es","@id":"https:\/\/nbcs.mx\/#\/schema\/logo\/image\/","url":"https:\/\/nbcs.mx\/wp-content\/uploads\/2018\/09\/057b69485e93575a5c2b1c1dde2dd297.jpeg","contentUrl":"https:\/\/nbcs.mx\/wp-content\/uploads\/2018\/09\/057b69485e93575a5c2b1c1dde2dd297.jpeg","width":64,"height":64,"caption":"NBCS Noticias"},"image":{"@id":"https:\/\/nbcs.mx\/#\/schema\/logo\/image\/"},"sameAs":["https:\/\/www.facebook.com\/NBCSnoticias","https:\/\/x.com\/NBCSnoticias"]},{"@type":"Person","@id":"https:\/\/nbcs.mx\/#\/schema\/person\/ece58bab9a7c1e87a4d28ec9ecd79ff4","name":"NBCS Noticias","image":{"@type":"ImageObject","inLanguage":"es","@id":"https:\/\/secure.gravatar.com\/avatar\/4e52110cad1c4054b43271a0d14bbe9e2ea76aecd0e1097edfc670798d9ca1d4?s=96&d=blank&r=g","url":"https:\/\/secure.gravatar.com\/avatar\/4e52110cad1c4054b43271a0d14bbe9e2ea76aecd0e1097edfc670798d9ca1d4?s=96&d=blank&r=g","contentUrl":"https:\/\/secure.gravatar.com\/avatar\/4e52110cad1c4054b43271a0d14bbe9e2ea76aecd0e1097edfc670798d9ca1d4?s=96&d=blank&r=g","caption":"NBCS Noticias"},"description":"\u00bfTienes fotos o video de alg\u00fan acto de posible negligencia, corrupci\u00f3n y abuso de autoridad? M\u00e1ndalo al WhatsApp de NBCS Noticias: 612 141 98 08","sameAs":["https:\/\/www.nbcs.mx","https:\/\/www.facebook.com\/NBCSnoticias","https:\/\/www.instagram.com\/nbcsnoticias\/","https:\/\/x.com\/https:\/\/twitter.com\/NBCSnoticias"]}]}},"jetpack_publicize_connections":[],"jetpack_featured_media_url":"https:\/\/nbcs.mx\/wp-content\/uploads\/2025\/12\/CLAUSURA.jpg","jetpack_sharing_enabled":true,"_links":{"self":[{"href":"https:\/\/nbcs.mx\/index.php?rest_route=\/wp\/v2\/posts\/158830","targetHints":{"allow":["GET"]}}],"collection":[{"href":"https:\/\/nbcs.mx\/index.php?rest_route=\/wp\/v2\/posts"}],"about":[{"href":"https:\/\/nbcs.mx\/index.php?rest_route=\/wp\/v2\/types\/post"}],"author":[{"embeddable":true,"href":"https:\/\/nbcs.mx\/index.php?rest_route=\/wp\/v2\/users\/1"}],"replies":[{"embeddable":true,"href":"https:\/\/nbcs.mx\/index.php?rest_route=%2Fwp%2Fv2%2Fcomments&post=158830"}],"version-history":[{"count":1,"href":"https:\/\/nbcs.mx\/index.php?rest_route=\/wp\/v2\/posts\/158830\/revisions"}],"predecessor-version":[{"id":158832,"href":"https:\/\/nbcs.mx\/index.php?rest_route=\/wp\/v2\/posts\/158830\/revisions\/158832"}],"wp:featuredmedia":[{"embeddable":true,"href":"https:\/\/nbcs.mx\/index.php?rest_route=\/wp\/v2\/media\/158831"}],"wp:attachment":[{"href":"https:\/\/nbcs.mx\/index.php?rest_route=%2Fwp%2Fv2%2Fmedia&parent=158830"}],"wp:term":[{"taxonomy":"category","embeddable":true,"href":"https:\/\/nbcs.mx\/index.php?rest_route=%2Fwp%2Fv2%2Fcategories&post=158830"},{"taxonomy":"post_tag","embeddable":true,"href":"https:\/\/nbcs.mx\/index.php?rest_route=%2Fwp%2Fv2%2Ftags&post=158830"}],"curies":[{"name":"wp","href":"https:\/\/api.w.org\/{rel}","templated":true}]}}