{"id":158844,"date":"2025-12-04T18:50:59","date_gmt":"2025-12-05T01:50:59","guid":{"rendered":"https:\/\/nbcs.mx\/?p=158844"},"modified":"2025-12-04T18:50:59","modified_gmt":"2025-12-05T01:50:59","slug":"preside-gobernador-ceremonia-de-entrega-de-la-medalla-al-merito-artistico-y-cultural-a-enoc-leano","status":"publish","type":"post","link":"https:\/\/nbcs.mx\/?p=158844","title":{"rendered":"Preside Gobernador ceremonia de entrega de la medalla al M\u00e9rito Art\u00edstico y Cultural a Enoc Lea\u00f1o"},"content":{"rendered":"<p style=\"font-weight: 400; text-align: justify;\"><img loading=\"lazy\" decoding=\"async\" class=\" wp-image-158845 alignleft\" src=\"https:\/\/nbcs.mx\/wp-content\/uploads\/2025\/12\/FOTO1-BOLETIN-03140-VMCC-PRESIDE-755x423.jpg\" alt=\"\" width=\"377\" height=\"211\" srcset=\"https:\/\/nbcs.mx\/wp-content\/uploads\/2025\/12\/FOTO1-BOLETIN-03140-VMCC-PRESIDE-755x423.jpg 755w, https:\/\/nbcs.mx\/wp-content\/uploads\/2025\/12\/FOTO1-BOLETIN-03140-VMCC-PRESIDE-1024x573.jpg 1024w, https:\/\/nbcs.mx\/wp-content\/uploads\/2025\/12\/FOTO1-BOLETIN-03140-VMCC-PRESIDE-150x84.jpg 150w, https:\/\/nbcs.mx\/wp-content\/uploads\/2025\/12\/FOTO1-BOLETIN-03140-VMCC-PRESIDE-768x430.jpg 768w, https:\/\/nbcs.mx\/wp-content\/uploads\/2025\/12\/FOTO1-BOLETIN-03140-VMCC-PRESIDE-1536x860.jpg 1536w, https:\/\/nbcs.mx\/wp-content\/uploads\/2025\/12\/FOTO1-BOLETIN-03140-VMCC-PRESIDE-2048x1147.jpg 2048w, https:\/\/nbcs.mx\/wp-content\/uploads\/2025\/12\/FOTO1-BOLETIN-03140-VMCC-PRESIDE-800x445.jpg 800w\" sizes=\"auto, (max-width: 377px) 100vw, 377px\" \/>Al encabezar la sesi\u00f3n solemne del Congreso del Estado, el gobernador V\u00edctor Manuel Castro Cos\u00edo entreg\u00f3 la medalla al M\u00e9rito Art\u00edstico y Cultural al actor sudcaliforniano Enoc Lea\u00f1o Dom\u00ednguez, reconocimiento otorgado por los poderes Ejecutivo, Legislativo y Judicial por su destacada contribuci\u00f3n al impulso y difusi\u00f3n de las artes en Baja California Sur.<\/p>\n<p style=\"font-weight: 400; text-align: justify;\">\n<p style=\"font-weight: 400; text-align: justify;\">El mandatario expres\u00f3 que esta distinci\u00f3n es merecida para quien ha aportado \u201cmucho m\u00e1s que un festival de cine\u201d, al subrayar que la trayectoria de Lea\u00f1o inspira esperanza y demuestra que siempre es posible transformar la realidad, incluso en circunstancias complejas, rescatando las ra\u00edces y la memoria colectiva.<\/p>\n<p style=\"font-weight: 400; text-align: justify;\">\n<p style=\"font-weight: 400; text-align: justify;\">Castro Cos\u00edo destac\u00f3 que este es un d\u00eda especial para la entidad, al reconocer en Enoc un colaborador valioso que ha regresado a su tierra con propuestas que fortalecen la identidad sudcaliforniana. A\u00f1adi\u00f3 que su aportaci\u00f3n trasciende lo art\u00edstico, ya que reafirma el orgullo por la cultura y las tradiciones de la regi\u00f3n.<\/p>\n<p style=\"font-weight: 400; text-align: justify;\">\n<p style=\"font-weight: 400; text-align: justify;\">El Gobernador se\u00f1al\u00f3 que la promoci\u00f3n del cine y las expresiones culturales genera espacios de reflexi\u00f3n y uni\u00f3n comunitaria, al invitar a la ciudadan\u00eda a reencontrarse con sus or\u00edgenes. \u201cNos recuerda la importancia de no perder lo que nos define y de valorar nuestras ra\u00edces\u201d, enfatiz\u00f3.<\/p>\n<p style=\"font-weight: 400; text-align: justify;\">\n<p style=\"font-weight: 400; text-align: justify;\">Finalmente, reiter\u00f3 que el arte y la cultura son ejes prioritarios para su administraci\u00f3n, y afirm\u00f3 que se ha destinado una inversi\u00f3n superior a la ejercida tradicionalmente para fortalecer su desarrollo y ampliar las oportunidades de participaci\u00f3n en todo el estado.<\/p>\n","protected":false},"excerpt":{"rendered":"<p>Al encabezar la sesi\u00f3n solemne del Congreso del Estado, el gobernador V\u00edctor Manuel Castro Cos\u00edo entreg\u00f3 la medalla al M\u00e9rito<\/p>\n","protected":false},"author":1,"featured_media":158845,"comment_status":"open","ping_status":"closed","sticky":false,"template":"","format":"standard","meta":{"colormag_page_container_layout":"default_layout","colormag_page_sidebar_layout":"default_layout","_jetpack_memberships_contains_paid_content":false,"footnotes":"","jetpack_publicize_message":"","jetpack_publicize_feature_enabled":true,"jetpack_social_post_already_shared":true,"jetpack_social_options":{"image_generator_settings":{"template":"highway","default_image_id":0,"font":"","enabled":false},"version":2}},"categories":[1],"tags":[],"class_list":["post-158844","post","type-post","status-publish","format-standard","has-post-thumbnail","hentry","category-noticias"],"yoast_head":"<!-- This site is optimized with the Yoast SEO plugin v27.5 - https:\/\/yoast.com\/product\/yoast-seo-wordpress\/ -->\n<title>Preside Gobernador ceremonia de entrega de la medalla al M\u00e9rito Art\u00edstico y Cultural a Enoc Lea\u00f1o - NBCS Noticias<\/title>\n<meta name=\"robots\" content=\"index, follow, max-snippet:-1, max-image-preview:large, max-video-preview:-1\" \/>\n<link rel=\"canonical\" href=\"https:\/\/nbcs.mx\/?p=158844\" \/>\n<meta property=\"og:locale\" content=\"es_ES\" \/>\n<meta property=\"og:type\" content=\"article\" \/>\n<meta property=\"og:title\" content=\"Preside Gobernador ceremonia de entrega de la medalla al M\u00e9rito Art\u00edstico y Cultural a Enoc Lea\u00f1o - NBCS Noticias\" \/>\n<meta property=\"og:description\" content=\"Al encabezar la sesi\u00f3n solemne del Congreso del Estado, el gobernador V\u00edctor Manuel Castro Cos\u00edo entreg\u00f3 la medalla al M\u00e9rito\" \/>\n<meta property=\"og:url\" content=\"https:\/\/nbcs.mx\/?p=158844\" \/>\n<meta property=\"og:site_name\" content=\"NBCS Noticias\" \/>\n<meta property=\"article:publisher\" content=\"https:\/\/www.facebook.com\/NBCSnoticias\" \/>\n<meta property=\"article:author\" content=\"https:\/\/www.facebook.com\/NBCSnoticias\" \/>\n<meta property=\"article:published_time\" content=\"2025-12-05T01:50:59+00:00\" \/>\n<meta property=\"og:image\" content=\"https:\/\/nbcs.mx\/wp-content\/uploads\/2025\/12\/FOTO1-BOLETIN-03140-VMCC-PRESIDE.jpg\" \/>\n\t<meta property=\"og:image:width\" content=\"2400\" \/>\n\t<meta property=\"og:image:height\" content=\"1344\" \/>\n\t<meta property=\"og:image:type\" content=\"image\/jpeg\" \/>\n<meta name=\"author\" content=\"NBCS Noticias\" \/>\n<meta name=\"twitter:card\" content=\"summary_large_image\" \/>\n<meta name=\"twitter:creator\" content=\"@https:\/\/twitter.com\/NBCSnoticias\" \/>\n<meta name=\"twitter:site\" content=\"@NBCSnoticias\" \/>\n<meta name=\"twitter:label1\" content=\"Escrito por\" \/>\n\t<meta name=\"twitter:data1\" content=\"NBCS Noticias\" \/>\n\t<meta name=\"twitter:label2\" content=\"Tiempo de lectura\" \/>\n\t<meta name=\"twitter:data2\" content=\"2 minutos\" \/>\n<script type=\"application\/ld+json\" class=\"yoast-schema-graph\">{\"@context\":\"https:\\\/\\\/schema.org\",\"@graph\":[{\"@type\":\"Article\",\"@id\":\"https:\\\/\\\/nbcs.mx\\\/?p=158844#article\",\"isPartOf\":{\"@id\":\"https:\\\/\\\/nbcs.mx\\\/?p=158844\"},\"author\":{\"name\":\"NBCS Noticias\",\"@id\":\"https:\\\/\\\/nbcs.mx\\\/#\\\/schema\\\/person\\\/ece58bab9a7c1e87a4d28ec9ecd79ff4\"},\"headline\":\"Preside Gobernador ceremonia de entrega de la medalla al M\u00e9rito Art\u00edstico y Cultural a Enoc Lea\u00f1o\",\"datePublished\":\"2025-12-05T01:50:59+00:00\",\"mainEntityOfPage\":{\"@id\":\"https:\\\/\\\/nbcs.mx\\\/?p=158844\"},\"wordCount\":289,\"commentCount\":0,\"publisher\":{\"@id\":\"https:\\\/\\\/nbcs.mx\\\/#organization\"},\"image\":{\"@id\":\"https:\\\/\\\/nbcs.mx\\\/?p=158844#primaryimage\"},\"thumbnailUrl\":\"https:\\\/\\\/nbcs.mx\\\/wp-content\\\/uploads\\\/2025\\\/12\\\/FOTO1-BOLETIN-03140-VMCC-PRESIDE.jpg\",\"articleSection\":[\"Noticias\"],\"inLanguage\":\"es\",\"potentialAction\":[{\"@type\":\"CommentAction\",\"name\":\"Comment\",\"target\":[\"https:\\\/\\\/nbcs.mx\\\/?p=158844#respond\"]}]},{\"@type\":\"WebPage\",\"@id\":\"https:\\\/\\\/nbcs.mx\\\/?p=158844\",\"url\":\"https:\\\/\\\/nbcs.mx\\\/?p=158844\",\"name\":\"Preside Gobernador ceremonia de entrega de la medalla al M\u00e9rito Art\u00edstico y Cultural a Enoc Lea\u00f1o - NBCS Noticias\",\"isPartOf\":{\"@id\":\"https:\\\/\\\/nbcs.mx\\\/#website\"},\"primaryImageOfPage\":{\"@id\":\"https:\\\/\\\/nbcs.mx\\\/?p=158844#primaryimage\"},\"image\":{\"@id\":\"https:\\\/\\\/nbcs.mx\\\/?p=158844#primaryimage\"},\"thumbnailUrl\":\"https:\\\/\\\/nbcs.mx\\\/wp-content\\\/uploads\\\/2025\\\/12\\\/FOTO1-BOLETIN-03140-VMCC-PRESIDE.jpg\",\"datePublished\":\"2025-12-05T01:50:59+00:00\",\"breadcrumb\":{\"@id\":\"https:\\\/\\\/nbcs.mx\\\/?p=158844#breadcrumb\"},\"inLanguage\":\"es\",\"potentialAction\":[{\"@type\":\"ReadAction\",\"target\":[\"https:\\\/\\\/nbcs.mx\\\/?p=158844\"]}]},{\"@type\":\"ImageObject\",\"inLanguage\":\"es\",\"@id\":\"https:\\\/\\\/nbcs.mx\\\/?p=158844#primaryimage\",\"url\":\"https:\\\/\\\/nbcs.mx\\\/wp-content\\\/uploads\\\/2025\\\/12\\\/FOTO1-BOLETIN-03140-VMCC-PRESIDE.jpg\",\"contentUrl\":\"https:\\\/\\\/nbcs.mx\\\/wp-content\\\/uploads\\\/2025\\\/12\\\/FOTO1-BOLETIN-03140-VMCC-PRESIDE.jpg\",\"width\":2400,\"height\":1344},{\"@type\":\"BreadcrumbList\",\"@id\":\"https:\\\/\\\/nbcs.mx\\\/?p=158844#breadcrumb\",\"itemListElement\":[{\"@type\":\"ListItem\",\"position\":1,\"name\":\"Portada\",\"item\":\"https:\\\/\\\/nbcs.mx\\\/\"},{\"@type\":\"ListItem\",\"position\":2,\"name\":\"Preside Gobernador ceremonia de entrega de la medalla al M\u00e9rito Art\u00edstico y Cultural a Enoc Lea\u00f1o\"}]},{\"@type\":\"WebSite\",\"@id\":\"https:\\\/\\\/nbcs.mx\\\/#website\",\"url\":\"https:\\\/\\\/nbcs.mx\\\/\",\"name\":\"NBCS Noticias\",\"description\":\"Sitio web de noticias en Baja California Sur\",\"publisher\":{\"@id\":\"https:\\\/\\\/nbcs.mx\\\/#organization\"},\"potentialAction\":[{\"@type\":\"SearchAction\",\"target\":{\"@type\":\"EntryPoint\",\"urlTemplate\":\"https:\\\/\\\/nbcs.mx\\\/?s={search_term_string}\"},\"query-input\":{\"@type\":\"PropertyValueSpecification\",\"valueRequired\":true,\"valueName\":\"search_term_string\"}}],\"inLanguage\":\"es\"},{\"@type\":\"Organization\",\"@id\":\"https:\\\/\\\/nbcs.mx\\\/#organization\",\"name\":\"NBCS Noticias\",\"url\":\"https:\\\/\\\/nbcs.mx\\\/\",\"logo\":{\"@type\":\"ImageObject\",\"inLanguage\":\"es\",\"@id\":\"https:\\\/\\\/nbcs.mx\\\/#\\\/schema\\\/logo\\\/image\\\/\",\"url\":\"https:\\\/\\\/nbcs.mx\\\/wp-content\\\/uploads\\\/2018\\\/09\\\/057b69485e93575a5c2b1c1dde2dd297.jpeg\",\"contentUrl\":\"https:\\\/\\\/nbcs.mx\\\/wp-content\\\/uploads\\\/2018\\\/09\\\/057b69485e93575a5c2b1c1dde2dd297.jpeg\",\"width\":64,\"height\":64,\"caption\":\"NBCS Noticias\"},\"image\":{\"@id\":\"https:\\\/\\\/nbcs.mx\\\/#\\\/schema\\\/logo\\\/image\\\/\"},\"sameAs\":[\"https:\\\/\\\/www.facebook.com\\\/NBCSnoticias\",\"https:\\\/\\\/x.com\\\/NBCSnoticias\"]},{\"@type\":\"Person\",\"@id\":\"https:\\\/\\\/nbcs.mx\\\/#\\\/schema\\\/person\\\/ece58bab9a7c1e87a4d28ec9ecd79ff4\",\"name\":\"NBCS Noticias\",\"image\":{\"@type\":\"ImageObject\",\"inLanguage\":\"es\",\"@id\":\"https:\\\/\\\/secure.gravatar.com\\\/avatar\\\/4e52110cad1c4054b43271a0d14bbe9e2ea76aecd0e1097edfc670798d9ca1d4?s=96&d=blank&r=g\",\"url\":\"https:\\\/\\\/secure.gravatar.com\\\/avatar\\\/4e52110cad1c4054b43271a0d14bbe9e2ea76aecd0e1097edfc670798d9ca1d4?s=96&d=blank&r=g\",\"contentUrl\":\"https:\\\/\\\/secure.gravatar.com\\\/avatar\\\/4e52110cad1c4054b43271a0d14bbe9e2ea76aecd0e1097edfc670798d9ca1d4?s=96&d=blank&r=g\",\"caption\":\"NBCS Noticias\"},\"description\":\"\u00bfTienes fotos o video de alg\u00fan acto de posible negligencia, corrupci\u00f3n y abuso de autoridad? M\u00e1ndalo al WhatsApp de NBCS Noticias: 612 141 98 08\",\"sameAs\":[\"https:\\\/\\\/www.nbcs.mx\",\"https:\\\/\\\/www.facebook.com\\\/NBCSnoticias\",\"https:\\\/\\\/www.instagram.com\\\/nbcsnoticias\\\/\",\"https:\\\/\\\/x.com\\\/https:\\\/\\\/twitter.com\\\/NBCSnoticias\"]}]}<\/script>\n<!-- \/ Yoast SEO plugin. -->","yoast_head_json":{"title":"Preside Gobernador ceremonia de entrega de la medalla al M\u00e9rito Art\u00edstico y Cultural a Enoc Lea\u00f1o - NBCS Noticias","robots":{"index":"index","follow":"follow","max-snippet":"max-snippet:-1","max-image-preview":"max-image-preview:large","max-video-preview":"max-video-preview:-1"},"canonical":"https:\/\/nbcs.mx\/?p=158844","og_locale":"es_ES","og_type":"article","og_title":"Preside Gobernador ceremonia de entrega de la medalla al M\u00e9rito Art\u00edstico y Cultural a Enoc Lea\u00f1o - NBCS Noticias","og_description":"Al encabezar la sesi\u00f3n solemne del Congreso del Estado, el gobernador V\u00edctor Manuel Castro Cos\u00edo entreg\u00f3 la medalla al M\u00e9rito","og_url":"https:\/\/nbcs.mx\/?p=158844","og_site_name":"NBCS Noticias","article_publisher":"https:\/\/www.facebook.com\/NBCSnoticias","article_author":"https:\/\/www.facebook.com\/NBCSnoticias","article_published_time":"2025-12-05T01:50:59+00:00","og_image":[{"width":2400,"height":1344,"url":"https:\/\/nbcs.mx\/wp-content\/uploads\/2025\/12\/FOTO1-BOLETIN-03140-VMCC-PRESIDE.jpg","type":"image\/jpeg"}],"author":"NBCS Noticias","twitter_card":"summary_large_image","twitter_creator":"@https:\/\/twitter.com\/NBCSnoticias","twitter_site":"@NBCSnoticias","twitter_misc":{"Escrito por":"NBCS Noticias","Tiempo de lectura":"2 minutos"},"schema":{"@context":"https:\/\/schema.org","@graph":[{"@type":"Article","@id":"https:\/\/nbcs.mx\/?p=158844#article","isPartOf":{"@id":"https:\/\/nbcs.mx\/?p=158844"},"author":{"name":"NBCS Noticias","@id":"https:\/\/nbcs.mx\/#\/schema\/person\/ece58bab9a7c1e87a4d28ec9ecd79ff4"},"headline":"Preside Gobernador ceremonia de entrega de la medalla al M\u00e9rito Art\u00edstico y Cultural a Enoc Lea\u00f1o","datePublished":"2025-12-05T01:50:59+00:00","mainEntityOfPage":{"@id":"https:\/\/nbcs.mx\/?p=158844"},"wordCount":289,"commentCount":0,"publisher":{"@id":"https:\/\/nbcs.mx\/#organization"},"image":{"@id":"https:\/\/nbcs.mx\/?p=158844#primaryimage"},"thumbnailUrl":"https:\/\/nbcs.mx\/wp-content\/uploads\/2025\/12\/FOTO1-BOLETIN-03140-VMCC-PRESIDE.jpg","articleSection":["Noticias"],"inLanguage":"es","potentialAction":[{"@type":"CommentAction","name":"Comment","target":["https:\/\/nbcs.mx\/?p=158844#respond"]}]},{"@type":"WebPage","@id":"https:\/\/nbcs.mx\/?p=158844","url":"https:\/\/nbcs.mx\/?p=158844","name":"Preside Gobernador ceremonia de entrega de la medalla al M\u00e9rito Art\u00edstico y Cultural a Enoc Lea\u00f1o - NBCS Noticias","isPartOf":{"@id":"https:\/\/nbcs.mx\/#website"},"primaryImageOfPage":{"@id":"https:\/\/nbcs.mx\/?p=158844#primaryimage"},"image":{"@id":"https:\/\/nbcs.mx\/?p=158844#primaryimage"},"thumbnailUrl":"https:\/\/nbcs.mx\/wp-content\/uploads\/2025\/12\/FOTO1-BOLETIN-03140-VMCC-PRESIDE.jpg","datePublished":"2025-12-05T01:50:59+00:00","breadcrumb":{"@id":"https:\/\/nbcs.mx\/?p=158844#breadcrumb"},"inLanguage":"es","potentialAction":[{"@type":"ReadAction","target":["https:\/\/nbcs.mx\/?p=158844"]}]},{"@type":"ImageObject","inLanguage":"es","@id":"https:\/\/nbcs.mx\/?p=158844#primaryimage","url":"https:\/\/nbcs.mx\/wp-content\/uploads\/2025\/12\/FOTO1-BOLETIN-03140-VMCC-PRESIDE.jpg","contentUrl":"https:\/\/nbcs.mx\/wp-content\/uploads\/2025\/12\/FOTO1-BOLETIN-03140-VMCC-PRESIDE.jpg","width":2400,"height":1344},{"@type":"BreadcrumbList","@id":"https:\/\/nbcs.mx\/?p=158844#breadcrumb","itemListElement":[{"@type":"ListItem","position":1,"name":"Portada","item":"https:\/\/nbcs.mx\/"},{"@type":"ListItem","position":2,"name":"Preside Gobernador ceremonia de entrega de la medalla al M\u00e9rito Art\u00edstico y Cultural a Enoc Lea\u00f1o"}]},{"@type":"WebSite","@id":"https:\/\/nbcs.mx\/#website","url":"https:\/\/nbcs.mx\/","name":"NBCS Noticias","description":"Sitio web de noticias en Baja California Sur","publisher":{"@id":"https:\/\/nbcs.mx\/#organization"},"potentialAction":[{"@type":"SearchAction","target":{"@type":"EntryPoint","urlTemplate":"https:\/\/nbcs.mx\/?s={search_term_string}"},"query-input":{"@type":"PropertyValueSpecification","valueRequired":true,"valueName":"search_term_string"}}],"inLanguage":"es"},{"@type":"Organization","@id":"https:\/\/nbcs.mx\/#organization","name":"NBCS Noticias","url":"https:\/\/nbcs.mx\/","logo":{"@type":"ImageObject","inLanguage":"es","@id":"https:\/\/nbcs.mx\/#\/schema\/logo\/image\/","url":"https:\/\/nbcs.mx\/wp-content\/uploads\/2018\/09\/057b69485e93575a5c2b1c1dde2dd297.jpeg","contentUrl":"https:\/\/nbcs.mx\/wp-content\/uploads\/2018\/09\/057b69485e93575a5c2b1c1dde2dd297.jpeg","width":64,"height":64,"caption":"NBCS Noticias"},"image":{"@id":"https:\/\/nbcs.mx\/#\/schema\/logo\/image\/"},"sameAs":["https:\/\/www.facebook.com\/NBCSnoticias","https:\/\/x.com\/NBCSnoticias"]},{"@type":"Person","@id":"https:\/\/nbcs.mx\/#\/schema\/person\/ece58bab9a7c1e87a4d28ec9ecd79ff4","name":"NBCS Noticias","image":{"@type":"ImageObject","inLanguage":"es","@id":"https:\/\/secure.gravatar.com\/avatar\/4e52110cad1c4054b43271a0d14bbe9e2ea76aecd0e1097edfc670798d9ca1d4?s=96&d=blank&r=g","url":"https:\/\/secure.gravatar.com\/avatar\/4e52110cad1c4054b43271a0d14bbe9e2ea76aecd0e1097edfc670798d9ca1d4?s=96&d=blank&r=g","contentUrl":"https:\/\/secure.gravatar.com\/avatar\/4e52110cad1c4054b43271a0d14bbe9e2ea76aecd0e1097edfc670798d9ca1d4?s=96&d=blank&r=g","caption":"NBCS Noticias"},"description":"\u00bfTienes fotos o video de alg\u00fan acto de posible negligencia, corrupci\u00f3n y abuso de autoridad? M\u00e1ndalo al WhatsApp de NBCS Noticias: 612 141 98 08","sameAs":["https:\/\/www.nbcs.mx","https:\/\/www.facebook.com\/NBCSnoticias","https:\/\/www.instagram.com\/nbcsnoticias\/","https:\/\/x.com\/https:\/\/twitter.com\/NBCSnoticias"]}]}},"jetpack_publicize_connections":[],"jetpack_featured_media_url":"https:\/\/nbcs.mx\/wp-content\/uploads\/2025\/12\/FOTO1-BOLETIN-03140-VMCC-PRESIDE.jpg","jetpack_sharing_enabled":true,"_links":{"self":[{"href":"https:\/\/nbcs.mx\/index.php?rest_route=\/wp\/v2\/posts\/158844","targetHints":{"allow":["GET"]}}],"collection":[{"href":"https:\/\/nbcs.mx\/index.php?rest_route=\/wp\/v2\/posts"}],"about":[{"href":"https:\/\/nbcs.mx\/index.php?rest_route=\/wp\/v2\/types\/post"}],"author":[{"embeddable":true,"href":"https:\/\/nbcs.mx\/index.php?rest_route=\/wp\/v2\/users\/1"}],"replies":[{"embeddable":true,"href":"https:\/\/nbcs.mx\/index.php?rest_route=%2Fwp%2Fv2%2Fcomments&post=158844"}],"version-history":[{"count":1,"href":"https:\/\/nbcs.mx\/index.php?rest_route=\/wp\/v2\/posts\/158844\/revisions"}],"predecessor-version":[{"id":158846,"href":"https:\/\/nbcs.mx\/index.php?rest_route=\/wp\/v2\/posts\/158844\/revisions\/158846"}],"wp:featuredmedia":[{"embeddable":true,"href":"https:\/\/nbcs.mx\/index.php?rest_route=\/wp\/v2\/media\/158845"}],"wp:attachment":[{"href":"https:\/\/nbcs.mx\/index.php?rest_route=%2Fwp%2Fv2%2Fmedia&parent=158844"}],"wp:term":[{"taxonomy":"category","embeddable":true,"href":"https:\/\/nbcs.mx\/index.php?rest_route=%2Fwp%2Fv2%2Fcategories&post=158844"},{"taxonomy":"post_tag","embeddable":true,"href":"https:\/\/nbcs.mx\/index.php?rest_route=%2Fwp%2Fv2%2Ftags&post=158844"}],"curies":[{"name":"wp","href":"https:\/\/api.w.org\/{rel}","templated":true}]}}