{"id":158853,"date":"2025-12-04T18:55:31","date_gmt":"2025-12-05T01:55:31","guid":{"rendered":"https:\/\/nbcs.mx\/?p=158853"},"modified":"2025-12-04T18:55:31","modified_gmt":"2025-12-05T01:55:31","slug":"mantiene-bcs-el-empleo-formal-y-reduce-la-subocupacion-stbyds","status":"publish","type":"post","link":"https:\/\/nbcs.mx\/?p=158853","title":{"rendered":"Mantiene BCS el empleo formal y reduce la subocupaci\u00f3n: STByDS"},"content":{"rendered":"<div>\n<p class=\"Predeterminado\" style=\"text-align: justify;\"><img loading=\"lazy\" decoding=\"async\" class=\" wp-image-42792 alignleft\" src=\"https:\/\/nbcs.mx\/wp-content\/uploads\/2019\/03\/albaniles-construccion-empleo-738x492.jpg\" alt=\"\" width=\"378\" height=\"252\" srcset=\"https:\/\/nbcs.mx\/wp-content\/uploads\/2019\/03\/albaniles-construccion-empleo-738x492.jpg 738w, https:\/\/nbcs.mx\/wp-content\/uploads\/2019\/03\/albaniles-construccion-empleo-150x100.jpg 150w, https:\/\/nbcs.mx\/wp-content\/uploads\/2019\/03\/albaniles-construccion-empleo-768x512.jpg 768w, https:\/\/nbcs.mx\/wp-content\/uploads\/2019\/03\/albaniles-construccion-empleo.jpg 1024w, https:\/\/nbcs.mx\/wp-content\/uploads\/2019\/03\/albaniles-construccion-empleo-600x400.jpg 600w\" sizes=\"auto, (max-width: 378px) 100vw, 378px\" \/>La Encuesta Nacional de Ocupaci\u00f3n y Empleo (ENOE) muestra que Baja California Sur mantiene un mercado laboral estable. La subocupaci\u00f3n disminuy\u00f3 1.5 puntos porcentuales, lo que significa que m\u00e1s personas trabajadoras lograron empleos con las horas suficientes para sostener su ingreso y su vida diaria, inform\u00f3 Omar Antonio Zavala Ag\u00fandez, titular de la Secretar\u00eda del Trabajo, Bienestar y Desarrollo Social (STByDS).<\/p>\n<\/div>\n<div style=\"text-align: justify;\">\n<p class=\"Predeterminado\">Adem\u00e1s, se observan mejoras en la calidad del empleo y en la estabilidad laboral, lo que refleja un mercado que contin\u00faa ajust\u00e1ndose y fortaleciendo las oportunidades de trabajo digno en el estado, subray\u00f3.<\/p>\n<\/div>\n<div style=\"text-align: justify;\">\n<p class=\"Predeterminado\">Zavala Ag\u00fandez coment\u00f3 que el empleo formal se mantuvo con un crecimiento de 0.7%, reflejando un aumento en las y los trabajadores subordinados y remunerados. \u201cEste comportamiento muestra que m\u00e1s personas est\u00e1n accediendo a ocupaciones con estabilidad, derechos y seguridad social, manteniendo firme la base del empleo en el estado\u201d.<\/p>\n<\/div>\n<div style=\"text-align: justify;\">\n<p class=\"Predeterminado\">Asimismo, los ingresos m\u00e1s frecuentes dentro de la fuerza laboral aumentaron 5.8%, lo que representa a m\u00e1s de 22 mil trabajadores con ingresos m\u00e1s estables para sostener a sus familias.<\/p>\n<\/div>\n<div style=\"text-align: justify;\">\n<p class=\"Predeterminado\">En contraste, la informalidad laboral present\u00f3 un incremento de 3.6%. No obstante, este comportamiento ocurre en un contexto donde simult\u00e1neamente mejora la subocupaci\u00f3n, se mantiene el empleo formal, aumentan los ingresos m\u00e1s frecuentes y crece la participaci\u00f3n femenina, indicadores de un mercado laboral que se ajusta y evoluciona hacia mejores condiciones, agreg\u00f3.<\/p>\n<\/div>\n<div style=\"text-align: justify;\">\n<p class=\"Predeterminado\">Finalmente, Zavala Ag\u00fandez precis\u00f3 que desde la STByDS se refrenda el compromiso de fortalecer la vinculaci\u00f3n laboral, la capacitaci\u00f3n y la formalizaci\u00f3n del empleo, para que m\u00e1s personas accedan a trabajos dignos, estables y con oportunidades de desarrollo.<\/p>\n<\/div>\n<div>\n<p class=\"Predeterminado\" style=\"text-align: justify;\">\n<\/div>\n","protected":false},"excerpt":{"rendered":"<p>La Encuesta Nacional de Ocupaci\u00f3n y Empleo (ENOE) muestra que Baja California Sur mantiene un mercado laboral estable. La subocupaci\u00f3n<\/p>\n","protected":false},"author":1,"featured_media":42792,"comment_status":"open","ping_status":"closed","sticky":false,"template":"","format":"standard","meta":{"colormag_page_container_layout":"default_layout","colormag_page_sidebar_layout":"default_layout","_jetpack_memberships_contains_paid_content":false,"footnotes":"","jetpack_publicize_message":"","jetpack_publicize_feature_enabled":true,"jetpack_social_post_already_shared":true,"jetpack_social_options":{"image_generator_settings":{"template":"highway","default_image_id":0,"font":"","enabled":false},"version":2}},"categories":[1],"tags":[],"class_list":["post-158853","post","type-post","status-publish","format-standard","has-post-thumbnail","hentry","category-noticias"],"yoast_head":"<!-- This site is optimized with the Yoast SEO plugin v27.4 - https:\/\/yoast.com\/product\/yoast-seo-wordpress\/ -->\n<title>Mantiene BCS el empleo formal y reduce la subocupaci\u00f3n: STByDS - NBCS Noticias<\/title>\n<meta name=\"robots\" content=\"index, follow, max-snippet:-1, max-image-preview:large, max-video-preview:-1\" \/>\n<link rel=\"canonical\" href=\"https:\/\/nbcs.mx\/?p=158853\" \/>\n<meta property=\"og:locale\" content=\"es_ES\" \/>\n<meta property=\"og:type\" content=\"article\" \/>\n<meta property=\"og:title\" content=\"Mantiene BCS el empleo formal y reduce la subocupaci\u00f3n: STByDS - NBCS Noticias\" \/>\n<meta property=\"og:description\" content=\"La Encuesta Nacional de Ocupaci\u00f3n y Empleo (ENOE) muestra que Baja California Sur mantiene un mercado laboral estable. La subocupaci\u00f3n\" \/>\n<meta property=\"og:url\" content=\"https:\/\/nbcs.mx\/?p=158853\" \/>\n<meta property=\"og:site_name\" content=\"NBCS Noticias\" \/>\n<meta property=\"article:publisher\" content=\"https:\/\/www.facebook.com\/NBCSnoticias\" \/>\n<meta property=\"article:author\" content=\"https:\/\/www.facebook.com\/NBCSnoticias\" \/>\n<meta property=\"article:published_time\" content=\"2025-12-05T01:55:31+00:00\" \/>\n<meta property=\"og:image\" content=\"https:\/\/nbcs.mx\/wp-content\/uploads\/2019\/03\/albaniles-construccion-empleo.jpg\" \/>\n\t<meta property=\"og:image:width\" content=\"1024\" \/>\n\t<meta property=\"og:image:height\" content=\"683\" \/>\n\t<meta property=\"og:image:type\" content=\"image\/jpeg\" \/>\n<meta name=\"author\" content=\"NBCS Noticias\" \/>\n<meta name=\"twitter:card\" content=\"summary_large_image\" \/>\n<meta name=\"twitter:creator\" content=\"@https:\/\/twitter.com\/NBCSnoticias\" \/>\n<meta name=\"twitter:site\" content=\"@NBCSnoticias\" \/>\n<meta name=\"twitter:label1\" content=\"Escrito por\" \/>\n\t<meta name=\"twitter:data1\" content=\"NBCS Noticias\" \/>\n\t<meta name=\"twitter:label2\" content=\"Tiempo de lectura\" \/>\n\t<meta name=\"twitter:data2\" content=\"2 minutos\" \/>\n<script type=\"application\/ld+json\" class=\"yoast-schema-graph\">{\"@context\":\"https:\\\/\\\/schema.org\",\"@graph\":[{\"@type\":\"Article\",\"@id\":\"https:\\\/\\\/nbcs.mx\\\/?p=158853#article\",\"isPartOf\":{\"@id\":\"https:\\\/\\\/nbcs.mx\\\/?p=158853\"},\"author\":{\"name\":\"NBCS Noticias\",\"@id\":\"https:\\\/\\\/nbcs.mx\\\/#\\\/schema\\\/person\\\/ece58bab9a7c1e87a4d28ec9ecd79ff4\"},\"headline\":\"Mantiene BCS el empleo formal y reduce la subocupaci\u00f3n: STByDS\",\"datePublished\":\"2025-12-05T01:55:31+00:00\",\"mainEntityOfPage\":{\"@id\":\"https:\\\/\\\/nbcs.mx\\\/?p=158853\"},\"wordCount\":293,\"commentCount\":0,\"publisher\":{\"@id\":\"https:\\\/\\\/nbcs.mx\\\/#organization\"},\"image\":{\"@id\":\"https:\\\/\\\/nbcs.mx\\\/?p=158853#primaryimage\"},\"thumbnailUrl\":\"https:\\\/\\\/nbcs.mx\\\/wp-content\\\/uploads\\\/2019\\\/03\\\/albaniles-construccion-empleo.jpg\",\"articleSection\":[\"Noticias\"],\"inLanguage\":\"es\",\"potentialAction\":[{\"@type\":\"CommentAction\",\"name\":\"Comment\",\"target\":[\"https:\\\/\\\/nbcs.mx\\\/?p=158853#respond\"]}]},{\"@type\":\"WebPage\",\"@id\":\"https:\\\/\\\/nbcs.mx\\\/?p=158853\",\"url\":\"https:\\\/\\\/nbcs.mx\\\/?p=158853\",\"name\":\"Mantiene BCS el empleo formal y reduce la subocupaci\u00f3n: STByDS - NBCS Noticias\",\"isPartOf\":{\"@id\":\"https:\\\/\\\/nbcs.mx\\\/#website\"},\"primaryImageOfPage\":{\"@id\":\"https:\\\/\\\/nbcs.mx\\\/?p=158853#primaryimage\"},\"image\":{\"@id\":\"https:\\\/\\\/nbcs.mx\\\/?p=158853#primaryimage\"},\"thumbnailUrl\":\"https:\\\/\\\/nbcs.mx\\\/wp-content\\\/uploads\\\/2019\\\/03\\\/albaniles-construccion-empleo.jpg\",\"datePublished\":\"2025-12-05T01:55:31+00:00\",\"breadcrumb\":{\"@id\":\"https:\\\/\\\/nbcs.mx\\\/?p=158853#breadcrumb\"},\"inLanguage\":\"es\",\"potentialAction\":[{\"@type\":\"ReadAction\",\"target\":[\"https:\\\/\\\/nbcs.mx\\\/?p=158853\"]}]},{\"@type\":\"ImageObject\",\"inLanguage\":\"es\",\"@id\":\"https:\\\/\\\/nbcs.mx\\\/?p=158853#primaryimage\",\"url\":\"https:\\\/\\\/nbcs.mx\\\/wp-content\\\/uploads\\\/2019\\\/03\\\/albaniles-construccion-empleo.jpg\",\"contentUrl\":\"https:\\\/\\\/nbcs.mx\\\/wp-content\\\/uploads\\\/2019\\\/03\\\/albaniles-construccion-empleo.jpg\",\"width\":1024,\"height\":683},{\"@type\":\"BreadcrumbList\",\"@id\":\"https:\\\/\\\/nbcs.mx\\\/?p=158853#breadcrumb\",\"itemListElement\":[{\"@type\":\"ListItem\",\"position\":1,\"name\":\"Portada\",\"item\":\"https:\\\/\\\/nbcs.mx\\\/\"},{\"@type\":\"ListItem\",\"position\":2,\"name\":\"Mantiene BCS el empleo formal y reduce la subocupaci\u00f3n: STByDS\"}]},{\"@type\":\"WebSite\",\"@id\":\"https:\\\/\\\/nbcs.mx\\\/#website\",\"url\":\"https:\\\/\\\/nbcs.mx\\\/\",\"name\":\"NBCS Noticias\",\"description\":\"Sitio web de noticias en Baja California Sur\",\"publisher\":{\"@id\":\"https:\\\/\\\/nbcs.mx\\\/#organization\"},\"potentialAction\":[{\"@type\":\"SearchAction\",\"target\":{\"@type\":\"EntryPoint\",\"urlTemplate\":\"https:\\\/\\\/nbcs.mx\\\/?s={search_term_string}\"},\"query-input\":{\"@type\":\"PropertyValueSpecification\",\"valueRequired\":true,\"valueName\":\"search_term_string\"}}],\"inLanguage\":\"es\"},{\"@type\":\"Organization\",\"@id\":\"https:\\\/\\\/nbcs.mx\\\/#organization\",\"name\":\"NBCS Noticias\",\"url\":\"https:\\\/\\\/nbcs.mx\\\/\",\"logo\":{\"@type\":\"ImageObject\",\"inLanguage\":\"es\",\"@id\":\"https:\\\/\\\/nbcs.mx\\\/#\\\/schema\\\/logo\\\/image\\\/\",\"url\":\"https:\\\/\\\/nbcs.mx\\\/wp-content\\\/uploads\\\/2018\\\/09\\\/057b69485e93575a5c2b1c1dde2dd297.jpeg\",\"contentUrl\":\"https:\\\/\\\/nbcs.mx\\\/wp-content\\\/uploads\\\/2018\\\/09\\\/057b69485e93575a5c2b1c1dde2dd297.jpeg\",\"width\":64,\"height\":64,\"caption\":\"NBCS Noticias\"},\"image\":{\"@id\":\"https:\\\/\\\/nbcs.mx\\\/#\\\/schema\\\/logo\\\/image\\\/\"},\"sameAs\":[\"https:\\\/\\\/www.facebook.com\\\/NBCSnoticias\",\"https:\\\/\\\/x.com\\\/NBCSnoticias\"]},{\"@type\":\"Person\",\"@id\":\"https:\\\/\\\/nbcs.mx\\\/#\\\/schema\\\/person\\\/ece58bab9a7c1e87a4d28ec9ecd79ff4\",\"name\":\"NBCS Noticias\",\"image\":{\"@type\":\"ImageObject\",\"inLanguage\":\"es\",\"@id\":\"https:\\\/\\\/secure.gravatar.com\\\/avatar\\\/4e52110cad1c4054b43271a0d14bbe9e2ea76aecd0e1097edfc670798d9ca1d4?s=96&d=blank&r=g\",\"url\":\"https:\\\/\\\/secure.gravatar.com\\\/avatar\\\/4e52110cad1c4054b43271a0d14bbe9e2ea76aecd0e1097edfc670798d9ca1d4?s=96&d=blank&r=g\",\"contentUrl\":\"https:\\\/\\\/secure.gravatar.com\\\/avatar\\\/4e52110cad1c4054b43271a0d14bbe9e2ea76aecd0e1097edfc670798d9ca1d4?s=96&d=blank&r=g\",\"caption\":\"NBCS Noticias\"},\"description\":\"\u00bfTienes fotos o video de alg\u00fan acto de posible negligencia, corrupci\u00f3n y abuso de autoridad? M\u00e1ndalo al WhatsApp de NBCS Noticias: 612 141 98 08\",\"sameAs\":[\"https:\\\/\\\/www.nbcs.mx\",\"https:\\\/\\\/www.facebook.com\\\/NBCSnoticias\",\"https:\\\/\\\/www.instagram.com\\\/nbcsnoticias\\\/\",\"https:\\\/\\\/x.com\\\/https:\\\/\\\/twitter.com\\\/NBCSnoticias\"]}]}<\/script>\n<!-- \/ Yoast SEO plugin. -->","yoast_head_json":{"title":"Mantiene BCS el empleo formal y reduce la subocupaci\u00f3n: STByDS - NBCS Noticias","robots":{"index":"index","follow":"follow","max-snippet":"max-snippet:-1","max-image-preview":"max-image-preview:large","max-video-preview":"max-video-preview:-1"},"canonical":"https:\/\/nbcs.mx\/?p=158853","og_locale":"es_ES","og_type":"article","og_title":"Mantiene BCS el empleo formal y reduce la subocupaci\u00f3n: STByDS - NBCS Noticias","og_description":"La Encuesta Nacional de Ocupaci\u00f3n y Empleo (ENOE) muestra que Baja California Sur mantiene un mercado laboral estable. La subocupaci\u00f3n","og_url":"https:\/\/nbcs.mx\/?p=158853","og_site_name":"NBCS Noticias","article_publisher":"https:\/\/www.facebook.com\/NBCSnoticias","article_author":"https:\/\/www.facebook.com\/NBCSnoticias","article_published_time":"2025-12-05T01:55:31+00:00","og_image":[{"width":1024,"height":683,"url":"https:\/\/nbcs.mx\/wp-content\/uploads\/2019\/03\/albaniles-construccion-empleo.jpg","type":"image\/jpeg"}],"author":"NBCS Noticias","twitter_card":"summary_large_image","twitter_creator":"@https:\/\/twitter.com\/NBCSnoticias","twitter_site":"@NBCSnoticias","twitter_misc":{"Escrito por":"NBCS Noticias","Tiempo de lectura":"2 minutos"},"schema":{"@context":"https:\/\/schema.org","@graph":[{"@type":"Article","@id":"https:\/\/nbcs.mx\/?p=158853#article","isPartOf":{"@id":"https:\/\/nbcs.mx\/?p=158853"},"author":{"name":"NBCS Noticias","@id":"https:\/\/nbcs.mx\/#\/schema\/person\/ece58bab9a7c1e87a4d28ec9ecd79ff4"},"headline":"Mantiene BCS el empleo formal y reduce la subocupaci\u00f3n: STByDS","datePublished":"2025-12-05T01:55:31+00:00","mainEntityOfPage":{"@id":"https:\/\/nbcs.mx\/?p=158853"},"wordCount":293,"commentCount":0,"publisher":{"@id":"https:\/\/nbcs.mx\/#organization"},"image":{"@id":"https:\/\/nbcs.mx\/?p=158853#primaryimage"},"thumbnailUrl":"https:\/\/nbcs.mx\/wp-content\/uploads\/2019\/03\/albaniles-construccion-empleo.jpg","articleSection":["Noticias"],"inLanguage":"es","potentialAction":[{"@type":"CommentAction","name":"Comment","target":["https:\/\/nbcs.mx\/?p=158853#respond"]}]},{"@type":"WebPage","@id":"https:\/\/nbcs.mx\/?p=158853","url":"https:\/\/nbcs.mx\/?p=158853","name":"Mantiene BCS el empleo formal y reduce la subocupaci\u00f3n: STByDS - NBCS Noticias","isPartOf":{"@id":"https:\/\/nbcs.mx\/#website"},"primaryImageOfPage":{"@id":"https:\/\/nbcs.mx\/?p=158853#primaryimage"},"image":{"@id":"https:\/\/nbcs.mx\/?p=158853#primaryimage"},"thumbnailUrl":"https:\/\/nbcs.mx\/wp-content\/uploads\/2019\/03\/albaniles-construccion-empleo.jpg","datePublished":"2025-12-05T01:55:31+00:00","breadcrumb":{"@id":"https:\/\/nbcs.mx\/?p=158853#breadcrumb"},"inLanguage":"es","potentialAction":[{"@type":"ReadAction","target":["https:\/\/nbcs.mx\/?p=158853"]}]},{"@type":"ImageObject","inLanguage":"es","@id":"https:\/\/nbcs.mx\/?p=158853#primaryimage","url":"https:\/\/nbcs.mx\/wp-content\/uploads\/2019\/03\/albaniles-construccion-empleo.jpg","contentUrl":"https:\/\/nbcs.mx\/wp-content\/uploads\/2019\/03\/albaniles-construccion-empleo.jpg","width":1024,"height":683},{"@type":"BreadcrumbList","@id":"https:\/\/nbcs.mx\/?p=158853#breadcrumb","itemListElement":[{"@type":"ListItem","position":1,"name":"Portada","item":"https:\/\/nbcs.mx\/"},{"@type":"ListItem","position":2,"name":"Mantiene BCS el empleo formal y reduce la subocupaci\u00f3n: STByDS"}]},{"@type":"WebSite","@id":"https:\/\/nbcs.mx\/#website","url":"https:\/\/nbcs.mx\/","name":"NBCS Noticias","description":"Sitio web de noticias en Baja California Sur","publisher":{"@id":"https:\/\/nbcs.mx\/#organization"},"potentialAction":[{"@type":"SearchAction","target":{"@type":"EntryPoint","urlTemplate":"https:\/\/nbcs.mx\/?s={search_term_string}"},"query-input":{"@type":"PropertyValueSpecification","valueRequired":true,"valueName":"search_term_string"}}],"inLanguage":"es"},{"@type":"Organization","@id":"https:\/\/nbcs.mx\/#organization","name":"NBCS Noticias","url":"https:\/\/nbcs.mx\/","logo":{"@type":"ImageObject","inLanguage":"es","@id":"https:\/\/nbcs.mx\/#\/schema\/logo\/image\/","url":"https:\/\/nbcs.mx\/wp-content\/uploads\/2018\/09\/057b69485e93575a5c2b1c1dde2dd297.jpeg","contentUrl":"https:\/\/nbcs.mx\/wp-content\/uploads\/2018\/09\/057b69485e93575a5c2b1c1dde2dd297.jpeg","width":64,"height":64,"caption":"NBCS Noticias"},"image":{"@id":"https:\/\/nbcs.mx\/#\/schema\/logo\/image\/"},"sameAs":["https:\/\/www.facebook.com\/NBCSnoticias","https:\/\/x.com\/NBCSnoticias"]},{"@type":"Person","@id":"https:\/\/nbcs.mx\/#\/schema\/person\/ece58bab9a7c1e87a4d28ec9ecd79ff4","name":"NBCS Noticias","image":{"@type":"ImageObject","inLanguage":"es","@id":"https:\/\/secure.gravatar.com\/avatar\/4e52110cad1c4054b43271a0d14bbe9e2ea76aecd0e1097edfc670798d9ca1d4?s=96&d=blank&r=g","url":"https:\/\/secure.gravatar.com\/avatar\/4e52110cad1c4054b43271a0d14bbe9e2ea76aecd0e1097edfc670798d9ca1d4?s=96&d=blank&r=g","contentUrl":"https:\/\/secure.gravatar.com\/avatar\/4e52110cad1c4054b43271a0d14bbe9e2ea76aecd0e1097edfc670798d9ca1d4?s=96&d=blank&r=g","caption":"NBCS Noticias"},"description":"\u00bfTienes fotos o video de alg\u00fan acto de posible negligencia, corrupci\u00f3n y abuso de autoridad? M\u00e1ndalo al WhatsApp de NBCS Noticias: 612 141 98 08","sameAs":["https:\/\/www.nbcs.mx","https:\/\/www.facebook.com\/NBCSnoticias","https:\/\/www.instagram.com\/nbcsnoticias\/","https:\/\/x.com\/https:\/\/twitter.com\/NBCSnoticias"]}]}},"jetpack_publicize_connections":[],"jetpack_featured_media_url":"https:\/\/nbcs.mx\/wp-content\/uploads\/2019\/03\/albaniles-construccion-empleo.jpg","jetpack_sharing_enabled":true,"_links":{"self":[{"href":"https:\/\/nbcs.mx\/index.php?rest_route=\/wp\/v2\/posts\/158853","targetHints":{"allow":["GET"]}}],"collection":[{"href":"https:\/\/nbcs.mx\/index.php?rest_route=\/wp\/v2\/posts"}],"about":[{"href":"https:\/\/nbcs.mx\/index.php?rest_route=\/wp\/v2\/types\/post"}],"author":[{"embeddable":true,"href":"https:\/\/nbcs.mx\/index.php?rest_route=\/wp\/v2\/users\/1"}],"replies":[{"embeddable":true,"href":"https:\/\/nbcs.mx\/index.php?rest_route=%2Fwp%2Fv2%2Fcomments&post=158853"}],"version-history":[{"count":1,"href":"https:\/\/nbcs.mx\/index.php?rest_route=\/wp\/v2\/posts\/158853\/revisions"}],"predecessor-version":[{"id":158854,"href":"https:\/\/nbcs.mx\/index.php?rest_route=\/wp\/v2\/posts\/158853\/revisions\/158854"}],"wp:featuredmedia":[{"embeddable":true,"href":"https:\/\/nbcs.mx\/index.php?rest_route=\/wp\/v2\/media\/42792"}],"wp:attachment":[{"href":"https:\/\/nbcs.mx\/index.php?rest_route=%2Fwp%2Fv2%2Fmedia&parent=158853"}],"wp:term":[{"taxonomy":"category","embeddable":true,"href":"https:\/\/nbcs.mx\/index.php?rest_route=%2Fwp%2Fv2%2Fcategories&post=158853"},{"taxonomy":"post_tag","embeddable":true,"href":"https:\/\/nbcs.mx\/index.php?rest_route=%2Fwp%2Fv2%2Ftags&post=158853"}],"curies":[{"name":"wp","href":"https:\/\/api.w.org\/{rel}","templated":true}]}}