{"id":158855,"date":"2025-12-04T18:57:41","date_gmt":"2025-12-05T01:57:41","guid":{"rendered":"https:\/\/nbcs.mx\/?p=158855"},"modified":"2025-12-04T18:57:41","modified_gmt":"2025-12-05T01:57:41","slug":"otorga-congreso-de-bcs-medalla-al-merito-artistico-y-cultural-a-enoc-leano","status":"publish","type":"post","link":"https:\/\/nbcs.mx\/?p=158855","title":{"rendered":"Otorga Congreso de BCS medalla al M\u00e9rito Art\u00edstico y Cultural a Enoc Lea\u00f1o"},"content":{"rendered":"<p style=\"font-weight: 400; text-align: justify;\"><img loading=\"lazy\" decoding=\"async\" class=\" wp-image-158856 alignleft\" src=\"https:\/\/nbcs.mx\/wp-content\/uploads\/2025\/12\/SSOLEMNE-ENOC-LEANO-251204-6-739x492.jpg\" alt=\"\" width=\"327\" height=\"218\" srcset=\"https:\/\/nbcs.mx\/wp-content\/uploads\/2025\/12\/SSOLEMNE-ENOC-LEANO-251204-6-739x492.jpg 739w, https:\/\/nbcs.mx\/wp-content\/uploads\/2025\/12\/SSOLEMNE-ENOC-LEANO-251204-6-1024x681.jpg 1024w, https:\/\/nbcs.mx\/wp-content\/uploads\/2025\/12\/SSOLEMNE-ENOC-LEANO-251204-6-150x100.jpg 150w, https:\/\/nbcs.mx\/wp-content\/uploads\/2025\/12\/SSOLEMNE-ENOC-LEANO-251204-6-768x511.jpg 768w, https:\/\/nbcs.mx\/wp-content\/uploads\/2025\/12\/SSOLEMNE-ENOC-LEANO-251204-6-1536x1022.jpg 1536w, https:\/\/nbcs.mx\/wp-content\/uploads\/2025\/12\/SSOLEMNE-ENOC-LEANO-251204-6-2048x1363.jpg 2048w\" sizes=\"auto, (max-width: 327px) 100vw, 327px\" \/>Por su destacada labor en la promoci\u00f3n y difusi\u00f3n de las artes y la cultura popular del Estado, as\u00ed como por su brillante trayectoria art\u00edstica de m\u00e1s de tres d\u00e9cadas, el Congreso del Estado otorg\u00f3 la medalla \u201cReconocimiento al M\u00e9rito Art\u00edstico y Cultural del Estado\u201d a Enoc Lea\u00f1o Dom\u00ednguez, adem\u00e1s de una placa firmada por los titulares de los tres poderes p\u00fablicos de Baja California Sur.<\/p>\n<p style=\"font-weight: 400; text-align: justify;\">La sesi\u00f3n solemne, realizada en la sala de sesiones Jos\u00e9 Mar\u00eda Morelos y Pav\u00f3n, cont\u00f3 con la presencia de representantes de la sociedad civil y autoridades encabezadas por el gobernador V\u00edctor Manuel Castro Cos\u00edo, la diputada Cristina Contreras Rebollo y la magistrada presidenta del Tribunal Superior de Justicia, Claudia Jeanette Cota Pe\u00f1a.<\/p>\n<p style=\"font-weight: 400; text-align: justify;\">Como parte del protocolo, el diputado Fernando Hoyos Aguilar dio lectura al decreto 3238 que otorga la medalla de reconocimiento al homenajeado en vida.<\/p>\n<p style=\"font-weight: 400; text-align: justify;\">El diputado Venustiano P\u00e9rez S\u00e1nchez (impulsor del decreto) destac\u00f3 que la trayectoria de Enoc Lea\u00f1o es ejemplo de que el trabajo, la tenacidad, la disciplina y la claridad en los objetivos conducen a alcanzar las metas, como \u00e9l lo ha demostrado desde hace m\u00e1s de 30 a\u00f1os cuando decidi\u00f3 abrazar la carrera de la actuaci\u00f3n.<\/p>\n<p style=\"font-weight: 400; text-align: justify;\">Durante su intervenci\u00f3n, el primer actor sudcaliforniano anunci\u00f3 que en octubre de 2026 se llevar\u00e1 a cabo la cuarta edici\u00f3n del Festival Internacional de Cine de La Toba, \u201cpara el mundo\u201d, y adelant\u00f3 el inicio de una cruzada cultural colectiva en Baja California Sur en la que participar\u00e1n personas adultas mayores, as\u00ed como artistas mexicanos y extranjeros que se est\u00e1n sumando al proyecto.<\/p>\n<p style=\"font-weight: 400; text-align: justify;\">Visiblemente emocionado, Lea\u00f1o expres\u00f3 su gratitud y comparti\u00f3 un breve recuento de los retos enfrentados y los logros obtenidos a lo largo de su carrera. Record\u00f3 que desde hace tres a\u00f1os impulsa el Festival Internacional de Cine de La Toba, un esfuerzo que \u2014dijo\u2014 \u201cnaci\u00f3 del pueblo y para el pueblo\u201d, integrando y hermanando a toda una comunidad y regi\u00f3n.<\/p>\n<p style=\"font-weight: 400; text-align: justify;\">El festival, fundado y dirigido por uno de los hijos de esa tierra y descendiente de familias pioneras, ha movilizado a todo un pueblo para reencontrarse con sus or\u00edgenes, identidad y vocaci\u00f3n cultural. La presencia del cine \u2014record\u00f3\u2014 est\u00e1 hoy vigente en los cinco municipios de la entidad, con festivales en Los Cabos, Todos Santos, La Paz, Loreto, Santa Rosal\u00eda y La Toba, este \u00faltimo fundado por el ahora homenajeado en 2023 y que ya suma tres exitosas ediciones consecutivas.<\/p>\n<p style=\"font-weight: 400; text-align: justify;\">Finalmente, el gobernador V\u00edctor Manuel Castro Cos\u00edo reconoci\u00f3 la perseverancia y el compromiso de Enoc Lea\u00f1o para promover la cultura, la formaci\u00f3n art\u00edstica y valores comunitarios, y destac\u00f3 que la cultura y las artes son herramientas para construir sociedades m\u00e1s fraternales y solidarias.<\/p>\n<p style=\"font-weight: 400; text-align: justify;\">\u201cCuando la humildad viene del alma, desde los principios arraigados en la familia y en la tierra, la arrogancia y el olvido chocan con esa s\u00f3lida formaci\u00f3n. Esa es la esencia que recibi\u00f3 Enoc en el humilde pueblo que ha cultivado por a\u00f1os, no s\u00f3lo la tierra, sino la esperanza de salir adelante\u201d, concluy\u00f3 el mandatario.<\/p>\n","protected":false},"excerpt":{"rendered":"<p>Por su destacada labor en la promoci\u00f3n y difusi\u00f3n de las artes y la cultura popular del Estado, as\u00ed como<\/p>\n","protected":false},"author":1,"featured_media":158856,"comment_status":"open","ping_status":"closed","sticky":false,"template":"","format":"standard","meta":{"colormag_page_container_layout":"default_layout","colormag_page_sidebar_layout":"default_layout","_jetpack_memberships_contains_paid_content":false,"footnotes":"","jetpack_publicize_message":"","jetpack_publicize_feature_enabled":true,"jetpack_social_post_already_shared":true,"jetpack_social_options":{"image_generator_settings":{"template":"highway","default_image_id":0,"font":"","enabled":false},"version":2}},"categories":[48],"tags":[],"class_list":["post-158855","post","type-post","status-publish","format-standard","has-post-thumbnail","hentry","category-congreso-de-bcs"],"yoast_head":"<!-- This site is optimized with the Yoast SEO plugin v27.5 - https:\/\/yoast.com\/product\/yoast-seo-wordpress\/ -->\n<title>Otorga Congreso de BCS medalla al M\u00e9rito Art\u00edstico y Cultural a Enoc Lea\u00f1o - NBCS Noticias<\/title>\n<meta name=\"robots\" content=\"index, follow, max-snippet:-1, max-image-preview:large, max-video-preview:-1\" \/>\n<link rel=\"canonical\" href=\"https:\/\/nbcs.mx\/?p=158855\" \/>\n<meta property=\"og:locale\" content=\"es_ES\" \/>\n<meta property=\"og:type\" content=\"article\" \/>\n<meta property=\"og:title\" content=\"Otorga Congreso de BCS medalla al M\u00e9rito Art\u00edstico y Cultural a Enoc Lea\u00f1o - NBCS Noticias\" \/>\n<meta property=\"og:description\" content=\"Por su destacada labor en la promoci\u00f3n y difusi\u00f3n de las artes y la cultura popular del Estado, as\u00ed como\" \/>\n<meta property=\"og:url\" content=\"https:\/\/nbcs.mx\/?p=158855\" \/>\n<meta property=\"og:site_name\" content=\"NBCS Noticias\" \/>\n<meta property=\"article:publisher\" content=\"https:\/\/www.facebook.com\/NBCSnoticias\" \/>\n<meta property=\"article:author\" content=\"https:\/\/www.facebook.com\/NBCSnoticias\" \/>\n<meta property=\"article:published_time\" content=\"2025-12-05T01:57:41+00:00\" \/>\n<meta property=\"og:image\" content=\"https:\/\/nbcs.mx\/wp-content\/uploads\/2025\/12\/SSOLEMNE-ENOC-LEANO-251204-6-scaled.jpg\" \/>\n\t<meta property=\"og:image:width\" content=\"2560\" \/>\n\t<meta property=\"og:image:height\" content=\"1703\" \/>\n\t<meta property=\"og:image:type\" content=\"image\/jpeg\" \/>\n<meta name=\"author\" content=\"NBCS Noticias\" \/>\n<meta name=\"twitter:card\" content=\"summary_large_image\" \/>\n<meta name=\"twitter:creator\" content=\"@https:\/\/twitter.com\/NBCSnoticias\" \/>\n<meta name=\"twitter:site\" content=\"@NBCSnoticias\" \/>\n<meta name=\"twitter:label1\" content=\"Escrito por\" \/>\n\t<meta name=\"twitter:data1\" content=\"NBCS Noticias\" \/>\n\t<meta name=\"twitter:label2\" content=\"Tiempo de lectura\" \/>\n\t<meta name=\"twitter:data2\" content=\"3 minutos\" \/>\n<script type=\"application\/ld+json\" class=\"yoast-schema-graph\">{\"@context\":\"https:\\\/\\\/schema.org\",\"@graph\":[{\"@type\":\"Article\",\"@id\":\"https:\\\/\\\/nbcs.mx\\\/?p=158855#article\",\"isPartOf\":{\"@id\":\"https:\\\/\\\/nbcs.mx\\\/?p=158855\"},\"author\":{\"name\":\"NBCS Noticias\",\"@id\":\"https:\\\/\\\/nbcs.mx\\\/#\\\/schema\\\/person\\\/ece58bab9a7c1e87a4d28ec9ecd79ff4\"},\"headline\":\"Otorga Congreso de BCS medalla al M\u00e9rito Art\u00edstico y Cultural a Enoc Lea\u00f1o\",\"datePublished\":\"2025-12-05T01:57:41+00:00\",\"mainEntityOfPage\":{\"@id\":\"https:\\\/\\\/nbcs.mx\\\/?p=158855\"},\"wordCount\":554,\"commentCount\":0,\"publisher\":{\"@id\":\"https:\\\/\\\/nbcs.mx\\\/#organization\"},\"image\":{\"@id\":\"https:\\\/\\\/nbcs.mx\\\/?p=158855#primaryimage\"},\"thumbnailUrl\":\"https:\\\/\\\/nbcs.mx\\\/wp-content\\\/uploads\\\/2025\\\/12\\\/SSOLEMNE-ENOC-LEANO-251204-6-scaled.jpg\",\"articleSection\":[\"Congreso de BCS\"],\"inLanguage\":\"es\",\"potentialAction\":[{\"@type\":\"CommentAction\",\"name\":\"Comment\",\"target\":[\"https:\\\/\\\/nbcs.mx\\\/?p=158855#respond\"]}]},{\"@type\":\"WebPage\",\"@id\":\"https:\\\/\\\/nbcs.mx\\\/?p=158855\",\"url\":\"https:\\\/\\\/nbcs.mx\\\/?p=158855\",\"name\":\"Otorga Congreso de BCS medalla al M\u00e9rito Art\u00edstico y Cultural a Enoc Lea\u00f1o - NBCS Noticias\",\"isPartOf\":{\"@id\":\"https:\\\/\\\/nbcs.mx\\\/#website\"},\"primaryImageOfPage\":{\"@id\":\"https:\\\/\\\/nbcs.mx\\\/?p=158855#primaryimage\"},\"image\":{\"@id\":\"https:\\\/\\\/nbcs.mx\\\/?p=158855#primaryimage\"},\"thumbnailUrl\":\"https:\\\/\\\/nbcs.mx\\\/wp-content\\\/uploads\\\/2025\\\/12\\\/SSOLEMNE-ENOC-LEANO-251204-6-scaled.jpg\",\"datePublished\":\"2025-12-05T01:57:41+00:00\",\"breadcrumb\":{\"@id\":\"https:\\\/\\\/nbcs.mx\\\/?p=158855#breadcrumb\"},\"inLanguage\":\"es\",\"potentialAction\":[{\"@type\":\"ReadAction\",\"target\":[\"https:\\\/\\\/nbcs.mx\\\/?p=158855\"]}]},{\"@type\":\"ImageObject\",\"inLanguage\":\"es\",\"@id\":\"https:\\\/\\\/nbcs.mx\\\/?p=158855#primaryimage\",\"url\":\"https:\\\/\\\/nbcs.mx\\\/wp-content\\\/uploads\\\/2025\\\/12\\\/SSOLEMNE-ENOC-LEANO-251204-6-scaled.jpg\",\"contentUrl\":\"https:\\\/\\\/nbcs.mx\\\/wp-content\\\/uploads\\\/2025\\\/12\\\/SSOLEMNE-ENOC-LEANO-251204-6-scaled.jpg\",\"width\":2560,\"height\":1703},{\"@type\":\"BreadcrumbList\",\"@id\":\"https:\\\/\\\/nbcs.mx\\\/?p=158855#breadcrumb\",\"itemListElement\":[{\"@type\":\"ListItem\",\"position\":1,\"name\":\"Portada\",\"item\":\"https:\\\/\\\/nbcs.mx\\\/\"},{\"@type\":\"ListItem\",\"position\":2,\"name\":\"Otorga Congreso de BCS medalla al M\u00e9rito Art\u00edstico y Cultural a Enoc Lea\u00f1o\"}]},{\"@type\":\"WebSite\",\"@id\":\"https:\\\/\\\/nbcs.mx\\\/#website\",\"url\":\"https:\\\/\\\/nbcs.mx\\\/\",\"name\":\"NBCS Noticias\",\"description\":\"Sitio web de noticias en Baja California Sur\",\"publisher\":{\"@id\":\"https:\\\/\\\/nbcs.mx\\\/#organization\"},\"potentialAction\":[{\"@type\":\"SearchAction\",\"target\":{\"@type\":\"EntryPoint\",\"urlTemplate\":\"https:\\\/\\\/nbcs.mx\\\/?s={search_term_string}\"},\"query-input\":{\"@type\":\"PropertyValueSpecification\",\"valueRequired\":true,\"valueName\":\"search_term_string\"}}],\"inLanguage\":\"es\"},{\"@type\":\"Organization\",\"@id\":\"https:\\\/\\\/nbcs.mx\\\/#organization\",\"name\":\"NBCS Noticias\",\"url\":\"https:\\\/\\\/nbcs.mx\\\/\",\"logo\":{\"@type\":\"ImageObject\",\"inLanguage\":\"es\",\"@id\":\"https:\\\/\\\/nbcs.mx\\\/#\\\/schema\\\/logo\\\/image\\\/\",\"url\":\"https:\\\/\\\/nbcs.mx\\\/wp-content\\\/uploads\\\/2018\\\/09\\\/057b69485e93575a5c2b1c1dde2dd297.jpeg\",\"contentUrl\":\"https:\\\/\\\/nbcs.mx\\\/wp-content\\\/uploads\\\/2018\\\/09\\\/057b69485e93575a5c2b1c1dde2dd297.jpeg\",\"width\":64,\"height\":64,\"caption\":\"NBCS Noticias\"},\"image\":{\"@id\":\"https:\\\/\\\/nbcs.mx\\\/#\\\/schema\\\/logo\\\/image\\\/\"},\"sameAs\":[\"https:\\\/\\\/www.facebook.com\\\/NBCSnoticias\",\"https:\\\/\\\/x.com\\\/NBCSnoticias\"]},{\"@type\":\"Person\",\"@id\":\"https:\\\/\\\/nbcs.mx\\\/#\\\/schema\\\/person\\\/ece58bab9a7c1e87a4d28ec9ecd79ff4\",\"name\":\"NBCS Noticias\",\"image\":{\"@type\":\"ImageObject\",\"inLanguage\":\"es\",\"@id\":\"https:\\\/\\\/secure.gravatar.com\\\/avatar\\\/4e52110cad1c4054b43271a0d14bbe9e2ea76aecd0e1097edfc670798d9ca1d4?s=96&d=blank&r=g\",\"url\":\"https:\\\/\\\/secure.gravatar.com\\\/avatar\\\/4e52110cad1c4054b43271a0d14bbe9e2ea76aecd0e1097edfc670798d9ca1d4?s=96&d=blank&r=g\",\"contentUrl\":\"https:\\\/\\\/secure.gravatar.com\\\/avatar\\\/4e52110cad1c4054b43271a0d14bbe9e2ea76aecd0e1097edfc670798d9ca1d4?s=96&d=blank&r=g\",\"caption\":\"NBCS Noticias\"},\"description\":\"\u00bfTienes fotos o video de alg\u00fan acto de posible negligencia, corrupci\u00f3n y abuso de autoridad? M\u00e1ndalo al WhatsApp de NBCS Noticias: 612 141 98 08\",\"sameAs\":[\"https:\\\/\\\/www.nbcs.mx\",\"https:\\\/\\\/www.facebook.com\\\/NBCSnoticias\",\"https:\\\/\\\/www.instagram.com\\\/nbcsnoticias\\\/\",\"https:\\\/\\\/x.com\\\/https:\\\/\\\/twitter.com\\\/NBCSnoticias\"]}]}<\/script>\n<!-- \/ Yoast SEO plugin. -->","yoast_head_json":{"title":"Otorga Congreso de BCS medalla al M\u00e9rito Art\u00edstico y Cultural a Enoc Lea\u00f1o - NBCS Noticias","robots":{"index":"index","follow":"follow","max-snippet":"max-snippet:-1","max-image-preview":"max-image-preview:large","max-video-preview":"max-video-preview:-1"},"canonical":"https:\/\/nbcs.mx\/?p=158855","og_locale":"es_ES","og_type":"article","og_title":"Otorga Congreso de BCS medalla al M\u00e9rito Art\u00edstico y Cultural a Enoc Lea\u00f1o - NBCS Noticias","og_description":"Por su destacada labor en la promoci\u00f3n y difusi\u00f3n de las artes y la cultura popular del Estado, as\u00ed como","og_url":"https:\/\/nbcs.mx\/?p=158855","og_site_name":"NBCS Noticias","article_publisher":"https:\/\/www.facebook.com\/NBCSnoticias","article_author":"https:\/\/www.facebook.com\/NBCSnoticias","article_published_time":"2025-12-05T01:57:41+00:00","og_image":[{"width":2560,"height":1703,"url":"https:\/\/nbcs.mx\/wp-content\/uploads\/2025\/12\/SSOLEMNE-ENOC-LEANO-251204-6-scaled.jpg","type":"image\/jpeg"}],"author":"NBCS Noticias","twitter_card":"summary_large_image","twitter_creator":"@https:\/\/twitter.com\/NBCSnoticias","twitter_site":"@NBCSnoticias","twitter_misc":{"Escrito por":"NBCS Noticias","Tiempo de lectura":"3 minutos"},"schema":{"@context":"https:\/\/schema.org","@graph":[{"@type":"Article","@id":"https:\/\/nbcs.mx\/?p=158855#article","isPartOf":{"@id":"https:\/\/nbcs.mx\/?p=158855"},"author":{"name":"NBCS Noticias","@id":"https:\/\/nbcs.mx\/#\/schema\/person\/ece58bab9a7c1e87a4d28ec9ecd79ff4"},"headline":"Otorga Congreso de BCS medalla al M\u00e9rito Art\u00edstico y Cultural a Enoc Lea\u00f1o","datePublished":"2025-12-05T01:57:41+00:00","mainEntityOfPage":{"@id":"https:\/\/nbcs.mx\/?p=158855"},"wordCount":554,"commentCount":0,"publisher":{"@id":"https:\/\/nbcs.mx\/#organization"},"image":{"@id":"https:\/\/nbcs.mx\/?p=158855#primaryimage"},"thumbnailUrl":"https:\/\/nbcs.mx\/wp-content\/uploads\/2025\/12\/SSOLEMNE-ENOC-LEANO-251204-6-scaled.jpg","articleSection":["Congreso de BCS"],"inLanguage":"es","potentialAction":[{"@type":"CommentAction","name":"Comment","target":["https:\/\/nbcs.mx\/?p=158855#respond"]}]},{"@type":"WebPage","@id":"https:\/\/nbcs.mx\/?p=158855","url":"https:\/\/nbcs.mx\/?p=158855","name":"Otorga Congreso de BCS medalla al M\u00e9rito Art\u00edstico y Cultural a Enoc Lea\u00f1o - NBCS Noticias","isPartOf":{"@id":"https:\/\/nbcs.mx\/#website"},"primaryImageOfPage":{"@id":"https:\/\/nbcs.mx\/?p=158855#primaryimage"},"image":{"@id":"https:\/\/nbcs.mx\/?p=158855#primaryimage"},"thumbnailUrl":"https:\/\/nbcs.mx\/wp-content\/uploads\/2025\/12\/SSOLEMNE-ENOC-LEANO-251204-6-scaled.jpg","datePublished":"2025-12-05T01:57:41+00:00","breadcrumb":{"@id":"https:\/\/nbcs.mx\/?p=158855#breadcrumb"},"inLanguage":"es","potentialAction":[{"@type":"ReadAction","target":["https:\/\/nbcs.mx\/?p=158855"]}]},{"@type":"ImageObject","inLanguage":"es","@id":"https:\/\/nbcs.mx\/?p=158855#primaryimage","url":"https:\/\/nbcs.mx\/wp-content\/uploads\/2025\/12\/SSOLEMNE-ENOC-LEANO-251204-6-scaled.jpg","contentUrl":"https:\/\/nbcs.mx\/wp-content\/uploads\/2025\/12\/SSOLEMNE-ENOC-LEANO-251204-6-scaled.jpg","width":2560,"height":1703},{"@type":"BreadcrumbList","@id":"https:\/\/nbcs.mx\/?p=158855#breadcrumb","itemListElement":[{"@type":"ListItem","position":1,"name":"Portada","item":"https:\/\/nbcs.mx\/"},{"@type":"ListItem","position":2,"name":"Otorga Congreso de BCS medalla al M\u00e9rito Art\u00edstico y Cultural a Enoc Lea\u00f1o"}]},{"@type":"WebSite","@id":"https:\/\/nbcs.mx\/#website","url":"https:\/\/nbcs.mx\/","name":"NBCS Noticias","description":"Sitio web de noticias en Baja California Sur","publisher":{"@id":"https:\/\/nbcs.mx\/#organization"},"potentialAction":[{"@type":"SearchAction","target":{"@type":"EntryPoint","urlTemplate":"https:\/\/nbcs.mx\/?s={search_term_string}"},"query-input":{"@type":"PropertyValueSpecification","valueRequired":true,"valueName":"search_term_string"}}],"inLanguage":"es"},{"@type":"Organization","@id":"https:\/\/nbcs.mx\/#organization","name":"NBCS Noticias","url":"https:\/\/nbcs.mx\/","logo":{"@type":"ImageObject","inLanguage":"es","@id":"https:\/\/nbcs.mx\/#\/schema\/logo\/image\/","url":"https:\/\/nbcs.mx\/wp-content\/uploads\/2018\/09\/057b69485e93575a5c2b1c1dde2dd297.jpeg","contentUrl":"https:\/\/nbcs.mx\/wp-content\/uploads\/2018\/09\/057b69485e93575a5c2b1c1dde2dd297.jpeg","width":64,"height":64,"caption":"NBCS Noticias"},"image":{"@id":"https:\/\/nbcs.mx\/#\/schema\/logo\/image\/"},"sameAs":["https:\/\/www.facebook.com\/NBCSnoticias","https:\/\/x.com\/NBCSnoticias"]},{"@type":"Person","@id":"https:\/\/nbcs.mx\/#\/schema\/person\/ece58bab9a7c1e87a4d28ec9ecd79ff4","name":"NBCS Noticias","image":{"@type":"ImageObject","inLanguage":"es","@id":"https:\/\/secure.gravatar.com\/avatar\/4e52110cad1c4054b43271a0d14bbe9e2ea76aecd0e1097edfc670798d9ca1d4?s=96&d=blank&r=g","url":"https:\/\/secure.gravatar.com\/avatar\/4e52110cad1c4054b43271a0d14bbe9e2ea76aecd0e1097edfc670798d9ca1d4?s=96&d=blank&r=g","contentUrl":"https:\/\/secure.gravatar.com\/avatar\/4e52110cad1c4054b43271a0d14bbe9e2ea76aecd0e1097edfc670798d9ca1d4?s=96&d=blank&r=g","caption":"NBCS Noticias"},"description":"\u00bfTienes fotos o video de alg\u00fan acto de posible negligencia, corrupci\u00f3n y abuso de autoridad? M\u00e1ndalo al WhatsApp de NBCS Noticias: 612 141 98 08","sameAs":["https:\/\/www.nbcs.mx","https:\/\/www.facebook.com\/NBCSnoticias","https:\/\/www.instagram.com\/nbcsnoticias\/","https:\/\/x.com\/https:\/\/twitter.com\/NBCSnoticias"]}]}},"jetpack_publicize_connections":[],"jetpack_featured_media_url":"https:\/\/nbcs.mx\/wp-content\/uploads\/2025\/12\/SSOLEMNE-ENOC-LEANO-251204-6-scaled.jpg","jetpack_sharing_enabled":true,"_links":{"self":[{"href":"https:\/\/nbcs.mx\/index.php?rest_route=\/wp\/v2\/posts\/158855","targetHints":{"allow":["GET"]}}],"collection":[{"href":"https:\/\/nbcs.mx\/index.php?rest_route=\/wp\/v2\/posts"}],"about":[{"href":"https:\/\/nbcs.mx\/index.php?rest_route=\/wp\/v2\/types\/post"}],"author":[{"embeddable":true,"href":"https:\/\/nbcs.mx\/index.php?rest_route=\/wp\/v2\/users\/1"}],"replies":[{"embeddable":true,"href":"https:\/\/nbcs.mx\/index.php?rest_route=%2Fwp%2Fv2%2Fcomments&post=158855"}],"version-history":[{"count":1,"href":"https:\/\/nbcs.mx\/index.php?rest_route=\/wp\/v2\/posts\/158855\/revisions"}],"predecessor-version":[{"id":158857,"href":"https:\/\/nbcs.mx\/index.php?rest_route=\/wp\/v2\/posts\/158855\/revisions\/158857"}],"wp:featuredmedia":[{"embeddable":true,"href":"https:\/\/nbcs.mx\/index.php?rest_route=\/wp\/v2\/media\/158856"}],"wp:attachment":[{"href":"https:\/\/nbcs.mx\/index.php?rest_route=%2Fwp%2Fv2%2Fmedia&parent=158855"}],"wp:term":[{"taxonomy":"category","embeddable":true,"href":"https:\/\/nbcs.mx\/index.php?rest_route=%2Fwp%2Fv2%2Fcategories&post=158855"},{"taxonomy":"post_tag","embeddable":true,"href":"https:\/\/nbcs.mx\/index.php?rest_route=%2Fwp%2Fv2%2Ftags&post=158855"}],"curies":[{"name":"wp","href":"https:\/\/api.w.org\/{rel}","templated":true}]}}