{"id":158858,"date":"2025-12-04T18:59:27","date_gmt":"2025-12-05T01:59:27","guid":{"rendered":"https:\/\/nbcs.mx\/?p=158858"},"modified":"2025-12-04T18:59:27","modified_gmt":"2025-12-05T01:59:27","slug":"proponen-fortalecer-las-acciones-para-erradicar-las-practicas-discriminatorias-a-personas-con-discapacidad-en-planteles","status":"publish","type":"post","link":"https:\/\/nbcs.mx\/?p=158858","title":{"rendered":"Proponen fortalecer las acciones para erradicar las pr\u00e1cticas discriminatorias a personas con discapacidad en planteles"},"content":{"rendered":"<div>\n<p class=\"LO-normal\" style=\"text-align: justify;\"><span lang=\"ES\"><img loading=\"lazy\" decoding=\"async\" class=\" wp-image-158859 alignleft\" src=\"https:\/\/nbcs.mx\/wp-content\/uploads\/2025\/12\/DIP-DALIA-COLLINS-MENDOZA-251204-2-738x492.jpeg\" alt=\"\" width=\"380\" height=\"253\" srcset=\"https:\/\/nbcs.mx\/wp-content\/uploads\/2025\/12\/DIP-DALIA-COLLINS-MENDOZA-251204-2-738x492.jpeg 738w, https:\/\/nbcs.mx\/wp-content\/uploads\/2025\/12\/DIP-DALIA-COLLINS-MENDOZA-251204-2-1024x682.jpeg 1024w, https:\/\/nbcs.mx\/wp-content\/uploads\/2025\/12\/DIP-DALIA-COLLINS-MENDOZA-251204-2-150x100.jpeg 150w, https:\/\/nbcs.mx\/wp-content\/uploads\/2025\/12\/DIP-DALIA-COLLINS-MENDOZA-251204-2-768x512.jpeg 768w, https:\/\/nbcs.mx\/wp-content\/uploads\/2025\/12\/DIP-DALIA-COLLINS-MENDOZA-251204-2.jpeg 1280w\" sizes=\"auto, (max-width: 380px) 100vw, 380px\" \/>En sesi\u00f3n ordinaria, la diputada Dalia Ver\u00f3nica Collins Mendoza present\u00f3 una iniciativa de reforma a la Ley Estatal para la Inclusi\u00f3n de las Personas con Discapacidad en Baja California Sur, mediante la cual pretende emprender acciones objetivas para erradicar de los centros educativos toda aquella conducta discriminatoria, as\u00ed como el acoso laboral, y que por el contrario, se garantice el respeto a la dignidad y el derecho de acceso a la educaci\u00f3n de ni\u00f1as, ni\u00f1os y adolescentes.<\/span><\/p>\n<\/div>\n<div style=\"text-align: justify;\">\n<p class=\"LO-normal\"><span lang=\"ES\">\u00a0<\/span><\/p>\n<\/div>\n<div style=\"text-align: justify;\">\n<p class=\"LO-normal\"><span lang=\"ES\">En la exposici\u00f3n de motivos, la promovente indic\u00f3 que en la Ley de Inclusi\u00f3n, actualmente ya se establece en el primer p\u00e1rrafo de su art\u00edculo 32 que la Secretar\u00eda de Educaci\u00f3n P\u00fablica (SEP) del\u00a0 Estado tiene la obligaci\u00f3n de promover el derecho a la educaci\u00f3n de las personas con discapacidad, prohibiendo cualquier pr\u00e1ctica\u00a0 discriminatoria en planteles, centros e instituciones educativas,\u00a0 guarder\u00edas o del personal docente o administrativo.<\/span><\/p>\n<\/div>\n<div style=\"text-align: justify;\">\n<p class=\"LO-normal\"><span lang=\"ES\">\u00a0<\/span><\/p>\n<\/div>\n<div style=\"text-align: justify;\">\n<p class=\"LO-normal\"><span lang=\"ES\">No obstante, de acuerdo a un nuevo informe que retoma las conclusiones principales de la revisi\u00f3n bibliogr\u00e1fica encargada por la UNESCO, las y los educandos con discapacidades demostraron ser m\u00e1s propensos que sus compa\u00f1eros sin discapacidades a ser v\u00edctimas de la violencia y el acoso escolar, y en ciertos casos mucho m\u00e1s. Esta situaci\u00f3n es la misma en todos los niveles de la educaci\u00f3n, pero en particular entre los 13 y 15 a\u00f1os, durante la transici\u00f3n entre el final de la ni\u00f1ez y el comienzo de la adolescencia (\u2026).\u201d<\/span><\/p>\n<\/div>\n<div style=\"text-align: justify;\">\n<p class=\"LO-normal\"><span lang=\"ES\">\u00a0<\/span><\/p>\n<\/div>\n<div style=\"text-align: justify;\">\n<p class=\"LO-normal\"><span lang=\"ES\">En consecuencia, Collins Mendoza enfatiz\u00f3 la necesidad de tomar acciones contundentes para erradicar la violencia a personas con discapacidad, a fin de eliminar las barreras que impiden a personas con discapacidad acceder al aprendizaje y permitirles un desarrollo educativo sano.<\/span><\/p>\n<\/div>\n<div style=\"text-align: justify;\">\n<p class=\"LO-normal\"><span lang=\"ES\">\u00a0<\/span><\/p>\n<\/div>\n<div>\n<p class=\"LO-normal\" style=\"text-align: justify;\"><span lang=\"ES\">\u201cEs necesario que se concientice a nuestras ni\u00f1as, ni\u00f1os y adolescentes en el \u00e1mbito escolar, del da\u00f1o que se ocasiona, que puedan entender a trav\u00e9s de la educaci\u00f3n que el respeto de la dignidad de las ni\u00f1as, ni\u00f1os y adolescentes que sufren alguna discapacidad es fundamental para que estos se integren\u201d, concluy\u00f3 la legisladora Dalia Ver\u00f3nica Collins Mendoza.<\/span><\/p>\n<\/div>\n","protected":false},"excerpt":{"rendered":"<p>En sesi\u00f3n ordinaria, la diputada Dalia Ver\u00f3nica Collins Mendoza present\u00f3 una iniciativa de reforma a la Ley Estatal para la<\/p>\n","protected":false},"author":1,"featured_media":158859,"comment_status":"open","ping_status":"closed","sticky":false,"template":"","format":"standard","meta":{"colormag_page_container_layout":"default_layout","colormag_page_sidebar_layout":"default_layout","_jetpack_memberships_contains_paid_content":false,"footnotes":"","jetpack_publicize_message":"","jetpack_publicize_feature_enabled":true,"jetpack_social_post_already_shared":true,"jetpack_social_options":{"image_generator_settings":{"template":"highway","default_image_id":0,"font":"","enabled":false},"version":2}},"categories":[48],"tags":[],"class_list":["post-158858","post","type-post","status-publish","format-standard","has-post-thumbnail","hentry","category-congreso-de-bcs"],"yoast_head":"<!-- This site is optimized with the Yoast SEO plugin v27.5 - https:\/\/yoast.com\/product\/yoast-seo-wordpress\/ -->\n<title>Proponen fortalecer las acciones para erradicar las pr\u00e1cticas discriminatorias a personas con discapacidad en planteles - NBCS Noticias<\/title>\n<meta name=\"robots\" content=\"index, follow, max-snippet:-1, max-image-preview:large, max-video-preview:-1\" \/>\n<link rel=\"canonical\" href=\"https:\/\/nbcs.mx\/?p=158858\" \/>\n<meta property=\"og:locale\" content=\"es_ES\" \/>\n<meta property=\"og:type\" content=\"article\" \/>\n<meta property=\"og:title\" content=\"Proponen fortalecer las acciones para erradicar las pr\u00e1cticas discriminatorias a personas con discapacidad en planteles - NBCS Noticias\" \/>\n<meta property=\"og:description\" content=\"En sesi\u00f3n ordinaria, la diputada Dalia Ver\u00f3nica Collins Mendoza present\u00f3 una iniciativa de reforma a la Ley Estatal para la\" \/>\n<meta property=\"og:url\" content=\"https:\/\/nbcs.mx\/?p=158858\" \/>\n<meta property=\"og:site_name\" content=\"NBCS Noticias\" \/>\n<meta property=\"article:publisher\" content=\"https:\/\/www.facebook.com\/NBCSnoticias\" \/>\n<meta property=\"article:author\" content=\"https:\/\/www.facebook.com\/NBCSnoticias\" \/>\n<meta property=\"article:published_time\" content=\"2025-12-05T01:59:27+00:00\" \/>\n<meta property=\"og:image\" content=\"https:\/\/nbcs.mx\/wp-content\/uploads\/2025\/12\/DIP-DALIA-COLLINS-MENDOZA-251204-2.jpeg\" \/>\n\t<meta property=\"og:image:width\" content=\"1280\" \/>\n\t<meta property=\"og:image:height\" content=\"853\" \/>\n\t<meta property=\"og:image:type\" content=\"image\/jpeg\" \/>\n<meta name=\"author\" content=\"NBCS Noticias\" \/>\n<meta name=\"twitter:card\" content=\"summary_large_image\" \/>\n<meta name=\"twitter:creator\" content=\"@https:\/\/twitter.com\/NBCSnoticias\" \/>\n<meta name=\"twitter:site\" content=\"@NBCSnoticias\" \/>\n<meta name=\"twitter:label1\" content=\"Escrito por\" \/>\n\t<meta name=\"twitter:data1\" content=\"NBCS Noticias\" \/>\n\t<meta name=\"twitter:label2\" content=\"Tiempo de lectura\" \/>\n\t<meta name=\"twitter:data2\" content=\"2 minutos\" \/>\n<script type=\"application\/ld+json\" class=\"yoast-schema-graph\">{\"@context\":\"https:\\\/\\\/schema.org\",\"@graph\":[{\"@type\":\"Article\",\"@id\":\"https:\\\/\\\/nbcs.mx\\\/?p=158858#article\",\"isPartOf\":{\"@id\":\"https:\\\/\\\/nbcs.mx\\\/?p=158858\"},\"author\":{\"name\":\"NBCS Noticias\",\"@id\":\"https:\\\/\\\/nbcs.mx\\\/#\\\/schema\\\/person\\\/ece58bab9a7c1e87a4d28ec9ecd79ff4\"},\"headline\":\"Proponen fortalecer las acciones para erradicar las pr\u00e1cticas discriminatorias a personas con discapacidad en planteles\",\"datePublished\":\"2025-12-05T01:59:27+00:00\",\"mainEntityOfPage\":{\"@id\":\"https:\\\/\\\/nbcs.mx\\\/?p=158858\"},\"wordCount\":379,\"commentCount\":0,\"publisher\":{\"@id\":\"https:\\\/\\\/nbcs.mx\\\/#organization\"},\"image\":{\"@id\":\"https:\\\/\\\/nbcs.mx\\\/?p=158858#primaryimage\"},\"thumbnailUrl\":\"https:\\\/\\\/nbcs.mx\\\/wp-content\\\/uploads\\\/2025\\\/12\\\/DIP-DALIA-COLLINS-MENDOZA-251204-2.jpeg\",\"articleSection\":[\"Congreso de BCS\"],\"inLanguage\":\"es\",\"potentialAction\":[{\"@type\":\"CommentAction\",\"name\":\"Comment\",\"target\":[\"https:\\\/\\\/nbcs.mx\\\/?p=158858#respond\"]}]},{\"@type\":\"WebPage\",\"@id\":\"https:\\\/\\\/nbcs.mx\\\/?p=158858\",\"url\":\"https:\\\/\\\/nbcs.mx\\\/?p=158858\",\"name\":\"Proponen fortalecer las acciones para erradicar las pr\u00e1cticas discriminatorias a personas con discapacidad en planteles - NBCS Noticias\",\"isPartOf\":{\"@id\":\"https:\\\/\\\/nbcs.mx\\\/#website\"},\"primaryImageOfPage\":{\"@id\":\"https:\\\/\\\/nbcs.mx\\\/?p=158858#primaryimage\"},\"image\":{\"@id\":\"https:\\\/\\\/nbcs.mx\\\/?p=158858#primaryimage\"},\"thumbnailUrl\":\"https:\\\/\\\/nbcs.mx\\\/wp-content\\\/uploads\\\/2025\\\/12\\\/DIP-DALIA-COLLINS-MENDOZA-251204-2.jpeg\",\"datePublished\":\"2025-12-05T01:59:27+00:00\",\"breadcrumb\":{\"@id\":\"https:\\\/\\\/nbcs.mx\\\/?p=158858#breadcrumb\"},\"inLanguage\":\"es\",\"potentialAction\":[{\"@type\":\"ReadAction\",\"target\":[\"https:\\\/\\\/nbcs.mx\\\/?p=158858\"]}]},{\"@type\":\"ImageObject\",\"inLanguage\":\"es\",\"@id\":\"https:\\\/\\\/nbcs.mx\\\/?p=158858#primaryimage\",\"url\":\"https:\\\/\\\/nbcs.mx\\\/wp-content\\\/uploads\\\/2025\\\/12\\\/DIP-DALIA-COLLINS-MENDOZA-251204-2.jpeg\",\"contentUrl\":\"https:\\\/\\\/nbcs.mx\\\/wp-content\\\/uploads\\\/2025\\\/12\\\/DIP-DALIA-COLLINS-MENDOZA-251204-2.jpeg\",\"width\":1280,\"height\":853},{\"@type\":\"BreadcrumbList\",\"@id\":\"https:\\\/\\\/nbcs.mx\\\/?p=158858#breadcrumb\",\"itemListElement\":[{\"@type\":\"ListItem\",\"position\":1,\"name\":\"Portada\",\"item\":\"https:\\\/\\\/nbcs.mx\\\/\"},{\"@type\":\"ListItem\",\"position\":2,\"name\":\"Proponen fortalecer las acciones para erradicar las pr\u00e1cticas discriminatorias a personas con discapacidad en planteles\"}]},{\"@type\":\"WebSite\",\"@id\":\"https:\\\/\\\/nbcs.mx\\\/#website\",\"url\":\"https:\\\/\\\/nbcs.mx\\\/\",\"name\":\"NBCS Noticias\",\"description\":\"Sitio web de noticias en Baja California Sur\",\"publisher\":{\"@id\":\"https:\\\/\\\/nbcs.mx\\\/#organization\"},\"potentialAction\":[{\"@type\":\"SearchAction\",\"target\":{\"@type\":\"EntryPoint\",\"urlTemplate\":\"https:\\\/\\\/nbcs.mx\\\/?s={search_term_string}\"},\"query-input\":{\"@type\":\"PropertyValueSpecification\",\"valueRequired\":true,\"valueName\":\"search_term_string\"}}],\"inLanguage\":\"es\"},{\"@type\":\"Organization\",\"@id\":\"https:\\\/\\\/nbcs.mx\\\/#organization\",\"name\":\"NBCS Noticias\",\"url\":\"https:\\\/\\\/nbcs.mx\\\/\",\"logo\":{\"@type\":\"ImageObject\",\"inLanguage\":\"es\",\"@id\":\"https:\\\/\\\/nbcs.mx\\\/#\\\/schema\\\/logo\\\/image\\\/\",\"url\":\"https:\\\/\\\/nbcs.mx\\\/wp-content\\\/uploads\\\/2018\\\/09\\\/057b69485e93575a5c2b1c1dde2dd297.jpeg\",\"contentUrl\":\"https:\\\/\\\/nbcs.mx\\\/wp-content\\\/uploads\\\/2018\\\/09\\\/057b69485e93575a5c2b1c1dde2dd297.jpeg\",\"width\":64,\"height\":64,\"caption\":\"NBCS Noticias\"},\"image\":{\"@id\":\"https:\\\/\\\/nbcs.mx\\\/#\\\/schema\\\/logo\\\/image\\\/\"},\"sameAs\":[\"https:\\\/\\\/www.facebook.com\\\/NBCSnoticias\",\"https:\\\/\\\/x.com\\\/NBCSnoticias\"]},{\"@type\":\"Person\",\"@id\":\"https:\\\/\\\/nbcs.mx\\\/#\\\/schema\\\/person\\\/ece58bab9a7c1e87a4d28ec9ecd79ff4\",\"name\":\"NBCS Noticias\",\"image\":{\"@type\":\"ImageObject\",\"inLanguage\":\"es\",\"@id\":\"https:\\\/\\\/secure.gravatar.com\\\/avatar\\\/4e52110cad1c4054b43271a0d14bbe9e2ea76aecd0e1097edfc670798d9ca1d4?s=96&d=blank&r=g\",\"url\":\"https:\\\/\\\/secure.gravatar.com\\\/avatar\\\/4e52110cad1c4054b43271a0d14bbe9e2ea76aecd0e1097edfc670798d9ca1d4?s=96&d=blank&r=g\",\"contentUrl\":\"https:\\\/\\\/secure.gravatar.com\\\/avatar\\\/4e52110cad1c4054b43271a0d14bbe9e2ea76aecd0e1097edfc670798d9ca1d4?s=96&d=blank&r=g\",\"caption\":\"NBCS Noticias\"},\"description\":\"\u00bfTienes fotos o video de alg\u00fan acto de posible negligencia, corrupci\u00f3n y abuso de autoridad? M\u00e1ndalo al WhatsApp de NBCS Noticias: 612 141 98 08\",\"sameAs\":[\"https:\\\/\\\/www.nbcs.mx\",\"https:\\\/\\\/www.facebook.com\\\/NBCSnoticias\",\"https:\\\/\\\/www.instagram.com\\\/nbcsnoticias\\\/\",\"https:\\\/\\\/x.com\\\/https:\\\/\\\/twitter.com\\\/NBCSnoticias\"]}]}<\/script>\n<!-- \/ Yoast SEO plugin. -->","yoast_head_json":{"title":"Proponen fortalecer las acciones para erradicar las pr\u00e1cticas discriminatorias a personas con discapacidad en planteles - NBCS Noticias","robots":{"index":"index","follow":"follow","max-snippet":"max-snippet:-1","max-image-preview":"max-image-preview:large","max-video-preview":"max-video-preview:-1"},"canonical":"https:\/\/nbcs.mx\/?p=158858","og_locale":"es_ES","og_type":"article","og_title":"Proponen fortalecer las acciones para erradicar las pr\u00e1cticas discriminatorias a personas con discapacidad en planteles - NBCS Noticias","og_description":"En sesi\u00f3n ordinaria, la diputada Dalia Ver\u00f3nica Collins Mendoza present\u00f3 una iniciativa de reforma a la Ley Estatal para la","og_url":"https:\/\/nbcs.mx\/?p=158858","og_site_name":"NBCS Noticias","article_publisher":"https:\/\/www.facebook.com\/NBCSnoticias","article_author":"https:\/\/www.facebook.com\/NBCSnoticias","article_published_time":"2025-12-05T01:59:27+00:00","og_image":[{"width":1280,"height":853,"url":"https:\/\/nbcs.mx\/wp-content\/uploads\/2025\/12\/DIP-DALIA-COLLINS-MENDOZA-251204-2.jpeg","type":"image\/jpeg"}],"author":"NBCS Noticias","twitter_card":"summary_large_image","twitter_creator":"@https:\/\/twitter.com\/NBCSnoticias","twitter_site":"@NBCSnoticias","twitter_misc":{"Escrito por":"NBCS Noticias","Tiempo de lectura":"2 minutos"},"schema":{"@context":"https:\/\/schema.org","@graph":[{"@type":"Article","@id":"https:\/\/nbcs.mx\/?p=158858#article","isPartOf":{"@id":"https:\/\/nbcs.mx\/?p=158858"},"author":{"name":"NBCS Noticias","@id":"https:\/\/nbcs.mx\/#\/schema\/person\/ece58bab9a7c1e87a4d28ec9ecd79ff4"},"headline":"Proponen fortalecer las acciones para erradicar las pr\u00e1cticas discriminatorias a personas con discapacidad en planteles","datePublished":"2025-12-05T01:59:27+00:00","mainEntityOfPage":{"@id":"https:\/\/nbcs.mx\/?p=158858"},"wordCount":379,"commentCount":0,"publisher":{"@id":"https:\/\/nbcs.mx\/#organization"},"image":{"@id":"https:\/\/nbcs.mx\/?p=158858#primaryimage"},"thumbnailUrl":"https:\/\/nbcs.mx\/wp-content\/uploads\/2025\/12\/DIP-DALIA-COLLINS-MENDOZA-251204-2.jpeg","articleSection":["Congreso de BCS"],"inLanguage":"es","potentialAction":[{"@type":"CommentAction","name":"Comment","target":["https:\/\/nbcs.mx\/?p=158858#respond"]}]},{"@type":"WebPage","@id":"https:\/\/nbcs.mx\/?p=158858","url":"https:\/\/nbcs.mx\/?p=158858","name":"Proponen fortalecer las acciones para erradicar las pr\u00e1cticas discriminatorias a personas con discapacidad en planteles - NBCS Noticias","isPartOf":{"@id":"https:\/\/nbcs.mx\/#website"},"primaryImageOfPage":{"@id":"https:\/\/nbcs.mx\/?p=158858#primaryimage"},"image":{"@id":"https:\/\/nbcs.mx\/?p=158858#primaryimage"},"thumbnailUrl":"https:\/\/nbcs.mx\/wp-content\/uploads\/2025\/12\/DIP-DALIA-COLLINS-MENDOZA-251204-2.jpeg","datePublished":"2025-12-05T01:59:27+00:00","breadcrumb":{"@id":"https:\/\/nbcs.mx\/?p=158858#breadcrumb"},"inLanguage":"es","potentialAction":[{"@type":"ReadAction","target":["https:\/\/nbcs.mx\/?p=158858"]}]},{"@type":"ImageObject","inLanguage":"es","@id":"https:\/\/nbcs.mx\/?p=158858#primaryimage","url":"https:\/\/nbcs.mx\/wp-content\/uploads\/2025\/12\/DIP-DALIA-COLLINS-MENDOZA-251204-2.jpeg","contentUrl":"https:\/\/nbcs.mx\/wp-content\/uploads\/2025\/12\/DIP-DALIA-COLLINS-MENDOZA-251204-2.jpeg","width":1280,"height":853},{"@type":"BreadcrumbList","@id":"https:\/\/nbcs.mx\/?p=158858#breadcrumb","itemListElement":[{"@type":"ListItem","position":1,"name":"Portada","item":"https:\/\/nbcs.mx\/"},{"@type":"ListItem","position":2,"name":"Proponen fortalecer las acciones para erradicar las pr\u00e1cticas discriminatorias a personas con discapacidad en planteles"}]},{"@type":"WebSite","@id":"https:\/\/nbcs.mx\/#website","url":"https:\/\/nbcs.mx\/","name":"NBCS Noticias","description":"Sitio web de noticias en Baja California Sur","publisher":{"@id":"https:\/\/nbcs.mx\/#organization"},"potentialAction":[{"@type":"SearchAction","target":{"@type":"EntryPoint","urlTemplate":"https:\/\/nbcs.mx\/?s={search_term_string}"},"query-input":{"@type":"PropertyValueSpecification","valueRequired":true,"valueName":"search_term_string"}}],"inLanguage":"es"},{"@type":"Organization","@id":"https:\/\/nbcs.mx\/#organization","name":"NBCS Noticias","url":"https:\/\/nbcs.mx\/","logo":{"@type":"ImageObject","inLanguage":"es","@id":"https:\/\/nbcs.mx\/#\/schema\/logo\/image\/","url":"https:\/\/nbcs.mx\/wp-content\/uploads\/2018\/09\/057b69485e93575a5c2b1c1dde2dd297.jpeg","contentUrl":"https:\/\/nbcs.mx\/wp-content\/uploads\/2018\/09\/057b69485e93575a5c2b1c1dde2dd297.jpeg","width":64,"height":64,"caption":"NBCS Noticias"},"image":{"@id":"https:\/\/nbcs.mx\/#\/schema\/logo\/image\/"},"sameAs":["https:\/\/www.facebook.com\/NBCSnoticias","https:\/\/x.com\/NBCSnoticias"]},{"@type":"Person","@id":"https:\/\/nbcs.mx\/#\/schema\/person\/ece58bab9a7c1e87a4d28ec9ecd79ff4","name":"NBCS Noticias","image":{"@type":"ImageObject","inLanguage":"es","@id":"https:\/\/secure.gravatar.com\/avatar\/4e52110cad1c4054b43271a0d14bbe9e2ea76aecd0e1097edfc670798d9ca1d4?s=96&d=blank&r=g","url":"https:\/\/secure.gravatar.com\/avatar\/4e52110cad1c4054b43271a0d14bbe9e2ea76aecd0e1097edfc670798d9ca1d4?s=96&d=blank&r=g","contentUrl":"https:\/\/secure.gravatar.com\/avatar\/4e52110cad1c4054b43271a0d14bbe9e2ea76aecd0e1097edfc670798d9ca1d4?s=96&d=blank&r=g","caption":"NBCS Noticias"},"description":"\u00bfTienes fotos o video de alg\u00fan acto de posible negligencia, corrupci\u00f3n y abuso de autoridad? M\u00e1ndalo al WhatsApp de NBCS Noticias: 612 141 98 08","sameAs":["https:\/\/www.nbcs.mx","https:\/\/www.facebook.com\/NBCSnoticias","https:\/\/www.instagram.com\/nbcsnoticias\/","https:\/\/x.com\/https:\/\/twitter.com\/NBCSnoticias"]}]}},"jetpack_publicize_connections":[],"jetpack_featured_media_url":"https:\/\/nbcs.mx\/wp-content\/uploads\/2025\/12\/DIP-DALIA-COLLINS-MENDOZA-251204-2.jpeg","jetpack_sharing_enabled":true,"_links":{"self":[{"href":"https:\/\/nbcs.mx\/index.php?rest_route=\/wp\/v2\/posts\/158858","targetHints":{"allow":["GET"]}}],"collection":[{"href":"https:\/\/nbcs.mx\/index.php?rest_route=\/wp\/v2\/posts"}],"about":[{"href":"https:\/\/nbcs.mx\/index.php?rest_route=\/wp\/v2\/types\/post"}],"author":[{"embeddable":true,"href":"https:\/\/nbcs.mx\/index.php?rest_route=\/wp\/v2\/users\/1"}],"replies":[{"embeddable":true,"href":"https:\/\/nbcs.mx\/index.php?rest_route=%2Fwp%2Fv2%2Fcomments&post=158858"}],"version-history":[{"count":1,"href":"https:\/\/nbcs.mx\/index.php?rest_route=\/wp\/v2\/posts\/158858\/revisions"}],"predecessor-version":[{"id":158860,"href":"https:\/\/nbcs.mx\/index.php?rest_route=\/wp\/v2\/posts\/158858\/revisions\/158860"}],"wp:featuredmedia":[{"embeddable":true,"href":"https:\/\/nbcs.mx\/index.php?rest_route=\/wp\/v2\/media\/158859"}],"wp:attachment":[{"href":"https:\/\/nbcs.mx\/index.php?rest_route=%2Fwp%2Fv2%2Fmedia&parent=158858"}],"wp:term":[{"taxonomy":"category","embeddable":true,"href":"https:\/\/nbcs.mx\/index.php?rest_route=%2Fwp%2Fv2%2Fcategories&post=158858"},{"taxonomy":"post_tag","embeddable":true,"href":"https:\/\/nbcs.mx\/index.php?rest_route=%2Fwp%2Fv2%2Ftags&post=158858"}],"curies":[{"name":"wp","href":"https:\/\/api.w.org\/{rel}","templated":true}]}}