{"id":158861,"date":"2025-12-04T19:00:31","date_gmt":"2025-12-05T02:00:31","guid":{"rendered":"https:\/\/nbcs.mx\/?p=158861"},"modified":"2025-12-04T19:00:31","modified_gmt":"2025-12-05T02:00:31","slug":"proponen-reforzar-la-proteccion-penal-para-trabajadoras-y-trabajadores-de-la-educacion-en-bcs","status":"publish","type":"post","link":"https:\/\/nbcs.mx\/?p=158861","title":{"rendered":"Proponen reforzar la protecci\u00f3n penal para trabajadoras y trabajadores de la educaci\u00f3n en BCS"},"content":{"rendered":"<p style=\"font-weight: 400; text-align: justify;\"><img loading=\"lazy\" decoding=\"async\" class=\" wp-image-158862 alignleft\" src=\"https:\/\/nbcs.mx\/wp-content\/uploads\/2025\/12\/FRACCION-NUEVA-ALIANZA-251204--573x492.jpeg\" alt=\"\" width=\"358\" height=\"307\" srcset=\"https:\/\/nbcs.mx\/wp-content\/uploads\/2025\/12\/FRACCION-NUEVA-ALIANZA-251204--573x492.jpeg 573w, https:\/\/nbcs.mx\/wp-content\/uploads\/2025\/12\/FRACCION-NUEVA-ALIANZA-251204--1024x879.jpeg 1024w, https:\/\/nbcs.mx\/wp-content\/uploads\/2025\/12\/FRACCION-NUEVA-ALIANZA-251204--150x129.jpeg 150w, https:\/\/nbcs.mx\/wp-content\/uploads\/2025\/12\/FRACCION-NUEVA-ALIANZA-251204--768x660.jpeg 768w, https:\/\/nbcs.mx\/wp-content\/uploads\/2025\/12\/FRACCION-NUEVA-ALIANZA-251204--1536x1319.jpeg 1536w, https:\/\/nbcs.mx\/wp-content\/uploads\/2025\/12\/FRACCION-NUEVA-ALIANZA-251204-.jpeg 1600w\" sizes=\"auto, (max-width: 358px) 100vw, 358px\" \/>La Fracci\u00f3n Parlamentaria del Partido Nueva Alianza en el Congreso del Estado de Baja California Sur present\u00f3 una iniciativa para reforzar la protecci\u00f3n jur\u00eddica de las personas trabajadoras de la educaci\u00f3n. La propuesta plantea incorporar agravantes espec\u00edficas en los delitos de lesiones y falsedad ante autoridad, cuando estos se cometan en contra de quienes desempe\u00f1an funciones educativas en el ejercicio de sus labores o por motivos relacionados con ellas.<\/p>\n<p style=\"font-weight: 400; text-align: justify;\">\n<p style=\"font-weight: 400; text-align: justify;\">Al presentar la iniciativa, la diputada Lourdes Cornejo Rend\u00f3n destac\u00f3 la importancia de garantizar a los integrantes del magisterio condiciones de seguridad, respeto y respaldo institucional, ya que en los \u00faltimos a\u00f1os se ha observado un aumento de agresiones, amenazas y actos de difamaci\u00f3n contra docentes y personal educativo, afectando su integridad f\u00edsica, emocional y profesional, as\u00ed como el derecho de ni\u00f1as, ni\u00f1os y j\u00f3venes a recibir educaci\u00f3n en un ambiente seguro.<\/p>\n<p style=\"font-weight: 400; text-align: justify;\">\n<p style=\"font-weight: 400; text-align: justify;\">La propuesta legislativa plantea adicionar el art\u00edculo 136 Bis al C\u00f3digo Penal del Estado, para incrementar hasta en una mitad la pena cuando una agresi\u00f3n f\u00edsica se cometa contra una persona trabajadora de la educaci\u00f3n por motivo de sus funciones. Asimismo, propone agregar un segundo p\u00e1rrafo al art\u00edculo 326, estableciendo sanciones m\u00e1s severas para quienes realicen declaraciones falsas con el fin de afectar la estabilidad laboral, reputaci\u00f3n o situaci\u00f3n jur\u00eddica de una persona trabajadora de la educaci\u00f3n, incrementando la pena hasta en una mitad.<\/p>\n<p style=\"font-weight: 400; text-align: justify;\">\n<p style=\"font-weight: 400; text-align: justify;\">Con estas modificaciones, la Fracci\u00f3n Parlamentaria de Nueva Alianza reconoce la labor social y \u00e9tica del magisterio y contribuye a fortalecer la seguridad y la convivencia en los entornos escolares.<\/p>\n","protected":false},"excerpt":{"rendered":"<p>La Fracci\u00f3n Parlamentaria del Partido Nueva Alianza en el Congreso del Estado de Baja California Sur present\u00f3 una iniciativa para<\/p>\n","protected":false},"author":1,"featured_media":158862,"comment_status":"open","ping_status":"closed","sticky":false,"template":"","format":"standard","meta":{"colormag_page_container_layout":"default_layout","colormag_page_sidebar_layout":"default_layout","_jetpack_memberships_contains_paid_content":false,"footnotes":"","jetpack_publicize_message":"","jetpack_publicize_feature_enabled":true,"jetpack_social_post_already_shared":true,"jetpack_social_options":{"image_generator_settings":{"template":"highway","default_image_id":0,"font":"","enabled":false},"version":2}},"categories":[48],"tags":[],"class_list":["post-158861","post","type-post","status-publish","format-standard","has-post-thumbnail","hentry","category-congreso-de-bcs"],"yoast_head":"<!-- This site is optimized with the Yoast SEO plugin v27.5 - https:\/\/yoast.com\/product\/yoast-seo-wordpress\/ -->\n<title>Proponen reforzar la protecci\u00f3n penal para trabajadoras y trabajadores de la educaci\u00f3n en BCS - NBCS Noticias<\/title>\n<meta name=\"robots\" content=\"index, follow, max-snippet:-1, max-image-preview:large, max-video-preview:-1\" \/>\n<link rel=\"canonical\" href=\"https:\/\/nbcs.mx\/?p=158861\" \/>\n<meta property=\"og:locale\" content=\"es_ES\" \/>\n<meta property=\"og:type\" content=\"article\" \/>\n<meta property=\"og:title\" content=\"Proponen reforzar la protecci\u00f3n penal para trabajadoras y trabajadores de la educaci\u00f3n en BCS - NBCS Noticias\" \/>\n<meta property=\"og:description\" content=\"La Fracci\u00f3n Parlamentaria del Partido Nueva Alianza en el Congreso del Estado de Baja California Sur present\u00f3 una iniciativa para\" \/>\n<meta property=\"og:url\" content=\"https:\/\/nbcs.mx\/?p=158861\" \/>\n<meta property=\"og:site_name\" content=\"NBCS Noticias\" \/>\n<meta property=\"article:publisher\" content=\"https:\/\/www.facebook.com\/NBCSnoticias\" \/>\n<meta property=\"article:author\" content=\"https:\/\/www.facebook.com\/NBCSnoticias\" \/>\n<meta property=\"article:published_time\" content=\"2025-12-05T02:00:31+00:00\" \/>\n<meta property=\"og:image\" content=\"https:\/\/nbcs.mx\/wp-content\/uploads\/2025\/12\/FRACCION-NUEVA-ALIANZA-251204-.jpeg\" \/>\n\t<meta property=\"og:image:width\" content=\"1600\" \/>\n\t<meta property=\"og:image:height\" content=\"1374\" \/>\n\t<meta property=\"og:image:type\" content=\"image\/jpeg\" \/>\n<meta name=\"author\" content=\"NBCS Noticias\" \/>\n<meta name=\"twitter:card\" content=\"summary_large_image\" \/>\n<meta name=\"twitter:creator\" content=\"@https:\/\/twitter.com\/NBCSnoticias\" \/>\n<meta name=\"twitter:site\" content=\"@NBCSnoticias\" \/>\n<meta name=\"twitter:label1\" content=\"Escrito por\" \/>\n\t<meta name=\"twitter:data1\" content=\"NBCS Noticias\" \/>\n\t<meta name=\"twitter:label2\" content=\"Tiempo de lectura\" \/>\n\t<meta name=\"twitter:data2\" content=\"2 minutos\" \/>\n<script type=\"application\/ld+json\" class=\"yoast-schema-graph\">{\"@context\":\"https:\\\/\\\/schema.org\",\"@graph\":[{\"@type\":\"Article\",\"@id\":\"https:\\\/\\\/nbcs.mx\\\/?p=158861#article\",\"isPartOf\":{\"@id\":\"https:\\\/\\\/nbcs.mx\\\/?p=158861\"},\"author\":{\"name\":\"NBCS Noticias\",\"@id\":\"https:\\\/\\\/nbcs.mx\\\/#\\\/schema\\\/person\\\/ece58bab9a7c1e87a4d28ec9ecd79ff4\"},\"headline\":\"Proponen reforzar la protecci\u00f3n penal para trabajadoras y trabajadores de la educaci\u00f3n en BCS\",\"datePublished\":\"2025-12-05T02:00:31+00:00\",\"mainEntityOfPage\":{\"@id\":\"https:\\\/\\\/nbcs.mx\\\/?p=158861\"},\"wordCount\":296,\"commentCount\":0,\"publisher\":{\"@id\":\"https:\\\/\\\/nbcs.mx\\\/#organization\"},\"image\":{\"@id\":\"https:\\\/\\\/nbcs.mx\\\/?p=158861#primaryimage\"},\"thumbnailUrl\":\"https:\\\/\\\/nbcs.mx\\\/wp-content\\\/uploads\\\/2025\\\/12\\\/FRACCION-NUEVA-ALIANZA-251204-.jpeg\",\"articleSection\":[\"Congreso de BCS\"],\"inLanguage\":\"es\",\"potentialAction\":[{\"@type\":\"CommentAction\",\"name\":\"Comment\",\"target\":[\"https:\\\/\\\/nbcs.mx\\\/?p=158861#respond\"]}]},{\"@type\":\"WebPage\",\"@id\":\"https:\\\/\\\/nbcs.mx\\\/?p=158861\",\"url\":\"https:\\\/\\\/nbcs.mx\\\/?p=158861\",\"name\":\"Proponen reforzar la protecci\u00f3n penal para trabajadoras y trabajadores de la educaci\u00f3n en BCS - NBCS Noticias\",\"isPartOf\":{\"@id\":\"https:\\\/\\\/nbcs.mx\\\/#website\"},\"primaryImageOfPage\":{\"@id\":\"https:\\\/\\\/nbcs.mx\\\/?p=158861#primaryimage\"},\"image\":{\"@id\":\"https:\\\/\\\/nbcs.mx\\\/?p=158861#primaryimage\"},\"thumbnailUrl\":\"https:\\\/\\\/nbcs.mx\\\/wp-content\\\/uploads\\\/2025\\\/12\\\/FRACCION-NUEVA-ALIANZA-251204-.jpeg\",\"datePublished\":\"2025-12-05T02:00:31+00:00\",\"breadcrumb\":{\"@id\":\"https:\\\/\\\/nbcs.mx\\\/?p=158861#breadcrumb\"},\"inLanguage\":\"es\",\"potentialAction\":[{\"@type\":\"ReadAction\",\"target\":[\"https:\\\/\\\/nbcs.mx\\\/?p=158861\"]}]},{\"@type\":\"ImageObject\",\"inLanguage\":\"es\",\"@id\":\"https:\\\/\\\/nbcs.mx\\\/?p=158861#primaryimage\",\"url\":\"https:\\\/\\\/nbcs.mx\\\/wp-content\\\/uploads\\\/2025\\\/12\\\/FRACCION-NUEVA-ALIANZA-251204-.jpeg\",\"contentUrl\":\"https:\\\/\\\/nbcs.mx\\\/wp-content\\\/uploads\\\/2025\\\/12\\\/FRACCION-NUEVA-ALIANZA-251204-.jpeg\",\"width\":1600,\"height\":1374},{\"@type\":\"BreadcrumbList\",\"@id\":\"https:\\\/\\\/nbcs.mx\\\/?p=158861#breadcrumb\",\"itemListElement\":[{\"@type\":\"ListItem\",\"position\":1,\"name\":\"Portada\",\"item\":\"https:\\\/\\\/nbcs.mx\\\/\"},{\"@type\":\"ListItem\",\"position\":2,\"name\":\"Proponen reforzar la protecci\u00f3n penal para trabajadoras y trabajadores de la educaci\u00f3n en BCS\"}]},{\"@type\":\"WebSite\",\"@id\":\"https:\\\/\\\/nbcs.mx\\\/#website\",\"url\":\"https:\\\/\\\/nbcs.mx\\\/\",\"name\":\"NBCS Noticias\",\"description\":\"Sitio web de noticias en Baja California Sur\",\"publisher\":{\"@id\":\"https:\\\/\\\/nbcs.mx\\\/#organization\"},\"potentialAction\":[{\"@type\":\"SearchAction\",\"target\":{\"@type\":\"EntryPoint\",\"urlTemplate\":\"https:\\\/\\\/nbcs.mx\\\/?s={search_term_string}\"},\"query-input\":{\"@type\":\"PropertyValueSpecification\",\"valueRequired\":true,\"valueName\":\"search_term_string\"}}],\"inLanguage\":\"es\"},{\"@type\":\"Organization\",\"@id\":\"https:\\\/\\\/nbcs.mx\\\/#organization\",\"name\":\"NBCS Noticias\",\"url\":\"https:\\\/\\\/nbcs.mx\\\/\",\"logo\":{\"@type\":\"ImageObject\",\"inLanguage\":\"es\",\"@id\":\"https:\\\/\\\/nbcs.mx\\\/#\\\/schema\\\/logo\\\/image\\\/\",\"url\":\"https:\\\/\\\/nbcs.mx\\\/wp-content\\\/uploads\\\/2018\\\/09\\\/057b69485e93575a5c2b1c1dde2dd297.jpeg\",\"contentUrl\":\"https:\\\/\\\/nbcs.mx\\\/wp-content\\\/uploads\\\/2018\\\/09\\\/057b69485e93575a5c2b1c1dde2dd297.jpeg\",\"width\":64,\"height\":64,\"caption\":\"NBCS Noticias\"},\"image\":{\"@id\":\"https:\\\/\\\/nbcs.mx\\\/#\\\/schema\\\/logo\\\/image\\\/\"},\"sameAs\":[\"https:\\\/\\\/www.facebook.com\\\/NBCSnoticias\",\"https:\\\/\\\/x.com\\\/NBCSnoticias\"]},{\"@type\":\"Person\",\"@id\":\"https:\\\/\\\/nbcs.mx\\\/#\\\/schema\\\/person\\\/ece58bab9a7c1e87a4d28ec9ecd79ff4\",\"name\":\"NBCS Noticias\",\"image\":{\"@type\":\"ImageObject\",\"inLanguage\":\"es\",\"@id\":\"https:\\\/\\\/secure.gravatar.com\\\/avatar\\\/4e52110cad1c4054b43271a0d14bbe9e2ea76aecd0e1097edfc670798d9ca1d4?s=96&d=blank&r=g\",\"url\":\"https:\\\/\\\/secure.gravatar.com\\\/avatar\\\/4e52110cad1c4054b43271a0d14bbe9e2ea76aecd0e1097edfc670798d9ca1d4?s=96&d=blank&r=g\",\"contentUrl\":\"https:\\\/\\\/secure.gravatar.com\\\/avatar\\\/4e52110cad1c4054b43271a0d14bbe9e2ea76aecd0e1097edfc670798d9ca1d4?s=96&d=blank&r=g\",\"caption\":\"NBCS Noticias\"},\"description\":\"\u00bfTienes fotos o video de alg\u00fan acto de posible negligencia, corrupci\u00f3n y abuso de autoridad? M\u00e1ndalo al WhatsApp de NBCS Noticias: 612 141 98 08\",\"sameAs\":[\"https:\\\/\\\/www.nbcs.mx\",\"https:\\\/\\\/www.facebook.com\\\/NBCSnoticias\",\"https:\\\/\\\/www.instagram.com\\\/nbcsnoticias\\\/\",\"https:\\\/\\\/x.com\\\/https:\\\/\\\/twitter.com\\\/NBCSnoticias\"]}]}<\/script>\n<!-- \/ Yoast SEO plugin. -->","yoast_head_json":{"title":"Proponen reforzar la protecci\u00f3n penal para trabajadoras y trabajadores de la educaci\u00f3n en BCS - NBCS Noticias","robots":{"index":"index","follow":"follow","max-snippet":"max-snippet:-1","max-image-preview":"max-image-preview:large","max-video-preview":"max-video-preview:-1"},"canonical":"https:\/\/nbcs.mx\/?p=158861","og_locale":"es_ES","og_type":"article","og_title":"Proponen reforzar la protecci\u00f3n penal para trabajadoras y trabajadores de la educaci\u00f3n en BCS - NBCS Noticias","og_description":"La Fracci\u00f3n Parlamentaria del Partido Nueva Alianza en el Congreso del Estado de Baja California Sur present\u00f3 una iniciativa para","og_url":"https:\/\/nbcs.mx\/?p=158861","og_site_name":"NBCS Noticias","article_publisher":"https:\/\/www.facebook.com\/NBCSnoticias","article_author":"https:\/\/www.facebook.com\/NBCSnoticias","article_published_time":"2025-12-05T02:00:31+00:00","og_image":[{"width":1600,"height":1374,"url":"https:\/\/nbcs.mx\/wp-content\/uploads\/2025\/12\/FRACCION-NUEVA-ALIANZA-251204-.jpeg","type":"image\/jpeg"}],"author":"NBCS Noticias","twitter_card":"summary_large_image","twitter_creator":"@https:\/\/twitter.com\/NBCSnoticias","twitter_site":"@NBCSnoticias","twitter_misc":{"Escrito por":"NBCS Noticias","Tiempo de lectura":"2 minutos"},"schema":{"@context":"https:\/\/schema.org","@graph":[{"@type":"Article","@id":"https:\/\/nbcs.mx\/?p=158861#article","isPartOf":{"@id":"https:\/\/nbcs.mx\/?p=158861"},"author":{"name":"NBCS Noticias","@id":"https:\/\/nbcs.mx\/#\/schema\/person\/ece58bab9a7c1e87a4d28ec9ecd79ff4"},"headline":"Proponen reforzar la protecci\u00f3n penal para trabajadoras y trabajadores de la educaci\u00f3n en BCS","datePublished":"2025-12-05T02:00:31+00:00","mainEntityOfPage":{"@id":"https:\/\/nbcs.mx\/?p=158861"},"wordCount":296,"commentCount":0,"publisher":{"@id":"https:\/\/nbcs.mx\/#organization"},"image":{"@id":"https:\/\/nbcs.mx\/?p=158861#primaryimage"},"thumbnailUrl":"https:\/\/nbcs.mx\/wp-content\/uploads\/2025\/12\/FRACCION-NUEVA-ALIANZA-251204-.jpeg","articleSection":["Congreso de BCS"],"inLanguage":"es","potentialAction":[{"@type":"CommentAction","name":"Comment","target":["https:\/\/nbcs.mx\/?p=158861#respond"]}]},{"@type":"WebPage","@id":"https:\/\/nbcs.mx\/?p=158861","url":"https:\/\/nbcs.mx\/?p=158861","name":"Proponen reforzar la protecci\u00f3n penal para trabajadoras y trabajadores de la educaci\u00f3n en BCS - NBCS Noticias","isPartOf":{"@id":"https:\/\/nbcs.mx\/#website"},"primaryImageOfPage":{"@id":"https:\/\/nbcs.mx\/?p=158861#primaryimage"},"image":{"@id":"https:\/\/nbcs.mx\/?p=158861#primaryimage"},"thumbnailUrl":"https:\/\/nbcs.mx\/wp-content\/uploads\/2025\/12\/FRACCION-NUEVA-ALIANZA-251204-.jpeg","datePublished":"2025-12-05T02:00:31+00:00","breadcrumb":{"@id":"https:\/\/nbcs.mx\/?p=158861#breadcrumb"},"inLanguage":"es","potentialAction":[{"@type":"ReadAction","target":["https:\/\/nbcs.mx\/?p=158861"]}]},{"@type":"ImageObject","inLanguage":"es","@id":"https:\/\/nbcs.mx\/?p=158861#primaryimage","url":"https:\/\/nbcs.mx\/wp-content\/uploads\/2025\/12\/FRACCION-NUEVA-ALIANZA-251204-.jpeg","contentUrl":"https:\/\/nbcs.mx\/wp-content\/uploads\/2025\/12\/FRACCION-NUEVA-ALIANZA-251204-.jpeg","width":1600,"height":1374},{"@type":"BreadcrumbList","@id":"https:\/\/nbcs.mx\/?p=158861#breadcrumb","itemListElement":[{"@type":"ListItem","position":1,"name":"Portada","item":"https:\/\/nbcs.mx\/"},{"@type":"ListItem","position":2,"name":"Proponen reforzar la protecci\u00f3n penal para trabajadoras y trabajadores de la educaci\u00f3n en BCS"}]},{"@type":"WebSite","@id":"https:\/\/nbcs.mx\/#website","url":"https:\/\/nbcs.mx\/","name":"NBCS Noticias","description":"Sitio web de noticias en Baja California Sur","publisher":{"@id":"https:\/\/nbcs.mx\/#organization"},"potentialAction":[{"@type":"SearchAction","target":{"@type":"EntryPoint","urlTemplate":"https:\/\/nbcs.mx\/?s={search_term_string}"},"query-input":{"@type":"PropertyValueSpecification","valueRequired":true,"valueName":"search_term_string"}}],"inLanguage":"es"},{"@type":"Organization","@id":"https:\/\/nbcs.mx\/#organization","name":"NBCS Noticias","url":"https:\/\/nbcs.mx\/","logo":{"@type":"ImageObject","inLanguage":"es","@id":"https:\/\/nbcs.mx\/#\/schema\/logo\/image\/","url":"https:\/\/nbcs.mx\/wp-content\/uploads\/2018\/09\/057b69485e93575a5c2b1c1dde2dd297.jpeg","contentUrl":"https:\/\/nbcs.mx\/wp-content\/uploads\/2018\/09\/057b69485e93575a5c2b1c1dde2dd297.jpeg","width":64,"height":64,"caption":"NBCS Noticias"},"image":{"@id":"https:\/\/nbcs.mx\/#\/schema\/logo\/image\/"},"sameAs":["https:\/\/www.facebook.com\/NBCSnoticias","https:\/\/x.com\/NBCSnoticias"]},{"@type":"Person","@id":"https:\/\/nbcs.mx\/#\/schema\/person\/ece58bab9a7c1e87a4d28ec9ecd79ff4","name":"NBCS Noticias","image":{"@type":"ImageObject","inLanguage":"es","@id":"https:\/\/secure.gravatar.com\/avatar\/4e52110cad1c4054b43271a0d14bbe9e2ea76aecd0e1097edfc670798d9ca1d4?s=96&d=blank&r=g","url":"https:\/\/secure.gravatar.com\/avatar\/4e52110cad1c4054b43271a0d14bbe9e2ea76aecd0e1097edfc670798d9ca1d4?s=96&d=blank&r=g","contentUrl":"https:\/\/secure.gravatar.com\/avatar\/4e52110cad1c4054b43271a0d14bbe9e2ea76aecd0e1097edfc670798d9ca1d4?s=96&d=blank&r=g","caption":"NBCS Noticias"},"description":"\u00bfTienes fotos o video de alg\u00fan acto de posible negligencia, corrupci\u00f3n y abuso de autoridad? M\u00e1ndalo al WhatsApp de NBCS Noticias: 612 141 98 08","sameAs":["https:\/\/www.nbcs.mx","https:\/\/www.facebook.com\/NBCSnoticias","https:\/\/www.instagram.com\/nbcsnoticias\/","https:\/\/x.com\/https:\/\/twitter.com\/NBCSnoticias"]}]}},"jetpack_publicize_connections":[],"jetpack_featured_media_url":"https:\/\/nbcs.mx\/wp-content\/uploads\/2025\/12\/FRACCION-NUEVA-ALIANZA-251204-.jpeg","jetpack_sharing_enabled":true,"_links":{"self":[{"href":"https:\/\/nbcs.mx\/index.php?rest_route=\/wp\/v2\/posts\/158861","targetHints":{"allow":["GET"]}}],"collection":[{"href":"https:\/\/nbcs.mx\/index.php?rest_route=\/wp\/v2\/posts"}],"about":[{"href":"https:\/\/nbcs.mx\/index.php?rest_route=\/wp\/v2\/types\/post"}],"author":[{"embeddable":true,"href":"https:\/\/nbcs.mx\/index.php?rest_route=\/wp\/v2\/users\/1"}],"replies":[{"embeddable":true,"href":"https:\/\/nbcs.mx\/index.php?rest_route=%2Fwp%2Fv2%2Fcomments&post=158861"}],"version-history":[{"count":1,"href":"https:\/\/nbcs.mx\/index.php?rest_route=\/wp\/v2\/posts\/158861\/revisions"}],"predecessor-version":[{"id":158863,"href":"https:\/\/nbcs.mx\/index.php?rest_route=\/wp\/v2\/posts\/158861\/revisions\/158863"}],"wp:featuredmedia":[{"embeddable":true,"href":"https:\/\/nbcs.mx\/index.php?rest_route=\/wp\/v2\/media\/158862"}],"wp:attachment":[{"href":"https:\/\/nbcs.mx\/index.php?rest_route=%2Fwp%2Fv2%2Fmedia&parent=158861"}],"wp:term":[{"taxonomy":"category","embeddable":true,"href":"https:\/\/nbcs.mx\/index.php?rest_route=%2Fwp%2Fv2%2Fcategories&post=158861"},{"taxonomy":"post_tag","embeddable":true,"href":"https:\/\/nbcs.mx\/index.php?rest_route=%2Fwp%2Fv2%2Ftags&post=158861"}],"curies":[{"name":"wp","href":"https:\/\/api.w.org\/{rel}","templated":true}]}}