{"id":158890,"date":"2025-12-05T12:35:16","date_gmt":"2025-12-05T19:35:16","guid":{"rendered":"https:\/\/nbcs.mx\/?p=158890"},"modified":"2025-12-05T12:35:16","modified_gmt":"2025-12-05T19:35:16","slug":"proponen-reformas-para-preservar-promover-y-enriquecer-la-identidad-de-las-comunidades-originarias-de-bcs","status":"publish","type":"post","link":"https:\/\/nbcs.mx\/?p=158890","title":{"rendered":"Proponen reformas para preservar, promover, y enriquecer la identidad de las comunidades originarias de BCS"},"content":{"rendered":"<div>\n<p class=\"LO-normal\" style=\"text-align: justify;\"><span lang=\"ES\"><img loading=\"lazy\" decoding=\"async\" class=\" wp-image-158891 alignleft\" src=\"https:\/\/nbcs.mx\/wp-content\/uploads\/2025\/12\/DIP-FERNANDO-HOYOS-SERGIO-HUERTA-251204-574x492.jpeg\" alt=\"\" width=\"396\" height=\"339\" srcset=\"https:\/\/nbcs.mx\/wp-content\/uploads\/2025\/12\/DIP-FERNANDO-HOYOS-SERGIO-HUERTA-251204-574x492.jpeg 574w, https:\/\/nbcs.mx\/wp-content\/uploads\/2025\/12\/DIP-FERNANDO-HOYOS-SERGIO-HUERTA-251204-1024x878.jpeg 1024w, https:\/\/nbcs.mx\/wp-content\/uploads\/2025\/12\/DIP-FERNANDO-HOYOS-SERGIO-HUERTA-251204-150x129.jpeg 150w, https:\/\/nbcs.mx\/wp-content\/uploads\/2025\/12\/DIP-FERNANDO-HOYOS-SERGIO-HUERTA-251204-768x659.jpeg 768w, https:\/\/nbcs.mx\/wp-content\/uploads\/2025\/12\/DIP-FERNANDO-HOYOS-SERGIO-HUERTA-251204-1536x1317.jpeg 1536w, https:\/\/nbcs.mx\/wp-content\/uploads\/2025\/12\/DIP-FERNANDO-HOYOS-SERGIO-HUERTA-251204.jpeg 1600w\" sizes=\"auto, (max-width: 396px) 100vw, 396px\" \/>Turnan a la Comisi\u00f3n Permanente de Puntos Constitucionales y de Justicia la iniciativa presentada por los diputados Fernando Hoyos Aguilar y Sergio Ricardo Huerta Leggs, mediante la cual se busca que el Estado promueva y difunda la cultura regional que caracteriza las ra\u00edces hist\u00f3ricas, identidad y tradiciones, atendiendo la diversidad cultural existente en Baja California Sur.<\/span><\/p>\n<\/div>\n<div style=\"text-align: justify;\">\n<p class=\"LO-normal\"><span lang=\"ES\">\u00a0<\/span><\/p>\n<\/div>\n<div style=\"text-align: justify;\">\n<p class=\"LO-normal\"><span lang=\"ES\">En la exposici\u00f3n de motivos, Fernando Hoyos Aguilar expuso que lo que persigue la iniciativa es que se reconozca en la Constituci\u00f3n a las comunidades originarias del Estado, a los descendientes de la cultura ranchera, de costas y agr\u00edcola, por medio de la promoci\u00f3n de pol\u00edticas p\u00fablicas que logren abatir las desigualdades entre las ciudades y el campo y las costas, sin desnaturalizar sus elementos que los hacen reconocibles como tal.<\/span><\/p>\n<\/div>\n<div style=\"text-align: justify;\">\n<p class=\"LO-normal\"><span lang=\"ES\">\u00a0<\/span><\/p>\n<\/div>\n<div style=\"text-align: justify;\">\n<p class=\"LO-normal\"><span lang=\"ES\">En consecuencia, dijo, se aspira a que la ley provea las disposiciones que sean necesarias para elevar su bienestar social y preservar, promover y enriquecer la identidad, tradiciones, costumbres, conocimientos y modo de vida de sus comunidades originarias.<\/span><\/p>\n<\/div>\n<div style=\"text-align: justify;\">\n<p class=\"LO-normal\"><span lang=\"ES\">\u00a0<\/span><\/p>\n<\/div>\n<div style=\"text-align: justify;\">\n<p class=\"LO-normal\"><span lang=\"ES\">A su vez, el diputado Sergio Huerta Leggs, manifest\u00f3 que lo que se busca es obtener una protecci\u00f3n a todos aquellos elementos que constituyan la identidad, tradiciones y costumbres, dentro del marco que respete el pacto federal y la soberan\u00eda del Estado, as\u00ed como promover el desenvolvimiento social, cultural, art\u00edstico, deportivo, cient\u00edfico y tecnol\u00f3gico de la comunidad. \u201cPor medio de este impulso, consideramos preservar la cultura ranchera, de costas y agr\u00edcola que proviene de sus comunidades originarias\u201d, afirm\u00f3.<\/span><\/p>\n<\/div>\n<div style=\"text-align: justify;\">\n<p class=\"LO-normal\"><span lang=\"ES\">\u00a0<\/span><\/p>\n<\/div>\n<div style=\"text-align: justify;\">\n<p class=\"LO-normal\"><span lang=\"ES\">Sergio Huerta Leggs<\/span> <span lang=\"ES\">concluy\u00f3<\/span> <span lang=\"ES\">al manifestar que dicho proceso parlamentario surgi\u00f3 del deseo leg\u00edtimo de mineros, rancheros, pescadores, y familias de las costas del Golfo y del Pac\u00edfico, del norte y del sur sudcaliforniano, de las mujeres y hombres de los cuatro puntos cardinales de nuestra patria chica, quienes por generaciones con su presencia y trabajo han dado vida y sentido de pertenencia para M\u00e9xico y los mexicanos a las m\u00e1s de 2 mil 500 comunidades en los m\u00e1s de 77 mil kil\u00f3metros cuadrados de nuestra geograf\u00eda sudpeninsular.<\/span><\/p>\n<\/div>\n<div>\n<p class=\"LO-normal\" style=\"text-align: justify;\" align=\"center\"><span lang=\"ES\">\u00a0<\/span><\/p>\n<\/div>\n","protected":false},"excerpt":{"rendered":"<p>Turnan a la Comisi\u00f3n Permanente de Puntos Constitucionales y de Justicia la iniciativa presentada por los diputados Fernando Hoyos Aguilar<\/p>\n","protected":false},"author":1,"featured_media":158891,"comment_status":"open","ping_status":"closed","sticky":false,"template":"","format":"standard","meta":{"colormag_page_container_layout":"default_layout","colormag_page_sidebar_layout":"default_layout","_jetpack_memberships_contains_paid_content":false,"footnotes":"","jetpack_publicize_message":"","jetpack_publicize_feature_enabled":true,"jetpack_social_post_already_shared":true,"jetpack_social_options":{"image_generator_settings":{"template":"highway","default_image_id":0,"font":"","enabled":false},"version":2}},"categories":[48],"tags":[],"class_list":["post-158890","post","type-post","status-publish","format-standard","has-post-thumbnail","hentry","category-congreso-de-bcs"],"yoast_head":"<!-- This site is optimized with the Yoast SEO plugin v27.4 - https:\/\/yoast.com\/product\/yoast-seo-wordpress\/ -->\n<title>Proponen reformas para preservar, promover, y enriquecer la identidad de las comunidades originarias de BCS - NBCS Noticias<\/title>\n<meta name=\"robots\" content=\"index, follow, max-snippet:-1, max-image-preview:large, max-video-preview:-1\" \/>\n<link rel=\"canonical\" href=\"https:\/\/nbcs.mx\/?p=158890\" \/>\n<meta property=\"og:locale\" content=\"es_ES\" \/>\n<meta property=\"og:type\" content=\"article\" \/>\n<meta property=\"og:title\" content=\"Proponen reformas para preservar, promover, y enriquecer la identidad de las comunidades originarias de BCS - NBCS Noticias\" \/>\n<meta property=\"og:description\" content=\"Turnan a la Comisi\u00f3n Permanente de Puntos Constitucionales y de Justicia la iniciativa presentada por los diputados Fernando Hoyos Aguilar\" \/>\n<meta property=\"og:url\" content=\"https:\/\/nbcs.mx\/?p=158890\" \/>\n<meta property=\"og:site_name\" content=\"NBCS Noticias\" \/>\n<meta property=\"article:publisher\" content=\"https:\/\/www.facebook.com\/NBCSnoticias\" \/>\n<meta property=\"article:author\" content=\"https:\/\/www.facebook.com\/NBCSnoticias\" \/>\n<meta property=\"article:published_time\" content=\"2025-12-05T19:35:16+00:00\" \/>\n<meta property=\"og:image\" content=\"https:\/\/nbcs.mx\/wp-content\/uploads\/2025\/12\/DIP-FERNANDO-HOYOS-SERGIO-HUERTA-251204.jpeg\" \/>\n\t<meta property=\"og:image:width\" content=\"1600\" \/>\n\t<meta property=\"og:image:height\" content=\"1372\" \/>\n\t<meta property=\"og:image:type\" content=\"image\/jpeg\" \/>\n<meta name=\"author\" content=\"NBCS Noticias\" \/>\n<meta name=\"twitter:card\" content=\"summary_large_image\" \/>\n<meta name=\"twitter:creator\" content=\"@https:\/\/twitter.com\/NBCSnoticias\" \/>\n<meta name=\"twitter:site\" content=\"@NBCSnoticias\" \/>\n<meta name=\"twitter:label1\" content=\"Escrito por\" \/>\n\t<meta name=\"twitter:data1\" content=\"NBCS Noticias\" \/>\n\t<meta name=\"twitter:label2\" content=\"Tiempo de lectura\" \/>\n\t<meta name=\"twitter:data2\" content=\"2 minutos\" \/>\n<script type=\"application\/ld+json\" class=\"yoast-schema-graph\">{\"@context\":\"https:\\\/\\\/schema.org\",\"@graph\":[{\"@type\":\"Article\",\"@id\":\"https:\\\/\\\/nbcs.mx\\\/?p=158890#article\",\"isPartOf\":{\"@id\":\"https:\\\/\\\/nbcs.mx\\\/?p=158890\"},\"author\":{\"name\":\"NBCS Noticias\",\"@id\":\"https:\\\/\\\/nbcs.mx\\\/#\\\/schema\\\/person\\\/ece58bab9a7c1e87a4d28ec9ecd79ff4\"},\"headline\":\"Proponen reformas para preservar, promover, y enriquecer la identidad de las comunidades originarias de BCS\",\"datePublished\":\"2025-12-05T19:35:16+00:00\",\"mainEntityOfPage\":{\"@id\":\"https:\\\/\\\/nbcs.mx\\\/?p=158890\"},\"wordCount\":365,\"commentCount\":0,\"publisher\":{\"@id\":\"https:\\\/\\\/nbcs.mx\\\/#organization\"},\"image\":{\"@id\":\"https:\\\/\\\/nbcs.mx\\\/?p=158890#primaryimage\"},\"thumbnailUrl\":\"https:\\\/\\\/nbcs.mx\\\/wp-content\\\/uploads\\\/2025\\\/12\\\/DIP-FERNANDO-HOYOS-SERGIO-HUERTA-251204.jpeg\",\"articleSection\":[\"Congreso de BCS\"],\"inLanguage\":\"es\",\"potentialAction\":[{\"@type\":\"CommentAction\",\"name\":\"Comment\",\"target\":[\"https:\\\/\\\/nbcs.mx\\\/?p=158890#respond\"]}]},{\"@type\":\"WebPage\",\"@id\":\"https:\\\/\\\/nbcs.mx\\\/?p=158890\",\"url\":\"https:\\\/\\\/nbcs.mx\\\/?p=158890\",\"name\":\"Proponen reformas para preservar, promover, y enriquecer la identidad de las comunidades originarias de BCS - NBCS Noticias\",\"isPartOf\":{\"@id\":\"https:\\\/\\\/nbcs.mx\\\/#website\"},\"primaryImageOfPage\":{\"@id\":\"https:\\\/\\\/nbcs.mx\\\/?p=158890#primaryimage\"},\"image\":{\"@id\":\"https:\\\/\\\/nbcs.mx\\\/?p=158890#primaryimage\"},\"thumbnailUrl\":\"https:\\\/\\\/nbcs.mx\\\/wp-content\\\/uploads\\\/2025\\\/12\\\/DIP-FERNANDO-HOYOS-SERGIO-HUERTA-251204.jpeg\",\"datePublished\":\"2025-12-05T19:35:16+00:00\",\"breadcrumb\":{\"@id\":\"https:\\\/\\\/nbcs.mx\\\/?p=158890#breadcrumb\"},\"inLanguage\":\"es\",\"potentialAction\":[{\"@type\":\"ReadAction\",\"target\":[\"https:\\\/\\\/nbcs.mx\\\/?p=158890\"]}]},{\"@type\":\"ImageObject\",\"inLanguage\":\"es\",\"@id\":\"https:\\\/\\\/nbcs.mx\\\/?p=158890#primaryimage\",\"url\":\"https:\\\/\\\/nbcs.mx\\\/wp-content\\\/uploads\\\/2025\\\/12\\\/DIP-FERNANDO-HOYOS-SERGIO-HUERTA-251204.jpeg\",\"contentUrl\":\"https:\\\/\\\/nbcs.mx\\\/wp-content\\\/uploads\\\/2025\\\/12\\\/DIP-FERNANDO-HOYOS-SERGIO-HUERTA-251204.jpeg\",\"width\":1600,\"height\":1372},{\"@type\":\"BreadcrumbList\",\"@id\":\"https:\\\/\\\/nbcs.mx\\\/?p=158890#breadcrumb\",\"itemListElement\":[{\"@type\":\"ListItem\",\"position\":1,\"name\":\"Portada\",\"item\":\"https:\\\/\\\/nbcs.mx\\\/\"},{\"@type\":\"ListItem\",\"position\":2,\"name\":\"Proponen reformas para preservar, promover, y enriquecer la identidad de las comunidades originarias de BCS\"}]},{\"@type\":\"WebSite\",\"@id\":\"https:\\\/\\\/nbcs.mx\\\/#website\",\"url\":\"https:\\\/\\\/nbcs.mx\\\/\",\"name\":\"NBCS Noticias\",\"description\":\"Sitio web de noticias en Baja California Sur\",\"publisher\":{\"@id\":\"https:\\\/\\\/nbcs.mx\\\/#organization\"},\"potentialAction\":[{\"@type\":\"SearchAction\",\"target\":{\"@type\":\"EntryPoint\",\"urlTemplate\":\"https:\\\/\\\/nbcs.mx\\\/?s={search_term_string}\"},\"query-input\":{\"@type\":\"PropertyValueSpecification\",\"valueRequired\":true,\"valueName\":\"search_term_string\"}}],\"inLanguage\":\"es\"},{\"@type\":\"Organization\",\"@id\":\"https:\\\/\\\/nbcs.mx\\\/#organization\",\"name\":\"NBCS Noticias\",\"url\":\"https:\\\/\\\/nbcs.mx\\\/\",\"logo\":{\"@type\":\"ImageObject\",\"inLanguage\":\"es\",\"@id\":\"https:\\\/\\\/nbcs.mx\\\/#\\\/schema\\\/logo\\\/image\\\/\",\"url\":\"https:\\\/\\\/nbcs.mx\\\/wp-content\\\/uploads\\\/2018\\\/09\\\/057b69485e93575a5c2b1c1dde2dd297.jpeg\",\"contentUrl\":\"https:\\\/\\\/nbcs.mx\\\/wp-content\\\/uploads\\\/2018\\\/09\\\/057b69485e93575a5c2b1c1dde2dd297.jpeg\",\"width\":64,\"height\":64,\"caption\":\"NBCS Noticias\"},\"image\":{\"@id\":\"https:\\\/\\\/nbcs.mx\\\/#\\\/schema\\\/logo\\\/image\\\/\"},\"sameAs\":[\"https:\\\/\\\/www.facebook.com\\\/NBCSnoticias\",\"https:\\\/\\\/x.com\\\/NBCSnoticias\"]},{\"@type\":\"Person\",\"@id\":\"https:\\\/\\\/nbcs.mx\\\/#\\\/schema\\\/person\\\/ece58bab9a7c1e87a4d28ec9ecd79ff4\",\"name\":\"NBCS Noticias\",\"image\":{\"@type\":\"ImageObject\",\"inLanguage\":\"es\",\"@id\":\"https:\\\/\\\/secure.gravatar.com\\\/avatar\\\/4e52110cad1c4054b43271a0d14bbe9e2ea76aecd0e1097edfc670798d9ca1d4?s=96&d=blank&r=g\",\"url\":\"https:\\\/\\\/secure.gravatar.com\\\/avatar\\\/4e52110cad1c4054b43271a0d14bbe9e2ea76aecd0e1097edfc670798d9ca1d4?s=96&d=blank&r=g\",\"contentUrl\":\"https:\\\/\\\/secure.gravatar.com\\\/avatar\\\/4e52110cad1c4054b43271a0d14bbe9e2ea76aecd0e1097edfc670798d9ca1d4?s=96&d=blank&r=g\",\"caption\":\"NBCS Noticias\"},\"description\":\"\u00bfTienes fotos o video de alg\u00fan acto de posible negligencia, corrupci\u00f3n y abuso de autoridad? M\u00e1ndalo al WhatsApp de NBCS Noticias: 612 141 98 08\",\"sameAs\":[\"https:\\\/\\\/www.nbcs.mx\",\"https:\\\/\\\/www.facebook.com\\\/NBCSnoticias\",\"https:\\\/\\\/www.instagram.com\\\/nbcsnoticias\\\/\",\"https:\\\/\\\/x.com\\\/https:\\\/\\\/twitter.com\\\/NBCSnoticias\"]}]}<\/script>\n<!-- \/ Yoast SEO plugin. -->","yoast_head_json":{"title":"Proponen reformas para preservar, promover, y enriquecer la identidad de las comunidades originarias de BCS - NBCS Noticias","robots":{"index":"index","follow":"follow","max-snippet":"max-snippet:-1","max-image-preview":"max-image-preview:large","max-video-preview":"max-video-preview:-1"},"canonical":"https:\/\/nbcs.mx\/?p=158890","og_locale":"es_ES","og_type":"article","og_title":"Proponen reformas para preservar, promover, y enriquecer la identidad de las comunidades originarias de BCS - NBCS Noticias","og_description":"Turnan a la Comisi\u00f3n Permanente de Puntos Constitucionales y de Justicia la iniciativa presentada por los diputados Fernando Hoyos Aguilar","og_url":"https:\/\/nbcs.mx\/?p=158890","og_site_name":"NBCS Noticias","article_publisher":"https:\/\/www.facebook.com\/NBCSnoticias","article_author":"https:\/\/www.facebook.com\/NBCSnoticias","article_published_time":"2025-12-05T19:35:16+00:00","og_image":[{"width":1600,"height":1372,"url":"https:\/\/nbcs.mx\/wp-content\/uploads\/2025\/12\/DIP-FERNANDO-HOYOS-SERGIO-HUERTA-251204.jpeg","type":"image\/jpeg"}],"author":"NBCS Noticias","twitter_card":"summary_large_image","twitter_creator":"@https:\/\/twitter.com\/NBCSnoticias","twitter_site":"@NBCSnoticias","twitter_misc":{"Escrito por":"NBCS Noticias","Tiempo de lectura":"2 minutos"},"schema":{"@context":"https:\/\/schema.org","@graph":[{"@type":"Article","@id":"https:\/\/nbcs.mx\/?p=158890#article","isPartOf":{"@id":"https:\/\/nbcs.mx\/?p=158890"},"author":{"name":"NBCS Noticias","@id":"https:\/\/nbcs.mx\/#\/schema\/person\/ece58bab9a7c1e87a4d28ec9ecd79ff4"},"headline":"Proponen reformas para preservar, promover, y enriquecer la identidad de las comunidades originarias de BCS","datePublished":"2025-12-05T19:35:16+00:00","mainEntityOfPage":{"@id":"https:\/\/nbcs.mx\/?p=158890"},"wordCount":365,"commentCount":0,"publisher":{"@id":"https:\/\/nbcs.mx\/#organization"},"image":{"@id":"https:\/\/nbcs.mx\/?p=158890#primaryimage"},"thumbnailUrl":"https:\/\/nbcs.mx\/wp-content\/uploads\/2025\/12\/DIP-FERNANDO-HOYOS-SERGIO-HUERTA-251204.jpeg","articleSection":["Congreso de BCS"],"inLanguage":"es","potentialAction":[{"@type":"CommentAction","name":"Comment","target":["https:\/\/nbcs.mx\/?p=158890#respond"]}]},{"@type":"WebPage","@id":"https:\/\/nbcs.mx\/?p=158890","url":"https:\/\/nbcs.mx\/?p=158890","name":"Proponen reformas para preservar, promover, y enriquecer la identidad de las comunidades originarias de BCS - NBCS Noticias","isPartOf":{"@id":"https:\/\/nbcs.mx\/#website"},"primaryImageOfPage":{"@id":"https:\/\/nbcs.mx\/?p=158890#primaryimage"},"image":{"@id":"https:\/\/nbcs.mx\/?p=158890#primaryimage"},"thumbnailUrl":"https:\/\/nbcs.mx\/wp-content\/uploads\/2025\/12\/DIP-FERNANDO-HOYOS-SERGIO-HUERTA-251204.jpeg","datePublished":"2025-12-05T19:35:16+00:00","breadcrumb":{"@id":"https:\/\/nbcs.mx\/?p=158890#breadcrumb"},"inLanguage":"es","potentialAction":[{"@type":"ReadAction","target":["https:\/\/nbcs.mx\/?p=158890"]}]},{"@type":"ImageObject","inLanguage":"es","@id":"https:\/\/nbcs.mx\/?p=158890#primaryimage","url":"https:\/\/nbcs.mx\/wp-content\/uploads\/2025\/12\/DIP-FERNANDO-HOYOS-SERGIO-HUERTA-251204.jpeg","contentUrl":"https:\/\/nbcs.mx\/wp-content\/uploads\/2025\/12\/DIP-FERNANDO-HOYOS-SERGIO-HUERTA-251204.jpeg","width":1600,"height":1372},{"@type":"BreadcrumbList","@id":"https:\/\/nbcs.mx\/?p=158890#breadcrumb","itemListElement":[{"@type":"ListItem","position":1,"name":"Portada","item":"https:\/\/nbcs.mx\/"},{"@type":"ListItem","position":2,"name":"Proponen reformas para preservar, promover, y enriquecer la identidad de las comunidades originarias de BCS"}]},{"@type":"WebSite","@id":"https:\/\/nbcs.mx\/#website","url":"https:\/\/nbcs.mx\/","name":"NBCS Noticias","description":"Sitio web de noticias en Baja California Sur","publisher":{"@id":"https:\/\/nbcs.mx\/#organization"},"potentialAction":[{"@type":"SearchAction","target":{"@type":"EntryPoint","urlTemplate":"https:\/\/nbcs.mx\/?s={search_term_string}"},"query-input":{"@type":"PropertyValueSpecification","valueRequired":true,"valueName":"search_term_string"}}],"inLanguage":"es"},{"@type":"Organization","@id":"https:\/\/nbcs.mx\/#organization","name":"NBCS Noticias","url":"https:\/\/nbcs.mx\/","logo":{"@type":"ImageObject","inLanguage":"es","@id":"https:\/\/nbcs.mx\/#\/schema\/logo\/image\/","url":"https:\/\/nbcs.mx\/wp-content\/uploads\/2018\/09\/057b69485e93575a5c2b1c1dde2dd297.jpeg","contentUrl":"https:\/\/nbcs.mx\/wp-content\/uploads\/2018\/09\/057b69485e93575a5c2b1c1dde2dd297.jpeg","width":64,"height":64,"caption":"NBCS Noticias"},"image":{"@id":"https:\/\/nbcs.mx\/#\/schema\/logo\/image\/"},"sameAs":["https:\/\/www.facebook.com\/NBCSnoticias","https:\/\/x.com\/NBCSnoticias"]},{"@type":"Person","@id":"https:\/\/nbcs.mx\/#\/schema\/person\/ece58bab9a7c1e87a4d28ec9ecd79ff4","name":"NBCS Noticias","image":{"@type":"ImageObject","inLanguage":"es","@id":"https:\/\/secure.gravatar.com\/avatar\/4e52110cad1c4054b43271a0d14bbe9e2ea76aecd0e1097edfc670798d9ca1d4?s=96&d=blank&r=g","url":"https:\/\/secure.gravatar.com\/avatar\/4e52110cad1c4054b43271a0d14bbe9e2ea76aecd0e1097edfc670798d9ca1d4?s=96&d=blank&r=g","contentUrl":"https:\/\/secure.gravatar.com\/avatar\/4e52110cad1c4054b43271a0d14bbe9e2ea76aecd0e1097edfc670798d9ca1d4?s=96&d=blank&r=g","caption":"NBCS Noticias"},"description":"\u00bfTienes fotos o video de alg\u00fan acto de posible negligencia, corrupci\u00f3n y abuso de autoridad? M\u00e1ndalo al WhatsApp de NBCS Noticias: 612 141 98 08","sameAs":["https:\/\/www.nbcs.mx","https:\/\/www.facebook.com\/NBCSnoticias","https:\/\/www.instagram.com\/nbcsnoticias\/","https:\/\/x.com\/https:\/\/twitter.com\/NBCSnoticias"]}]}},"jetpack_publicize_connections":[],"jetpack_featured_media_url":"https:\/\/nbcs.mx\/wp-content\/uploads\/2025\/12\/DIP-FERNANDO-HOYOS-SERGIO-HUERTA-251204.jpeg","jetpack_sharing_enabled":true,"_links":{"self":[{"href":"https:\/\/nbcs.mx\/index.php?rest_route=\/wp\/v2\/posts\/158890","targetHints":{"allow":["GET"]}}],"collection":[{"href":"https:\/\/nbcs.mx\/index.php?rest_route=\/wp\/v2\/posts"}],"about":[{"href":"https:\/\/nbcs.mx\/index.php?rest_route=\/wp\/v2\/types\/post"}],"author":[{"embeddable":true,"href":"https:\/\/nbcs.mx\/index.php?rest_route=\/wp\/v2\/users\/1"}],"replies":[{"embeddable":true,"href":"https:\/\/nbcs.mx\/index.php?rest_route=%2Fwp%2Fv2%2Fcomments&post=158890"}],"version-history":[{"count":1,"href":"https:\/\/nbcs.mx\/index.php?rest_route=\/wp\/v2\/posts\/158890\/revisions"}],"predecessor-version":[{"id":158892,"href":"https:\/\/nbcs.mx\/index.php?rest_route=\/wp\/v2\/posts\/158890\/revisions\/158892"}],"wp:featuredmedia":[{"embeddable":true,"href":"https:\/\/nbcs.mx\/index.php?rest_route=\/wp\/v2\/media\/158891"}],"wp:attachment":[{"href":"https:\/\/nbcs.mx\/index.php?rest_route=%2Fwp%2Fv2%2Fmedia&parent=158890"}],"wp:term":[{"taxonomy":"category","embeddable":true,"href":"https:\/\/nbcs.mx\/index.php?rest_route=%2Fwp%2Fv2%2Fcategories&post=158890"},{"taxonomy":"post_tag","embeddable":true,"href":"https:\/\/nbcs.mx\/index.php?rest_route=%2Fwp%2Fv2%2Ftags&post=158890"}],"curies":[{"name":"wp","href":"https:\/\/api.w.org\/{rel}","templated":true}]}}