{"id":158925,"date":"2025-12-07T21:38:31","date_gmt":"2025-12-08T04:38:31","guid":{"rendered":"https:\/\/nbcs.mx\/?p=158925"},"modified":"2025-12-07T21:38:31","modified_gmt":"2025-12-08T04:38:31","slug":"conmemora-cree-bcs-40-anos-de-brindar-rehabilitacion-integral-a-la-poblacion","status":"publish","type":"post","link":"https:\/\/nbcs.mx\/?p=158925","title":{"rendered":"Conmemora CREE BCS 40 a\u00f1os de brindar rehabilitaci\u00f3n integral a la poblaci\u00f3n"},"content":{"rendered":"<div>\n<p style=\"text-align: justify;\"><img loading=\"lazy\" decoding=\"async\" class=\" wp-image-158926 alignleft\" src=\"https:\/\/nbcs.mx\/wp-content\/uploads\/2025\/12\/FOTO-BOLETIN-SEDIF-CONMEMORA-738x492.jpg\" alt=\"\" width=\"384\" height=\"256\" srcset=\"https:\/\/nbcs.mx\/wp-content\/uploads\/2025\/12\/FOTO-BOLETIN-SEDIF-CONMEMORA-738x492.jpg 738w, https:\/\/nbcs.mx\/wp-content\/uploads\/2025\/12\/FOTO-BOLETIN-SEDIF-CONMEMORA-1024x683.jpg 1024w, https:\/\/nbcs.mx\/wp-content\/uploads\/2025\/12\/FOTO-BOLETIN-SEDIF-CONMEMORA-150x100.jpg 150w, https:\/\/nbcs.mx\/wp-content\/uploads\/2025\/12\/FOTO-BOLETIN-SEDIF-CONMEMORA-768x512.jpg 768w, https:\/\/nbcs.mx\/wp-content\/uploads\/2025\/12\/FOTO-BOLETIN-SEDIF-CONMEMORA-1536x1024.jpg 1536w, https:\/\/nbcs.mx\/wp-content\/uploads\/2025\/12\/FOTO-BOLETIN-SEDIF-CONMEMORA-2048x1365.jpg 2048w\" sizes=\"auto, (max-width: 384px) 100vw, 384px\" \/>El Centro de Rehabilitaci\u00f3n y Educaci\u00f3n Especial (CREE) de Baja California Sur celebr\u00f3 su 40\u00b0 aniversario, consolid\u00e1ndose como un referente en la atenci\u00f3n y rehabilitaci\u00f3n integral en la entidad, inform\u00f3 el director general del Sistema Estatal DIF, Luis Alberto Cese\u00f1a Romero.<\/p>\n<\/div>\n<div style=\"text-align: justify;\">\n<p>Durante la ceremonia, Cese\u00f1a Romero resalt\u00f3 el compromiso del equipo multidisciplinario y se\u00f1al\u00f3 que dicho espacio brinda m\u00e1s de 100 atenciones diarias a personas de todos los municipios, fortaleciendo la salud y el bienestar de las familias sudcalifornianas.<\/p>\n<\/div>\n<div style=\"text-align: justify;\">\n<p>Como parte del aniversario, iniciaron las Jornadas Acad\u00e9micas Conmemorativas, enfocadas en la actualizaci\u00f3n profesional en temas prioritarios para la rehabilitaci\u00f3n y el diagn\u00f3stico temprano, que incluyen intervenciones terap\u00e9uticas especializadas, as\u00ed como contenidos de nutrici\u00f3n y trabajo social.<\/p>\n<\/div>\n<div style=\"text-align: justify;\">\n<p>En este sentido, Alberto Cese\u00f1a destac\u00f3 que cuatro d\u00e9cadas de trabajo han permitido mejorar la calidad de vida de miles de personas y avanzar en la inclusi\u00f3n de personas con discapacidad, mediante un modelo de atenci\u00f3n que se fortalece con la colaboraci\u00f3n interinstitucional.<\/p>\n<\/div>\n<div style=\"text-align: justify;\">\n<p>Fundado en 1985, el CREE ofrece servicios de Medicina de Rehabilitaci\u00f3n, Pediatr\u00eda, Rayos X, Nutrici\u00f3n, Estimulaci\u00f3n Temprana, Terapias F\u00edsica, Ocupacional y de Lenguaje, talleres de Pr\u00f3tesis y Lentes, Odontolog\u00eda, Audiometr\u00edas, Certificados de Discapacidad, la Escuela de Rehabilitaci\u00f3n F\u00edsica y la nueva Cl\u00ednica de Atenci\u00f3n Integral para el Trastorno del Espectro Autista.<\/p>\n<\/div>\n<div>\n<p style=\"text-align: justify;\">\n<\/div>\n","protected":false},"excerpt":{"rendered":"<p>El Centro de Rehabilitaci\u00f3n y Educaci\u00f3n Especial (CREE) de Baja California Sur celebr\u00f3 su 40\u00b0 aniversario, consolid\u00e1ndose como un referente<\/p>\n","protected":false},"author":1,"featured_media":158926,"comment_status":"open","ping_status":"closed","sticky":false,"template":"","format":"standard","meta":{"colormag_page_container_layout":"default_layout","colormag_page_sidebar_layout":"default_layout","_jetpack_memberships_contains_paid_content":false,"footnotes":"","jetpack_publicize_message":"","jetpack_publicize_feature_enabled":true,"jetpack_social_post_already_shared":true,"jetpack_social_options":{"image_generator_settings":{"template":"highway","default_image_id":0,"font":"","enabled":false},"version":2}},"categories":[1],"tags":[],"class_list":["post-158925","post","type-post","status-publish","format-standard","has-post-thumbnail","hentry","category-noticias"],"yoast_head":"<!-- This site is optimized with the Yoast SEO plugin v27.4 - https:\/\/yoast.com\/product\/yoast-seo-wordpress\/ -->\n<title>Conmemora CREE BCS 40 a\u00f1os de brindar rehabilitaci\u00f3n integral a la poblaci\u00f3n - NBCS Noticias<\/title>\n<meta name=\"robots\" content=\"index, follow, max-snippet:-1, max-image-preview:large, max-video-preview:-1\" \/>\n<link rel=\"canonical\" href=\"https:\/\/nbcs.mx\/?p=158925\" \/>\n<meta property=\"og:locale\" content=\"es_ES\" \/>\n<meta property=\"og:type\" content=\"article\" \/>\n<meta property=\"og:title\" content=\"Conmemora CREE BCS 40 a\u00f1os de brindar rehabilitaci\u00f3n integral a la poblaci\u00f3n - NBCS Noticias\" \/>\n<meta property=\"og:description\" content=\"El Centro de Rehabilitaci\u00f3n y Educaci\u00f3n Especial (CREE) de Baja California Sur celebr\u00f3 su 40\u00b0 aniversario, consolid\u00e1ndose como un referente\" \/>\n<meta property=\"og:url\" content=\"https:\/\/nbcs.mx\/?p=158925\" \/>\n<meta property=\"og:site_name\" content=\"NBCS Noticias\" \/>\n<meta property=\"article:publisher\" content=\"https:\/\/www.facebook.com\/NBCSnoticias\" \/>\n<meta property=\"article:author\" content=\"https:\/\/www.facebook.com\/NBCSnoticias\" \/>\n<meta property=\"article:published_time\" content=\"2025-12-08T04:38:31+00:00\" \/>\n<meta property=\"og:image\" content=\"https:\/\/nbcs.mx\/wp-content\/uploads\/2025\/12\/FOTO-BOLETIN-SEDIF-CONMEMORA-scaled.jpg\" \/>\n\t<meta property=\"og:image:width\" content=\"2560\" \/>\n\t<meta property=\"og:image:height\" content=\"1707\" \/>\n\t<meta property=\"og:image:type\" content=\"image\/jpeg\" \/>\n<meta name=\"author\" content=\"NBCS Noticias\" \/>\n<meta name=\"twitter:card\" content=\"summary_large_image\" \/>\n<meta name=\"twitter:creator\" content=\"@https:\/\/twitter.com\/NBCSnoticias\" \/>\n<meta name=\"twitter:site\" content=\"@NBCSnoticias\" \/>\n<meta name=\"twitter:label1\" content=\"Escrito por\" \/>\n\t<meta name=\"twitter:data1\" content=\"NBCS Noticias\" \/>\n\t<meta name=\"twitter:label2\" content=\"Tiempo de lectura\" \/>\n\t<meta name=\"twitter:data2\" content=\"2 minutos\" \/>\n<script type=\"application\/ld+json\" class=\"yoast-schema-graph\">{\"@context\":\"https:\\\/\\\/schema.org\",\"@graph\":[{\"@type\":\"Article\",\"@id\":\"https:\\\/\\\/nbcs.mx\\\/?p=158925#article\",\"isPartOf\":{\"@id\":\"https:\\\/\\\/nbcs.mx\\\/?p=158925\"},\"author\":{\"name\":\"NBCS Noticias\",\"@id\":\"https:\\\/\\\/nbcs.mx\\\/#\\\/schema\\\/person\\\/ece58bab9a7c1e87a4d28ec9ecd79ff4\"},\"headline\":\"Conmemora CREE BCS 40 a\u00f1os de brindar rehabilitaci\u00f3n integral a la poblaci\u00f3n\",\"datePublished\":\"2025-12-08T04:38:31+00:00\",\"mainEntityOfPage\":{\"@id\":\"https:\\\/\\\/nbcs.mx\\\/?p=158925\"},\"wordCount\":253,\"commentCount\":0,\"publisher\":{\"@id\":\"https:\\\/\\\/nbcs.mx\\\/#organization\"},\"image\":{\"@id\":\"https:\\\/\\\/nbcs.mx\\\/?p=158925#primaryimage\"},\"thumbnailUrl\":\"https:\\\/\\\/nbcs.mx\\\/wp-content\\\/uploads\\\/2025\\\/12\\\/FOTO-BOLETIN-SEDIF-CONMEMORA-scaled.jpg\",\"articleSection\":[\"Noticias\"],\"inLanguage\":\"es\",\"potentialAction\":[{\"@type\":\"CommentAction\",\"name\":\"Comment\",\"target\":[\"https:\\\/\\\/nbcs.mx\\\/?p=158925#respond\"]}]},{\"@type\":\"WebPage\",\"@id\":\"https:\\\/\\\/nbcs.mx\\\/?p=158925\",\"url\":\"https:\\\/\\\/nbcs.mx\\\/?p=158925\",\"name\":\"Conmemora CREE BCS 40 a\u00f1os de brindar rehabilitaci\u00f3n integral a la poblaci\u00f3n - NBCS Noticias\",\"isPartOf\":{\"@id\":\"https:\\\/\\\/nbcs.mx\\\/#website\"},\"primaryImageOfPage\":{\"@id\":\"https:\\\/\\\/nbcs.mx\\\/?p=158925#primaryimage\"},\"image\":{\"@id\":\"https:\\\/\\\/nbcs.mx\\\/?p=158925#primaryimage\"},\"thumbnailUrl\":\"https:\\\/\\\/nbcs.mx\\\/wp-content\\\/uploads\\\/2025\\\/12\\\/FOTO-BOLETIN-SEDIF-CONMEMORA-scaled.jpg\",\"datePublished\":\"2025-12-08T04:38:31+00:00\",\"breadcrumb\":{\"@id\":\"https:\\\/\\\/nbcs.mx\\\/?p=158925#breadcrumb\"},\"inLanguage\":\"es\",\"potentialAction\":[{\"@type\":\"ReadAction\",\"target\":[\"https:\\\/\\\/nbcs.mx\\\/?p=158925\"]}]},{\"@type\":\"ImageObject\",\"inLanguage\":\"es\",\"@id\":\"https:\\\/\\\/nbcs.mx\\\/?p=158925#primaryimage\",\"url\":\"https:\\\/\\\/nbcs.mx\\\/wp-content\\\/uploads\\\/2025\\\/12\\\/FOTO-BOLETIN-SEDIF-CONMEMORA-scaled.jpg\",\"contentUrl\":\"https:\\\/\\\/nbcs.mx\\\/wp-content\\\/uploads\\\/2025\\\/12\\\/FOTO-BOLETIN-SEDIF-CONMEMORA-scaled.jpg\",\"width\":2560,\"height\":1707},{\"@type\":\"BreadcrumbList\",\"@id\":\"https:\\\/\\\/nbcs.mx\\\/?p=158925#breadcrumb\",\"itemListElement\":[{\"@type\":\"ListItem\",\"position\":1,\"name\":\"Portada\",\"item\":\"https:\\\/\\\/nbcs.mx\\\/\"},{\"@type\":\"ListItem\",\"position\":2,\"name\":\"Conmemora CREE BCS 40 a\u00f1os de brindar rehabilitaci\u00f3n integral a la poblaci\u00f3n\"}]},{\"@type\":\"WebSite\",\"@id\":\"https:\\\/\\\/nbcs.mx\\\/#website\",\"url\":\"https:\\\/\\\/nbcs.mx\\\/\",\"name\":\"NBCS Noticias\",\"description\":\"Sitio web de noticias en Baja California Sur\",\"publisher\":{\"@id\":\"https:\\\/\\\/nbcs.mx\\\/#organization\"},\"potentialAction\":[{\"@type\":\"SearchAction\",\"target\":{\"@type\":\"EntryPoint\",\"urlTemplate\":\"https:\\\/\\\/nbcs.mx\\\/?s={search_term_string}\"},\"query-input\":{\"@type\":\"PropertyValueSpecification\",\"valueRequired\":true,\"valueName\":\"search_term_string\"}}],\"inLanguage\":\"es\"},{\"@type\":\"Organization\",\"@id\":\"https:\\\/\\\/nbcs.mx\\\/#organization\",\"name\":\"NBCS Noticias\",\"url\":\"https:\\\/\\\/nbcs.mx\\\/\",\"logo\":{\"@type\":\"ImageObject\",\"inLanguage\":\"es\",\"@id\":\"https:\\\/\\\/nbcs.mx\\\/#\\\/schema\\\/logo\\\/image\\\/\",\"url\":\"https:\\\/\\\/nbcs.mx\\\/wp-content\\\/uploads\\\/2018\\\/09\\\/057b69485e93575a5c2b1c1dde2dd297.jpeg\",\"contentUrl\":\"https:\\\/\\\/nbcs.mx\\\/wp-content\\\/uploads\\\/2018\\\/09\\\/057b69485e93575a5c2b1c1dde2dd297.jpeg\",\"width\":64,\"height\":64,\"caption\":\"NBCS Noticias\"},\"image\":{\"@id\":\"https:\\\/\\\/nbcs.mx\\\/#\\\/schema\\\/logo\\\/image\\\/\"},\"sameAs\":[\"https:\\\/\\\/www.facebook.com\\\/NBCSnoticias\",\"https:\\\/\\\/x.com\\\/NBCSnoticias\"]},{\"@type\":\"Person\",\"@id\":\"https:\\\/\\\/nbcs.mx\\\/#\\\/schema\\\/person\\\/ece58bab9a7c1e87a4d28ec9ecd79ff4\",\"name\":\"NBCS Noticias\",\"image\":{\"@type\":\"ImageObject\",\"inLanguage\":\"es\",\"@id\":\"https:\\\/\\\/secure.gravatar.com\\\/avatar\\\/4e52110cad1c4054b43271a0d14bbe9e2ea76aecd0e1097edfc670798d9ca1d4?s=96&d=blank&r=g\",\"url\":\"https:\\\/\\\/secure.gravatar.com\\\/avatar\\\/4e52110cad1c4054b43271a0d14bbe9e2ea76aecd0e1097edfc670798d9ca1d4?s=96&d=blank&r=g\",\"contentUrl\":\"https:\\\/\\\/secure.gravatar.com\\\/avatar\\\/4e52110cad1c4054b43271a0d14bbe9e2ea76aecd0e1097edfc670798d9ca1d4?s=96&d=blank&r=g\",\"caption\":\"NBCS Noticias\"},\"description\":\"\u00bfTienes fotos o video de alg\u00fan acto de posible negligencia, corrupci\u00f3n y abuso de autoridad? M\u00e1ndalo al WhatsApp de NBCS Noticias: 612 141 98 08\",\"sameAs\":[\"https:\\\/\\\/www.nbcs.mx\",\"https:\\\/\\\/www.facebook.com\\\/NBCSnoticias\",\"https:\\\/\\\/www.instagram.com\\\/nbcsnoticias\\\/\",\"https:\\\/\\\/x.com\\\/https:\\\/\\\/twitter.com\\\/NBCSnoticias\"]}]}<\/script>\n<!-- \/ Yoast SEO plugin. -->","yoast_head_json":{"title":"Conmemora CREE BCS 40 a\u00f1os de brindar rehabilitaci\u00f3n integral a la poblaci\u00f3n - NBCS Noticias","robots":{"index":"index","follow":"follow","max-snippet":"max-snippet:-1","max-image-preview":"max-image-preview:large","max-video-preview":"max-video-preview:-1"},"canonical":"https:\/\/nbcs.mx\/?p=158925","og_locale":"es_ES","og_type":"article","og_title":"Conmemora CREE BCS 40 a\u00f1os de brindar rehabilitaci\u00f3n integral a la poblaci\u00f3n - NBCS Noticias","og_description":"El Centro de Rehabilitaci\u00f3n y Educaci\u00f3n Especial (CREE) de Baja California Sur celebr\u00f3 su 40\u00b0 aniversario, consolid\u00e1ndose como un referente","og_url":"https:\/\/nbcs.mx\/?p=158925","og_site_name":"NBCS Noticias","article_publisher":"https:\/\/www.facebook.com\/NBCSnoticias","article_author":"https:\/\/www.facebook.com\/NBCSnoticias","article_published_time":"2025-12-08T04:38:31+00:00","og_image":[{"width":2560,"height":1707,"url":"https:\/\/nbcs.mx\/wp-content\/uploads\/2025\/12\/FOTO-BOLETIN-SEDIF-CONMEMORA-scaled.jpg","type":"image\/jpeg"}],"author":"NBCS Noticias","twitter_card":"summary_large_image","twitter_creator":"@https:\/\/twitter.com\/NBCSnoticias","twitter_site":"@NBCSnoticias","twitter_misc":{"Escrito por":"NBCS Noticias","Tiempo de lectura":"2 minutos"},"schema":{"@context":"https:\/\/schema.org","@graph":[{"@type":"Article","@id":"https:\/\/nbcs.mx\/?p=158925#article","isPartOf":{"@id":"https:\/\/nbcs.mx\/?p=158925"},"author":{"name":"NBCS Noticias","@id":"https:\/\/nbcs.mx\/#\/schema\/person\/ece58bab9a7c1e87a4d28ec9ecd79ff4"},"headline":"Conmemora CREE BCS 40 a\u00f1os de brindar rehabilitaci\u00f3n integral a la poblaci\u00f3n","datePublished":"2025-12-08T04:38:31+00:00","mainEntityOfPage":{"@id":"https:\/\/nbcs.mx\/?p=158925"},"wordCount":253,"commentCount":0,"publisher":{"@id":"https:\/\/nbcs.mx\/#organization"},"image":{"@id":"https:\/\/nbcs.mx\/?p=158925#primaryimage"},"thumbnailUrl":"https:\/\/nbcs.mx\/wp-content\/uploads\/2025\/12\/FOTO-BOLETIN-SEDIF-CONMEMORA-scaled.jpg","articleSection":["Noticias"],"inLanguage":"es","potentialAction":[{"@type":"CommentAction","name":"Comment","target":["https:\/\/nbcs.mx\/?p=158925#respond"]}]},{"@type":"WebPage","@id":"https:\/\/nbcs.mx\/?p=158925","url":"https:\/\/nbcs.mx\/?p=158925","name":"Conmemora CREE BCS 40 a\u00f1os de brindar rehabilitaci\u00f3n integral a la poblaci\u00f3n - NBCS Noticias","isPartOf":{"@id":"https:\/\/nbcs.mx\/#website"},"primaryImageOfPage":{"@id":"https:\/\/nbcs.mx\/?p=158925#primaryimage"},"image":{"@id":"https:\/\/nbcs.mx\/?p=158925#primaryimage"},"thumbnailUrl":"https:\/\/nbcs.mx\/wp-content\/uploads\/2025\/12\/FOTO-BOLETIN-SEDIF-CONMEMORA-scaled.jpg","datePublished":"2025-12-08T04:38:31+00:00","breadcrumb":{"@id":"https:\/\/nbcs.mx\/?p=158925#breadcrumb"},"inLanguage":"es","potentialAction":[{"@type":"ReadAction","target":["https:\/\/nbcs.mx\/?p=158925"]}]},{"@type":"ImageObject","inLanguage":"es","@id":"https:\/\/nbcs.mx\/?p=158925#primaryimage","url":"https:\/\/nbcs.mx\/wp-content\/uploads\/2025\/12\/FOTO-BOLETIN-SEDIF-CONMEMORA-scaled.jpg","contentUrl":"https:\/\/nbcs.mx\/wp-content\/uploads\/2025\/12\/FOTO-BOLETIN-SEDIF-CONMEMORA-scaled.jpg","width":2560,"height":1707},{"@type":"BreadcrumbList","@id":"https:\/\/nbcs.mx\/?p=158925#breadcrumb","itemListElement":[{"@type":"ListItem","position":1,"name":"Portada","item":"https:\/\/nbcs.mx\/"},{"@type":"ListItem","position":2,"name":"Conmemora CREE BCS 40 a\u00f1os de brindar rehabilitaci\u00f3n integral a la poblaci\u00f3n"}]},{"@type":"WebSite","@id":"https:\/\/nbcs.mx\/#website","url":"https:\/\/nbcs.mx\/","name":"NBCS Noticias","description":"Sitio web de noticias en Baja California Sur","publisher":{"@id":"https:\/\/nbcs.mx\/#organization"},"potentialAction":[{"@type":"SearchAction","target":{"@type":"EntryPoint","urlTemplate":"https:\/\/nbcs.mx\/?s={search_term_string}"},"query-input":{"@type":"PropertyValueSpecification","valueRequired":true,"valueName":"search_term_string"}}],"inLanguage":"es"},{"@type":"Organization","@id":"https:\/\/nbcs.mx\/#organization","name":"NBCS Noticias","url":"https:\/\/nbcs.mx\/","logo":{"@type":"ImageObject","inLanguage":"es","@id":"https:\/\/nbcs.mx\/#\/schema\/logo\/image\/","url":"https:\/\/nbcs.mx\/wp-content\/uploads\/2018\/09\/057b69485e93575a5c2b1c1dde2dd297.jpeg","contentUrl":"https:\/\/nbcs.mx\/wp-content\/uploads\/2018\/09\/057b69485e93575a5c2b1c1dde2dd297.jpeg","width":64,"height":64,"caption":"NBCS Noticias"},"image":{"@id":"https:\/\/nbcs.mx\/#\/schema\/logo\/image\/"},"sameAs":["https:\/\/www.facebook.com\/NBCSnoticias","https:\/\/x.com\/NBCSnoticias"]},{"@type":"Person","@id":"https:\/\/nbcs.mx\/#\/schema\/person\/ece58bab9a7c1e87a4d28ec9ecd79ff4","name":"NBCS Noticias","image":{"@type":"ImageObject","inLanguage":"es","@id":"https:\/\/secure.gravatar.com\/avatar\/4e52110cad1c4054b43271a0d14bbe9e2ea76aecd0e1097edfc670798d9ca1d4?s=96&d=blank&r=g","url":"https:\/\/secure.gravatar.com\/avatar\/4e52110cad1c4054b43271a0d14bbe9e2ea76aecd0e1097edfc670798d9ca1d4?s=96&d=blank&r=g","contentUrl":"https:\/\/secure.gravatar.com\/avatar\/4e52110cad1c4054b43271a0d14bbe9e2ea76aecd0e1097edfc670798d9ca1d4?s=96&d=blank&r=g","caption":"NBCS Noticias"},"description":"\u00bfTienes fotos o video de alg\u00fan acto de posible negligencia, corrupci\u00f3n y abuso de autoridad? M\u00e1ndalo al WhatsApp de NBCS Noticias: 612 141 98 08","sameAs":["https:\/\/www.nbcs.mx","https:\/\/www.facebook.com\/NBCSnoticias","https:\/\/www.instagram.com\/nbcsnoticias\/","https:\/\/x.com\/https:\/\/twitter.com\/NBCSnoticias"]}]}},"jetpack_publicize_connections":[],"jetpack_featured_media_url":"https:\/\/nbcs.mx\/wp-content\/uploads\/2025\/12\/FOTO-BOLETIN-SEDIF-CONMEMORA-scaled.jpg","jetpack_sharing_enabled":true,"_links":{"self":[{"href":"https:\/\/nbcs.mx\/index.php?rest_route=\/wp\/v2\/posts\/158925","targetHints":{"allow":["GET"]}}],"collection":[{"href":"https:\/\/nbcs.mx\/index.php?rest_route=\/wp\/v2\/posts"}],"about":[{"href":"https:\/\/nbcs.mx\/index.php?rest_route=\/wp\/v2\/types\/post"}],"author":[{"embeddable":true,"href":"https:\/\/nbcs.mx\/index.php?rest_route=\/wp\/v2\/users\/1"}],"replies":[{"embeddable":true,"href":"https:\/\/nbcs.mx\/index.php?rest_route=%2Fwp%2Fv2%2Fcomments&post=158925"}],"version-history":[{"count":1,"href":"https:\/\/nbcs.mx\/index.php?rest_route=\/wp\/v2\/posts\/158925\/revisions"}],"predecessor-version":[{"id":158927,"href":"https:\/\/nbcs.mx\/index.php?rest_route=\/wp\/v2\/posts\/158925\/revisions\/158927"}],"wp:featuredmedia":[{"embeddable":true,"href":"https:\/\/nbcs.mx\/index.php?rest_route=\/wp\/v2\/media\/158926"}],"wp:attachment":[{"href":"https:\/\/nbcs.mx\/index.php?rest_route=%2Fwp%2Fv2%2Fmedia&parent=158925"}],"wp:term":[{"taxonomy":"category","embeddable":true,"href":"https:\/\/nbcs.mx\/index.php?rest_route=%2Fwp%2Fv2%2Fcategories&post=158925"},{"taxonomy":"post_tag","embeddable":true,"href":"https:\/\/nbcs.mx\/index.php?rest_route=%2Fwp%2Fv2%2Ftags&post=158925"}],"curies":[{"name":"wp","href":"https:\/\/api.w.org\/{rel}","templated":true}]}}