{"id":158928,"date":"2025-12-07T21:40:33","date_gmt":"2025-12-08T04:40:33","guid":{"rendered":"https:\/\/nbcs.mx\/?p=158928"},"modified":"2025-12-07T21:40:33","modified_gmt":"2025-12-08T04:40:33","slug":"culmino-la-primera-copa-mar-de-cortes-sub-13","status":"publish","type":"post","link":"https:\/\/nbcs.mx\/?p=158928","title":{"rendered":"Culmin\u00f3 la primera Copa Mar de Cort\u00e9s Sub-13"},"content":{"rendered":"<p style=\"text-align: justify;\">Culmin\u00f3 con gran \u00e9xito la\u00a0<strong>primera edici\u00f3n de la Copa Mar de Cort\u00e9s Sub-13<\/strong>, un torneo organizado por\u00a0<strong>Club Atl\u00e9tico La Paz<\/strong>\u00a0con el objetivo de impulsar el desarrollo juvenil en Baja California Sur y acercar a las nuevas generaciones a un entorno competitivo de alto nivel.<\/p>\n<div class=\"captioned-image-container\" style=\"text-align: justify;\">\n<figure>\n<div class=\"image2-inset\"><picture><source srcset=\"https:\/\/substackcdn.com\/image\/fetch\/$s_!dMpS!,w_424,c_limit,f_webp,q_auto:good,fl_progressive:steep\/https%3A%2F%2Fsubstack-post-media.s3.amazonaws.com%2Fpublic%2Fimages%2Fe82c6eb9-9833-4833-bb6b-6921f7095f83_2048x1365.jpeg 424w, https:\/\/substackcdn.com\/image\/fetch\/$s_!dMpS!,w_848,c_limit,f_webp,q_auto:good,fl_progressive:steep\/https%3A%2F%2Fsubstack-post-media.s3.amazonaws.com%2Fpublic%2Fimages%2Fe82c6eb9-9833-4833-bb6b-6921f7095f83_2048x1365.jpeg 848w, https:\/\/substackcdn.com\/image\/fetch\/$s_!dMpS!,w_1272,c_limit,f_webp,q_auto:good,fl_progressive:steep\/https%3A%2F%2Fsubstack-post-media.s3.amazonaws.com%2Fpublic%2Fimages%2Fe82c6eb9-9833-4833-bb6b-6921f7095f83_2048x1365.jpeg 1272w, https:\/\/substackcdn.com\/image\/fetch\/$s_!dMpS!,w_1456,c_limit,f_webp,q_auto:good,fl_progressive:steep\/https%3A%2F%2Fsubstack-post-media.s3.amazonaws.com%2Fpublic%2Fimages%2Fe82c6eb9-9833-4833-bb6b-6921f7095f83_2048x1365.jpeg 1456w\" type=\"image\/webp\" sizes=\"100vw\" \/><img loading=\"lazy\" decoding=\"async\" class=\"sizing-normal\" src=\"https:\/\/substackcdn.com\/image\/fetch\/$s_!dMpS!,w_1456,c_limit,f_auto,q_auto:good,fl_progressive:steep\/https%3A%2F%2Fsubstack-post-media.s3.amazonaws.com%2Fpublic%2Fimages%2Fe82c6eb9-9833-4833-bb6b-6921f7095f83_2048x1365.jpeg\" sizes=\"auto, 100vw\" srcset=\"https:\/\/substackcdn.com\/image\/fetch\/$s_!dMpS!,w_424,c_limit,f_auto,q_auto:good,fl_progressive:steep\/https%3A%2F%2Fsubstack-post-media.s3.amazonaws.com%2Fpublic%2Fimages%2Fe82c6eb9-9833-4833-bb6b-6921f7095f83_2048x1365.jpeg 424w, https:\/\/substackcdn.com\/image\/fetch\/$s_!dMpS!,w_848,c_limit,f_auto,q_auto:good,fl_progressive:steep\/https%3A%2F%2Fsubstack-post-media.s3.amazonaws.com%2Fpublic%2Fimages%2Fe82c6eb9-9833-4833-bb6b-6921f7095f83_2048x1365.jpeg 848w, https:\/\/substackcdn.com\/image\/fetch\/$s_!dMpS!,w_1272,c_limit,f_auto,q_auto:good,fl_progressive:steep\/https%3A%2F%2Fsubstack-post-media.s3.amazonaws.com%2Fpublic%2Fimages%2Fe82c6eb9-9833-4833-bb6b-6921f7095f83_2048x1365.jpeg 1272w, https:\/\/substackcdn.com\/image\/fetch\/$s_!dMpS!,w_1456,c_limit,f_auto,q_auto:good,fl_progressive:steep\/https%3A%2F%2Fsubstack-post-media.s3.amazonaws.com%2Fpublic%2Fimages%2Fe82c6eb9-9833-4833-bb6b-6921f7095f83_2048x1365.jpeg 1456w\" alt=\"\" width=\"1456\" height=\"970\" data-attrs=\"{&quot;src&quot;:&quot;https:\/\/substack-post-media.s3.amazonaws.com\/public\/images\/e82c6eb9-9833-4833-bb6b-6921f7095f83_2048x1365.jpeg&quot;,&quot;srcNoWatermark&quot;:null,&quot;fullscreen&quot;:null,&quot;imageSize&quot;:null,&quot;height&quot;:970,&quot;width&quot;:1456,&quot;resizeWidth&quot;:null,&quot;bytes&quot;:1535902,&quot;alt&quot;:null,&quot;title&quot;:null,&quot;type&quot;:&quot;image\/jpeg&quot;,&quot;href&quot;:null,&quot;belowTheFold&quot;:false,&quot;topImage&quot;:true,&quot;internalRedirect&quot;:&quot;https:\/\/clubatlticolapaz.substack.com\/i\/180925798?img=https%3A%2F%2Fsubstack-post-media.s3.amazonaws.com%2Fpublic%2Fimages%2Fe82c6eb9-9833-4833-bb6b-6921f7095f83_2048x1365.jpeg&quot;,&quot;isProcessing&quot;:false,&quot;align&quot;:null,&quot;offset&quot;:false}\" \/><\/picture>\n<div class=\"image-link-expand\">\n<div class=\"pencraft pc-display-flex pc-gap-8 pc-reset\"><\/div>\n<\/div>\n<\/div>\n<\/figure>\n<\/div>\n<p style=\"text-align: justify;\">Durante tres d\u00edas, el Estadio Guaycura recibi\u00f3 a las categor\u00edas Sub 13 de\u00a0<strong>Toluca FC, Xolos de Tijuana, Quer\u00e9taro FC<\/strong>, adem\u00e1s del anfitri\u00f3n\u00a0<strong>Club Atl\u00e9tico La Paz<\/strong>, consolidando un espacio formativo que fortalece los valores deportivos y proyecta el talento sudcaliforniano hacia sus siguientes etapas.<\/p>\n<p style=\"text-align: justify;\">En la gran final,\u00a0<strong>Toluca<\/strong>\u00a0se proclam\u00f3 campe\u00f3n tras vencer 3\u20130 a\u00a0<strong>Club Atl\u00e9tico La Paz Sub-13<\/strong>, en un encuentro lleno de intensidad y buenas acciones colectivas por parte de ambos equipos. Aunque el t\u00edtulo qued\u00f3 en manos del visitante, el torneo signific\u00f3 un importante paso de crecimiento para nuestros jugadores, entrenadores y \u00e1rbitros sudcalifornianos.<\/p>\n<h3 class=\"header-anchor-post\" style=\"text-align: justify;\"><strong>La participaci\u00f3n de Club Atl\u00e9tico La Paz Sub-13<\/strong><\/h3>\n<div class=\"pencraft pc-display-flex pc-alignItems-center pc-position-absolute pc-reset header-anchor-parent\" style=\"text-align: justify;\">\n<div class=\"pencraft pc-display-contents pc-reset pubTheme-yiXxQA\">\n<div id=\"\u00a7la-participacion-de-club-atletico-la-paz-sub\" class=\"pencraft pc-reset header-anchor offset-top\"><\/div>\n<p><button class=\"pencraft pc-reset pencraft iconButton-mq_Et5 iconButtonBase-dJGHgN buttonBase-GK1x3M buttonStyle-r7yGCK size_sm-G3LciD priority_secondary-S63h9o\" tabindex=\"0\" type=\"button\" aria-label=\"Link\" data-href=\"https:\/\/clubatlticolapaz.substack.com\/i\/180925798\/la-participacion-de-club-atletico-la-paz-sub\"><\/button><\/div>\n<\/div>\n<p style=\"text-align: justify;\">El representativo pace\u00f1o dej\u00f3 una actuaci\u00f3n sobresaliente a lo largo de la competencia. En su debut,\u00a0<strong>gole\u00f3 6-0 a Quer\u00e9taro<\/strong>, mostrando solidez, orden y una propuesta ofensiva que marc\u00f3 el ritmo del torneo desde la primera jornada.<\/p>\n<p style=\"text-align: justify;\">Para su segundo encuentro, el equipo volvi\u00f3 a demostrar car\u00e1cter y calidad al\u00a0<strong>vencer 4-1 a Xolos de Tijuana<\/strong>, asegurando su pase a la final y confirmando el potencial del talento local que conforma la academia aurinegra.<\/p>\n<p style=\"text-align: justify;\">M\u00e1s all\u00e1 del resultado final, la experiencia adquirida por los j\u00f3venes futbolistas fue invaluable, enfrent\u00e1ndose a fuerzas b\u00e1sicas consolidadas y reafirmando la importancia de seguir construyendo procesos formativos desde edades tempranas.<\/p>\n<h3 class=\"header-anchor-post\" style=\"text-align: justify;\"><strong>Ceremonia de premiaci\u00f3n:<\/strong><\/h3>\n<div class=\"pencraft pc-display-flex pc-alignItems-center pc-position-absolute pc-reset header-anchor-parent\" style=\"text-align: justify;\">\n<div class=\"pencraft pc-display-contents pc-reset pubTheme-yiXxQA\">\n<div id=\"\u00a7ceremonia-de-premiacion\" class=\"pencraft pc-reset header-anchor offset-top\"><\/div>\n<p><button class=\"pencraft pc-reset pencraft iconButton-mq_Et5 iconButtonBase-dJGHgN buttonBase-GK1x3M buttonStyle-r7yGCK size_sm-G3LciD priority_secondary-S63h9o\" tabindex=\"0\" type=\"button\" aria-label=\"Link\" data-href=\"https:\/\/clubatlticolapaz.substack.com\/i\/180925798\/ceremonia-de-premiacion\"><\/button><\/div>\n<\/div>\n<p style=\"text-align: justify;\">La ceremonia de premiaci\u00f3n cont\u00f3 con la presencia del presidente del club,\u00a0<strong>Samuel Hern\u00e1ndez<\/strong>, la vicepresidenta\u00a0<strong>Ivonne Romo<\/strong>,\u00a0<strong>Guillermo Ortalejo<\/strong>, Director Municipal del Deporte, as\u00ed como el director t\u00e9cnico del primer equipo,\u00a0<strong>Hugo Castillo<\/strong>, acompa\u00f1ados por los jugadores de Club Atl\u00e9tico La Paz\u00a0<strong>Mart\u00edn Barrag\u00e1n<\/strong>\u00a0y\u00a0<strong>\u00d3scar Mill\u00e1n<\/strong>, quienes convivieron y reconocieron a los participantes por su entrega y compromiso.<\/p>\n<h3 class=\"header-anchor-post\" style=\"text-align: justify;\"><strong>As\u00ed termin\u00f3 el podio de la primera edici\u00f3n de la Copa Mar de Cort\u00e9s:<\/strong><\/h3>\n<div class=\"pencraft pc-display-flex pc-alignItems-center pc-position-absolute pc-reset header-anchor-parent\" style=\"text-align: justify;\">\n<div class=\"pencraft pc-display-contents pc-reset pubTheme-yiXxQA\">\n<div id=\"\u00a7asi-termino-el-podio-de-la-primera-edicion-de-la-copa-mar-de-cortes\" class=\"pencraft pc-reset header-anchor offset-top\"><\/div>\n<p><button class=\"pencraft pc-reset pencraft iconButton-mq_Et5 iconButtonBase-dJGHgN buttonBase-GK1x3M buttonStyle-r7yGCK size_sm-G3LciD priority_secondary-S63h9o\" tabindex=\"0\" type=\"button\" aria-label=\"Link\" data-href=\"https:\/\/clubatlticolapaz.substack.com\/i\/180925798\/asi-termino-el-podio-de-la-primera-edicion-de-la-copa-mar-de-cortes\"><\/button><\/div>\n<\/div>\n<ul style=\"text-align: justify;\">\n<li><strong>Campe\u00f3n:<\/strong>\u00a0Toluca FC<\/li>\n<li><strong>Subcampe\u00f3n:<\/strong>\u00a0Club Atl\u00e9tico La Paz<\/li>\n<li><strong>Tercer lugar:<\/strong>\u00a0Xolos de Tijuana<\/li>\n<li><strong>Cuarto lugar:<\/strong>\u00a0Quer\u00e9taro FC<\/li>\n<\/ul>\n<div class=\"captioned-image-container\" style=\"text-align: justify;\">\n<figure>\n<div class=\"image2-inset\"><picture><source srcset=\"https:\/\/substackcdn.com\/image\/fetch\/$s_!SVHs!,w_424,c_limit,f_webp,q_auto:good,fl_progressive:steep\/https%3A%2F%2Fsubstack-post-media.s3.amazonaws.com%2Fpublic%2Fimages%2F5e777e3b-3c44-4a7e-904f-66ec91891de6_2048x1365.jpeg 424w, https:\/\/substackcdn.com\/image\/fetch\/$s_!SVHs!,w_848,c_limit,f_webp,q_auto:good,fl_progressive:steep\/https%3A%2F%2Fsubstack-post-media.s3.amazonaws.com%2Fpublic%2Fimages%2F5e777e3b-3c44-4a7e-904f-66ec91891de6_2048x1365.jpeg 848w, https:\/\/substackcdn.com\/image\/fetch\/$s_!SVHs!,w_1272,c_limit,f_webp,q_auto:good,fl_progressive:steep\/https%3A%2F%2Fsubstack-post-media.s3.amazonaws.com%2Fpublic%2Fimages%2F5e777e3b-3c44-4a7e-904f-66ec91891de6_2048x1365.jpeg 1272w, https:\/\/substackcdn.com\/image\/fetch\/$s_!SVHs!,w_1456,c_limit,f_webp,q_auto:good,fl_progressive:steep\/https%3A%2F%2Fsubstack-post-media.s3.amazonaws.com%2Fpublic%2Fimages%2F5e777e3b-3c44-4a7e-904f-66ec91891de6_2048x1365.jpeg 1456w\" type=\"image\/webp\" sizes=\"100vw\" \/><img loading=\"lazy\" decoding=\"async\" class=\"sizing-normal\" src=\"https:\/\/substackcdn.com\/image\/fetch\/$s_!SVHs!,w_1456,c_limit,f_auto,q_auto:good,fl_progressive:steep\/https%3A%2F%2Fsubstack-post-media.s3.amazonaws.com%2Fpublic%2Fimages%2F5e777e3b-3c44-4a7e-904f-66ec91891de6_2048x1365.jpeg\" sizes=\"auto, 100vw\" srcset=\"https:\/\/substackcdn.com\/image\/fetch\/$s_!SVHs!,w_424,c_limit,f_auto,q_auto:good,fl_progressive:steep\/https%3A%2F%2Fsubstack-post-media.s3.amazonaws.com%2Fpublic%2Fimages%2F5e777e3b-3c44-4a7e-904f-66ec91891de6_2048x1365.jpeg 424w, https:\/\/substackcdn.com\/image\/fetch\/$s_!SVHs!,w_848,c_limit,f_auto,q_auto:good,fl_progressive:steep\/https%3A%2F%2Fsubstack-post-media.s3.amazonaws.com%2Fpublic%2Fimages%2F5e777e3b-3c44-4a7e-904f-66ec91891de6_2048x1365.jpeg 848w, https:\/\/substackcdn.com\/image\/fetch\/$s_!SVHs!,w_1272,c_limit,f_auto,q_auto:good,fl_progressive:steep\/https%3A%2F%2Fsubstack-post-media.s3.amazonaws.com%2Fpublic%2Fimages%2F5e777e3b-3c44-4a7e-904f-66ec91891de6_2048x1365.jpeg 1272w, https:\/\/substackcdn.com\/image\/fetch\/$s_!SVHs!,w_1456,c_limit,f_auto,q_auto:good,fl_progressive:steep\/https%3A%2F%2Fsubstack-post-media.s3.amazonaws.com%2Fpublic%2Fimages%2F5e777e3b-3c44-4a7e-904f-66ec91891de6_2048x1365.jpeg 1456w\" alt=\"\" width=\"1456\" height=\"970\" data-attrs=\"{&quot;src&quot;:&quot;https:\/\/substack-post-media.s3.amazonaws.com\/public\/images\/5e777e3b-3c44-4a7e-904f-66ec91891de6_2048x1365.jpeg&quot;,&quot;srcNoWatermark&quot;:null,&quot;fullscreen&quot;:null,&quot;imageSize&quot;:null,&quot;height&quot;:970,&quot;width&quot;:1456,&quot;resizeWidth&quot;:null,&quot;bytes&quot;:1410370,&quot;alt&quot;:null,&quot;title&quot;:null,&quot;type&quot;:&quot;image\/jpeg&quot;,&quot;href&quot;:null,&quot;belowTheFold&quot;:true,&quot;topImage&quot;:false,&quot;internalRedirect&quot;:&quot;https:\/\/clubatlticolapaz.substack.com\/i\/180925798?img=https%3A%2F%2Fsubstack-post-media.s3.amazonaws.com%2Fpublic%2Fimages%2F5e777e3b-3c44-4a7e-904f-66ec91891de6_2048x1365.jpeg&quot;,&quot;isProcessing&quot;:false,&quot;align&quot;:null,&quot;offset&quot;:false}\" \/><\/picture>\n<div class=\"image-link-expand\">\n<div class=\"pencraft pc-display-flex pc-gap-8 pc-reset\"><\/div>\n<\/div>\n<\/div>\n<\/figure>\n<\/div>\n<p style=\"text-align: justify;\">La primera edici\u00f3n de la Copa Mar de Cort\u00e9s deja un balance positivo y sienta las bases para consolidarse como uno de los eventos formativos m\u00e1s importantes de la regi\u00f3n, reafirmando el compromiso del club con el crecimiento deportivo y social de la ni\u00f1ez y juventud sudcaliforniana.<\/p>\n","protected":false},"excerpt":{"rendered":"<p>Culmin\u00f3 con gran \u00e9xito la\u00a0primera edici\u00f3n de la Copa Mar de Cort\u00e9s Sub-13, un torneo organizado por\u00a0Club Atl\u00e9tico La Paz\u00a0con<\/p>\n","protected":false},"author":1,"featured_media":158929,"comment_status":"open","ping_status":"closed","sticky":false,"template":"","format":"standard","meta":{"colormag_page_container_layout":"default_layout","colormag_page_sidebar_layout":"default_layout","_jetpack_memberships_contains_paid_content":false,"footnotes":"","jetpack_publicize_message":"","jetpack_publicize_feature_enabled":true,"jetpack_social_post_already_shared":true,"jetpack_social_options":{"image_generator_settings":{"template":"highway","default_image_id":0,"font":"","enabled":false},"version":2}},"categories":[23],"tags":[],"class_list":["post-158928","post","type-post","status-publish","format-standard","has-post-thumbnail","hentry","category-deportes"],"yoast_head":"<!-- This site is optimized with the Yoast SEO plugin v27.4 - https:\/\/yoast.com\/product\/yoast-seo-wordpress\/ -->\n<title>Culmin\u00f3 la primera Copa Mar de Cort\u00e9s Sub-13 - NBCS Noticias<\/title>\n<meta name=\"robots\" content=\"index, follow, max-snippet:-1, max-image-preview:large, max-video-preview:-1\" \/>\n<link rel=\"canonical\" href=\"https:\/\/nbcs.mx\/?p=158928\" \/>\n<meta property=\"og:locale\" content=\"es_ES\" \/>\n<meta property=\"og:type\" content=\"article\" \/>\n<meta property=\"og:title\" content=\"Culmin\u00f3 la primera Copa Mar de Cort\u00e9s Sub-13 - NBCS Noticias\" \/>\n<meta property=\"og:description\" content=\"Culmin\u00f3 con gran \u00e9xito la\u00a0primera edici\u00f3n de la Copa Mar de Cort\u00e9s Sub-13, un torneo organizado por\u00a0Club Atl\u00e9tico La Paz\u00a0con\" \/>\n<meta property=\"og:url\" content=\"https:\/\/nbcs.mx\/?p=158928\" \/>\n<meta property=\"og:site_name\" content=\"NBCS Noticias\" \/>\n<meta property=\"article:publisher\" content=\"https:\/\/www.facebook.com\/NBCSnoticias\" \/>\n<meta property=\"article:author\" content=\"https:\/\/www.facebook.com\/NBCSnoticias\" \/>\n<meta property=\"article:published_time\" content=\"2025-12-08T04:40:33+00:00\" \/>\n<meta property=\"og:image\" content=\"https:\/\/nbcs.mx\/wp-content\/uploads\/2025\/12\/Captura-de-Pantalla-2025-12-07-a-las-9.40.16-p.m.png\" \/>\n\t<meta property=\"og:image:width\" content=\"720\" \/>\n\t<meta property=\"og:image:height\" content=\"474\" \/>\n\t<meta property=\"og:image:type\" content=\"image\/png\" \/>\n<meta name=\"author\" content=\"NBCS Noticias\" \/>\n<meta name=\"twitter:card\" content=\"summary_large_image\" \/>\n<meta name=\"twitter:creator\" content=\"@https:\/\/twitter.com\/NBCSnoticias\" \/>\n<meta name=\"twitter:site\" content=\"@NBCSnoticias\" \/>\n<meta name=\"twitter:label1\" content=\"Escrito por\" \/>\n\t<meta name=\"twitter:data1\" content=\"NBCS Noticias\" \/>\n\t<meta name=\"twitter:label2\" content=\"Tiempo de lectura\" \/>\n\t<meta name=\"twitter:data2\" content=\"3 minutos\" \/>\n<script type=\"application\/ld+json\" class=\"yoast-schema-graph\">{\"@context\":\"https:\\\/\\\/schema.org\",\"@graph\":[{\"@type\":\"Article\",\"@id\":\"https:\\\/\\\/nbcs.mx\\\/?p=158928#article\",\"isPartOf\":{\"@id\":\"https:\\\/\\\/nbcs.mx\\\/?p=158928\"},\"author\":{\"name\":\"NBCS Noticias\",\"@id\":\"https:\\\/\\\/nbcs.mx\\\/#\\\/schema\\\/person\\\/ece58bab9a7c1e87a4d28ec9ecd79ff4\"},\"headline\":\"Culmin\u00f3 la primera Copa Mar de Cort\u00e9s Sub-13\",\"datePublished\":\"2025-12-08T04:40:33+00:00\",\"mainEntityOfPage\":{\"@id\":\"https:\\\/\\\/nbcs.mx\\\/?p=158928\"},\"wordCount\":450,\"commentCount\":0,\"publisher\":{\"@id\":\"https:\\\/\\\/nbcs.mx\\\/#organization\"},\"image\":{\"@id\":\"https:\\\/\\\/nbcs.mx\\\/?p=158928#primaryimage\"},\"thumbnailUrl\":\"https:\\\/\\\/nbcs.mx\\\/wp-content\\\/uploads\\\/2025\\\/12\\\/Captura-de-Pantalla-2025-12-07-a-las-9.40.16-p.m.png\",\"articleSection\":[\"Deportes\"],\"inLanguage\":\"es\",\"potentialAction\":[{\"@type\":\"CommentAction\",\"name\":\"Comment\",\"target\":[\"https:\\\/\\\/nbcs.mx\\\/?p=158928#respond\"]}]},{\"@type\":\"WebPage\",\"@id\":\"https:\\\/\\\/nbcs.mx\\\/?p=158928\",\"url\":\"https:\\\/\\\/nbcs.mx\\\/?p=158928\",\"name\":\"Culmin\u00f3 la primera Copa Mar de Cort\u00e9s Sub-13 - NBCS Noticias\",\"isPartOf\":{\"@id\":\"https:\\\/\\\/nbcs.mx\\\/#website\"},\"primaryImageOfPage\":{\"@id\":\"https:\\\/\\\/nbcs.mx\\\/?p=158928#primaryimage\"},\"image\":{\"@id\":\"https:\\\/\\\/nbcs.mx\\\/?p=158928#primaryimage\"},\"thumbnailUrl\":\"https:\\\/\\\/nbcs.mx\\\/wp-content\\\/uploads\\\/2025\\\/12\\\/Captura-de-Pantalla-2025-12-07-a-las-9.40.16-p.m.png\",\"datePublished\":\"2025-12-08T04:40:33+00:00\",\"breadcrumb\":{\"@id\":\"https:\\\/\\\/nbcs.mx\\\/?p=158928#breadcrumb\"},\"inLanguage\":\"es\",\"potentialAction\":[{\"@type\":\"ReadAction\",\"target\":[\"https:\\\/\\\/nbcs.mx\\\/?p=158928\"]}]},{\"@type\":\"ImageObject\",\"inLanguage\":\"es\",\"@id\":\"https:\\\/\\\/nbcs.mx\\\/?p=158928#primaryimage\",\"url\":\"https:\\\/\\\/nbcs.mx\\\/wp-content\\\/uploads\\\/2025\\\/12\\\/Captura-de-Pantalla-2025-12-07-a-las-9.40.16-p.m.png\",\"contentUrl\":\"https:\\\/\\\/nbcs.mx\\\/wp-content\\\/uploads\\\/2025\\\/12\\\/Captura-de-Pantalla-2025-12-07-a-las-9.40.16-p.m.png\",\"width\":720,\"height\":474},{\"@type\":\"BreadcrumbList\",\"@id\":\"https:\\\/\\\/nbcs.mx\\\/?p=158928#breadcrumb\",\"itemListElement\":[{\"@type\":\"ListItem\",\"position\":1,\"name\":\"Portada\",\"item\":\"https:\\\/\\\/nbcs.mx\\\/\"},{\"@type\":\"ListItem\",\"position\":2,\"name\":\"Culmin\u00f3 la primera Copa Mar de Cort\u00e9s Sub-13\"}]},{\"@type\":\"WebSite\",\"@id\":\"https:\\\/\\\/nbcs.mx\\\/#website\",\"url\":\"https:\\\/\\\/nbcs.mx\\\/\",\"name\":\"NBCS Noticias\",\"description\":\"Sitio web de noticias en Baja California Sur\",\"publisher\":{\"@id\":\"https:\\\/\\\/nbcs.mx\\\/#organization\"},\"potentialAction\":[{\"@type\":\"SearchAction\",\"target\":{\"@type\":\"EntryPoint\",\"urlTemplate\":\"https:\\\/\\\/nbcs.mx\\\/?s={search_term_string}\"},\"query-input\":{\"@type\":\"PropertyValueSpecification\",\"valueRequired\":true,\"valueName\":\"search_term_string\"}}],\"inLanguage\":\"es\"},{\"@type\":\"Organization\",\"@id\":\"https:\\\/\\\/nbcs.mx\\\/#organization\",\"name\":\"NBCS Noticias\",\"url\":\"https:\\\/\\\/nbcs.mx\\\/\",\"logo\":{\"@type\":\"ImageObject\",\"inLanguage\":\"es\",\"@id\":\"https:\\\/\\\/nbcs.mx\\\/#\\\/schema\\\/logo\\\/image\\\/\",\"url\":\"https:\\\/\\\/nbcs.mx\\\/wp-content\\\/uploads\\\/2018\\\/09\\\/057b69485e93575a5c2b1c1dde2dd297.jpeg\",\"contentUrl\":\"https:\\\/\\\/nbcs.mx\\\/wp-content\\\/uploads\\\/2018\\\/09\\\/057b69485e93575a5c2b1c1dde2dd297.jpeg\",\"width\":64,\"height\":64,\"caption\":\"NBCS Noticias\"},\"image\":{\"@id\":\"https:\\\/\\\/nbcs.mx\\\/#\\\/schema\\\/logo\\\/image\\\/\"},\"sameAs\":[\"https:\\\/\\\/www.facebook.com\\\/NBCSnoticias\",\"https:\\\/\\\/x.com\\\/NBCSnoticias\"]},{\"@type\":\"Person\",\"@id\":\"https:\\\/\\\/nbcs.mx\\\/#\\\/schema\\\/person\\\/ece58bab9a7c1e87a4d28ec9ecd79ff4\",\"name\":\"NBCS Noticias\",\"image\":{\"@type\":\"ImageObject\",\"inLanguage\":\"es\",\"@id\":\"https:\\\/\\\/secure.gravatar.com\\\/avatar\\\/4e52110cad1c4054b43271a0d14bbe9e2ea76aecd0e1097edfc670798d9ca1d4?s=96&d=blank&r=g\",\"url\":\"https:\\\/\\\/secure.gravatar.com\\\/avatar\\\/4e52110cad1c4054b43271a0d14bbe9e2ea76aecd0e1097edfc670798d9ca1d4?s=96&d=blank&r=g\",\"contentUrl\":\"https:\\\/\\\/secure.gravatar.com\\\/avatar\\\/4e52110cad1c4054b43271a0d14bbe9e2ea76aecd0e1097edfc670798d9ca1d4?s=96&d=blank&r=g\",\"caption\":\"NBCS Noticias\"},\"description\":\"\u00bfTienes fotos o video de alg\u00fan acto de posible negligencia, corrupci\u00f3n y abuso de autoridad? M\u00e1ndalo al WhatsApp de NBCS Noticias: 612 141 98 08\",\"sameAs\":[\"https:\\\/\\\/www.nbcs.mx\",\"https:\\\/\\\/www.facebook.com\\\/NBCSnoticias\",\"https:\\\/\\\/www.instagram.com\\\/nbcsnoticias\\\/\",\"https:\\\/\\\/x.com\\\/https:\\\/\\\/twitter.com\\\/NBCSnoticias\"]}]}<\/script>\n<!-- \/ Yoast SEO plugin. -->","yoast_head_json":{"title":"Culmin\u00f3 la primera Copa Mar de Cort\u00e9s Sub-13 - NBCS Noticias","robots":{"index":"index","follow":"follow","max-snippet":"max-snippet:-1","max-image-preview":"max-image-preview:large","max-video-preview":"max-video-preview:-1"},"canonical":"https:\/\/nbcs.mx\/?p=158928","og_locale":"es_ES","og_type":"article","og_title":"Culmin\u00f3 la primera Copa Mar de Cort\u00e9s Sub-13 - NBCS Noticias","og_description":"Culmin\u00f3 con gran \u00e9xito la\u00a0primera edici\u00f3n de la Copa Mar de Cort\u00e9s Sub-13, un torneo organizado por\u00a0Club Atl\u00e9tico La Paz\u00a0con","og_url":"https:\/\/nbcs.mx\/?p=158928","og_site_name":"NBCS Noticias","article_publisher":"https:\/\/www.facebook.com\/NBCSnoticias","article_author":"https:\/\/www.facebook.com\/NBCSnoticias","article_published_time":"2025-12-08T04:40:33+00:00","og_image":[{"width":720,"height":474,"url":"https:\/\/nbcs.mx\/wp-content\/uploads\/2025\/12\/Captura-de-Pantalla-2025-12-07-a-las-9.40.16-p.m.png","type":"image\/png"}],"author":"NBCS Noticias","twitter_card":"summary_large_image","twitter_creator":"@https:\/\/twitter.com\/NBCSnoticias","twitter_site":"@NBCSnoticias","twitter_misc":{"Escrito por":"NBCS Noticias","Tiempo de lectura":"3 minutos"},"schema":{"@context":"https:\/\/schema.org","@graph":[{"@type":"Article","@id":"https:\/\/nbcs.mx\/?p=158928#article","isPartOf":{"@id":"https:\/\/nbcs.mx\/?p=158928"},"author":{"name":"NBCS Noticias","@id":"https:\/\/nbcs.mx\/#\/schema\/person\/ece58bab9a7c1e87a4d28ec9ecd79ff4"},"headline":"Culmin\u00f3 la primera Copa Mar de Cort\u00e9s Sub-13","datePublished":"2025-12-08T04:40:33+00:00","mainEntityOfPage":{"@id":"https:\/\/nbcs.mx\/?p=158928"},"wordCount":450,"commentCount":0,"publisher":{"@id":"https:\/\/nbcs.mx\/#organization"},"image":{"@id":"https:\/\/nbcs.mx\/?p=158928#primaryimage"},"thumbnailUrl":"https:\/\/nbcs.mx\/wp-content\/uploads\/2025\/12\/Captura-de-Pantalla-2025-12-07-a-las-9.40.16-p.m.png","articleSection":["Deportes"],"inLanguage":"es","potentialAction":[{"@type":"CommentAction","name":"Comment","target":["https:\/\/nbcs.mx\/?p=158928#respond"]}]},{"@type":"WebPage","@id":"https:\/\/nbcs.mx\/?p=158928","url":"https:\/\/nbcs.mx\/?p=158928","name":"Culmin\u00f3 la primera Copa Mar de Cort\u00e9s Sub-13 - NBCS Noticias","isPartOf":{"@id":"https:\/\/nbcs.mx\/#website"},"primaryImageOfPage":{"@id":"https:\/\/nbcs.mx\/?p=158928#primaryimage"},"image":{"@id":"https:\/\/nbcs.mx\/?p=158928#primaryimage"},"thumbnailUrl":"https:\/\/nbcs.mx\/wp-content\/uploads\/2025\/12\/Captura-de-Pantalla-2025-12-07-a-las-9.40.16-p.m.png","datePublished":"2025-12-08T04:40:33+00:00","breadcrumb":{"@id":"https:\/\/nbcs.mx\/?p=158928#breadcrumb"},"inLanguage":"es","potentialAction":[{"@type":"ReadAction","target":["https:\/\/nbcs.mx\/?p=158928"]}]},{"@type":"ImageObject","inLanguage":"es","@id":"https:\/\/nbcs.mx\/?p=158928#primaryimage","url":"https:\/\/nbcs.mx\/wp-content\/uploads\/2025\/12\/Captura-de-Pantalla-2025-12-07-a-las-9.40.16-p.m.png","contentUrl":"https:\/\/nbcs.mx\/wp-content\/uploads\/2025\/12\/Captura-de-Pantalla-2025-12-07-a-las-9.40.16-p.m.png","width":720,"height":474},{"@type":"BreadcrumbList","@id":"https:\/\/nbcs.mx\/?p=158928#breadcrumb","itemListElement":[{"@type":"ListItem","position":1,"name":"Portada","item":"https:\/\/nbcs.mx\/"},{"@type":"ListItem","position":2,"name":"Culmin\u00f3 la primera Copa Mar de Cort\u00e9s Sub-13"}]},{"@type":"WebSite","@id":"https:\/\/nbcs.mx\/#website","url":"https:\/\/nbcs.mx\/","name":"NBCS Noticias","description":"Sitio web de noticias en Baja California Sur","publisher":{"@id":"https:\/\/nbcs.mx\/#organization"},"potentialAction":[{"@type":"SearchAction","target":{"@type":"EntryPoint","urlTemplate":"https:\/\/nbcs.mx\/?s={search_term_string}"},"query-input":{"@type":"PropertyValueSpecification","valueRequired":true,"valueName":"search_term_string"}}],"inLanguage":"es"},{"@type":"Organization","@id":"https:\/\/nbcs.mx\/#organization","name":"NBCS Noticias","url":"https:\/\/nbcs.mx\/","logo":{"@type":"ImageObject","inLanguage":"es","@id":"https:\/\/nbcs.mx\/#\/schema\/logo\/image\/","url":"https:\/\/nbcs.mx\/wp-content\/uploads\/2018\/09\/057b69485e93575a5c2b1c1dde2dd297.jpeg","contentUrl":"https:\/\/nbcs.mx\/wp-content\/uploads\/2018\/09\/057b69485e93575a5c2b1c1dde2dd297.jpeg","width":64,"height":64,"caption":"NBCS Noticias"},"image":{"@id":"https:\/\/nbcs.mx\/#\/schema\/logo\/image\/"},"sameAs":["https:\/\/www.facebook.com\/NBCSnoticias","https:\/\/x.com\/NBCSnoticias"]},{"@type":"Person","@id":"https:\/\/nbcs.mx\/#\/schema\/person\/ece58bab9a7c1e87a4d28ec9ecd79ff4","name":"NBCS Noticias","image":{"@type":"ImageObject","inLanguage":"es","@id":"https:\/\/secure.gravatar.com\/avatar\/4e52110cad1c4054b43271a0d14bbe9e2ea76aecd0e1097edfc670798d9ca1d4?s=96&d=blank&r=g","url":"https:\/\/secure.gravatar.com\/avatar\/4e52110cad1c4054b43271a0d14bbe9e2ea76aecd0e1097edfc670798d9ca1d4?s=96&d=blank&r=g","contentUrl":"https:\/\/secure.gravatar.com\/avatar\/4e52110cad1c4054b43271a0d14bbe9e2ea76aecd0e1097edfc670798d9ca1d4?s=96&d=blank&r=g","caption":"NBCS Noticias"},"description":"\u00bfTienes fotos o video de alg\u00fan acto de posible negligencia, corrupci\u00f3n y abuso de autoridad? M\u00e1ndalo al WhatsApp de NBCS Noticias: 612 141 98 08","sameAs":["https:\/\/www.nbcs.mx","https:\/\/www.facebook.com\/NBCSnoticias","https:\/\/www.instagram.com\/nbcsnoticias\/","https:\/\/x.com\/https:\/\/twitter.com\/NBCSnoticias"]}]}},"jetpack_publicize_connections":[],"jetpack_featured_media_url":"https:\/\/nbcs.mx\/wp-content\/uploads\/2025\/12\/Captura-de-Pantalla-2025-12-07-a-las-9.40.16-p.m.png","jetpack_sharing_enabled":true,"_links":{"self":[{"href":"https:\/\/nbcs.mx\/index.php?rest_route=\/wp\/v2\/posts\/158928","targetHints":{"allow":["GET"]}}],"collection":[{"href":"https:\/\/nbcs.mx\/index.php?rest_route=\/wp\/v2\/posts"}],"about":[{"href":"https:\/\/nbcs.mx\/index.php?rest_route=\/wp\/v2\/types\/post"}],"author":[{"embeddable":true,"href":"https:\/\/nbcs.mx\/index.php?rest_route=\/wp\/v2\/users\/1"}],"replies":[{"embeddable":true,"href":"https:\/\/nbcs.mx\/index.php?rest_route=%2Fwp%2Fv2%2Fcomments&post=158928"}],"version-history":[{"count":1,"href":"https:\/\/nbcs.mx\/index.php?rest_route=\/wp\/v2\/posts\/158928\/revisions"}],"predecessor-version":[{"id":158930,"href":"https:\/\/nbcs.mx\/index.php?rest_route=\/wp\/v2\/posts\/158928\/revisions\/158930"}],"wp:featuredmedia":[{"embeddable":true,"href":"https:\/\/nbcs.mx\/index.php?rest_route=\/wp\/v2\/media\/158929"}],"wp:attachment":[{"href":"https:\/\/nbcs.mx\/index.php?rest_route=%2Fwp%2Fv2%2Fmedia&parent=158928"}],"wp:term":[{"taxonomy":"category","embeddable":true,"href":"https:\/\/nbcs.mx\/index.php?rest_route=%2Fwp%2Fv2%2Fcategories&post=158928"},{"taxonomy":"post_tag","embeddable":true,"href":"https:\/\/nbcs.mx\/index.php?rest_route=%2Fwp%2Fv2%2Ftags&post=158928"}],"curies":[{"name":"wp","href":"https:\/\/api.w.org\/{rel}","templated":true}]}}