{"id":158976,"date":"2025-12-09T08:52:46","date_gmt":"2025-12-09T15:52:46","guid":{"rendered":"https:\/\/nbcs.mx\/?p=158976"},"modified":"2025-12-09T08:52:46","modified_gmt":"2025-12-09T15:52:46","slug":"ordena-gobernador-el-retiro-de-macetas-del-malecon","status":"publish","type":"post","link":"https:\/\/nbcs.mx\/?p=158976","title":{"rendered":"Ordena Gobernador el retiro de macetas del malec\u00f3n"},"content":{"rendered":"<p style=\"text-align: justify;\"><img loading=\"lazy\" decoding=\"async\" class=\" wp-image-159012 alignleft\" src=\"https:\/\/nbcs.mx\/wp-content\/uploads\/2025\/12\/Captura-de-pantalla-2025-12-09-a-las-8.49.57-a.m-755x376.png\" alt=\"\" width=\"361\" height=\"180\" srcset=\"https:\/\/nbcs.mx\/wp-content\/uploads\/2025\/12\/Captura-de-pantalla-2025-12-09-a-las-8.49.57-a.m-755x376.png 755w, https:\/\/nbcs.mx\/wp-content\/uploads\/2025\/12\/Captura-de-pantalla-2025-12-09-a-las-8.49.57-a.m-1024x510.png 1024w, https:\/\/nbcs.mx\/wp-content\/uploads\/2025\/12\/Captura-de-pantalla-2025-12-09-a-las-8.49.57-a.m-150x75.png 150w, https:\/\/nbcs.mx\/wp-content\/uploads\/2025\/12\/Captura-de-pantalla-2025-12-09-a-las-8.49.57-a.m-768x383.png 768w, https:\/\/nbcs.mx\/wp-content\/uploads\/2025\/12\/Captura-de-pantalla-2025-12-09-a-las-8.49.57-a.m.png 1290w\" sizes=\"auto, (max-width: 361px) 100vw, 361px\" \/>El muelle de la Administraci\u00f3n Portuaria Integral (API) de Baja California Sur en Pichilingue, ser\u00e1 el nuevo destino de las macetas m\u00f3viles del malec\u00f3n de La Paz, luego de que el gobernador, V\u00edctor Manuel Castro Cosi\u00f3, orden\u00f3 su retiro, algo que la presidenta municipal de La Paz, Milena Quiroga Romero, dijo que respeta.<\/p>\n<p style=\"text-align: justify;\">De esta manera queda zanjada la pol\u00e9mica que suscit\u00f3 hace poco m\u00e1s de una semana, cuando la autoridad municipal implement\u00f3 el cierre de un carril del malec\u00f3n, a fin de ampliar el \u00e1rea de desplazamiento de peatones y ciclistas, reduciendo la de automovilistas.<\/p>\n<p style=\"text-align: justify;\">Tras varios d\u00edas de argumentaciones p\u00fablicas de una y otra parte, finalmente este lunes el Mandatario estatal dijo que se hab\u00eda pedido a la API el retiro de las maceteras, y que estas sean utilizadas a manera de valla cuando llegan los cruceros, y que algunas se pudieran utilizar en el malec\u00f3n, pero solo como adorno.<\/p>\n<p style=\"text-align: justify;\">Manifest\u00f3 que en la m\u00e1s reciente pl\u00e1tica que sostuvo con la alcaldesa, Milena Quiroga, le expuso que no estaba de acuerdo en que se cerrara el malec\u00f3n, y que algunos ciclistas le comentaron que las macetas les estorbaban y que incluso uno ya se hab\u00eda ca\u00eddo por ese motivo.<\/p>\n<p style=\"text-align: justify;\">\u201cYa le ped\u00ed al Director de la API que nos haga el favor de retirar esas macetas que podr\u00edan ocasionar un accidente; ya las van a poner donde llegan los cruceros, as\u00ed que el gasto no es in\u00fatil\u201d, apunt\u00f3.<\/p>\n<p style=\"text-align: justify;\">Agreg\u00f3 que lo mejor es mantener el malec\u00f3n como hist\u00f3ricamente ha sido, para todos, que siga vivo y cerrarlo ante alguna situaci\u00f3n especial, como ha venido ocurriendo, e incluso, consider\u00f3 que podr\u00eda cerrarse totalmente los domingos por la ma\u00f1ana.<\/p>\n<p style=\"text-align: justify;\">Por su parte, en su acostumbrada rueda de prensa de los lunes, la presidenta municipal, Milena Quiroga Romero, estableci\u00f3 que \u201csupimos del posicionamiento del Gobernador, lo respetamos\u201d, y record\u00f3 que la intenci\u00f3n del cierre parcial del \u00e1rea de rodamiento del malec\u00f3n era una prueba piloto para tratar de resolver un problema que tiene cada semana con la aglomeraci\u00f3n de la zona peatonal.<\/p>\n<p style=\"text-align: justify;\">Se\u00f1al\u00f3 que el gobierno a su cargo se encuentra abierto a las propuestas, ya que la intenci\u00f3n es resolver un conflicto, por lo cual se continuar\u00e1 analizando la situaci\u00f3n para ver que otras opciones se tienen a fin de garantizar la movilidad segura de todas las personas. (Por: Arturo Nieves).<\/p>\n","protected":false},"excerpt":{"rendered":"<p>El muelle de la Administraci\u00f3n Portuaria Integral (API) de Baja California Sur en Pichilingue, ser\u00e1 el nuevo destino de las<\/p>\n","protected":false},"author":1,"featured_media":159012,"comment_status":"open","ping_status":"closed","sticky":false,"template":"","format":"standard","meta":{"colormag_page_container_layout":"default_layout","colormag_page_sidebar_layout":"default_layout","_jetpack_memberships_contains_paid_content":false,"footnotes":"","jetpack_publicize_message":"","jetpack_publicize_feature_enabled":true,"jetpack_social_post_already_shared":true,"jetpack_social_options":{"image_generator_settings":{"template":"highway","default_image_id":0,"font":"","enabled":false},"version":2}},"categories":[1],"tags":[],"class_list":["post-158976","post","type-post","status-publish","format-standard","has-post-thumbnail","hentry","category-noticias"],"yoast_head":"<!-- This site is optimized with the Yoast SEO plugin v27.5 - https:\/\/yoast.com\/product\/yoast-seo-wordpress\/ -->\n<title>Ordena Gobernador el retiro de macetas del malec\u00f3n - NBCS Noticias<\/title>\n<meta name=\"robots\" content=\"index, follow, max-snippet:-1, max-image-preview:large, max-video-preview:-1\" \/>\n<link rel=\"canonical\" href=\"https:\/\/nbcs.mx\/?p=158976\" \/>\n<meta property=\"og:locale\" content=\"es_ES\" \/>\n<meta property=\"og:type\" content=\"article\" \/>\n<meta property=\"og:title\" content=\"Ordena Gobernador el retiro de macetas del malec\u00f3n - NBCS Noticias\" \/>\n<meta property=\"og:description\" content=\"El muelle de la Administraci\u00f3n Portuaria Integral (API) de Baja California Sur en Pichilingue, ser\u00e1 el nuevo destino de las\" \/>\n<meta property=\"og:url\" content=\"https:\/\/nbcs.mx\/?p=158976\" \/>\n<meta property=\"og:site_name\" content=\"NBCS Noticias\" \/>\n<meta property=\"article:publisher\" content=\"https:\/\/www.facebook.com\/NBCSnoticias\" \/>\n<meta property=\"article:author\" content=\"https:\/\/www.facebook.com\/NBCSnoticias\" \/>\n<meta property=\"article:published_time\" content=\"2025-12-09T15:52:46+00:00\" \/>\n<meta property=\"og:image\" content=\"https:\/\/nbcs.mx\/wp-content\/uploads\/2025\/12\/Captura-de-pantalla-2025-12-09-a-las-8.49.57-a.m.png\" \/>\n\t<meta property=\"og:image:width\" content=\"1290\" \/>\n\t<meta property=\"og:image:height\" content=\"643\" \/>\n\t<meta property=\"og:image:type\" content=\"image\/png\" \/>\n<meta name=\"author\" content=\"NBCS Noticias\" \/>\n<meta name=\"twitter:card\" content=\"summary_large_image\" \/>\n<meta name=\"twitter:creator\" content=\"@https:\/\/twitter.com\/NBCSnoticias\" \/>\n<meta name=\"twitter:site\" content=\"@NBCSnoticias\" \/>\n<meta name=\"twitter:label1\" content=\"Escrito por\" \/>\n\t<meta name=\"twitter:data1\" content=\"NBCS Noticias\" \/>\n\t<meta name=\"twitter:label2\" content=\"Tiempo de lectura\" \/>\n\t<meta name=\"twitter:data2\" content=\"3 minutos\" \/>\n<script type=\"application\/ld+json\" class=\"yoast-schema-graph\">{\"@context\":\"https:\\\/\\\/schema.org\",\"@graph\":[{\"@type\":\"Article\",\"@id\":\"https:\\\/\\\/nbcs.mx\\\/?p=158976#article\",\"isPartOf\":{\"@id\":\"https:\\\/\\\/nbcs.mx\\\/?p=158976\"},\"author\":{\"name\":\"NBCS Noticias\",\"@id\":\"https:\\\/\\\/nbcs.mx\\\/#\\\/schema\\\/person\\\/ece58bab9a7c1e87a4d28ec9ecd79ff4\"},\"headline\":\"Ordena Gobernador el retiro de macetas del malec\u00f3n\",\"datePublished\":\"2025-12-09T15:52:46+00:00\",\"mainEntityOfPage\":{\"@id\":\"https:\\\/\\\/nbcs.mx\\\/?p=158976\"},\"wordCount\":429,\"commentCount\":0,\"publisher\":{\"@id\":\"https:\\\/\\\/nbcs.mx\\\/#organization\"},\"image\":{\"@id\":\"https:\\\/\\\/nbcs.mx\\\/?p=158976#primaryimage\"},\"thumbnailUrl\":\"https:\\\/\\\/nbcs.mx\\\/wp-content\\\/uploads\\\/2025\\\/12\\\/Captura-de-pantalla-2025-12-09-a-las-8.49.57-a.m.png\",\"articleSection\":[\"Noticias\"],\"inLanguage\":\"es\",\"potentialAction\":[{\"@type\":\"CommentAction\",\"name\":\"Comment\",\"target\":[\"https:\\\/\\\/nbcs.mx\\\/?p=158976#respond\"]}]},{\"@type\":\"WebPage\",\"@id\":\"https:\\\/\\\/nbcs.mx\\\/?p=158976\",\"url\":\"https:\\\/\\\/nbcs.mx\\\/?p=158976\",\"name\":\"Ordena Gobernador el retiro de macetas del malec\u00f3n - NBCS Noticias\",\"isPartOf\":{\"@id\":\"https:\\\/\\\/nbcs.mx\\\/#website\"},\"primaryImageOfPage\":{\"@id\":\"https:\\\/\\\/nbcs.mx\\\/?p=158976#primaryimage\"},\"image\":{\"@id\":\"https:\\\/\\\/nbcs.mx\\\/?p=158976#primaryimage\"},\"thumbnailUrl\":\"https:\\\/\\\/nbcs.mx\\\/wp-content\\\/uploads\\\/2025\\\/12\\\/Captura-de-pantalla-2025-12-09-a-las-8.49.57-a.m.png\",\"datePublished\":\"2025-12-09T15:52:46+00:00\",\"breadcrumb\":{\"@id\":\"https:\\\/\\\/nbcs.mx\\\/?p=158976#breadcrumb\"},\"inLanguage\":\"es\",\"potentialAction\":[{\"@type\":\"ReadAction\",\"target\":[\"https:\\\/\\\/nbcs.mx\\\/?p=158976\"]}]},{\"@type\":\"ImageObject\",\"inLanguage\":\"es\",\"@id\":\"https:\\\/\\\/nbcs.mx\\\/?p=158976#primaryimage\",\"url\":\"https:\\\/\\\/nbcs.mx\\\/wp-content\\\/uploads\\\/2025\\\/12\\\/Captura-de-pantalla-2025-12-09-a-las-8.49.57-a.m.png\",\"contentUrl\":\"https:\\\/\\\/nbcs.mx\\\/wp-content\\\/uploads\\\/2025\\\/12\\\/Captura-de-pantalla-2025-12-09-a-las-8.49.57-a.m.png\",\"width\":1290,\"height\":643},{\"@type\":\"BreadcrumbList\",\"@id\":\"https:\\\/\\\/nbcs.mx\\\/?p=158976#breadcrumb\",\"itemListElement\":[{\"@type\":\"ListItem\",\"position\":1,\"name\":\"Portada\",\"item\":\"https:\\\/\\\/nbcs.mx\\\/\"},{\"@type\":\"ListItem\",\"position\":2,\"name\":\"Ordena Gobernador el retiro de macetas del malec\u00f3n\"}]},{\"@type\":\"WebSite\",\"@id\":\"https:\\\/\\\/nbcs.mx\\\/#website\",\"url\":\"https:\\\/\\\/nbcs.mx\\\/\",\"name\":\"NBCS Noticias\",\"description\":\"Sitio web de noticias en Baja California Sur\",\"publisher\":{\"@id\":\"https:\\\/\\\/nbcs.mx\\\/#organization\"},\"potentialAction\":[{\"@type\":\"SearchAction\",\"target\":{\"@type\":\"EntryPoint\",\"urlTemplate\":\"https:\\\/\\\/nbcs.mx\\\/?s={search_term_string}\"},\"query-input\":{\"@type\":\"PropertyValueSpecification\",\"valueRequired\":true,\"valueName\":\"search_term_string\"}}],\"inLanguage\":\"es\"},{\"@type\":\"Organization\",\"@id\":\"https:\\\/\\\/nbcs.mx\\\/#organization\",\"name\":\"NBCS Noticias\",\"url\":\"https:\\\/\\\/nbcs.mx\\\/\",\"logo\":{\"@type\":\"ImageObject\",\"inLanguage\":\"es\",\"@id\":\"https:\\\/\\\/nbcs.mx\\\/#\\\/schema\\\/logo\\\/image\\\/\",\"url\":\"https:\\\/\\\/nbcs.mx\\\/wp-content\\\/uploads\\\/2018\\\/09\\\/057b69485e93575a5c2b1c1dde2dd297.jpeg\",\"contentUrl\":\"https:\\\/\\\/nbcs.mx\\\/wp-content\\\/uploads\\\/2018\\\/09\\\/057b69485e93575a5c2b1c1dde2dd297.jpeg\",\"width\":64,\"height\":64,\"caption\":\"NBCS Noticias\"},\"image\":{\"@id\":\"https:\\\/\\\/nbcs.mx\\\/#\\\/schema\\\/logo\\\/image\\\/\"},\"sameAs\":[\"https:\\\/\\\/www.facebook.com\\\/NBCSnoticias\",\"https:\\\/\\\/x.com\\\/NBCSnoticias\"]},{\"@type\":\"Person\",\"@id\":\"https:\\\/\\\/nbcs.mx\\\/#\\\/schema\\\/person\\\/ece58bab9a7c1e87a4d28ec9ecd79ff4\",\"name\":\"NBCS Noticias\",\"image\":{\"@type\":\"ImageObject\",\"inLanguage\":\"es\",\"@id\":\"https:\\\/\\\/secure.gravatar.com\\\/avatar\\\/4e52110cad1c4054b43271a0d14bbe9e2ea76aecd0e1097edfc670798d9ca1d4?s=96&d=blank&r=g\",\"url\":\"https:\\\/\\\/secure.gravatar.com\\\/avatar\\\/4e52110cad1c4054b43271a0d14bbe9e2ea76aecd0e1097edfc670798d9ca1d4?s=96&d=blank&r=g\",\"contentUrl\":\"https:\\\/\\\/secure.gravatar.com\\\/avatar\\\/4e52110cad1c4054b43271a0d14bbe9e2ea76aecd0e1097edfc670798d9ca1d4?s=96&d=blank&r=g\",\"caption\":\"NBCS Noticias\"},\"description\":\"\u00bfTienes fotos o video de alg\u00fan acto de posible negligencia, corrupci\u00f3n y abuso de autoridad? M\u00e1ndalo al WhatsApp de NBCS Noticias: 612 141 98 08\",\"sameAs\":[\"https:\\\/\\\/www.nbcs.mx\",\"https:\\\/\\\/www.facebook.com\\\/NBCSnoticias\",\"https:\\\/\\\/www.instagram.com\\\/nbcsnoticias\\\/\",\"https:\\\/\\\/x.com\\\/https:\\\/\\\/twitter.com\\\/NBCSnoticias\"]}]}<\/script>\n<!-- \/ Yoast SEO plugin. -->","yoast_head_json":{"title":"Ordena Gobernador el retiro de macetas del malec\u00f3n - NBCS Noticias","robots":{"index":"index","follow":"follow","max-snippet":"max-snippet:-1","max-image-preview":"max-image-preview:large","max-video-preview":"max-video-preview:-1"},"canonical":"https:\/\/nbcs.mx\/?p=158976","og_locale":"es_ES","og_type":"article","og_title":"Ordena Gobernador el retiro de macetas del malec\u00f3n - NBCS Noticias","og_description":"El muelle de la Administraci\u00f3n Portuaria Integral (API) de Baja California Sur en Pichilingue, ser\u00e1 el nuevo destino de las","og_url":"https:\/\/nbcs.mx\/?p=158976","og_site_name":"NBCS Noticias","article_publisher":"https:\/\/www.facebook.com\/NBCSnoticias","article_author":"https:\/\/www.facebook.com\/NBCSnoticias","article_published_time":"2025-12-09T15:52:46+00:00","og_image":[{"width":1290,"height":643,"url":"https:\/\/nbcs.mx\/wp-content\/uploads\/2025\/12\/Captura-de-pantalla-2025-12-09-a-las-8.49.57-a.m.png","type":"image\/png"}],"author":"NBCS Noticias","twitter_card":"summary_large_image","twitter_creator":"@https:\/\/twitter.com\/NBCSnoticias","twitter_site":"@NBCSnoticias","twitter_misc":{"Escrito por":"NBCS Noticias","Tiempo de lectura":"3 minutos"},"schema":{"@context":"https:\/\/schema.org","@graph":[{"@type":"Article","@id":"https:\/\/nbcs.mx\/?p=158976#article","isPartOf":{"@id":"https:\/\/nbcs.mx\/?p=158976"},"author":{"name":"NBCS Noticias","@id":"https:\/\/nbcs.mx\/#\/schema\/person\/ece58bab9a7c1e87a4d28ec9ecd79ff4"},"headline":"Ordena Gobernador el retiro de macetas del malec\u00f3n","datePublished":"2025-12-09T15:52:46+00:00","mainEntityOfPage":{"@id":"https:\/\/nbcs.mx\/?p=158976"},"wordCount":429,"commentCount":0,"publisher":{"@id":"https:\/\/nbcs.mx\/#organization"},"image":{"@id":"https:\/\/nbcs.mx\/?p=158976#primaryimage"},"thumbnailUrl":"https:\/\/nbcs.mx\/wp-content\/uploads\/2025\/12\/Captura-de-pantalla-2025-12-09-a-las-8.49.57-a.m.png","articleSection":["Noticias"],"inLanguage":"es","potentialAction":[{"@type":"CommentAction","name":"Comment","target":["https:\/\/nbcs.mx\/?p=158976#respond"]}]},{"@type":"WebPage","@id":"https:\/\/nbcs.mx\/?p=158976","url":"https:\/\/nbcs.mx\/?p=158976","name":"Ordena Gobernador el retiro de macetas del malec\u00f3n - NBCS Noticias","isPartOf":{"@id":"https:\/\/nbcs.mx\/#website"},"primaryImageOfPage":{"@id":"https:\/\/nbcs.mx\/?p=158976#primaryimage"},"image":{"@id":"https:\/\/nbcs.mx\/?p=158976#primaryimage"},"thumbnailUrl":"https:\/\/nbcs.mx\/wp-content\/uploads\/2025\/12\/Captura-de-pantalla-2025-12-09-a-las-8.49.57-a.m.png","datePublished":"2025-12-09T15:52:46+00:00","breadcrumb":{"@id":"https:\/\/nbcs.mx\/?p=158976#breadcrumb"},"inLanguage":"es","potentialAction":[{"@type":"ReadAction","target":["https:\/\/nbcs.mx\/?p=158976"]}]},{"@type":"ImageObject","inLanguage":"es","@id":"https:\/\/nbcs.mx\/?p=158976#primaryimage","url":"https:\/\/nbcs.mx\/wp-content\/uploads\/2025\/12\/Captura-de-pantalla-2025-12-09-a-las-8.49.57-a.m.png","contentUrl":"https:\/\/nbcs.mx\/wp-content\/uploads\/2025\/12\/Captura-de-pantalla-2025-12-09-a-las-8.49.57-a.m.png","width":1290,"height":643},{"@type":"BreadcrumbList","@id":"https:\/\/nbcs.mx\/?p=158976#breadcrumb","itemListElement":[{"@type":"ListItem","position":1,"name":"Portada","item":"https:\/\/nbcs.mx\/"},{"@type":"ListItem","position":2,"name":"Ordena Gobernador el retiro de macetas del malec\u00f3n"}]},{"@type":"WebSite","@id":"https:\/\/nbcs.mx\/#website","url":"https:\/\/nbcs.mx\/","name":"NBCS Noticias","description":"Sitio web de noticias en Baja California Sur","publisher":{"@id":"https:\/\/nbcs.mx\/#organization"},"potentialAction":[{"@type":"SearchAction","target":{"@type":"EntryPoint","urlTemplate":"https:\/\/nbcs.mx\/?s={search_term_string}"},"query-input":{"@type":"PropertyValueSpecification","valueRequired":true,"valueName":"search_term_string"}}],"inLanguage":"es"},{"@type":"Organization","@id":"https:\/\/nbcs.mx\/#organization","name":"NBCS Noticias","url":"https:\/\/nbcs.mx\/","logo":{"@type":"ImageObject","inLanguage":"es","@id":"https:\/\/nbcs.mx\/#\/schema\/logo\/image\/","url":"https:\/\/nbcs.mx\/wp-content\/uploads\/2018\/09\/057b69485e93575a5c2b1c1dde2dd297.jpeg","contentUrl":"https:\/\/nbcs.mx\/wp-content\/uploads\/2018\/09\/057b69485e93575a5c2b1c1dde2dd297.jpeg","width":64,"height":64,"caption":"NBCS Noticias"},"image":{"@id":"https:\/\/nbcs.mx\/#\/schema\/logo\/image\/"},"sameAs":["https:\/\/www.facebook.com\/NBCSnoticias","https:\/\/x.com\/NBCSnoticias"]},{"@type":"Person","@id":"https:\/\/nbcs.mx\/#\/schema\/person\/ece58bab9a7c1e87a4d28ec9ecd79ff4","name":"NBCS Noticias","image":{"@type":"ImageObject","inLanguage":"es","@id":"https:\/\/secure.gravatar.com\/avatar\/4e52110cad1c4054b43271a0d14bbe9e2ea76aecd0e1097edfc670798d9ca1d4?s=96&d=blank&r=g","url":"https:\/\/secure.gravatar.com\/avatar\/4e52110cad1c4054b43271a0d14bbe9e2ea76aecd0e1097edfc670798d9ca1d4?s=96&d=blank&r=g","contentUrl":"https:\/\/secure.gravatar.com\/avatar\/4e52110cad1c4054b43271a0d14bbe9e2ea76aecd0e1097edfc670798d9ca1d4?s=96&d=blank&r=g","caption":"NBCS Noticias"},"description":"\u00bfTienes fotos o video de alg\u00fan acto de posible negligencia, corrupci\u00f3n y abuso de autoridad? M\u00e1ndalo al WhatsApp de NBCS Noticias: 612 141 98 08","sameAs":["https:\/\/www.nbcs.mx","https:\/\/www.facebook.com\/NBCSnoticias","https:\/\/www.instagram.com\/nbcsnoticias\/","https:\/\/x.com\/https:\/\/twitter.com\/NBCSnoticias"]}]}},"jetpack_publicize_connections":[],"jetpack_featured_media_url":"https:\/\/nbcs.mx\/wp-content\/uploads\/2025\/12\/Captura-de-pantalla-2025-12-09-a-las-8.49.57-a.m.png","jetpack_sharing_enabled":true,"_links":{"self":[{"href":"https:\/\/nbcs.mx\/index.php?rest_route=\/wp\/v2\/posts\/158976","targetHints":{"allow":["GET"]}}],"collection":[{"href":"https:\/\/nbcs.mx\/index.php?rest_route=\/wp\/v2\/posts"}],"about":[{"href":"https:\/\/nbcs.mx\/index.php?rest_route=\/wp\/v2\/types\/post"}],"author":[{"embeddable":true,"href":"https:\/\/nbcs.mx\/index.php?rest_route=\/wp\/v2\/users\/1"}],"replies":[{"embeddable":true,"href":"https:\/\/nbcs.mx\/index.php?rest_route=%2Fwp%2Fv2%2Fcomments&post=158976"}],"version-history":[{"count":1,"href":"https:\/\/nbcs.mx\/index.php?rest_route=\/wp\/v2\/posts\/158976\/revisions"}],"predecessor-version":[{"id":159013,"href":"https:\/\/nbcs.mx\/index.php?rest_route=\/wp\/v2\/posts\/158976\/revisions\/159013"}],"wp:featuredmedia":[{"embeddable":true,"href":"https:\/\/nbcs.mx\/index.php?rest_route=\/wp\/v2\/media\/159012"}],"wp:attachment":[{"href":"https:\/\/nbcs.mx\/index.php?rest_route=%2Fwp%2Fv2%2Fmedia&parent=158976"}],"wp:term":[{"taxonomy":"category","embeddable":true,"href":"https:\/\/nbcs.mx\/index.php?rest_route=%2Fwp%2Fv2%2Fcategories&post=158976"},{"taxonomy":"post_tag","embeddable":true,"href":"https:\/\/nbcs.mx\/index.php?rest_route=%2Fwp%2Fv2%2Ftags&post=158976"}],"curies":[{"name":"wp","href":"https:\/\/api.w.org\/{rel}","templated":true}]}}