{"id":159033,"date":"2025-12-09T22:27:40","date_gmt":"2025-12-10T05:27:40","guid":{"rendered":"https:\/\/nbcs.mx\/?p=159033"},"modified":"2025-12-09T22:27:40","modified_gmt":"2025-12-10T05:27:40","slug":"sostiene-gobernador-castro-cosio-reunion-de-coordinacion-con-omar-garcia-harfuch-para-fortalecer-la-seguridad-en-bcs","status":"publish","type":"post","link":"https:\/\/nbcs.mx\/?p=159033","title":{"rendered":"Sostiene Gobernador Castro Cos\u00edo reuni\u00f3n de coordinaci\u00f3n con Omar Garc\u00eda Harfuch para fortalecer la seguridad en BCS"},"content":{"rendered":"<p style=\"font-weight: 400; text-align: justify;\"><img loading=\"lazy\" decoding=\"async\" class=\" wp-image-159034 alignleft\" src=\"https:\/\/nbcs.mx\/wp-content\/uploads\/2025\/12\/FOTO-BOLETIN-03146-VMCC-SOSTIENE-755x492.jpeg\" alt=\"\" width=\"393\" height=\"256\" srcset=\"https:\/\/nbcs.mx\/wp-content\/uploads\/2025\/12\/FOTO-BOLETIN-03146-VMCC-SOSTIENE-755x492.jpeg 755w, https:\/\/nbcs.mx\/wp-content\/uploads\/2025\/12\/FOTO-BOLETIN-03146-VMCC-SOSTIENE-150x98.jpeg 150w, https:\/\/nbcs.mx\/wp-content\/uploads\/2025\/12\/FOTO-BOLETIN-03146-VMCC-SOSTIENE-768x500.jpeg 768w, https:\/\/nbcs.mx\/wp-content\/uploads\/2025\/12\/FOTO-BOLETIN-03146-VMCC-SOSTIENE.jpeg 873w\" sizes=\"auto, (max-width: 393px) 100vw, 393px\" \/>El gobernador V\u00edctor Manuel Castro Cos\u00edo sostuvo una reuni\u00f3n de coordinaci\u00f3n con el secretario de Seguridad y Protecci\u00f3n Ciudadana del Gobierno de M\u00e9xico, Omar Garc\u00eda Harfuch, con el prop\u00f3sito de reforzar la estrategia conjunta que contribuye a preservar la paz en Baja California Sur.<\/p>\n<p style=\"font-weight: 400; text-align: justify;\">\n<p style=\"font-weight: 400; text-align: justify;\">El mandatario destac\u00f3 que la seguridad es y seguir\u00e1 siendo una prioridad fundamental de su administraci\u00f3n, y subray\u00f3 que el fortalecimiento institucional y la coordinaci\u00f3n permanente con el Gobierno de M\u00e9xico han permitido lograr una reducci\u00f3n superior al 300 por ciento en los homicidios dolosos, un avance que refleja el compromiso por salvaguardar la tranquilidad de las familias sudcalifornianas.<\/p>\n<p style=\"font-weight: 400; text-align: justify;\">\n<p style=\"font-weight: 400; text-align: justify;\">Castro Cos\u00edo reconoci\u00f3 la plena disposici\u00f3n del titular de la SSPC para continuar sumando capacidades y evitar que hechos violentos vulneren la paz en la entidad, particularmente en Loreto y Comond\u00fa, donde las instituciones mantienen atenci\u00f3n puntual a cada caso y una operaci\u00f3n conjunta para enfrentar los principales desaf\u00edos en materia de seguridad.<\/p>\n<p style=\"font-weight: 400; text-align: justify;\">\n<p style=\"font-weight: 400; text-align: justify;\">Durante la reuni\u00f3n se revisaron los indicadores de incidencia delictiva de ambos municipios, con la participaci\u00f3n de la alcaldesa de Loreto, Paz del Alma Ochoa Amador, y del alcalde de Comond\u00fa, Roberto Pantoja Castro, en el cual las autoridades coincidieron en la importancia de redoblar esfuerzos y fortalecer las acciones operativas para responder con oportunidad y eficacia.<\/p>\n<p style=\"font-weight: 400; text-align: justify;\">\n<p style=\"font-weight: 400; text-align: justify;\">Tambi\u00e9n estuvieron presentes el Secretario General de Gobierno, Jos\u00e9 Sa\u00fal Gonz\u00e1lez N\u00fa\u00f1ez; el Secretario de Seguridad P\u00fablica del Estado, Luis Alfredo Cancino Vicente; y el Procurador General de Justicia del Estado, Antonio L\u00f3pez Rodr\u00edguez, quienes reiteraron la voluntad del Gobierno del Estado de mantener un trabajo coordinado y responsable en beneficio de la poblaci\u00f3n sudcaliforniana.<\/p>\n<p style=\"font-weight: 400; text-align: justify;\">\n<p style=\"font-weight: 400; text-align: justify;\">Finalmente, el Gobernador reconoci\u00f3 el respaldo de la presidenta de M\u00e9xico, Claudia Sheinbaum Pardo, cuyo acompa\u00f1amiento ha sido fundamental para la detenci\u00f3n de objetivos prioritarios y para avanzar con paso firme en la construcci\u00f3n de un estado m\u00e1s seguro y justo para todas y todos.<\/p>\n<p style=\"font-weight: 400; text-align: justify;\">\n","protected":false},"excerpt":{"rendered":"<p>El gobernador V\u00edctor Manuel Castro Cos\u00edo sostuvo una reuni\u00f3n de coordinaci\u00f3n con el secretario de Seguridad y Protecci\u00f3n Ciudadana del<\/p>\n","protected":false},"author":1,"featured_media":159034,"comment_status":"open","ping_status":"closed","sticky":false,"template":"","format":"standard","meta":{"colormag_page_container_layout":"default_layout","colormag_page_sidebar_layout":"default_layout","_jetpack_memberships_contains_paid_content":false,"footnotes":"","jetpack_publicize_message":"","jetpack_publicize_feature_enabled":true,"jetpack_social_post_already_shared":true,"jetpack_social_options":{"image_generator_settings":{"template":"highway","default_image_id":0,"font":"","enabled":false},"version":2}},"categories":[1],"tags":[],"class_list":["post-159033","post","type-post","status-publish","format-standard","has-post-thumbnail","hentry","category-noticias"],"yoast_head":"<!-- This site is optimized with the Yoast SEO plugin v27.5 - https:\/\/yoast.com\/product\/yoast-seo-wordpress\/ -->\n<title>Sostiene Gobernador Castro Cos\u00edo reuni\u00f3n de coordinaci\u00f3n con Omar Garc\u00eda Harfuch para fortalecer la seguridad en BCS - NBCS Noticias<\/title>\n<meta name=\"robots\" content=\"index, follow, max-snippet:-1, max-image-preview:large, max-video-preview:-1\" \/>\n<link rel=\"canonical\" href=\"https:\/\/nbcs.mx\/?p=159033\" \/>\n<meta property=\"og:locale\" content=\"es_ES\" \/>\n<meta property=\"og:type\" content=\"article\" \/>\n<meta property=\"og:title\" content=\"Sostiene Gobernador Castro Cos\u00edo reuni\u00f3n de coordinaci\u00f3n con Omar Garc\u00eda Harfuch para fortalecer la seguridad en BCS - NBCS Noticias\" \/>\n<meta property=\"og:description\" content=\"El gobernador V\u00edctor Manuel Castro Cos\u00edo sostuvo una reuni\u00f3n de coordinaci\u00f3n con el secretario de Seguridad y Protecci\u00f3n Ciudadana del\" \/>\n<meta property=\"og:url\" content=\"https:\/\/nbcs.mx\/?p=159033\" \/>\n<meta property=\"og:site_name\" content=\"NBCS Noticias\" \/>\n<meta property=\"article:publisher\" content=\"https:\/\/www.facebook.com\/NBCSnoticias\" \/>\n<meta property=\"article:author\" content=\"https:\/\/www.facebook.com\/NBCSnoticias\" \/>\n<meta property=\"article:published_time\" content=\"2025-12-10T05:27:40+00:00\" \/>\n<meta property=\"og:image\" content=\"https:\/\/nbcs.mx\/wp-content\/uploads\/2025\/12\/FOTO-BOLETIN-03146-VMCC-SOSTIENE.jpeg\" \/>\n\t<meta property=\"og:image:width\" content=\"873\" \/>\n\t<meta property=\"og:image:height\" content=\"568\" \/>\n\t<meta property=\"og:image:type\" content=\"image\/jpeg\" \/>\n<meta name=\"author\" content=\"NBCS Noticias\" \/>\n<meta name=\"twitter:card\" content=\"summary_large_image\" \/>\n<meta name=\"twitter:creator\" content=\"@https:\/\/twitter.com\/NBCSnoticias\" \/>\n<meta name=\"twitter:site\" content=\"@NBCSnoticias\" \/>\n<meta name=\"twitter:label1\" content=\"Escrito por\" \/>\n\t<meta name=\"twitter:data1\" content=\"NBCS Noticias\" \/>\n\t<meta name=\"twitter:label2\" content=\"Tiempo de lectura\" \/>\n\t<meta name=\"twitter:data2\" content=\"2 minutos\" \/>\n<script type=\"application\/ld+json\" class=\"yoast-schema-graph\">{\"@context\":\"https:\\\/\\\/schema.org\",\"@graph\":[{\"@type\":\"Article\",\"@id\":\"https:\\\/\\\/nbcs.mx\\\/?p=159033#article\",\"isPartOf\":{\"@id\":\"https:\\\/\\\/nbcs.mx\\\/?p=159033\"},\"author\":{\"name\":\"NBCS Noticias\",\"@id\":\"https:\\\/\\\/nbcs.mx\\\/#\\\/schema\\\/person\\\/ece58bab9a7c1e87a4d28ec9ecd79ff4\"},\"headline\":\"Sostiene Gobernador Castro Cos\u00edo reuni\u00f3n de coordinaci\u00f3n con Omar Garc\u00eda Harfuch para fortalecer la seguridad en BCS\",\"datePublished\":\"2025-12-10T05:27:40+00:00\",\"mainEntityOfPage\":{\"@id\":\"https:\\\/\\\/nbcs.mx\\\/?p=159033\"},\"wordCount\":365,\"commentCount\":0,\"publisher\":{\"@id\":\"https:\\\/\\\/nbcs.mx\\\/#organization\"},\"image\":{\"@id\":\"https:\\\/\\\/nbcs.mx\\\/?p=159033#primaryimage\"},\"thumbnailUrl\":\"https:\\\/\\\/nbcs.mx\\\/wp-content\\\/uploads\\\/2025\\\/12\\\/FOTO-BOLETIN-03146-VMCC-SOSTIENE.jpeg\",\"articleSection\":[\"Noticias\"],\"inLanguage\":\"es\",\"potentialAction\":[{\"@type\":\"CommentAction\",\"name\":\"Comment\",\"target\":[\"https:\\\/\\\/nbcs.mx\\\/?p=159033#respond\"]}]},{\"@type\":\"WebPage\",\"@id\":\"https:\\\/\\\/nbcs.mx\\\/?p=159033\",\"url\":\"https:\\\/\\\/nbcs.mx\\\/?p=159033\",\"name\":\"Sostiene Gobernador Castro Cos\u00edo reuni\u00f3n de coordinaci\u00f3n con Omar Garc\u00eda Harfuch para fortalecer la seguridad en BCS - NBCS Noticias\",\"isPartOf\":{\"@id\":\"https:\\\/\\\/nbcs.mx\\\/#website\"},\"primaryImageOfPage\":{\"@id\":\"https:\\\/\\\/nbcs.mx\\\/?p=159033#primaryimage\"},\"image\":{\"@id\":\"https:\\\/\\\/nbcs.mx\\\/?p=159033#primaryimage\"},\"thumbnailUrl\":\"https:\\\/\\\/nbcs.mx\\\/wp-content\\\/uploads\\\/2025\\\/12\\\/FOTO-BOLETIN-03146-VMCC-SOSTIENE.jpeg\",\"datePublished\":\"2025-12-10T05:27:40+00:00\",\"breadcrumb\":{\"@id\":\"https:\\\/\\\/nbcs.mx\\\/?p=159033#breadcrumb\"},\"inLanguage\":\"es\",\"potentialAction\":[{\"@type\":\"ReadAction\",\"target\":[\"https:\\\/\\\/nbcs.mx\\\/?p=159033\"]}]},{\"@type\":\"ImageObject\",\"inLanguage\":\"es\",\"@id\":\"https:\\\/\\\/nbcs.mx\\\/?p=159033#primaryimage\",\"url\":\"https:\\\/\\\/nbcs.mx\\\/wp-content\\\/uploads\\\/2025\\\/12\\\/FOTO-BOLETIN-03146-VMCC-SOSTIENE.jpeg\",\"contentUrl\":\"https:\\\/\\\/nbcs.mx\\\/wp-content\\\/uploads\\\/2025\\\/12\\\/FOTO-BOLETIN-03146-VMCC-SOSTIENE.jpeg\",\"width\":873,\"height\":568},{\"@type\":\"BreadcrumbList\",\"@id\":\"https:\\\/\\\/nbcs.mx\\\/?p=159033#breadcrumb\",\"itemListElement\":[{\"@type\":\"ListItem\",\"position\":1,\"name\":\"Portada\",\"item\":\"https:\\\/\\\/nbcs.mx\\\/\"},{\"@type\":\"ListItem\",\"position\":2,\"name\":\"Sostiene Gobernador Castro Cos\u00edo reuni\u00f3n de coordinaci\u00f3n con Omar Garc\u00eda Harfuch para fortalecer la seguridad en BCS\"}]},{\"@type\":\"WebSite\",\"@id\":\"https:\\\/\\\/nbcs.mx\\\/#website\",\"url\":\"https:\\\/\\\/nbcs.mx\\\/\",\"name\":\"NBCS Noticias\",\"description\":\"Sitio web de noticias en Baja California Sur\",\"publisher\":{\"@id\":\"https:\\\/\\\/nbcs.mx\\\/#organization\"},\"potentialAction\":[{\"@type\":\"SearchAction\",\"target\":{\"@type\":\"EntryPoint\",\"urlTemplate\":\"https:\\\/\\\/nbcs.mx\\\/?s={search_term_string}\"},\"query-input\":{\"@type\":\"PropertyValueSpecification\",\"valueRequired\":true,\"valueName\":\"search_term_string\"}}],\"inLanguage\":\"es\"},{\"@type\":\"Organization\",\"@id\":\"https:\\\/\\\/nbcs.mx\\\/#organization\",\"name\":\"NBCS Noticias\",\"url\":\"https:\\\/\\\/nbcs.mx\\\/\",\"logo\":{\"@type\":\"ImageObject\",\"inLanguage\":\"es\",\"@id\":\"https:\\\/\\\/nbcs.mx\\\/#\\\/schema\\\/logo\\\/image\\\/\",\"url\":\"https:\\\/\\\/nbcs.mx\\\/wp-content\\\/uploads\\\/2018\\\/09\\\/057b69485e93575a5c2b1c1dde2dd297.jpeg\",\"contentUrl\":\"https:\\\/\\\/nbcs.mx\\\/wp-content\\\/uploads\\\/2018\\\/09\\\/057b69485e93575a5c2b1c1dde2dd297.jpeg\",\"width\":64,\"height\":64,\"caption\":\"NBCS Noticias\"},\"image\":{\"@id\":\"https:\\\/\\\/nbcs.mx\\\/#\\\/schema\\\/logo\\\/image\\\/\"},\"sameAs\":[\"https:\\\/\\\/www.facebook.com\\\/NBCSnoticias\",\"https:\\\/\\\/x.com\\\/NBCSnoticias\"]},{\"@type\":\"Person\",\"@id\":\"https:\\\/\\\/nbcs.mx\\\/#\\\/schema\\\/person\\\/ece58bab9a7c1e87a4d28ec9ecd79ff4\",\"name\":\"NBCS Noticias\",\"image\":{\"@type\":\"ImageObject\",\"inLanguage\":\"es\",\"@id\":\"https:\\\/\\\/secure.gravatar.com\\\/avatar\\\/4e52110cad1c4054b43271a0d14bbe9e2ea76aecd0e1097edfc670798d9ca1d4?s=96&d=blank&r=g\",\"url\":\"https:\\\/\\\/secure.gravatar.com\\\/avatar\\\/4e52110cad1c4054b43271a0d14bbe9e2ea76aecd0e1097edfc670798d9ca1d4?s=96&d=blank&r=g\",\"contentUrl\":\"https:\\\/\\\/secure.gravatar.com\\\/avatar\\\/4e52110cad1c4054b43271a0d14bbe9e2ea76aecd0e1097edfc670798d9ca1d4?s=96&d=blank&r=g\",\"caption\":\"NBCS Noticias\"},\"description\":\"\u00bfTienes fotos o video de alg\u00fan acto de posible negligencia, corrupci\u00f3n y abuso de autoridad? M\u00e1ndalo al WhatsApp de NBCS Noticias: 612 141 98 08\",\"sameAs\":[\"https:\\\/\\\/www.nbcs.mx\",\"https:\\\/\\\/www.facebook.com\\\/NBCSnoticias\",\"https:\\\/\\\/www.instagram.com\\\/nbcsnoticias\\\/\",\"https:\\\/\\\/x.com\\\/https:\\\/\\\/twitter.com\\\/NBCSnoticias\"]}]}<\/script>\n<!-- \/ Yoast SEO plugin. -->","yoast_head_json":{"title":"Sostiene Gobernador Castro Cos\u00edo reuni\u00f3n de coordinaci\u00f3n con Omar Garc\u00eda Harfuch para fortalecer la seguridad en BCS - NBCS Noticias","robots":{"index":"index","follow":"follow","max-snippet":"max-snippet:-1","max-image-preview":"max-image-preview:large","max-video-preview":"max-video-preview:-1"},"canonical":"https:\/\/nbcs.mx\/?p=159033","og_locale":"es_ES","og_type":"article","og_title":"Sostiene Gobernador Castro Cos\u00edo reuni\u00f3n de coordinaci\u00f3n con Omar Garc\u00eda Harfuch para fortalecer la seguridad en BCS - NBCS Noticias","og_description":"El gobernador V\u00edctor Manuel Castro Cos\u00edo sostuvo una reuni\u00f3n de coordinaci\u00f3n con el secretario de Seguridad y Protecci\u00f3n Ciudadana del","og_url":"https:\/\/nbcs.mx\/?p=159033","og_site_name":"NBCS Noticias","article_publisher":"https:\/\/www.facebook.com\/NBCSnoticias","article_author":"https:\/\/www.facebook.com\/NBCSnoticias","article_published_time":"2025-12-10T05:27:40+00:00","og_image":[{"width":873,"height":568,"url":"https:\/\/nbcs.mx\/wp-content\/uploads\/2025\/12\/FOTO-BOLETIN-03146-VMCC-SOSTIENE.jpeg","type":"image\/jpeg"}],"author":"NBCS Noticias","twitter_card":"summary_large_image","twitter_creator":"@https:\/\/twitter.com\/NBCSnoticias","twitter_site":"@NBCSnoticias","twitter_misc":{"Escrito por":"NBCS Noticias","Tiempo de lectura":"2 minutos"},"schema":{"@context":"https:\/\/schema.org","@graph":[{"@type":"Article","@id":"https:\/\/nbcs.mx\/?p=159033#article","isPartOf":{"@id":"https:\/\/nbcs.mx\/?p=159033"},"author":{"name":"NBCS Noticias","@id":"https:\/\/nbcs.mx\/#\/schema\/person\/ece58bab9a7c1e87a4d28ec9ecd79ff4"},"headline":"Sostiene Gobernador Castro Cos\u00edo reuni\u00f3n de coordinaci\u00f3n con Omar Garc\u00eda Harfuch para fortalecer la seguridad en BCS","datePublished":"2025-12-10T05:27:40+00:00","mainEntityOfPage":{"@id":"https:\/\/nbcs.mx\/?p=159033"},"wordCount":365,"commentCount":0,"publisher":{"@id":"https:\/\/nbcs.mx\/#organization"},"image":{"@id":"https:\/\/nbcs.mx\/?p=159033#primaryimage"},"thumbnailUrl":"https:\/\/nbcs.mx\/wp-content\/uploads\/2025\/12\/FOTO-BOLETIN-03146-VMCC-SOSTIENE.jpeg","articleSection":["Noticias"],"inLanguage":"es","potentialAction":[{"@type":"CommentAction","name":"Comment","target":["https:\/\/nbcs.mx\/?p=159033#respond"]}]},{"@type":"WebPage","@id":"https:\/\/nbcs.mx\/?p=159033","url":"https:\/\/nbcs.mx\/?p=159033","name":"Sostiene Gobernador Castro Cos\u00edo reuni\u00f3n de coordinaci\u00f3n con Omar Garc\u00eda Harfuch para fortalecer la seguridad en BCS - NBCS Noticias","isPartOf":{"@id":"https:\/\/nbcs.mx\/#website"},"primaryImageOfPage":{"@id":"https:\/\/nbcs.mx\/?p=159033#primaryimage"},"image":{"@id":"https:\/\/nbcs.mx\/?p=159033#primaryimage"},"thumbnailUrl":"https:\/\/nbcs.mx\/wp-content\/uploads\/2025\/12\/FOTO-BOLETIN-03146-VMCC-SOSTIENE.jpeg","datePublished":"2025-12-10T05:27:40+00:00","breadcrumb":{"@id":"https:\/\/nbcs.mx\/?p=159033#breadcrumb"},"inLanguage":"es","potentialAction":[{"@type":"ReadAction","target":["https:\/\/nbcs.mx\/?p=159033"]}]},{"@type":"ImageObject","inLanguage":"es","@id":"https:\/\/nbcs.mx\/?p=159033#primaryimage","url":"https:\/\/nbcs.mx\/wp-content\/uploads\/2025\/12\/FOTO-BOLETIN-03146-VMCC-SOSTIENE.jpeg","contentUrl":"https:\/\/nbcs.mx\/wp-content\/uploads\/2025\/12\/FOTO-BOLETIN-03146-VMCC-SOSTIENE.jpeg","width":873,"height":568},{"@type":"BreadcrumbList","@id":"https:\/\/nbcs.mx\/?p=159033#breadcrumb","itemListElement":[{"@type":"ListItem","position":1,"name":"Portada","item":"https:\/\/nbcs.mx\/"},{"@type":"ListItem","position":2,"name":"Sostiene Gobernador Castro Cos\u00edo reuni\u00f3n de coordinaci\u00f3n con Omar Garc\u00eda Harfuch para fortalecer la seguridad en BCS"}]},{"@type":"WebSite","@id":"https:\/\/nbcs.mx\/#website","url":"https:\/\/nbcs.mx\/","name":"NBCS Noticias","description":"Sitio web de noticias en Baja California Sur","publisher":{"@id":"https:\/\/nbcs.mx\/#organization"},"potentialAction":[{"@type":"SearchAction","target":{"@type":"EntryPoint","urlTemplate":"https:\/\/nbcs.mx\/?s={search_term_string}"},"query-input":{"@type":"PropertyValueSpecification","valueRequired":true,"valueName":"search_term_string"}}],"inLanguage":"es"},{"@type":"Organization","@id":"https:\/\/nbcs.mx\/#organization","name":"NBCS Noticias","url":"https:\/\/nbcs.mx\/","logo":{"@type":"ImageObject","inLanguage":"es","@id":"https:\/\/nbcs.mx\/#\/schema\/logo\/image\/","url":"https:\/\/nbcs.mx\/wp-content\/uploads\/2018\/09\/057b69485e93575a5c2b1c1dde2dd297.jpeg","contentUrl":"https:\/\/nbcs.mx\/wp-content\/uploads\/2018\/09\/057b69485e93575a5c2b1c1dde2dd297.jpeg","width":64,"height":64,"caption":"NBCS Noticias"},"image":{"@id":"https:\/\/nbcs.mx\/#\/schema\/logo\/image\/"},"sameAs":["https:\/\/www.facebook.com\/NBCSnoticias","https:\/\/x.com\/NBCSnoticias"]},{"@type":"Person","@id":"https:\/\/nbcs.mx\/#\/schema\/person\/ece58bab9a7c1e87a4d28ec9ecd79ff4","name":"NBCS Noticias","image":{"@type":"ImageObject","inLanguage":"es","@id":"https:\/\/secure.gravatar.com\/avatar\/4e52110cad1c4054b43271a0d14bbe9e2ea76aecd0e1097edfc670798d9ca1d4?s=96&d=blank&r=g","url":"https:\/\/secure.gravatar.com\/avatar\/4e52110cad1c4054b43271a0d14bbe9e2ea76aecd0e1097edfc670798d9ca1d4?s=96&d=blank&r=g","contentUrl":"https:\/\/secure.gravatar.com\/avatar\/4e52110cad1c4054b43271a0d14bbe9e2ea76aecd0e1097edfc670798d9ca1d4?s=96&d=blank&r=g","caption":"NBCS Noticias"},"description":"\u00bfTienes fotos o video de alg\u00fan acto de posible negligencia, corrupci\u00f3n y abuso de autoridad? M\u00e1ndalo al WhatsApp de NBCS Noticias: 612 141 98 08","sameAs":["https:\/\/www.nbcs.mx","https:\/\/www.facebook.com\/NBCSnoticias","https:\/\/www.instagram.com\/nbcsnoticias\/","https:\/\/x.com\/https:\/\/twitter.com\/NBCSnoticias"]}]}},"jetpack_publicize_connections":[],"jetpack_featured_media_url":"https:\/\/nbcs.mx\/wp-content\/uploads\/2025\/12\/FOTO-BOLETIN-03146-VMCC-SOSTIENE.jpeg","jetpack_sharing_enabled":true,"_links":{"self":[{"href":"https:\/\/nbcs.mx\/index.php?rest_route=\/wp\/v2\/posts\/159033","targetHints":{"allow":["GET"]}}],"collection":[{"href":"https:\/\/nbcs.mx\/index.php?rest_route=\/wp\/v2\/posts"}],"about":[{"href":"https:\/\/nbcs.mx\/index.php?rest_route=\/wp\/v2\/types\/post"}],"author":[{"embeddable":true,"href":"https:\/\/nbcs.mx\/index.php?rest_route=\/wp\/v2\/users\/1"}],"replies":[{"embeddable":true,"href":"https:\/\/nbcs.mx\/index.php?rest_route=%2Fwp%2Fv2%2Fcomments&post=159033"}],"version-history":[{"count":1,"href":"https:\/\/nbcs.mx\/index.php?rest_route=\/wp\/v2\/posts\/159033\/revisions"}],"predecessor-version":[{"id":159035,"href":"https:\/\/nbcs.mx\/index.php?rest_route=\/wp\/v2\/posts\/159033\/revisions\/159035"}],"wp:featuredmedia":[{"embeddable":true,"href":"https:\/\/nbcs.mx\/index.php?rest_route=\/wp\/v2\/media\/159034"}],"wp:attachment":[{"href":"https:\/\/nbcs.mx\/index.php?rest_route=%2Fwp%2Fv2%2Fmedia&parent=159033"}],"wp:term":[{"taxonomy":"category","embeddable":true,"href":"https:\/\/nbcs.mx\/index.php?rest_route=%2Fwp%2Fv2%2Fcategories&post=159033"},{"taxonomy":"post_tag","embeddable":true,"href":"https:\/\/nbcs.mx\/index.php?rest_route=%2Fwp%2Fv2%2Ftags&post=159033"}],"curies":[{"name":"wp","href":"https:\/\/api.w.org\/{rel}","templated":true}]}}