{"id":159075,"date":"2025-12-10T12:01:47","date_gmt":"2025-12-10T19:01:47","guid":{"rendered":"https:\/\/nbcs.mx\/?p=159075"},"modified":"2025-12-10T12:01:47","modified_gmt":"2025-12-10T19:01:47","slug":"proponen-en-bcs-fortalecer-la-ley-ingrid-para-sancionar-la-difusion-de-imagenes-de-victimas","status":"publish","type":"post","link":"https:\/\/nbcs.mx\/?p=159075","title":{"rendered":"Proponen en BCS fortalecer la \u201cLey Ingrid\u201d para sancionar la difusi\u00f3n de im\u00e1genes de v\u00edctimas"},"content":{"rendered":"<p style=\"font-weight: 400; text-align: justify;\"><img loading=\"lazy\" decoding=\"async\" class=\" wp-image-159076 alignleft\" src=\"https:\/\/nbcs.mx\/wp-content\/uploads\/2025\/12\/DIP-KARINA-OLIVAS-PARRA-251209-2-739x492.jpg\" alt=\"\" width=\"379\" height=\"252\" srcset=\"https:\/\/nbcs.mx\/wp-content\/uploads\/2025\/12\/DIP-KARINA-OLIVAS-PARRA-251209-2-739x492.jpg 739w, https:\/\/nbcs.mx\/wp-content\/uploads\/2025\/12\/DIP-KARINA-OLIVAS-PARRA-251209-2-1024x681.jpg 1024w, https:\/\/nbcs.mx\/wp-content\/uploads\/2025\/12\/DIP-KARINA-OLIVAS-PARRA-251209-2-150x100.jpg 150w, https:\/\/nbcs.mx\/wp-content\/uploads\/2025\/12\/DIP-KARINA-OLIVAS-PARRA-251209-2-768x511.jpg 768w, https:\/\/nbcs.mx\/wp-content\/uploads\/2025\/12\/DIP-KARINA-OLIVAS-PARRA-251209-2-1536x1022.jpg 1536w, https:\/\/nbcs.mx\/wp-content\/uploads\/2025\/12\/DIP-KARINA-OLIVAS-PARRA-251209-2-2048x1363.jpg 2048w\" sizes=\"auto, (max-width: 379px) 100vw, 379px\" \/>Para erradicar la normalizaci\u00f3n de la violencia, especialmente aquella que afecta a mujeres, ni\u00f1as y adolescentes, y sancionar a servidores p\u00fablicos que difundan informaci\u00f3n sensible relacionada con feminicidios y homicidios, la diputada Karina Olivas Parra present\u00f3 una iniciativa de adici\u00f3n al art\u00edculo 217 BIS del C\u00f3digo Penal de Baja California Sur.<\/p>\n<p style=\"font-weight: 400; text-align: justify;\">\n<p style=\"font-weight: 400; text-align: justify;\">La propuesta establece que cualquier servidor p\u00fablico de los sectores Salud, Protecci\u00f3n Civil, Seguridad P\u00fablica, Procuraci\u00f3n o Administraci\u00f3n de Justicia \u2014o cualquier \u00e1rea vinculada a la cadena de justicia\u2014 que, derivado de su cargo, tenga acceso a informaci\u00f3n, objetos, indicios, evidencias o documentos relacionados con una investigaci\u00f3n penal, y difunda, entregue, publique, transmita, distribuya, reproduzca, filme, fotograf\u00ede u oferte im\u00e1genes de cad\u00e1veres o material sensible que vulnere la dignidad, intimidad y honor de las v\u00edctimas o la paz y privacidad de sus familiares, ser\u00e1 sancionado con tres a siete a\u00f1os de prisi\u00f3n y una multa de 300 a 800 UMA.<\/p>\n<p style=\"font-weight: 400; text-align: justify;\">\n<p style=\"font-weight: 400; text-align: justify;\">La iniciativa tambi\u00e9n considera un incremento de hasta una tercera parte de la pena cuando las v\u00edctimas sean mujeres, ni\u00f1as, ni\u00f1os, adolescentes o personas en situaci\u00f3n de vulnerabilidad.<\/p>\n<p style=\"font-weight: 400; text-align: justify;\">\n<p style=\"font-weight: 400; text-align: justify;\">Olivas Parra subray\u00f3 que esta reforma representa un homenaje a Ingrid Escamilla, v\u00edctima de feminicidio en 2020, y a todas aquellas personas cuya dignidad fue vulnerada mediante la difusi\u00f3n indebida de im\u00e1genes tras su muerte.<\/p>\n<p style=\"font-weight: 400; text-align: justify;\">\n<p style=\"font-weight: 400; text-align: justify;\">La propuesta legislativa, turnada a la Comisi\u00f3n de Puntos Constitucionales y de Justicia para su an\u00e1lisis y dictaminaci\u00f3n, forma parte de la llamada \u201cLey Ingrid\u201d, que busca sancionar tanto a servidores p\u00fablicos como a ciudadanos que compartan im\u00e1genes, audios, videos o documentos de v\u00edctimas de violencia, especialmente mujeres.<\/p>\n<p style=\"font-weight: 400; text-align: justify;\">\n<p style=\"font-weight: 400; text-align: justify;\">El objetivo central es garantizar la seguridad, intimidad, dignidad, protecci\u00f3n y bienestar f\u00edsico y emocional de las v\u00edctimas y sus familias, evitando la revictimizaci\u00f3n, discriminaci\u00f3n y estigmatizaci\u00f3n derivadas de la exposici\u00f3n p\u00fablica de este tipo de material.<\/p>\n<p style=\"font-weight: 400; text-align: justify;\">A la fecha, la \u201cLey Ingrid\u201d ha sido aprobada en Ciudad de M\u00e9xico, Colima, Oaxaca, Estado de M\u00e9xico, Chiapas y Nayarit, mientras que entidades como Puebla, Jalisco, Quintana Roo y Quer\u00e9taro ya han presentado la iniciativa.<\/p>\n<p style=\"font-weight: 400; text-align: justify;\">La legisladora destac\u00f3 que esta Legislatura ha avanzado de manera importante en la modernizaci\u00f3n de la legislaci\u00f3n penal en favor de los derechos de las mujeres, con reformas e iniciativas como la Ley Paola Buenrostro, la Ley Melanie, Ley Monz\u00f3n, Ley Monse, Ley Alina, Ley Olimpia, entre otras.<\/p>\n","protected":false},"excerpt":{"rendered":"<p>Para erradicar la normalizaci\u00f3n de la violencia, especialmente aquella que afecta a mujeres, ni\u00f1as y adolescentes, y sancionar a servidores<\/p>\n","protected":false},"author":1,"featured_media":159076,"comment_status":"open","ping_status":"closed","sticky":false,"template":"","format":"standard","meta":{"colormag_page_container_layout":"default_layout","colormag_page_sidebar_layout":"default_layout","_jetpack_memberships_contains_paid_content":false,"footnotes":"","jetpack_publicize_message":"","jetpack_publicize_feature_enabled":true,"jetpack_social_post_already_shared":true,"jetpack_social_options":{"image_generator_settings":{"template":"highway","default_image_id":0,"font":"","enabled":false},"version":2}},"categories":[48],"tags":[],"class_list":["post-159075","post","type-post","status-publish","format-standard","has-post-thumbnail","hentry","category-congreso-de-bcs"],"yoast_head":"<!-- This site is optimized with the Yoast SEO plugin v27.5 - https:\/\/yoast.com\/product\/yoast-seo-wordpress\/ -->\n<title>Proponen en BCS fortalecer la \u201cLey Ingrid\u201d para sancionar la difusi\u00f3n de im\u00e1genes de v\u00edctimas - NBCS Noticias<\/title>\n<meta name=\"robots\" content=\"index, follow, max-snippet:-1, max-image-preview:large, max-video-preview:-1\" \/>\n<link rel=\"canonical\" href=\"https:\/\/nbcs.mx\/?p=159075\" \/>\n<meta property=\"og:locale\" content=\"es_ES\" \/>\n<meta property=\"og:type\" content=\"article\" \/>\n<meta property=\"og:title\" content=\"Proponen en BCS fortalecer la \u201cLey Ingrid\u201d para sancionar la difusi\u00f3n de im\u00e1genes de v\u00edctimas - NBCS Noticias\" \/>\n<meta property=\"og:description\" content=\"Para erradicar la normalizaci\u00f3n de la violencia, especialmente aquella que afecta a mujeres, ni\u00f1as y adolescentes, y sancionar a servidores\" \/>\n<meta property=\"og:url\" content=\"https:\/\/nbcs.mx\/?p=159075\" \/>\n<meta property=\"og:site_name\" content=\"NBCS Noticias\" \/>\n<meta property=\"article:publisher\" content=\"https:\/\/www.facebook.com\/NBCSnoticias\" \/>\n<meta property=\"article:author\" content=\"https:\/\/www.facebook.com\/NBCSnoticias\" \/>\n<meta property=\"article:published_time\" content=\"2025-12-10T19:01:47+00:00\" \/>\n<meta property=\"og:image\" content=\"https:\/\/nbcs.mx\/wp-content\/uploads\/2025\/12\/DIP-KARINA-OLIVAS-PARRA-251209-2-scaled.jpg\" \/>\n\t<meta property=\"og:image:width\" content=\"2560\" \/>\n\t<meta property=\"og:image:height\" content=\"1703\" \/>\n\t<meta property=\"og:image:type\" content=\"image\/jpeg\" \/>\n<meta name=\"author\" content=\"NBCS Noticias\" \/>\n<meta name=\"twitter:card\" content=\"summary_large_image\" \/>\n<meta name=\"twitter:creator\" content=\"@https:\/\/twitter.com\/NBCSnoticias\" \/>\n<meta name=\"twitter:site\" content=\"@NBCSnoticias\" \/>\n<meta name=\"twitter:label1\" content=\"Escrito por\" \/>\n\t<meta name=\"twitter:data1\" content=\"NBCS Noticias\" \/>\n\t<meta name=\"twitter:label2\" content=\"Tiempo de lectura\" \/>\n\t<meta name=\"twitter:data2\" content=\"3 minutos\" \/>\n<script type=\"application\/ld+json\" class=\"yoast-schema-graph\">{\"@context\":\"https:\\\/\\\/schema.org\",\"@graph\":[{\"@type\":\"Article\",\"@id\":\"https:\\\/\\\/nbcs.mx\\\/?p=159075#article\",\"isPartOf\":{\"@id\":\"https:\\\/\\\/nbcs.mx\\\/?p=159075\"},\"author\":{\"name\":\"NBCS Noticias\",\"@id\":\"https:\\\/\\\/nbcs.mx\\\/#\\\/schema\\\/person\\\/ece58bab9a7c1e87a4d28ec9ecd79ff4\"},\"headline\":\"Proponen en BCS fortalecer la \u201cLey Ingrid\u201d para sancionar la difusi\u00f3n de im\u00e1genes de v\u00edctimas\",\"datePublished\":\"2025-12-10T19:01:47+00:00\",\"mainEntityOfPage\":{\"@id\":\"https:\\\/\\\/nbcs.mx\\\/?p=159075\"},\"wordCount\":445,\"commentCount\":0,\"publisher\":{\"@id\":\"https:\\\/\\\/nbcs.mx\\\/#organization\"},\"image\":{\"@id\":\"https:\\\/\\\/nbcs.mx\\\/?p=159075#primaryimage\"},\"thumbnailUrl\":\"https:\\\/\\\/nbcs.mx\\\/wp-content\\\/uploads\\\/2025\\\/12\\\/DIP-KARINA-OLIVAS-PARRA-251209-2-scaled.jpg\",\"articleSection\":[\"Congreso de BCS\"],\"inLanguage\":\"es\",\"potentialAction\":[{\"@type\":\"CommentAction\",\"name\":\"Comment\",\"target\":[\"https:\\\/\\\/nbcs.mx\\\/?p=159075#respond\"]}]},{\"@type\":\"WebPage\",\"@id\":\"https:\\\/\\\/nbcs.mx\\\/?p=159075\",\"url\":\"https:\\\/\\\/nbcs.mx\\\/?p=159075\",\"name\":\"Proponen en BCS fortalecer la \u201cLey Ingrid\u201d para sancionar la difusi\u00f3n de im\u00e1genes de v\u00edctimas - NBCS Noticias\",\"isPartOf\":{\"@id\":\"https:\\\/\\\/nbcs.mx\\\/#website\"},\"primaryImageOfPage\":{\"@id\":\"https:\\\/\\\/nbcs.mx\\\/?p=159075#primaryimage\"},\"image\":{\"@id\":\"https:\\\/\\\/nbcs.mx\\\/?p=159075#primaryimage\"},\"thumbnailUrl\":\"https:\\\/\\\/nbcs.mx\\\/wp-content\\\/uploads\\\/2025\\\/12\\\/DIP-KARINA-OLIVAS-PARRA-251209-2-scaled.jpg\",\"datePublished\":\"2025-12-10T19:01:47+00:00\",\"breadcrumb\":{\"@id\":\"https:\\\/\\\/nbcs.mx\\\/?p=159075#breadcrumb\"},\"inLanguage\":\"es\",\"potentialAction\":[{\"@type\":\"ReadAction\",\"target\":[\"https:\\\/\\\/nbcs.mx\\\/?p=159075\"]}]},{\"@type\":\"ImageObject\",\"inLanguage\":\"es\",\"@id\":\"https:\\\/\\\/nbcs.mx\\\/?p=159075#primaryimage\",\"url\":\"https:\\\/\\\/nbcs.mx\\\/wp-content\\\/uploads\\\/2025\\\/12\\\/DIP-KARINA-OLIVAS-PARRA-251209-2-scaled.jpg\",\"contentUrl\":\"https:\\\/\\\/nbcs.mx\\\/wp-content\\\/uploads\\\/2025\\\/12\\\/DIP-KARINA-OLIVAS-PARRA-251209-2-scaled.jpg\",\"width\":2560,\"height\":1703},{\"@type\":\"BreadcrumbList\",\"@id\":\"https:\\\/\\\/nbcs.mx\\\/?p=159075#breadcrumb\",\"itemListElement\":[{\"@type\":\"ListItem\",\"position\":1,\"name\":\"Portada\",\"item\":\"https:\\\/\\\/nbcs.mx\\\/\"},{\"@type\":\"ListItem\",\"position\":2,\"name\":\"Proponen en BCS fortalecer la \u201cLey Ingrid\u201d para sancionar la difusi\u00f3n de im\u00e1genes de v\u00edctimas\"}]},{\"@type\":\"WebSite\",\"@id\":\"https:\\\/\\\/nbcs.mx\\\/#website\",\"url\":\"https:\\\/\\\/nbcs.mx\\\/\",\"name\":\"NBCS Noticias\",\"description\":\"Sitio web de noticias en Baja California Sur\",\"publisher\":{\"@id\":\"https:\\\/\\\/nbcs.mx\\\/#organization\"},\"potentialAction\":[{\"@type\":\"SearchAction\",\"target\":{\"@type\":\"EntryPoint\",\"urlTemplate\":\"https:\\\/\\\/nbcs.mx\\\/?s={search_term_string}\"},\"query-input\":{\"@type\":\"PropertyValueSpecification\",\"valueRequired\":true,\"valueName\":\"search_term_string\"}}],\"inLanguage\":\"es\"},{\"@type\":\"Organization\",\"@id\":\"https:\\\/\\\/nbcs.mx\\\/#organization\",\"name\":\"NBCS Noticias\",\"url\":\"https:\\\/\\\/nbcs.mx\\\/\",\"logo\":{\"@type\":\"ImageObject\",\"inLanguage\":\"es\",\"@id\":\"https:\\\/\\\/nbcs.mx\\\/#\\\/schema\\\/logo\\\/image\\\/\",\"url\":\"https:\\\/\\\/nbcs.mx\\\/wp-content\\\/uploads\\\/2018\\\/09\\\/057b69485e93575a5c2b1c1dde2dd297.jpeg\",\"contentUrl\":\"https:\\\/\\\/nbcs.mx\\\/wp-content\\\/uploads\\\/2018\\\/09\\\/057b69485e93575a5c2b1c1dde2dd297.jpeg\",\"width\":64,\"height\":64,\"caption\":\"NBCS Noticias\"},\"image\":{\"@id\":\"https:\\\/\\\/nbcs.mx\\\/#\\\/schema\\\/logo\\\/image\\\/\"},\"sameAs\":[\"https:\\\/\\\/www.facebook.com\\\/NBCSnoticias\",\"https:\\\/\\\/x.com\\\/NBCSnoticias\"]},{\"@type\":\"Person\",\"@id\":\"https:\\\/\\\/nbcs.mx\\\/#\\\/schema\\\/person\\\/ece58bab9a7c1e87a4d28ec9ecd79ff4\",\"name\":\"NBCS Noticias\",\"image\":{\"@type\":\"ImageObject\",\"inLanguage\":\"es\",\"@id\":\"https:\\\/\\\/secure.gravatar.com\\\/avatar\\\/4e52110cad1c4054b43271a0d14bbe9e2ea76aecd0e1097edfc670798d9ca1d4?s=96&d=blank&r=g\",\"url\":\"https:\\\/\\\/secure.gravatar.com\\\/avatar\\\/4e52110cad1c4054b43271a0d14bbe9e2ea76aecd0e1097edfc670798d9ca1d4?s=96&d=blank&r=g\",\"contentUrl\":\"https:\\\/\\\/secure.gravatar.com\\\/avatar\\\/4e52110cad1c4054b43271a0d14bbe9e2ea76aecd0e1097edfc670798d9ca1d4?s=96&d=blank&r=g\",\"caption\":\"NBCS Noticias\"},\"description\":\"\u00bfTienes fotos o video de alg\u00fan acto de posible negligencia, corrupci\u00f3n y abuso de autoridad? M\u00e1ndalo al WhatsApp de NBCS Noticias: 612 141 98 08\",\"sameAs\":[\"https:\\\/\\\/www.nbcs.mx\",\"https:\\\/\\\/www.facebook.com\\\/NBCSnoticias\",\"https:\\\/\\\/www.instagram.com\\\/nbcsnoticias\\\/\",\"https:\\\/\\\/x.com\\\/https:\\\/\\\/twitter.com\\\/NBCSnoticias\"]}]}<\/script>\n<!-- \/ Yoast SEO plugin. -->","yoast_head_json":{"title":"Proponen en BCS fortalecer la \u201cLey Ingrid\u201d para sancionar la difusi\u00f3n de im\u00e1genes de v\u00edctimas - NBCS Noticias","robots":{"index":"index","follow":"follow","max-snippet":"max-snippet:-1","max-image-preview":"max-image-preview:large","max-video-preview":"max-video-preview:-1"},"canonical":"https:\/\/nbcs.mx\/?p=159075","og_locale":"es_ES","og_type":"article","og_title":"Proponen en BCS fortalecer la \u201cLey Ingrid\u201d para sancionar la difusi\u00f3n de im\u00e1genes de v\u00edctimas - NBCS Noticias","og_description":"Para erradicar la normalizaci\u00f3n de la violencia, especialmente aquella que afecta a mujeres, ni\u00f1as y adolescentes, y sancionar a servidores","og_url":"https:\/\/nbcs.mx\/?p=159075","og_site_name":"NBCS Noticias","article_publisher":"https:\/\/www.facebook.com\/NBCSnoticias","article_author":"https:\/\/www.facebook.com\/NBCSnoticias","article_published_time":"2025-12-10T19:01:47+00:00","og_image":[{"width":2560,"height":1703,"url":"https:\/\/nbcs.mx\/wp-content\/uploads\/2025\/12\/DIP-KARINA-OLIVAS-PARRA-251209-2-scaled.jpg","type":"image\/jpeg"}],"author":"NBCS Noticias","twitter_card":"summary_large_image","twitter_creator":"@https:\/\/twitter.com\/NBCSnoticias","twitter_site":"@NBCSnoticias","twitter_misc":{"Escrito por":"NBCS Noticias","Tiempo de lectura":"3 minutos"},"schema":{"@context":"https:\/\/schema.org","@graph":[{"@type":"Article","@id":"https:\/\/nbcs.mx\/?p=159075#article","isPartOf":{"@id":"https:\/\/nbcs.mx\/?p=159075"},"author":{"name":"NBCS Noticias","@id":"https:\/\/nbcs.mx\/#\/schema\/person\/ece58bab9a7c1e87a4d28ec9ecd79ff4"},"headline":"Proponen en BCS fortalecer la \u201cLey Ingrid\u201d para sancionar la difusi\u00f3n de im\u00e1genes de v\u00edctimas","datePublished":"2025-12-10T19:01:47+00:00","mainEntityOfPage":{"@id":"https:\/\/nbcs.mx\/?p=159075"},"wordCount":445,"commentCount":0,"publisher":{"@id":"https:\/\/nbcs.mx\/#organization"},"image":{"@id":"https:\/\/nbcs.mx\/?p=159075#primaryimage"},"thumbnailUrl":"https:\/\/nbcs.mx\/wp-content\/uploads\/2025\/12\/DIP-KARINA-OLIVAS-PARRA-251209-2-scaled.jpg","articleSection":["Congreso de BCS"],"inLanguage":"es","potentialAction":[{"@type":"CommentAction","name":"Comment","target":["https:\/\/nbcs.mx\/?p=159075#respond"]}]},{"@type":"WebPage","@id":"https:\/\/nbcs.mx\/?p=159075","url":"https:\/\/nbcs.mx\/?p=159075","name":"Proponen en BCS fortalecer la \u201cLey Ingrid\u201d para sancionar la difusi\u00f3n de im\u00e1genes de v\u00edctimas - NBCS Noticias","isPartOf":{"@id":"https:\/\/nbcs.mx\/#website"},"primaryImageOfPage":{"@id":"https:\/\/nbcs.mx\/?p=159075#primaryimage"},"image":{"@id":"https:\/\/nbcs.mx\/?p=159075#primaryimage"},"thumbnailUrl":"https:\/\/nbcs.mx\/wp-content\/uploads\/2025\/12\/DIP-KARINA-OLIVAS-PARRA-251209-2-scaled.jpg","datePublished":"2025-12-10T19:01:47+00:00","breadcrumb":{"@id":"https:\/\/nbcs.mx\/?p=159075#breadcrumb"},"inLanguage":"es","potentialAction":[{"@type":"ReadAction","target":["https:\/\/nbcs.mx\/?p=159075"]}]},{"@type":"ImageObject","inLanguage":"es","@id":"https:\/\/nbcs.mx\/?p=159075#primaryimage","url":"https:\/\/nbcs.mx\/wp-content\/uploads\/2025\/12\/DIP-KARINA-OLIVAS-PARRA-251209-2-scaled.jpg","contentUrl":"https:\/\/nbcs.mx\/wp-content\/uploads\/2025\/12\/DIP-KARINA-OLIVAS-PARRA-251209-2-scaled.jpg","width":2560,"height":1703},{"@type":"BreadcrumbList","@id":"https:\/\/nbcs.mx\/?p=159075#breadcrumb","itemListElement":[{"@type":"ListItem","position":1,"name":"Portada","item":"https:\/\/nbcs.mx\/"},{"@type":"ListItem","position":2,"name":"Proponen en BCS fortalecer la \u201cLey Ingrid\u201d para sancionar la difusi\u00f3n de im\u00e1genes de v\u00edctimas"}]},{"@type":"WebSite","@id":"https:\/\/nbcs.mx\/#website","url":"https:\/\/nbcs.mx\/","name":"NBCS Noticias","description":"Sitio web de noticias en Baja California Sur","publisher":{"@id":"https:\/\/nbcs.mx\/#organization"},"potentialAction":[{"@type":"SearchAction","target":{"@type":"EntryPoint","urlTemplate":"https:\/\/nbcs.mx\/?s={search_term_string}"},"query-input":{"@type":"PropertyValueSpecification","valueRequired":true,"valueName":"search_term_string"}}],"inLanguage":"es"},{"@type":"Organization","@id":"https:\/\/nbcs.mx\/#organization","name":"NBCS Noticias","url":"https:\/\/nbcs.mx\/","logo":{"@type":"ImageObject","inLanguage":"es","@id":"https:\/\/nbcs.mx\/#\/schema\/logo\/image\/","url":"https:\/\/nbcs.mx\/wp-content\/uploads\/2018\/09\/057b69485e93575a5c2b1c1dde2dd297.jpeg","contentUrl":"https:\/\/nbcs.mx\/wp-content\/uploads\/2018\/09\/057b69485e93575a5c2b1c1dde2dd297.jpeg","width":64,"height":64,"caption":"NBCS Noticias"},"image":{"@id":"https:\/\/nbcs.mx\/#\/schema\/logo\/image\/"},"sameAs":["https:\/\/www.facebook.com\/NBCSnoticias","https:\/\/x.com\/NBCSnoticias"]},{"@type":"Person","@id":"https:\/\/nbcs.mx\/#\/schema\/person\/ece58bab9a7c1e87a4d28ec9ecd79ff4","name":"NBCS Noticias","image":{"@type":"ImageObject","inLanguage":"es","@id":"https:\/\/secure.gravatar.com\/avatar\/4e52110cad1c4054b43271a0d14bbe9e2ea76aecd0e1097edfc670798d9ca1d4?s=96&d=blank&r=g","url":"https:\/\/secure.gravatar.com\/avatar\/4e52110cad1c4054b43271a0d14bbe9e2ea76aecd0e1097edfc670798d9ca1d4?s=96&d=blank&r=g","contentUrl":"https:\/\/secure.gravatar.com\/avatar\/4e52110cad1c4054b43271a0d14bbe9e2ea76aecd0e1097edfc670798d9ca1d4?s=96&d=blank&r=g","caption":"NBCS Noticias"},"description":"\u00bfTienes fotos o video de alg\u00fan acto de posible negligencia, corrupci\u00f3n y abuso de autoridad? M\u00e1ndalo al WhatsApp de NBCS Noticias: 612 141 98 08","sameAs":["https:\/\/www.nbcs.mx","https:\/\/www.facebook.com\/NBCSnoticias","https:\/\/www.instagram.com\/nbcsnoticias\/","https:\/\/x.com\/https:\/\/twitter.com\/NBCSnoticias"]}]}},"jetpack_publicize_connections":[],"jetpack_featured_media_url":"https:\/\/nbcs.mx\/wp-content\/uploads\/2025\/12\/DIP-KARINA-OLIVAS-PARRA-251209-2-scaled.jpg","jetpack_sharing_enabled":true,"_links":{"self":[{"href":"https:\/\/nbcs.mx\/index.php?rest_route=\/wp\/v2\/posts\/159075","targetHints":{"allow":["GET"]}}],"collection":[{"href":"https:\/\/nbcs.mx\/index.php?rest_route=\/wp\/v2\/posts"}],"about":[{"href":"https:\/\/nbcs.mx\/index.php?rest_route=\/wp\/v2\/types\/post"}],"author":[{"embeddable":true,"href":"https:\/\/nbcs.mx\/index.php?rest_route=\/wp\/v2\/users\/1"}],"replies":[{"embeddable":true,"href":"https:\/\/nbcs.mx\/index.php?rest_route=%2Fwp%2Fv2%2Fcomments&post=159075"}],"version-history":[{"count":1,"href":"https:\/\/nbcs.mx\/index.php?rest_route=\/wp\/v2\/posts\/159075\/revisions"}],"predecessor-version":[{"id":159077,"href":"https:\/\/nbcs.mx\/index.php?rest_route=\/wp\/v2\/posts\/159075\/revisions\/159077"}],"wp:featuredmedia":[{"embeddable":true,"href":"https:\/\/nbcs.mx\/index.php?rest_route=\/wp\/v2\/media\/159076"}],"wp:attachment":[{"href":"https:\/\/nbcs.mx\/index.php?rest_route=%2Fwp%2Fv2%2Fmedia&parent=159075"}],"wp:term":[{"taxonomy":"category","embeddable":true,"href":"https:\/\/nbcs.mx\/index.php?rest_route=%2Fwp%2Fv2%2Fcategories&post=159075"},{"taxonomy":"post_tag","embeddable":true,"href":"https:\/\/nbcs.mx\/index.php?rest_route=%2Fwp%2Fv2%2Ftags&post=159075"}],"curies":[{"name":"wp","href":"https:\/\/api.w.org\/{rel}","templated":true}]}}