{"id":159078,"date":"2025-12-10T12:05:08","date_gmt":"2025-12-10T19:05:08","guid":{"rendered":"https:\/\/nbcs.mx\/?p=159078"},"modified":"2025-12-10T12:05:08","modified_gmt":"2025-12-10T19:05:08","slug":"aprueban-la-abrogacion-de-la-ley-organica-del-regimen-estatal-de-proteccion-social-en-salud-de-bcs","status":"publish","type":"post","link":"https:\/\/nbcs.mx\/?p=159078","title":{"rendered":"Aprueban la abrogaci\u00f3n de la Ley Org\u00e1nica del R\u00e9gimen Estatal de Protecci\u00f3n Social en Salud de BCS"},"content":{"rendered":"<p style=\"font-weight: 400; text-align: justify;\"><img loading=\"lazy\" decoding=\"async\" class=\" wp-image-159079 alignleft\" src=\"https:\/\/nbcs.mx\/wp-content\/uploads\/2025\/12\/PLENO-251209-4-739x492.jpg\" alt=\"\" width=\"376\" height=\"250\" srcset=\"https:\/\/nbcs.mx\/wp-content\/uploads\/2025\/12\/PLENO-251209-4-739x492.jpg 739w, https:\/\/nbcs.mx\/wp-content\/uploads\/2025\/12\/PLENO-251209-4-1024x681.jpg 1024w, https:\/\/nbcs.mx\/wp-content\/uploads\/2025\/12\/PLENO-251209-4-150x100.jpg 150w, https:\/\/nbcs.mx\/wp-content\/uploads\/2025\/12\/PLENO-251209-4-768x511.jpg 768w, https:\/\/nbcs.mx\/wp-content\/uploads\/2025\/12\/PLENO-251209-4-1536x1022.jpg 1536w, https:\/\/nbcs.mx\/wp-content\/uploads\/2025\/12\/PLENO-251209-4-2048x1363.jpg 2048w\" sizes=\"auto, (max-width: 376px) 100vw, 376px\" \/>Aprueba el Congreso del Estado el dictamen presentado por la Comisi\u00f3n Permanente de la Salud, la Familia y la Asistencia P\u00fablica, relativo a la iniciativa remitida por el titular del Poder Ejecutivo Estatal, mediante la cual se abroga el decreto 2263, se reforma el art\u00edculo 33 de la Ley de Salud para BCS, se abroga la Ley Org\u00e1nica del R\u00e9gimen Estatal de Protecci\u00f3n Social en Salud del Estado y se extingue el Organismo P\u00fablico Descentralizado R\u00e9gimen Estatal de Protecci\u00f3n Social.<\/p>\n<p style=\"font-weight: 400; text-align: justify;\">\n<p style=\"font-weight: 400; text-align: justify;\">Por lo que, para adaptar el nuevo sistema de salud y cumplir con lo se\u00f1alado en el art\u00edculo 45 de la Ley Org\u00e1nica de la Administraci\u00f3n P\u00fablica del Estado de BCS, quienes integran las Comisiones Permanentes que suscriben el presente dictamen consideraron favorable la iniciativa, aun as\u00ed, se plantearon diversas modificaciones: a) Adecuar la redacci\u00f3n del art\u00edculo 1\u00b0 relativo a la abrogaci\u00f3n de la Ley de protecci\u00f3n social en salud, mediante la cual se extinga al Organismo P\u00fablico Descentralizado R\u00e9gimen Estatal de Protecci\u00f3n en Salud de BCS; b) Modificar el segundo p\u00e1rrafo del art\u00edculo 2\u00b0, para que se establezca que el Gobierno del Estado en coordinaci\u00f3n con la Federaci\u00f3n, sea quien garantice, por medio del Sistema de Salud para el Bienestar la prestaci\u00f3n gratuita de servicios de salud, medicamentos y dem\u00e1s insumos asociados a la poblaci\u00f3n sin seguridad; c) Eliminar los art\u00edculos 3\u00b0 y 4\u00b0 ya que son relativos a la abrogaci\u00f3n de la Ley en comento y a la extinci\u00f3n del Organismo P\u00fablico Descentralizado; y finalmente, d) Pasar al r\u00e9gimen transitorio el art\u00edculo 5\u00b0 relativo a los recursos materiales y financieros.<\/p>\n<p style=\"font-weight: 400; text-align: justify;\">\n<p style=\"font-weight: 400; text-align: justify;\">Es preciso recordar que el Sistema de Protecci\u00f3n Social en Salud (Seguro Popular) surgi\u00f3 ante la necesidad de una alternativa de atenci\u00f3n a la salud, para aquella poblaci\u00f3n que no contar\u00e1 con dichos servicios, los recibiera sin una cuota a cambio; no obstante, el Titular del Ejecutivo Estatal, indic\u00f3 que desde su creaci\u00f3n, el r\u00e9gimen, a pesar de que cumpli\u00f3 de manera puntal y eficiente con las funciones que le fueron encomendadas por su Ley Org\u00e1nica, la propuesta presentada ante la Comisi\u00f3n de Salud de la C\u00e1mara de Diputados del Congreso de la Uni\u00f3n, hace referencia a la inoperatividad del Sistema, a que no ha garantizado la mejora de la salud de la poblaci\u00f3n, ni ha logrado que el derecho a la salud se aborde de manera integral e intersectorial. Raz\u00f3n con la cual el promovente solvent\u00f3 dicha renovaci\u00f3n estructural.<\/p>\n<p style=\"font-weight: 400; text-align: justify;\">\n<p style=\"font-weight: 400; text-align: justify;\">\n<p style=\"font-weight: 400; text-align: justify;\">En la discusi\u00f3n del tema la diputada Guadalupe Salda\u00f1a Cisneros, quien expres\u00f3 su voto en contra, expuso que el tema de salud es uno de los m\u00e1s sensibles no solo en el Estado, tambi\u00e9n del pa\u00eds, ya que desde hace a\u00f1os el sistema de salud ha sufrido grandes rupturas; dijo, ser preocupante el aumento de 20.1 a 44.5 millones de mexicanos, de 2018 a la fecha, quienes se encuentran sin acceso a la salud p\u00fablica, vi\u00e9ndose en la necesidad de usar servicios m\u00e9dicos privados.<\/p>\n<p style=\"font-weight: 400; text-align: justify;\">\u201cLejos de fortalecer el sistema de salud, la austeridad ha aumentado las desigualdades, lo que la gente quiere es medicamento y citas con especialistas, lo que la gente quiere es ver que sus familiares sean atendidos con prontitud\u201d, asever\u00f3.<\/p>\n<p style=\"font-weight: 400; text-align: justify;\">\n","protected":false},"excerpt":{"rendered":"<p>Aprueba el Congreso del Estado el dictamen presentado por la Comisi\u00f3n Permanente de la Salud, la Familia y la Asistencia<\/p>\n","protected":false},"author":1,"featured_media":159079,"comment_status":"open","ping_status":"closed","sticky":false,"template":"","format":"standard","meta":{"colormag_page_container_layout":"default_layout","colormag_page_sidebar_layout":"default_layout","_jetpack_memberships_contains_paid_content":false,"footnotes":"","jetpack_publicize_message":"","jetpack_publicize_feature_enabled":true,"jetpack_social_post_already_shared":true,"jetpack_social_options":{"image_generator_settings":{"template":"highway","default_image_id":0,"font":"","enabled":false},"version":2}},"categories":[48],"tags":[],"class_list":["post-159078","post","type-post","status-publish","format-standard","has-post-thumbnail","hentry","category-congreso-de-bcs"],"yoast_head":"<!-- This site is optimized with the Yoast SEO plugin v27.5 - https:\/\/yoast.com\/product\/yoast-seo-wordpress\/ -->\n<title>Aprueban la abrogaci\u00f3n de la Ley Org\u00e1nica del R\u00e9gimen Estatal de Protecci\u00f3n Social en Salud de BCS - NBCS Noticias<\/title>\n<meta name=\"robots\" content=\"index, follow, max-snippet:-1, max-image-preview:large, max-video-preview:-1\" \/>\n<link rel=\"canonical\" href=\"https:\/\/nbcs.mx\/?p=159078\" \/>\n<meta property=\"og:locale\" content=\"es_ES\" \/>\n<meta property=\"og:type\" content=\"article\" \/>\n<meta property=\"og:title\" content=\"Aprueban la abrogaci\u00f3n de la Ley Org\u00e1nica del R\u00e9gimen Estatal de Protecci\u00f3n Social en Salud de BCS - NBCS Noticias\" \/>\n<meta property=\"og:description\" content=\"Aprueba el Congreso del Estado el dictamen presentado por la Comisi\u00f3n Permanente de la Salud, la Familia y la Asistencia\" \/>\n<meta property=\"og:url\" content=\"https:\/\/nbcs.mx\/?p=159078\" \/>\n<meta property=\"og:site_name\" content=\"NBCS Noticias\" \/>\n<meta property=\"article:publisher\" content=\"https:\/\/www.facebook.com\/NBCSnoticias\" \/>\n<meta property=\"article:author\" content=\"https:\/\/www.facebook.com\/NBCSnoticias\" \/>\n<meta property=\"article:published_time\" content=\"2025-12-10T19:05:08+00:00\" \/>\n<meta property=\"og:image\" content=\"https:\/\/nbcs.mx\/wp-content\/uploads\/2025\/12\/PLENO-251209-4-scaled.jpg\" \/>\n\t<meta property=\"og:image:width\" content=\"2560\" \/>\n\t<meta property=\"og:image:height\" content=\"1703\" \/>\n\t<meta property=\"og:image:type\" content=\"image\/jpeg\" \/>\n<meta name=\"author\" content=\"NBCS Noticias\" \/>\n<meta name=\"twitter:card\" content=\"summary_large_image\" \/>\n<meta name=\"twitter:creator\" content=\"@https:\/\/twitter.com\/NBCSnoticias\" \/>\n<meta name=\"twitter:site\" content=\"@NBCSnoticias\" \/>\n<meta name=\"twitter:label1\" content=\"Escrito por\" \/>\n\t<meta name=\"twitter:data1\" content=\"NBCS Noticias\" \/>\n\t<meta name=\"twitter:label2\" content=\"Tiempo de lectura\" \/>\n\t<meta name=\"twitter:data2\" content=\"3 minutos\" \/>\n<script type=\"application\/ld+json\" class=\"yoast-schema-graph\">{\"@context\":\"https:\\\/\\\/schema.org\",\"@graph\":[{\"@type\":\"Article\",\"@id\":\"https:\\\/\\\/nbcs.mx\\\/?p=159078#article\",\"isPartOf\":{\"@id\":\"https:\\\/\\\/nbcs.mx\\\/?p=159078\"},\"author\":{\"name\":\"NBCS Noticias\",\"@id\":\"https:\\\/\\\/nbcs.mx\\\/#\\\/schema\\\/person\\\/ece58bab9a7c1e87a4d28ec9ecd79ff4\"},\"headline\":\"Aprueban la abrogaci\u00f3n de la Ley Org\u00e1nica del R\u00e9gimen Estatal de Protecci\u00f3n Social en Salud de BCS\",\"datePublished\":\"2025-12-10T19:05:08+00:00\",\"mainEntityOfPage\":{\"@id\":\"https:\\\/\\\/nbcs.mx\\\/?p=159078\"},\"wordCount\":590,\"commentCount\":0,\"publisher\":{\"@id\":\"https:\\\/\\\/nbcs.mx\\\/#organization\"},\"image\":{\"@id\":\"https:\\\/\\\/nbcs.mx\\\/?p=159078#primaryimage\"},\"thumbnailUrl\":\"https:\\\/\\\/nbcs.mx\\\/wp-content\\\/uploads\\\/2025\\\/12\\\/PLENO-251209-4-scaled.jpg\",\"articleSection\":[\"Congreso de BCS\"],\"inLanguage\":\"es\",\"potentialAction\":[{\"@type\":\"CommentAction\",\"name\":\"Comment\",\"target\":[\"https:\\\/\\\/nbcs.mx\\\/?p=159078#respond\"]}]},{\"@type\":\"WebPage\",\"@id\":\"https:\\\/\\\/nbcs.mx\\\/?p=159078\",\"url\":\"https:\\\/\\\/nbcs.mx\\\/?p=159078\",\"name\":\"Aprueban la abrogaci\u00f3n de la Ley Org\u00e1nica del R\u00e9gimen Estatal de Protecci\u00f3n Social en Salud de BCS - NBCS Noticias\",\"isPartOf\":{\"@id\":\"https:\\\/\\\/nbcs.mx\\\/#website\"},\"primaryImageOfPage\":{\"@id\":\"https:\\\/\\\/nbcs.mx\\\/?p=159078#primaryimage\"},\"image\":{\"@id\":\"https:\\\/\\\/nbcs.mx\\\/?p=159078#primaryimage\"},\"thumbnailUrl\":\"https:\\\/\\\/nbcs.mx\\\/wp-content\\\/uploads\\\/2025\\\/12\\\/PLENO-251209-4-scaled.jpg\",\"datePublished\":\"2025-12-10T19:05:08+00:00\",\"breadcrumb\":{\"@id\":\"https:\\\/\\\/nbcs.mx\\\/?p=159078#breadcrumb\"},\"inLanguage\":\"es\",\"potentialAction\":[{\"@type\":\"ReadAction\",\"target\":[\"https:\\\/\\\/nbcs.mx\\\/?p=159078\"]}]},{\"@type\":\"ImageObject\",\"inLanguage\":\"es\",\"@id\":\"https:\\\/\\\/nbcs.mx\\\/?p=159078#primaryimage\",\"url\":\"https:\\\/\\\/nbcs.mx\\\/wp-content\\\/uploads\\\/2025\\\/12\\\/PLENO-251209-4-scaled.jpg\",\"contentUrl\":\"https:\\\/\\\/nbcs.mx\\\/wp-content\\\/uploads\\\/2025\\\/12\\\/PLENO-251209-4-scaled.jpg\",\"width\":2560,\"height\":1703},{\"@type\":\"BreadcrumbList\",\"@id\":\"https:\\\/\\\/nbcs.mx\\\/?p=159078#breadcrumb\",\"itemListElement\":[{\"@type\":\"ListItem\",\"position\":1,\"name\":\"Portada\",\"item\":\"https:\\\/\\\/nbcs.mx\\\/\"},{\"@type\":\"ListItem\",\"position\":2,\"name\":\"Aprueban la abrogaci\u00f3n de la Ley Org\u00e1nica del R\u00e9gimen Estatal de Protecci\u00f3n Social en Salud de BCS\"}]},{\"@type\":\"WebSite\",\"@id\":\"https:\\\/\\\/nbcs.mx\\\/#website\",\"url\":\"https:\\\/\\\/nbcs.mx\\\/\",\"name\":\"NBCS Noticias\",\"description\":\"Sitio web de noticias en Baja California Sur\",\"publisher\":{\"@id\":\"https:\\\/\\\/nbcs.mx\\\/#organization\"},\"potentialAction\":[{\"@type\":\"SearchAction\",\"target\":{\"@type\":\"EntryPoint\",\"urlTemplate\":\"https:\\\/\\\/nbcs.mx\\\/?s={search_term_string}\"},\"query-input\":{\"@type\":\"PropertyValueSpecification\",\"valueRequired\":true,\"valueName\":\"search_term_string\"}}],\"inLanguage\":\"es\"},{\"@type\":\"Organization\",\"@id\":\"https:\\\/\\\/nbcs.mx\\\/#organization\",\"name\":\"NBCS Noticias\",\"url\":\"https:\\\/\\\/nbcs.mx\\\/\",\"logo\":{\"@type\":\"ImageObject\",\"inLanguage\":\"es\",\"@id\":\"https:\\\/\\\/nbcs.mx\\\/#\\\/schema\\\/logo\\\/image\\\/\",\"url\":\"https:\\\/\\\/nbcs.mx\\\/wp-content\\\/uploads\\\/2018\\\/09\\\/057b69485e93575a5c2b1c1dde2dd297.jpeg\",\"contentUrl\":\"https:\\\/\\\/nbcs.mx\\\/wp-content\\\/uploads\\\/2018\\\/09\\\/057b69485e93575a5c2b1c1dde2dd297.jpeg\",\"width\":64,\"height\":64,\"caption\":\"NBCS Noticias\"},\"image\":{\"@id\":\"https:\\\/\\\/nbcs.mx\\\/#\\\/schema\\\/logo\\\/image\\\/\"},\"sameAs\":[\"https:\\\/\\\/www.facebook.com\\\/NBCSnoticias\",\"https:\\\/\\\/x.com\\\/NBCSnoticias\"]},{\"@type\":\"Person\",\"@id\":\"https:\\\/\\\/nbcs.mx\\\/#\\\/schema\\\/person\\\/ece58bab9a7c1e87a4d28ec9ecd79ff4\",\"name\":\"NBCS Noticias\",\"image\":{\"@type\":\"ImageObject\",\"inLanguage\":\"es\",\"@id\":\"https:\\\/\\\/secure.gravatar.com\\\/avatar\\\/4e52110cad1c4054b43271a0d14bbe9e2ea76aecd0e1097edfc670798d9ca1d4?s=96&d=blank&r=g\",\"url\":\"https:\\\/\\\/secure.gravatar.com\\\/avatar\\\/4e52110cad1c4054b43271a0d14bbe9e2ea76aecd0e1097edfc670798d9ca1d4?s=96&d=blank&r=g\",\"contentUrl\":\"https:\\\/\\\/secure.gravatar.com\\\/avatar\\\/4e52110cad1c4054b43271a0d14bbe9e2ea76aecd0e1097edfc670798d9ca1d4?s=96&d=blank&r=g\",\"caption\":\"NBCS Noticias\"},\"description\":\"\u00bfTienes fotos o video de alg\u00fan acto de posible negligencia, corrupci\u00f3n y abuso de autoridad? M\u00e1ndalo al WhatsApp de NBCS Noticias: 612 141 98 08\",\"sameAs\":[\"https:\\\/\\\/www.nbcs.mx\",\"https:\\\/\\\/www.facebook.com\\\/NBCSnoticias\",\"https:\\\/\\\/www.instagram.com\\\/nbcsnoticias\\\/\",\"https:\\\/\\\/x.com\\\/https:\\\/\\\/twitter.com\\\/NBCSnoticias\"]}]}<\/script>\n<!-- \/ Yoast SEO plugin. -->","yoast_head_json":{"title":"Aprueban la abrogaci\u00f3n de la Ley Org\u00e1nica del R\u00e9gimen Estatal de Protecci\u00f3n Social en Salud de BCS - NBCS Noticias","robots":{"index":"index","follow":"follow","max-snippet":"max-snippet:-1","max-image-preview":"max-image-preview:large","max-video-preview":"max-video-preview:-1"},"canonical":"https:\/\/nbcs.mx\/?p=159078","og_locale":"es_ES","og_type":"article","og_title":"Aprueban la abrogaci\u00f3n de la Ley Org\u00e1nica del R\u00e9gimen Estatal de Protecci\u00f3n Social en Salud de BCS - NBCS Noticias","og_description":"Aprueba el Congreso del Estado el dictamen presentado por la Comisi\u00f3n Permanente de la Salud, la Familia y la Asistencia","og_url":"https:\/\/nbcs.mx\/?p=159078","og_site_name":"NBCS Noticias","article_publisher":"https:\/\/www.facebook.com\/NBCSnoticias","article_author":"https:\/\/www.facebook.com\/NBCSnoticias","article_published_time":"2025-12-10T19:05:08+00:00","og_image":[{"width":2560,"height":1703,"url":"https:\/\/nbcs.mx\/wp-content\/uploads\/2025\/12\/PLENO-251209-4-scaled.jpg","type":"image\/jpeg"}],"author":"NBCS Noticias","twitter_card":"summary_large_image","twitter_creator":"@https:\/\/twitter.com\/NBCSnoticias","twitter_site":"@NBCSnoticias","twitter_misc":{"Escrito por":"NBCS Noticias","Tiempo de lectura":"3 minutos"},"schema":{"@context":"https:\/\/schema.org","@graph":[{"@type":"Article","@id":"https:\/\/nbcs.mx\/?p=159078#article","isPartOf":{"@id":"https:\/\/nbcs.mx\/?p=159078"},"author":{"name":"NBCS Noticias","@id":"https:\/\/nbcs.mx\/#\/schema\/person\/ece58bab9a7c1e87a4d28ec9ecd79ff4"},"headline":"Aprueban la abrogaci\u00f3n de la Ley Org\u00e1nica del R\u00e9gimen Estatal de Protecci\u00f3n Social en Salud de BCS","datePublished":"2025-12-10T19:05:08+00:00","mainEntityOfPage":{"@id":"https:\/\/nbcs.mx\/?p=159078"},"wordCount":590,"commentCount":0,"publisher":{"@id":"https:\/\/nbcs.mx\/#organization"},"image":{"@id":"https:\/\/nbcs.mx\/?p=159078#primaryimage"},"thumbnailUrl":"https:\/\/nbcs.mx\/wp-content\/uploads\/2025\/12\/PLENO-251209-4-scaled.jpg","articleSection":["Congreso de BCS"],"inLanguage":"es","potentialAction":[{"@type":"CommentAction","name":"Comment","target":["https:\/\/nbcs.mx\/?p=159078#respond"]}]},{"@type":"WebPage","@id":"https:\/\/nbcs.mx\/?p=159078","url":"https:\/\/nbcs.mx\/?p=159078","name":"Aprueban la abrogaci\u00f3n de la Ley Org\u00e1nica del R\u00e9gimen Estatal de Protecci\u00f3n Social en Salud de BCS - NBCS Noticias","isPartOf":{"@id":"https:\/\/nbcs.mx\/#website"},"primaryImageOfPage":{"@id":"https:\/\/nbcs.mx\/?p=159078#primaryimage"},"image":{"@id":"https:\/\/nbcs.mx\/?p=159078#primaryimage"},"thumbnailUrl":"https:\/\/nbcs.mx\/wp-content\/uploads\/2025\/12\/PLENO-251209-4-scaled.jpg","datePublished":"2025-12-10T19:05:08+00:00","breadcrumb":{"@id":"https:\/\/nbcs.mx\/?p=159078#breadcrumb"},"inLanguage":"es","potentialAction":[{"@type":"ReadAction","target":["https:\/\/nbcs.mx\/?p=159078"]}]},{"@type":"ImageObject","inLanguage":"es","@id":"https:\/\/nbcs.mx\/?p=159078#primaryimage","url":"https:\/\/nbcs.mx\/wp-content\/uploads\/2025\/12\/PLENO-251209-4-scaled.jpg","contentUrl":"https:\/\/nbcs.mx\/wp-content\/uploads\/2025\/12\/PLENO-251209-4-scaled.jpg","width":2560,"height":1703},{"@type":"BreadcrumbList","@id":"https:\/\/nbcs.mx\/?p=159078#breadcrumb","itemListElement":[{"@type":"ListItem","position":1,"name":"Portada","item":"https:\/\/nbcs.mx\/"},{"@type":"ListItem","position":2,"name":"Aprueban la abrogaci\u00f3n de la Ley Org\u00e1nica del R\u00e9gimen Estatal de Protecci\u00f3n Social en Salud de BCS"}]},{"@type":"WebSite","@id":"https:\/\/nbcs.mx\/#website","url":"https:\/\/nbcs.mx\/","name":"NBCS Noticias","description":"Sitio web de noticias en Baja California Sur","publisher":{"@id":"https:\/\/nbcs.mx\/#organization"},"potentialAction":[{"@type":"SearchAction","target":{"@type":"EntryPoint","urlTemplate":"https:\/\/nbcs.mx\/?s={search_term_string}"},"query-input":{"@type":"PropertyValueSpecification","valueRequired":true,"valueName":"search_term_string"}}],"inLanguage":"es"},{"@type":"Organization","@id":"https:\/\/nbcs.mx\/#organization","name":"NBCS Noticias","url":"https:\/\/nbcs.mx\/","logo":{"@type":"ImageObject","inLanguage":"es","@id":"https:\/\/nbcs.mx\/#\/schema\/logo\/image\/","url":"https:\/\/nbcs.mx\/wp-content\/uploads\/2018\/09\/057b69485e93575a5c2b1c1dde2dd297.jpeg","contentUrl":"https:\/\/nbcs.mx\/wp-content\/uploads\/2018\/09\/057b69485e93575a5c2b1c1dde2dd297.jpeg","width":64,"height":64,"caption":"NBCS Noticias"},"image":{"@id":"https:\/\/nbcs.mx\/#\/schema\/logo\/image\/"},"sameAs":["https:\/\/www.facebook.com\/NBCSnoticias","https:\/\/x.com\/NBCSnoticias"]},{"@type":"Person","@id":"https:\/\/nbcs.mx\/#\/schema\/person\/ece58bab9a7c1e87a4d28ec9ecd79ff4","name":"NBCS Noticias","image":{"@type":"ImageObject","inLanguage":"es","@id":"https:\/\/secure.gravatar.com\/avatar\/4e52110cad1c4054b43271a0d14bbe9e2ea76aecd0e1097edfc670798d9ca1d4?s=96&d=blank&r=g","url":"https:\/\/secure.gravatar.com\/avatar\/4e52110cad1c4054b43271a0d14bbe9e2ea76aecd0e1097edfc670798d9ca1d4?s=96&d=blank&r=g","contentUrl":"https:\/\/secure.gravatar.com\/avatar\/4e52110cad1c4054b43271a0d14bbe9e2ea76aecd0e1097edfc670798d9ca1d4?s=96&d=blank&r=g","caption":"NBCS Noticias"},"description":"\u00bfTienes fotos o video de alg\u00fan acto de posible negligencia, corrupci\u00f3n y abuso de autoridad? M\u00e1ndalo al WhatsApp de NBCS Noticias: 612 141 98 08","sameAs":["https:\/\/www.nbcs.mx","https:\/\/www.facebook.com\/NBCSnoticias","https:\/\/www.instagram.com\/nbcsnoticias\/","https:\/\/x.com\/https:\/\/twitter.com\/NBCSnoticias"]}]}},"jetpack_publicize_connections":[],"jetpack_featured_media_url":"https:\/\/nbcs.mx\/wp-content\/uploads\/2025\/12\/PLENO-251209-4-scaled.jpg","jetpack_sharing_enabled":true,"_links":{"self":[{"href":"https:\/\/nbcs.mx\/index.php?rest_route=\/wp\/v2\/posts\/159078","targetHints":{"allow":["GET"]}}],"collection":[{"href":"https:\/\/nbcs.mx\/index.php?rest_route=\/wp\/v2\/posts"}],"about":[{"href":"https:\/\/nbcs.mx\/index.php?rest_route=\/wp\/v2\/types\/post"}],"author":[{"embeddable":true,"href":"https:\/\/nbcs.mx\/index.php?rest_route=\/wp\/v2\/users\/1"}],"replies":[{"embeddable":true,"href":"https:\/\/nbcs.mx\/index.php?rest_route=%2Fwp%2Fv2%2Fcomments&post=159078"}],"version-history":[{"count":1,"href":"https:\/\/nbcs.mx\/index.php?rest_route=\/wp\/v2\/posts\/159078\/revisions"}],"predecessor-version":[{"id":159080,"href":"https:\/\/nbcs.mx\/index.php?rest_route=\/wp\/v2\/posts\/159078\/revisions\/159080"}],"wp:featuredmedia":[{"embeddable":true,"href":"https:\/\/nbcs.mx\/index.php?rest_route=\/wp\/v2\/media\/159079"}],"wp:attachment":[{"href":"https:\/\/nbcs.mx\/index.php?rest_route=%2Fwp%2Fv2%2Fmedia&parent=159078"}],"wp:term":[{"taxonomy":"category","embeddable":true,"href":"https:\/\/nbcs.mx\/index.php?rest_route=%2Fwp%2Fv2%2Fcategories&post=159078"},{"taxonomy":"post_tag","embeddable":true,"href":"https:\/\/nbcs.mx\/index.php?rest_route=%2Fwp%2Fv2%2Ftags&post=159078"}],"curies":[{"name":"wp","href":"https:\/\/api.w.org\/{rel}","templated":true}]}}