{"id":159087,"date":"2025-12-10T17:18:45","date_gmt":"2025-12-11T00:18:45","guid":{"rendered":"https:\/\/nbcs.mx\/?p=159087"},"modified":"2025-12-10T17:18:45","modified_gmt":"2025-12-11T00:18:45","slug":"ayuntamiento-de-mulege-inicia-obra-estrategica-de-pavimentacion-en-santa-rosalia","status":"publish","type":"post","link":"https:\/\/nbcs.mx\/?p=159087","title":{"rendered":"Ayuntamiento de Muleg\u00e9 inicia obra estrat\u00e9gica de pavimentaci\u00f3n en Santa Rosal\u00eda"},"content":{"rendered":"<p style=\"font-weight: 400; text-align: justify;\"><img loading=\"lazy\" decoding=\"async\" class=\" wp-image-159088 alignleft\" src=\"https:\/\/nbcs.mx\/wp-content\/uploads\/2025\/12\/Foto-2-738x492.jpg\" alt=\"\" width=\"390\" height=\"260\" srcset=\"https:\/\/nbcs.mx\/wp-content\/uploads\/2025\/12\/Foto-2-738x492.jpg 738w, https:\/\/nbcs.mx\/wp-content\/uploads\/2025\/12\/Foto-2-1024x683.jpg 1024w, https:\/\/nbcs.mx\/wp-content\/uploads\/2025\/12\/Foto-2-150x100.jpg 150w, https:\/\/nbcs.mx\/wp-content\/uploads\/2025\/12\/Foto-2-768x512.jpg 768w, https:\/\/nbcs.mx\/wp-content\/uploads\/2025\/12\/Foto-2-1536x1025.jpg 1536w, https:\/\/nbcs.mx\/wp-content\/uploads\/2025\/12\/Foto-2.jpg 2048w\" sizes=\"auto, (max-width: 390px) 100vw, 390px\" \/>La alcaldesa de Muleg\u00e9, Edith Aguilar Villavicencio, encabez\u00f3 el arranque oficial de la obra de pavimentaci\u00f3n con concreto asf\u00e1ltico en el tramo comprendido entre la Avenida Marcelo Rubio Ruiz y la carretera transpeninsular Loreto\u2013Santa Rosal\u00eda, una inversi\u00f3n de 2.2 millones que se ejecutar\u00e1 mediante recursos del Fideicomiso de Administraci\u00f3n, Inversi\u00f3n y Fuentes de Pago para Obras de Infraestructura Social del Municipio de Muleg\u00e9 (FOIS Muleg\u00e9).<\/p>\n<p style=\"font-weight: 400; text-align: justify;\">La obra contempla un paquete integral de urbanizaci\u00f3n y mejoramiento vial dise\u00f1ado para garantizar una superficie de rodamiento segura, resistente y acorde con los est\u00e1ndares t\u00e9cnicos vigentes. Entre las actividades programadas se encuentran la preparaci\u00f3n del sitio, trazo y nivelaci\u00f3n con equipo topogr\u00e1fico; cortes y rellenos del terreno natural; construcci\u00f3n de guarniciones en ambos costados; instalaci\u00f3n de banquetas de concreto, conformaci\u00f3n de la estructura de pavimento; tendido y compactaci\u00f3n de base hidr\u00e1ulica; aplicaci\u00f3n de riegos de impregnaci\u00f3n y liga; as\u00ed como trabajos de terminaci\u00f3n y obras complementarias.<\/p>\n<p style=\"font-weight: 400; text-align: justify;\">De manera paralela, se instalar\u00e1n nuevas las l\u00edneas de drenaje sanitario y agua potable mediante excavaciones, reposici\u00f3n de tuber\u00edas, construcci\u00f3n de pozos de visita, registros y nuevas tomas domiciliarias.<\/p>\n<p style=\"font-weight: 400; text-align: justify;\">Durante el arranque, la presidenta municipal destac\u00f3 la relevancia social de esta pavimentaci\u00f3n, subrayando que \u201chay vecinas y vecinos que tienen m\u00e1s de 40 a\u00f1os viviendo en este punto y por primera vez ver\u00e1n su calle pavimentada\u201d. Aguilar Villavicencio se\u00f1al\u00f3 adem\u00e1s que la vialidad presentaba altos niveles de deslave, generando afectaciones en la movilidad, problemas de limpieza y deterioro en calles aleda\u00f1as, por lo que esta intervenci\u00f3n era impostergable.<\/p>\n<p style=\"font-weight: 400; text-align: justify;\">En el evento estuvieron presentes Gyselle Hern\u00e1ndez, presidenta del Sistema DIF Muleg\u00e9; Luis S\u00e1ndez, s\u00edndico municipal; Saulo Arce, Director de Obras P\u00fablicas; Luis Alberto Hern\u00e1ndez, director general de Desarrollo; Y\u00e9ssica L\u00f3pez, primera regidora; as\u00ed como funcionarias, funcionarios y habitantes de la zona, quienes manifestaron su agradecimiento por esta obra largamente solicitada y hoy atendida.<\/p>\n<p style=\"font-weight: 400; text-align: justify;\">\n<p style=\"font-weight: 400; text-align: justify;\">La alcaldesa reiter\u00f3 que su administraci\u00f3n seguir\u00e1 priorizando calles estrat\u00e9gicas que permitan mejorar la movilidad urbana y elevar la calidad de vida de las familias muleginas. \u201cSeguiremos trabajando de la mano con nuestra gente, cumpliendo compromisos y mejorando la infraestructura carretera\u201d, concluy\u00f3.<\/p>\n","protected":false},"excerpt":{"rendered":"<p>La alcaldesa de Muleg\u00e9, Edith Aguilar Villavicencio, encabez\u00f3 el arranque oficial de la obra de pavimentaci\u00f3n con concreto asf\u00e1ltico en<\/p>\n","protected":false},"author":1,"featured_media":159088,"comment_status":"open","ping_status":"closed","sticky":false,"template":"","format":"standard","meta":{"colormag_page_container_layout":"default_layout","colormag_page_sidebar_layout":"default_layout","_jetpack_memberships_contains_paid_content":false,"footnotes":"","jetpack_publicize_message":"","jetpack_publicize_feature_enabled":true,"jetpack_social_post_already_shared":true,"jetpack_social_options":{"image_generator_settings":{"template":"highway","default_image_id":0,"font":"","enabled":false},"version":2}},"categories":[40],"tags":[],"class_list":["post-159087","post","type-post","status-publish","format-standard","has-post-thumbnail","hentry","category-municipios"],"yoast_head":"<!-- This site is optimized with the Yoast SEO plugin v27.5 - https:\/\/yoast.com\/product\/yoast-seo-wordpress\/ -->\n<title>Ayuntamiento de Muleg\u00e9 inicia obra estrat\u00e9gica de pavimentaci\u00f3n en Santa Rosal\u00eda - NBCS Noticias<\/title>\n<meta name=\"robots\" content=\"index, follow, max-snippet:-1, max-image-preview:large, max-video-preview:-1\" \/>\n<link rel=\"canonical\" href=\"https:\/\/nbcs.mx\/?p=159087\" \/>\n<meta property=\"og:locale\" content=\"es_ES\" \/>\n<meta property=\"og:type\" content=\"article\" \/>\n<meta property=\"og:title\" content=\"Ayuntamiento de Muleg\u00e9 inicia obra estrat\u00e9gica de pavimentaci\u00f3n en Santa Rosal\u00eda - NBCS Noticias\" \/>\n<meta property=\"og:description\" content=\"La alcaldesa de Muleg\u00e9, Edith Aguilar Villavicencio, encabez\u00f3 el arranque oficial de la obra de pavimentaci\u00f3n con concreto asf\u00e1ltico en\" \/>\n<meta property=\"og:url\" content=\"https:\/\/nbcs.mx\/?p=159087\" \/>\n<meta property=\"og:site_name\" content=\"NBCS Noticias\" \/>\n<meta property=\"article:publisher\" content=\"https:\/\/www.facebook.com\/NBCSnoticias\" \/>\n<meta property=\"article:author\" content=\"https:\/\/www.facebook.com\/NBCSnoticias\" \/>\n<meta property=\"article:published_time\" content=\"2025-12-11T00:18:45+00:00\" \/>\n<meta property=\"og:image\" content=\"https:\/\/nbcs.mx\/wp-content\/uploads\/2025\/12\/Foto-2.jpg\" \/>\n\t<meta property=\"og:image:width\" content=\"2048\" \/>\n\t<meta property=\"og:image:height\" content=\"1366\" \/>\n\t<meta property=\"og:image:type\" content=\"image\/jpeg\" \/>\n<meta name=\"author\" content=\"NBCS Noticias\" \/>\n<meta name=\"twitter:card\" content=\"summary_large_image\" \/>\n<meta name=\"twitter:creator\" content=\"@https:\/\/twitter.com\/NBCSnoticias\" \/>\n<meta name=\"twitter:site\" content=\"@NBCSnoticias\" \/>\n<meta name=\"twitter:label1\" content=\"Escrito por\" \/>\n\t<meta name=\"twitter:data1\" content=\"NBCS Noticias\" \/>\n\t<meta name=\"twitter:label2\" content=\"Tiempo de lectura\" \/>\n\t<meta name=\"twitter:data2\" content=\"2 minutos\" \/>\n<script type=\"application\/ld+json\" class=\"yoast-schema-graph\">{\"@context\":\"https:\\\/\\\/schema.org\",\"@graph\":[{\"@type\":\"Article\",\"@id\":\"https:\\\/\\\/nbcs.mx\\\/?p=159087#article\",\"isPartOf\":{\"@id\":\"https:\\\/\\\/nbcs.mx\\\/?p=159087\"},\"author\":{\"name\":\"NBCS Noticias\",\"@id\":\"https:\\\/\\\/nbcs.mx\\\/#\\\/schema\\\/person\\\/ece58bab9a7c1e87a4d28ec9ecd79ff4\"},\"headline\":\"Ayuntamiento de Muleg\u00e9 inicia obra estrat\u00e9gica de pavimentaci\u00f3n en Santa Rosal\u00eda\",\"datePublished\":\"2025-12-11T00:18:45+00:00\",\"mainEntityOfPage\":{\"@id\":\"https:\\\/\\\/nbcs.mx\\\/?p=159087\"},\"wordCount\":402,\"commentCount\":0,\"publisher\":{\"@id\":\"https:\\\/\\\/nbcs.mx\\\/#organization\"},\"image\":{\"@id\":\"https:\\\/\\\/nbcs.mx\\\/?p=159087#primaryimage\"},\"thumbnailUrl\":\"https:\\\/\\\/nbcs.mx\\\/wp-content\\\/uploads\\\/2025\\\/12\\\/Foto-2.jpg\",\"articleSection\":[\"Municipios\"],\"inLanguage\":\"es\",\"potentialAction\":[{\"@type\":\"CommentAction\",\"name\":\"Comment\",\"target\":[\"https:\\\/\\\/nbcs.mx\\\/?p=159087#respond\"]}]},{\"@type\":\"WebPage\",\"@id\":\"https:\\\/\\\/nbcs.mx\\\/?p=159087\",\"url\":\"https:\\\/\\\/nbcs.mx\\\/?p=159087\",\"name\":\"Ayuntamiento de Muleg\u00e9 inicia obra estrat\u00e9gica de pavimentaci\u00f3n en Santa Rosal\u00eda - NBCS Noticias\",\"isPartOf\":{\"@id\":\"https:\\\/\\\/nbcs.mx\\\/#website\"},\"primaryImageOfPage\":{\"@id\":\"https:\\\/\\\/nbcs.mx\\\/?p=159087#primaryimage\"},\"image\":{\"@id\":\"https:\\\/\\\/nbcs.mx\\\/?p=159087#primaryimage\"},\"thumbnailUrl\":\"https:\\\/\\\/nbcs.mx\\\/wp-content\\\/uploads\\\/2025\\\/12\\\/Foto-2.jpg\",\"datePublished\":\"2025-12-11T00:18:45+00:00\",\"breadcrumb\":{\"@id\":\"https:\\\/\\\/nbcs.mx\\\/?p=159087#breadcrumb\"},\"inLanguage\":\"es\",\"potentialAction\":[{\"@type\":\"ReadAction\",\"target\":[\"https:\\\/\\\/nbcs.mx\\\/?p=159087\"]}]},{\"@type\":\"ImageObject\",\"inLanguage\":\"es\",\"@id\":\"https:\\\/\\\/nbcs.mx\\\/?p=159087#primaryimage\",\"url\":\"https:\\\/\\\/nbcs.mx\\\/wp-content\\\/uploads\\\/2025\\\/12\\\/Foto-2.jpg\",\"contentUrl\":\"https:\\\/\\\/nbcs.mx\\\/wp-content\\\/uploads\\\/2025\\\/12\\\/Foto-2.jpg\",\"width\":2048,\"height\":1366},{\"@type\":\"BreadcrumbList\",\"@id\":\"https:\\\/\\\/nbcs.mx\\\/?p=159087#breadcrumb\",\"itemListElement\":[{\"@type\":\"ListItem\",\"position\":1,\"name\":\"Portada\",\"item\":\"https:\\\/\\\/nbcs.mx\\\/\"},{\"@type\":\"ListItem\",\"position\":2,\"name\":\"Ayuntamiento de Muleg\u00e9 inicia obra estrat\u00e9gica de pavimentaci\u00f3n en Santa Rosal\u00eda\"}]},{\"@type\":\"WebSite\",\"@id\":\"https:\\\/\\\/nbcs.mx\\\/#website\",\"url\":\"https:\\\/\\\/nbcs.mx\\\/\",\"name\":\"NBCS Noticias\",\"description\":\"Sitio web de noticias en Baja California Sur\",\"publisher\":{\"@id\":\"https:\\\/\\\/nbcs.mx\\\/#organization\"},\"potentialAction\":[{\"@type\":\"SearchAction\",\"target\":{\"@type\":\"EntryPoint\",\"urlTemplate\":\"https:\\\/\\\/nbcs.mx\\\/?s={search_term_string}\"},\"query-input\":{\"@type\":\"PropertyValueSpecification\",\"valueRequired\":true,\"valueName\":\"search_term_string\"}}],\"inLanguage\":\"es\"},{\"@type\":\"Organization\",\"@id\":\"https:\\\/\\\/nbcs.mx\\\/#organization\",\"name\":\"NBCS Noticias\",\"url\":\"https:\\\/\\\/nbcs.mx\\\/\",\"logo\":{\"@type\":\"ImageObject\",\"inLanguage\":\"es\",\"@id\":\"https:\\\/\\\/nbcs.mx\\\/#\\\/schema\\\/logo\\\/image\\\/\",\"url\":\"https:\\\/\\\/nbcs.mx\\\/wp-content\\\/uploads\\\/2018\\\/09\\\/057b69485e93575a5c2b1c1dde2dd297.jpeg\",\"contentUrl\":\"https:\\\/\\\/nbcs.mx\\\/wp-content\\\/uploads\\\/2018\\\/09\\\/057b69485e93575a5c2b1c1dde2dd297.jpeg\",\"width\":64,\"height\":64,\"caption\":\"NBCS Noticias\"},\"image\":{\"@id\":\"https:\\\/\\\/nbcs.mx\\\/#\\\/schema\\\/logo\\\/image\\\/\"},\"sameAs\":[\"https:\\\/\\\/www.facebook.com\\\/NBCSnoticias\",\"https:\\\/\\\/x.com\\\/NBCSnoticias\"]},{\"@type\":\"Person\",\"@id\":\"https:\\\/\\\/nbcs.mx\\\/#\\\/schema\\\/person\\\/ece58bab9a7c1e87a4d28ec9ecd79ff4\",\"name\":\"NBCS Noticias\",\"image\":{\"@type\":\"ImageObject\",\"inLanguage\":\"es\",\"@id\":\"https:\\\/\\\/secure.gravatar.com\\\/avatar\\\/4e52110cad1c4054b43271a0d14bbe9e2ea76aecd0e1097edfc670798d9ca1d4?s=96&d=blank&r=g\",\"url\":\"https:\\\/\\\/secure.gravatar.com\\\/avatar\\\/4e52110cad1c4054b43271a0d14bbe9e2ea76aecd0e1097edfc670798d9ca1d4?s=96&d=blank&r=g\",\"contentUrl\":\"https:\\\/\\\/secure.gravatar.com\\\/avatar\\\/4e52110cad1c4054b43271a0d14bbe9e2ea76aecd0e1097edfc670798d9ca1d4?s=96&d=blank&r=g\",\"caption\":\"NBCS Noticias\"},\"description\":\"\u00bfTienes fotos o video de alg\u00fan acto de posible negligencia, corrupci\u00f3n y abuso de autoridad? M\u00e1ndalo al WhatsApp de NBCS Noticias: 612 141 98 08\",\"sameAs\":[\"https:\\\/\\\/www.nbcs.mx\",\"https:\\\/\\\/www.facebook.com\\\/NBCSnoticias\",\"https:\\\/\\\/www.instagram.com\\\/nbcsnoticias\\\/\",\"https:\\\/\\\/x.com\\\/https:\\\/\\\/twitter.com\\\/NBCSnoticias\"]}]}<\/script>\n<!-- \/ Yoast SEO plugin. -->","yoast_head_json":{"title":"Ayuntamiento de Muleg\u00e9 inicia obra estrat\u00e9gica de pavimentaci\u00f3n en Santa Rosal\u00eda - NBCS Noticias","robots":{"index":"index","follow":"follow","max-snippet":"max-snippet:-1","max-image-preview":"max-image-preview:large","max-video-preview":"max-video-preview:-1"},"canonical":"https:\/\/nbcs.mx\/?p=159087","og_locale":"es_ES","og_type":"article","og_title":"Ayuntamiento de Muleg\u00e9 inicia obra estrat\u00e9gica de pavimentaci\u00f3n en Santa Rosal\u00eda - NBCS Noticias","og_description":"La alcaldesa de Muleg\u00e9, Edith Aguilar Villavicencio, encabez\u00f3 el arranque oficial de la obra de pavimentaci\u00f3n con concreto asf\u00e1ltico en","og_url":"https:\/\/nbcs.mx\/?p=159087","og_site_name":"NBCS Noticias","article_publisher":"https:\/\/www.facebook.com\/NBCSnoticias","article_author":"https:\/\/www.facebook.com\/NBCSnoticias","article_published_time":"2025-12-11T00:18:45+00:00","og_image":[{"width":2048,"height":1366,"url":"https:\/\/nbcs.mx\/wp-content\/uploads\/2025\/12\/Foto-2.jpg","type":"image\/jpeg"}],"author":"NBCS Noticias","twitter_card":"summary_large_image","twitter_creator":"@https:\/\/twitter.com\/NBCSnoticias","twitter_site":"@NBCSnoticias","twitter_misc":{"Escrito por":"NBCS Noticias","Tiempo de lectura":"2 minutos"},"schema":{"@context":"https:\/\/schema.org","@graph":[{"@type":"Article","@id":"https:\/\/nbcs.mx\/?p=159087#article","isPartOf":{"@id":"https:\/\/nbcs.mx\/?p=159087"},"author":{"name":"NBCS Noticias","@id":"https:\/\/nbcs.mx\/#\/schema\/person\/ece58bab9a7c1e87a4d28ec9ecd79ff4"},"headline":"Ayuntamiento de Muleg\u00e9 inicia obra estrat\u00e9gica de pavimentaci\u00f3n en Santa Rosal\u00eda","datePublished":"2025-12-11T00:18:45+00:00","mainEntityOfPage":{"@id":"https:\/\/nbcs.mx\/?p=159087"},"wordCount":402,"commentCount":0,"publisher":{"@id":"https:\/\/nbcs.mx\/#organization"},"image":{"@id":"https:\/\/nbcs.mx\/?p=159087#primaryimage"},"thumbnailUrl":"https:\/\/nbcs.mx\/wp-content\/uploads\/2025\/12\/Foto-2.jpg","articleSection":["Municipios"],"inLanguage":"es","potentialAction":[{"@type":"CommentAction","name":"Comment","target":["https:\/\/nbcs.mx\/?p=159087#respond"]}]},{"@type":"WebPage","@id":"https:\/\/nbcs.mx\/?p=159087","url":"https:\/\/nbcs.mx\/?p=159087","name":"Ayuntamiento de Muleg\u00e9 inicia obra estrat\u00e9gica de pavimentaci\u00f3n en Santa Rosal\u00eda - NBCS Noticias","isPartOf":{"@id":"https:\/\/nbcs.mx\/#website"},"primaryImageOfPage":{"@id":"https:\/\/nbcs.mx\/?p=159087#primaryimage"},"image":{"@id":"https:\/\/nbcs.mx\/?p=159087#primaryimage"},"thumbnailUrl":"https:\/\/nbcs.mx\/wp-content\/uploads\/2025\/12\/Foto-2.jpg","datePublished":"2025-12-11T00:18:45+00:00","breadcrumb":{"@id":"https:\/\/nbcs.mx\/?p=159087#breadcrumb"},"inLanguage":"es","potentialAction":[{"@type":"ReadAction","target":["https:\/\/nbcs.mx\/?p=159087"]}]},{"@type":"ImageObject","inLanguage":"es","@id":"https:\/\/nbcs.mx\/?p=159087#primaryimage","url":"https:\/\/nbcs.mx\/wp-content\/uploads\/2025\/12\/Foto-2.jpg","contentUrl":"https:\/\/nbcs.mx\/wp-content\/uploads\/2025\/12\/Foto-2.jpg","width":2048,"height":1366},{"@type":"BreadcrumbList","@id":"https:\/\/nbcs.mx\/?p=159087#breadcrumb","itemListElement":[{"@type":"ListItem","position":1,"name":"Portada","item":"https:\/\/nbcs.mx\/"},{"@type":"ListItem","position":2,"name":"Ayuntamiento de Muleg\u00e9 inicia obra estrat\u00e9gica de pavimentaci\u00f3n en Santa Rosal\u00eda"}]},{"@type":"WebSite","@id":"https:\/\/nbcs.mx\/#website","url":"https:\/\/nbcs.mx\/","name":"NBCS Noticias","description":"Sitio web de noticias en Baja California Sur","publisher":{"@id":"https:\/\/nbcs.mx\/#organization"},"potentialAction":[{"@type":"SearchAction","target":{"@type":"EntryPoint","urlTemplate":"https:\/\/nbcs.mx\/?s={search_term_string}"},"query-input":{"@type":"PropertyValueSpecification","valueRequired":true,"valueName":"search_term_string"}}],"inLanguage":"es"},{"@type":"Organization","@id":"https:\/\/nbcs.mx\/#organization","name":"NBCS Noticias","url":"https:\/\/nbcs.mx\/","logo":{"@type":"ImageObject","inLanguage":"es","@id":"https:\/\/nbcs.mx\/#\/schema\/logo\/image\/","url":"https:\/\/nbcs.mx\/wp-content\/uploads\/2018\/09\/057b69485e93575a5c2b1c1dde2dd297.jpeg","contentUrl":"https:\/\/nbcs.mx\/wp-content\/uploads\/2018\/09\/057b69485e93575a5c2b1c1dde2dd297.jpeg","width":64,"height":64,"caption":"NBCS Noticias"},"image":{"@id":"https:\/\/nbcs.mx\/#\/schema\/logo\/image\/"},"sameAs":["https:\/\/www.facebook.com\/NBCSnoticias","https:\/\/x.com\/NBCSnoticias"]},{"@type":"Person","@id":"https:\/\/nbcs.mx\/#\/schema\/person\/ece58bab9a7c1e87a4d28ec9ecd79ff4","name":"NBCS Noticias","image":{"@type":"ImageObject","inLanguage":"es","@id":"https:\/\/secure.gravatar.com\/avatar\/4e52110cad1c4054b43271a0d14bbe9e2ea76aecd0e1097edfc670798d9ca1d4?s=96&d=blank&r=g","url":"https:\/\/secure.gravatar.com\/avatar\/4e52110cad1c4054b43271a0d14bbe9e2ea76aecd0e1097edfc670798d9ca1d4?s=96&d=blank&r=g","contentUrl":"https:\/\/secure.gravatar.com\/avatar\/4e52110cad1c4054b43271a0d14bbe9e2ea76aecd0e1097edfc670798d9ca1d4?s=96&d=blank&r=g","caption":"NBCS Noticias"},"description":"\u00bfTienes fotos o video de alg\u00fan acto de posible negligencia, corrupci\u00f3n y abuso de autoridad? M\u00e1ndalo al WhatsApp de NBCS Noticias: 612 141 98 08","sameAs":["https:\/\/www.nbcs.mx","https:\/\/www.facebook.com\/NBCSnoticias","https:\/\/www.instagram.com\/nbcsnoticias\/","https:\/\/x.com\/https:\/\/twitter.com\/NBCSnoticias"]}]}},"jetpack_publicize_connections":[],"jetpack_featured_media_url":"https:\/\/nbcs.mx\/wp-content\/uploads\/2025\/12\/Foto-2.jpg","jetpack_sharing_enabled":true,"_links":{"self":[{"href":"https:\/\/nbcs.mx\/index.php?rest_route=\/wp\/v2\/posts\/159087","targetHints":{"allow":["GET"]}}],"collection":[{"href":"https:\/\/nbcs.mx\/index.php?rest_route=\/wp\/v2\/posts"}],"about":[{"href":"https:\/\/nbcs.mx\/index.php?rest_route=\/wp\/v2\/types\/post"}],"author":[{"embeddable":true,"href":"https:\/\/nbcs.mx\/index.php?rest_route=\/wp\/v2\/users\/1"}],"replies":[{"embeddable":true,"href":"https:\/\/nbcs.mx\/index.php?rest_route=%2Fwp%2Fv2%2Fcomments&post=159087"}],"version-history":[{"count":1,"href":"https:\/\/nbcs.mx\/index.php?rest_route=\/wp\/v2\/posts\/159087\/revisions"}],"predecessor-version":[{"id":159089,"href":"https:\/\/nbcs.mx\/index.php?rest_route=\/wp\/v2\/posts\/159087\/revisions\/159089"}],"wp:featuredmedia":[{"embeddable":true,"href":"https:\/\/nbcs.mx\/index.php?rest_route=\/wp\/v2\/media\/159088"}],"wp:attachment":[{"href":"https:\/\/nbcs.mx\/index.php?rest_route=%2Fwp%2Fv2%2Fmedia&parent=159087"}],"wp:term":[{"taxonomy":"category","embeddable":true,"href":"https:\/\/nbcs.mx\/index.php?rest_route=%2Fwp%2Fv2%2Fcategories&post=159087"},{"taxonomy":"post_tag","embeddable":true,"href":"https:\/\/nbcs.mx\/index.php?rest_route=%2Fwp%2Fv2%2Ftags&post=159087"}],"curies":[{"name":"wp","href":"https:\/\/api.w.org\/{rel}","templated":true}]}}