{"id":159588,"date":"2025-12-28T10:00:32","date_gmt":"2025-12-28T17:00:32","guid":{"rendered":"https:\/\/nbcs.mx\/?p=159588"},"modified":"2025-12-28T10:00:32","modified_gmt":"2025-12-28T17:00:32","slug":"resurge-tema-de-la-sierra-la-laguna-por-proyecto-de-vida-silvestre-de-fundacion","status":"publish","type":"post","link":"https:\/\/nbcs.mx\/?p=159588","title":{"rendered":"Resurge tema de la sierra La Laguna por proyecto de vida silvestre de fundaci\u00f3n"},"content":{"rendered":"<p style=\"text-align: justify;\"><img loading=\"lazy\" decoding=\"async\" class=\" wp-image-159589 alignleft\" src=\"https:\/\/nbcs.mx\/wp-content\/uploads\/2025\/12\/Proyecto-1.jpg\" alt=\"\" width=\"361\" height=\"199\" srcset=\"https:\/\/nbcs.mx\/wp-content\/uploads\/2025\/12\/Proyecto-1.jpg 725w, https:\/\/nbcs.mx\/wp-content\/uploads\/2025\/12\/Proyecto-1-150x83.jpg 150w\" sizes=\"auto, (max-width: 361px) 100vw, 361px\" \/>Casi al finalizar el a\u00f1o, se retoma el caso de una posible inversi\u00f3n en la sierra La Laguna, lo que ha puesto en alerta a ambientalistas de la zona, as\u00ed como a pobladores que se\u00f1alan directamente al ex dirigente del Partido Verde Ecologista de M\u00e9xico (Verde), Jorge Emilio Gonz\u00e1lez Mart\u00ednez.<\/p>\n<p style=\"text-align: justify;\">Luego de que hace unos meses hubo un conato en ese sentido, cuando un helic\u00f3ptero aterriz\u00f3 en la zona de El Valle, en la cumbre de la sierra, del cual descendieron algunas personalidades que de ning\u00fan modo parec\u00edan campistas, y que gener\u00f3 muchas especulaciones respecto a una posible inversi\u00f3n en el lugar, las autoridades refutaron que solo se trat\u00f3 de la compra de un predio.<\/p>\n<p style=\"text-align: justify;\">Sin embargo, hoy sale a relucir que s\u00ed existe un proyecto ambiental, promovido por una fundaci\u00f3n denominada Hermandad en Armon\u00eda, que presumiblemente encabeza el pol\u00edtico mexicano, misma que propone la creaci\u00f3n de un centro de reproducci\u00f3n y conservaci\u00f3n de vida silvestre, que de entrada pareciera una buena intenci\u00f3n, pero que genera incertidumbre en los locales.<\/p>\n<p style=\"text-align: justify;\">A trav\u00e9s de un video de que circul\u00f3 en redes sociales, se establece que la asociaci\u00f3n adquiri\u00f3 el predio Nuestra Se\u00f1ora del Rosario, de tres mil 200 hect\u00e1reas, de las 120 mil de que consta de la reserva de la biosfera sierra La Laguna, para implementar este sistema de reproducci\u00f3n y conservaci\u00f3n.<\/p>\n<p style=\"text-align: justify;\">Pero tal propuesta no ha sido del agrado de organizaciones de ambientalistas y ciudadanos, porque primeramente se tiene la sospecha de que pueda ser un disfraz de algo comercial que pueda venir m\u00e1s adelante, aunque la fundaci\u00f3n precisa en el video, que no se permitir\u00e1n desarrollos inmobiliarios y explotaci\u00f3n minera.<\/p>\n<p style=\"text-align: justify;\">Otra cosa que llama la atenci\u00f3n, es que aparentemente, se quieren introducir especies ajenas a la zona, y lo que m\u00e1s recientemente ha incomodado, es que en el video aparecen rancheros de la zona, a los que se les pidi\u00f3 su opini\u00f3n sobre la sierra, pero no para un proyecto de vida silvestre, como lo ha expuesto Ver\u00f3nica Castro Rosas.<\/p>\n<p style=\"text-align: justify;\">En tanto, el Frente Ciudadano en Defensa del Agua y la Vida (Freciudav), involucra en estas intenciones, al diputado federal de Verde, Manuel Cota C\u00e1rdenas y a la senadora del PAN, Susana Zatar\u00e1in, porque presumiblemente participaron en la reuni\u00f3n donde se present\u00f3 el proyecto.<\/p>\n<p style=\"text-align: justify;\">Asimismo, argument\u00f3 que por a\u00f1os los pobladores han cuidado la sierra La Laguna, por lo cual, mencionan que \u201cdados los antecedentes cero-ambientalistas del \u201cex ni\u00f1o verde\u201d, habr\u00eda que ser muy tonto o muy corrupto, para considerar que lo necesitamos para preservar nuestra reserva de la biosfera sierra La Laguna\u201d.<\/p>\n<p style=\"text-align: justify;\">Tambi\u00e9n exigi\u00f3 que los legisladores sudcalifornianos respondan por su presumible respaldo al proyecto. Por ahora ni ellos, ni las autoridades ambientales han fijado una postura al respecto. (Por: Arturo Nieves).<\/p>\n","protected":false},"excerpt":{"rendered":"<p>Casi al finalizar el a\u00f1o, se retoma el caso de una posible inversi\u00f3n en la sierra La Laguna, lo que<\/p>\n","protected":false},"author":1,"featured_media":159589,"comment_status":"open","ping_status":"closed","sticky":false,"template":"","format":"standard","meta":{"colormag_page_container_layout":"default_layout","colormag_page_sidebar_layout":"default_layout","_jetpack_newsletter_access":"","_jetpack_dont_email_post_to_subs":false,"_jetpack_newsletter_tier_id":0,"_jetpack_memberships_contains_paywalled_content":false,"_jetpack_feature_clip_id":0,"_jetpack_memberships_contains_paid_content":false,"footnotes":"","jetpack_publicize_message":"","jetpack_publicize_feature_enabled":true,"jetpack_social_post_already_shared":true,"jetpack_social_options":{"image_generator_settings":{"template":"highway","default_image_id":0,"font":"","enabled":false},"version":2},"jetpack_post_was_ever_published":false},"categories":[1],"tags":[],"class_list":["post-159588","post","type-post","status-publish","format-standard","has-post-thumbnail","hentry","category-noticias"],"yoast_head":"<!-- This site is optimized with the Yoast SEO plugin v28.4 - https:\/\/yoast.com\/product\/yoast-seo-wordpress\/ -->\n<title>Resurge tema de la sierra La Laguna por proyecto de vida silvestre de fundaci\u00f3n - NBCS Noticias<\/title>\n<meta name=\"robots\" content=\"index, follow, max-snippet:-1, max-image-preview:large, max-video-preview:-1\" \/>\n<link rel=\"canonical\" href=\"https:\/\/nbcs.mx\/?p=159588\" \/>\n<meta property=\"og:locale\" content=\"es_ES\" \/>\n<meta property=\"og:type\" content=\"article\" \/>\n<meta property=\"og:title\" content=\"Resurge tema de la sierra La Laguna por proyecto de vida silvestre de fundaci\u00f3n - NBCS Noticias\" \/>\n<meta property=\"og:description\" content=\"Casi al finalizar el a\u00f1o, se retoma el caso de una posible inversi\u00f3n en la sierra La Laguna, lo que\" \/>\n<meta property=\"og:url\" content=\"https:\/\/nbcs.mx\/?p=159588\" \/>\n<meta property=\"og:site_name\" content=\"NBCS Noticias\" \/>\n<meta property=\"article:publisher\" content=\"https:\/\/www.facebook.com\/NBCSnoticias\" \/>\n<meta property=\"article:author\" content=\"https:\/\/www.facebook.com\/NBCSnoticias\" \/>\n<meta property=\"article:published_time\" content=\"2025-12-28T17:00:32+00:00\" \/>\n<meta property=\"og:image\" content=\"https:\/\/nbcs.mx\/wp-content\/uploads\/2025\/12\/Proyecto-1.jpg\" \/>\n\t<meta property=\"og:image:width\" content=\"725\" \/>\n\t<meta property=\"og:image:height\" content=\"400\" \/>\n\t<meta property=\"og:image:type\" content=\"image\/jpeg\" \/>\n<meta name=\"author\" content=\"NBCS Noticias\" \/>\n<meta name=\"twitter:card\" content=\"summary_large_image\" \/>\n<meta name=\"twitter:creator\" content=\"@https:\/\/twitter.com\/NBCSnoticias\" \/>\n<meta name=\"twitter:site\" content=\"@NBCSnoticias\" \/>\n<meta name=\"twitter:label1\" content=\"Escrito por\" \/>\n\t<meta name=\"twitter:data1\" content=\"NBCS Noticias\" \/>\n\t<meta name=\"twitter:label2\" content=\"Tiempo de lectura\" \/>\n\t<meta name=\"twitter:data2\" content=\"3 minutos\" \/>\n<script type=\"application\/ld+json\" class=\"yoast-schema-graph\">{\"@context\":\"https:\\\/\\\/schema.org\",\"@graph\":[{\"@type\":\"Article\",\"@id\":\"https:\\\/\\\/nbcs.mx\\\/?p=159588#article\",\"isPartOf\":{\"@id\":\"https:\\\/\\\/nbcs.mx\\\/?p=159588\"},\"author\":{\"name\":\"NBCS Noticias\",\"@id\":\"https:\\\/\\\/nbcs.mx\\\/#\\\/schema\\\/person\\\/ece58bab9a7c1e87a4d28ec9ecd79ff4\"},\"headline\":\"Resurge tema de la sierra La Laguna por proyecto de vida silvestre de fundaci\u00f3n\",\"datePublished\":\"2025-12-28T17:00:32+00:00\",\"mainEntityOfPage\":{\"@id\":\"https:\\\/\\\/nbcs.mx\\\/?p=159588\"},\"wordCount\":506,\"commentCount\":0,\"publisher\":{\"@id\":\"https:\\\/\\\/nbcs.mx\\\/#organization\"},\"image\":{\"@id\":\"https:\\\/\\\/nbcs.mx\\\/?p=159588#primaryimage\"},\"thumbnailUrl\":\"https:\\\/\\\/nbcs.mx\\\/wp-content\\\/uploads\\\/2025\\\/12\\\/Proyecto-1.jpg\",\"articleSection\":[\"Noticias\"],\"inLanguage\":\"es\",\"potentialAction\":[{\"@type\":\"CommentAction\",\"name\":\"Comment\",\"target\":[\"https:\\\/\\\/nbcs.mx\\\/?p=159588#respond\"]}]},{\"@type\":\"WebPage\",\"@id\":\"https:\\\/\\\/nbcs.mx\\\/?p=159588\",\"url\":\"https:\\\/\\\/nbcs.mx\\\/?p=159588\",\"name\":\"Resurge tema de la sierra La Laguna por proyecto de vida silvestre de fundaci\u00f3n - NBCS Noticias\",\"isPartOf\":{\"@id\":\"https:\\\/\\\/nbcs.mx\\\/#website\"},\"primaryImageOfPage\":{\"@id\":\"https:\\\/\\\/nbcs.mx\\\/?p=159588#primaryimage\"},\"image\":{\"@id\":\"https:\\\/\\\/nbcs.mx\\\/?p=159588#primaryimage\"},\"thumbnailUrl\":\"https:\\\/\\\/nbcs.mx\\\/wp-content\\\/uploads\\\/2025\\\/12\\\/Proyecto-1.jpg\",\"datePublished\":\"2025-12-28T17:00:32+00:00\",\"breadcrumb\":{\"@id\":\"https:\\\/\\\/nbcs.mx\\\/?p=159588#breadcrumb\"},\"inLanguage\":\"es\",\"potentialAction\":[{\"@type\":\"ReadAction\",\"target\":[\"https:\\\/\\\/nbcs.mx\\\/?p=159588\"]}]},{\"@type\":\"ImageObject\",\"inLanguage\":\"es\",\"@id\":\"https:\\\/\\\/nbcs.mx\\\/?p=159588#primaryimage\",\"url\":\"https:\\\/\\\/nbcs.mx\\\/wp-content\\\/uploads\\\/2025\\\/12\\\/Proyecto-1.jpg\",\"contentUrl\":\"https:\\\/\\\/nbcs.mx\\\/wp-content\\\/uploads\\\/2025\\\/12\\\/Proyecto-1.jpg\",\"width\":725,\"height\":400},{\"@type\":\"BreadcrumbList\",\"@id\":\"https:\\\/\\\/nbcs.mx\\\/?p=159588#breadcrumb\",\"itemListElement\":[{\"@type\":\"ListItem\",\"position\":1,\"name\":\"Portada\",\"item\":\"https:\\\/\\\/nbcs.mx\\\/\"},{\"@type\":\"ListItem\",\"position\":2,\"name\":\"Resurge tema de la sierra La Laguna por proyecto de vida silvestre de fundaci\u00f3n\"}]},{\"@type\":\"WebSite\",\"@id\":\"https:\\\/\\\/nbcs.mx\\\/#website\",\"url\":\"https:\\\/\\\/nbcs.mx\\\/\",\"name\":\"NBCS Noticias\",\"description\":\"Sitio web de noticias en Baja California Sur\",\"publisher\":{\"@id\":\"https:\\\/\\\/nbcs.mx\\\/#organization\"},\"potentialAction\":[{\"@type\":\"SearchAction\",\"target\":{\"@type\":\"EntryPoint\",\"urlTemplate\":\"https:\\\/\\\/nbcs.mx\\\/?s={search_term_string}\"},\"query-input\":{\"@type\":\"PropertyValueSpecification\",\"valueRequired\":true,\"valueName\":\"search_term_string\"}}],\"inLanguage\":\"es\"},{\"@type\":\"Organization\",\"@id\":\"https:\\\/\\\/nbcs.mx\\\/#organization\",\"name\":\"NBCS Noticias\",\"url\":\"https:\\\/\\\/nbcs.mx\\\/\",\"logo\":{\"@type\":\"ImageObject\",\"inLanguage\":\"es\",\"@id\":\"https:\\\/\\\/nbcs.mx\\\/#\\\/schema\\\/logo\\\/image\\\/\",\"url\":\"https:\\\/\\\/nbcs.mx\\\/wp-content\\\/uploads\\\/2018\\\/09\\\/057b69485e93575a5c2b1c1dde2dd297.jpeg\",\"contentUrl\":\"https:\\\/\\\/nbcs.mx\\\/wp-content\\\/uploads\\\/2018\\\/09\\\/057b69485e93575a5c2b1c1dde2dd297.jpeg\",\"width\":64,\"height\":64,\"caption\":\"NBCS Noticias\"},\"image\":{\"@id\":\"https:\\\/\\\/nbcs.mx\\\/#\\\/schema\\\/logo\\\/image\\\/\"},\"sameAs\":[\"https:\\\/\\\/www.facebook.com\\\/NBCSnoticias\",\"https:\\\/\\\/x.com\\\/NBCSnoticias\"]},{\"@type\":\"Person\",\"@id\":\"https:\\\/\\\/nbcs.mx\\\/#\\\/schema\\\/person\\\/ece58bab9a7c1e87a4d28ec9ecd79ff4\",\"name\":\"NBCS Noticias\",\"image\":{\"@type\":\"ImageObject\",\"inLanguage\":\"es\",\"@id\":\"https:\\\/\\\/secure.gravatar.com\\\/avatar\\\/4e52110cad1c4054b43271a0d14bbe9e2ea76aecd0e1097edfc670798d9ca1d4?s=96&d=blank&r=g\",\"url\":\"https:\\\/\\\/secure.gravatar.com\\\/avatar\\\/4e52110cad1c4054b43271a0d14bbe9e2ea76aecd0e1097edfc670798d9ca1d4?s=96&d=blank&r=g\",\"contentUrl\":\"https:\\\/\\\/secure.gravatar.com\\\/avatar\\\/4e52110cad1c4054b43271a0d14bbe9e2ea76aecd0e1097edfc670798d9ca1d4?s=96&d=blank&r=g\",\"caption\":\"NBCS Noticias\"},\"description\":\"\u00bfTienes fotos o video de alg\u00fan acto de posible negligencia, corrupci\u00f3n y abuso de autoridad? M\u00e1ndalo al WhatsApp de NBCS Noticias: 612 141 98 08\",\"sameAs\":[\"https:\\\/\\\/www.nbcs.mx\",\"https:\\\/\\\/www.facebook.com\\\/NBCSnoticias\",\"https:\\\/\\\/www.instagram.com\\\/nbcsnoticias\\\/\",\"https:\\\/\\\/x.com\\\/https:\\\/\\\/twitter.com\\\/NBCSnoticias\"]}]}<\/script>\n<!-- \/ Yoast SEO plugin. -->","yoast_head_json":{"title":"Resurge tema de la sierra La Laguna por proyecto de vida silvestre de fundaci\u00f3n - NBCS Noticias","robots":{"index":"index","follow":"follow","max-snippet":"max-snippet:-1","max-image-preview":"max-image-preview:large","max-video-preview":"max-video-preview:-1"},"canonical":"https:\/\/nbcs.mx\/?p=159588","og_locale":"es_ES","og_type":"article","og_title":"Resurge tema de la sierra La Laguna por proyecto de vida silvestre de fundaci\u00f3n - NBCS Noticias","og_description":"Casi al finalizar el a\u00f1o, se retoma el caso de una posible inversi\u00f3n en la sierra La Laguna, lo que","og_url":"https:\/\/nbcs.mx\/?p=159588","og_site_name":"NBCS Noticias","article_publisher":"https:\/\/www.facebook.com\/NBCSnoticias","article_author":"https:\/\/www.facebook.com\/NBCSnoticias","article_published_time":"2025-12-28T17:00:32+00:00","og_image":[{"width":725,"height":400,"url":"https:\/\/nbcs.mx\/wp-content\/uploads\/2025\/12\/Proyecto-1.jpg","type":"image\/jpeg"}],"author":"NBCS Noticias","twitter_card":"summary_large_image","twitter_creator":"@https:\/\/twitter.com\/NBCSnoticias","twitter_site":"@NBCSnoticias","twitter_misc":{"Escrito por":"NBCS Noticias","Tiempo de lectura":"3 minutos"},"schema":{"@context":"https:\/\/schema.org","@graph":[{"@type":"Article","@id":"https:\/\/nbcs.mx\/?p=159588#article","isPartOf":{"@id":"https:\/\/nbcs.mx\/?p=159588"},"author":{"name":"NBCS Noticias","@id":"https:\/\/nbcs.mx\/#\/schema\/person\/ece58bab9a7c1e87a4d28ec9ecd79ff4"},"headline":"Resurge tema de la sierra La Laguna por proyecto de vida silvestre de fundaci\u00f3n","datePublished":"2025-12-28T17:00:32+00:00","mainEntityOfPage":{"@id":"https:\/\/nbcs.mx\/?p=159588"},"wordCount":506,"commentCount":0,"publisher":{"@id":"https:\/\/nbcs.mx\/#organization"},"image":{"@id":"https:\/\/nbcs.mx\/?p=159588#primaryimage"},"thumbnailUrl":"https:\/\/nbcs.mx\/wp-content\/uploads\/2025\/12\/Proyecto-1.jpg","articleSection":["Noticias"],"inLanguage":"es","potentialAction":[{"@type":"CommentAction","name":"Comment","target":["https:\/\/nbcs.mx\/?p=159588#respond"]}]},{"@type":"WebPage","@id":"https:\/\/nbcs.mx\/?p=159588","url":"https:\/\/nbcs.mx\/?p=159588","name":"Resurge tema de la sierra La Laguna por proyecto de vida silvestre de fundaci\u00f3n - NBCS Noticias","isPartOf":{"@id":"https:\/\/nbcs.mx\/#website"},"primaryImageOfPage":{"@id":"https:\/\/nbcs.mx\/?p=159588#primaryimage"},"image":{"@id":"https:\/\/nbcs.mx\/?p=159588#primaryimage"},"thumbnailUrl":"https:\/\/nbcs.mx\/wp-content\/uploads\/2025\/12\/Proyecto-1.jpg","datePublished":"2025-12-28T17:00:32+00:00","breadcrumb":{"@id":"https:\/\/nbcs.mx\/?p=159588#breadcrumb"},"inLanguage":"es","potentialAction":[{"@type":"ReadAction","target":["https:\/\/nbcs.mx\/?p=159588"]}]},{"@type":"ImageObject","inLanguage":"es","@id":"https:\/\/nbcs.mx\/?p=159588#primaryimage","url":"https:\/\/nbcs.mx\/wp-content\/uploads\/2025\/12\/Proyecto-1.jpg","contentUrl":"https:\/\/nbcs.mx\/wp-content\/uploads\/2025\/12\/Proyecto-1.jpg","width":725,"height":400},{"@type":"BreadcrumbList","@id":"https:\/\/nbcs.mx\/?p=159588#breadcrumb","itemListElement":[{"@type":"ListItem","position":1,"name":"Portada","item":"https:\/\/nbcs.mx\/"},{"@type":"ListItem","position":2,"name":"Resurge tema de la sierra La Laguna por proyecto de vida silvestre de fundaci\u00f3n"}]},{"@type":"WebSite","@id":"https:\/\/nbcs.mx\/#website","url":"https:\/\/nbcs.mx\/","name":"NBCS Noticias","description":"Sitio web de noticias en Baja California Sur","publisher":{"@id":"https:\/\/nbcs.mx\/#organization"},"potentialAction":[{"@type":"SearchAction","target":{"@type":"EntryPoint","urlTemplate":"https:\/\/nbcs.mx\/?s={search_term_string}"},"query-input":{"@type":"PropertyValueSpecification","valueRequired":true,"valueName":"search_term_string"}}],"inLanguage":"es"},{"@type":"Organization","@id":"https:\/\/nbcs.mx\/#organization","name":"NBCS Noticias","url":"https:\/\/nbcs.mx\/","logo":{"@type":"ImageObject","inLanguage":"es","@id":"https:\/\/nbcs.mx\/#\/schema\/logo\/image\/","url":"https:\/\/nbcs.mx\/wp-content\/uploads\/2018\/09\/057b69485e93575a5c2b1c1dde2dd297.jpeg","contentUrl":"https:\/\/nbcs.mx\/wp-content\/uploads\/2018\/09\/057b69485e93575a5c2b1c1dde2dd297.jpeg","width":64,"height":64,"caption":"NBCS Noticias"},"image":{"@id":"https:\/\/nbcs.mx\/#\/schema\/logo\/image\/"},"sameAs":["https:\/\/www.facebook.com\/NBCSnoticias","https:\/\/x.com\/NBCSnoticias"]},{"@type":"Person","@id":"https:\/\/nbcs.mx\/#\/schema\/person\/ece58bab9a7c1e87a4d28ec9ecd79ff4","name":"NBCS Noticias","image":{"@type":"ImageObject","inLanguage":"es","@id":"https:\/\/secure.gravatar.com\/avatar\/4e52110cad1c4054b43271a0d14bbe9e2ea76aecd0e1097edfc670798d9ca1d4?s=96&d=blank&r=g","url":"https:\/\/secure.gravatar.com\/avatar\/4e52110cad1c4054b43271a0d14bbe9e2ea76aecd0e1097edfc670798d9ca1d4?s=96&d=blank&r=g","contentUrl":"https:\/\/secure.gravatar.com\/avatar\/4e52110cad1c4054b43271a0d14bbe9e2ea76aecd0e1097edfc670798d9ca1d4?s=96&d=blank&r=g","caption":"NBCS Noticias"},"description":"\u00bfTienes fotos o video de alg\u00fan acto de posible negligencia, corrupci\u00f3n y abuso de autoridad? M\u00e1ndalo al WhatsApp de NBCS Noticias: 612 141 98 08","sameAs":["https:\/\/www.nbcs.mx","https:\/\/www.facebook.com\/NBCSnoticias","https:\/\/www.instagram.com\/nbcsnoticias\/","https:\/\/x.com\/https:\/\/twitter.com\/NBCSnoticias"]}]}},"jetpack_publicize_connections":[],"jetpack_sharing_enabled":true,"jetpack_featured_media_url":"https:\/\/nbcs.mx\/wp-content\/uploads\/2025\/12\/Proyecto-1.jpg","_links":{"self":[{"href":"https:\/\/nbcs.mx\/index.php?rest_route=\/wp\/v2\/posts\/159588","targetHints":{"allow":["GET"]}}],"collection":[{"href":"https:\/\/nbcs.mx\/index.php?rest_route=\/wp\/v2\/posts"}],"about":[{"href":"https:\/\/nbcs.mx\/index.php?rest_route=\/wp\/v2\/types\/post"}],"author":[{"embeddable":true,"href":"https:\/\/nbcs.mx\/index.php?rest_route=\/wp\/v2\/users\/1"}],"replies":[{"embeddable":true,"href":"https:\/\/nbcs.mx\/index.php?rest_route=%2Fwp%2Fv2%2Fcomments&post=159588"}],"version-history":[{"count":1,"href":"https:\/\/nbcs.mx\/index.php?rest_route=\/wp\/v2\/posts\/159588\/revisions"}],"predecessor-version":[{"id":159590,"href":"https:\/\/nbcs.mx\/index.php?rest_route=\/wp\/v2\/posts\/159588\/revisions\/159590"}],"wp:featuredmedia":[{"embeddable":true,"href":"https:\/\/nbcs.mx\/index.php?rest_route=\/wp\/v2\/media\/159589"}],"wp:attachment":[{"href":"https:\/\/nbcs.mx\/index.php?rest_route=%2Fwp%2Fv2%2Fmedia&parent=159588"}],"wp:term":[{"taxonomy":"category","embeddable":true,"href":"https:\/\/nbcs.mx\/index.php?rest_route=%2Fwp%2Fv2%2Fcategories&post=159588"},{"taxonomy":"post_tag","embeddable":true,"href":"https:\/\/nbcs.mx\/index.php?rest_route=%2Fwp%2Fv2%2Ftags&post=159588"}],"curies":[{"name":"wp","href":"https:\/\/api.w.org\/{rel}","templated":true}]}}