{"id":159691,"date":"2026-01-05T14:09:55","date_gmt":"2026-01-05T21:09:55","guid":{"rendered":"https:\/\/nbcs.mx\/?p=159691"},"modified":"2026-01-05T14:09:55","modified_gmt":"2026-01-05T21:09:55","slug":"sera-del-6-al-8-de-febrero-el-carnaval-loreto-2026-alcaldesa-paz-ochoa-amador","status":"publish","type":"post","link":"https:\/\/nbcs.mx\/?p=159691","title":{"rendered":"\u201cSer\u00e1 del 6 al 8 de febrero el Carnaval Loreto 2026\u201d: Alcaldesa Paz Ochoa Amador"},"content":{"rendered":"<p style=\"font-weight: 400; text-align: justify;\"><img loading=\"lazy\" decoding=\"async\" class=\" wp-image-146903 alignleft\" src=\"https:\/\/nbcs.mx\/wp-content\/uploads\/2025\/02\/La-alcaldesa-Paz-Ochoa-Amador-clausuro-las-actividades-del-carnaval-Loreto-2025-738x492.jpg\" alt=\"\" width=\"389\" height=\"259\" srcset=\"https:\/\/nbcs.mx\/wp-content\/uploads\/2025\/02\/La-alcaldesa-Paz-Ochoa-Amador-clausuro-las-actividades-del-carnaval-Loreto-2025-738x492.jpg 738w, https:\/\/nbcs.mx\/wp-content\/uploads\/2025\/02\/La-alcaldesa-Paz-Ochoa-Amador-clausuro-las-actividades-del-carnaval-Loreto-2025-1024x683.jpg 1024w, https:\/\/nbcs.mx\/wp-content\/uploads\/2025\/02\/La-alcaldesa-Paz-Ochoa-Amador-clausuro-las-actividades-del-carnaval-Loreto-2025-150x100.jpg 150w, https:\/\/nbcs.mx\/wp-content\/uploads\/2025\/02\/La-alcaldesa-Paz-Ochoa-Amador-clausuro-las-actividades-del-carnaval-Loreto-2025-768x512.jpg 768w, https:\/\/nbcs.mx\/wp-content\/uploads\/2025\/02\/La-alcaldesa-Paz-Ochoa-Amador-clausuro-las-actividades-del-carnaval-Loreto-2025-1536x1024.jpg 1536w, https:\/\/nbcs.mx\/wp-content\/uploads\/2025\/02\/La-alcaldesa-Paz-Ochoa-Amador-clausuro-las-actividades-del-carnaval-Loreto-2025-2048x1366.jpg 2048w\" sizes=\"auto, (max-width: 389px) 100vw, 389px\" \/>La presidenta municipal del XI Ayuntamiento de Loreto, Paz del Alma Ochoa Amador, anunci\u00f3 que el carnaval Loreto 2026 ya tiene fecha y se llevar\u00e1 a cabo los d\u00edas 6, 7 y 8 de febrero, retomando su esp\u00edritu previo a la semana santa.<\/p>\n<p style=\"font-weight: 400; text-align: justify;\">\n<p style=\"font-weight: 400; text-align: justify;\">La alcaldesa Paz Ochoa destac\u00f3 que el carnaval es una de las celebraciones m\u00e1s esperadas por las familias loretanas, por lo cual ya se preparan toda una gama de actividades art\u00edsticas, culturales y de entretenimiento para disfrute de locales y visitantes.<\/p>\n<p style=\"font-weight: 400; text-align: justify;\">\n<p style=\"font-weight: 400; text-align: justify;\">En ese contexto asegur\u00f3 que en la primera semana de enero se estar\u00e1 dando a conocer la convocatoria para las j\u00f3venes interesadas en participar para reina del carnaval, as\u00ed como para el rey de la alegr\u00eda y toda su corte real, adem\u00e1s de las convocatorias para las competencias de comparsas y carros aleg\u00f3ricos.<\/p>\n<p style=\"font-weight: 400; text-align: justify;\">\n<p style=\"font-weight: 400; text-align: justify;\">La mun\u00edcipe comparti\u00f3 que ya se trabaja con la direcci\u00f3n de acci\u00f3n social, c\u00edvica y cultural, departamento de tesorer\u00eda y patrocinadores, para definir a los artistas que estar\u00e1n engalanando esta festividad en su segunda edici\u00f3n que desarrolla la decimoprimera administraci\u00f3n.<\/p>\n<p style=\"font-weight: 400; text-align: justify;\">\n<p style=\"font-weight: 400; text-align: justify;\">\u201cLos primeros d\u00edas de enero vamos a dar a conocer todas las actividades de este evento, el a\u00f1o pasado fue muy emocionante y muy alegre ver a tantas familias participando, as\u00ed que v\u00e1yase preparando porque este a\u00f1o va a estar mejor\u201d, se\u00f1al\u00f3 la alcaldesa.<\/p>\n<p style=\"font-weight: 400; text-align: justify;\">\n<p style=\"font-weight: 400; text-align: justify;\">Al finalizar, Paz Ochoa Amador recomend\u00f3 estar pendiente de la informaci\u00f3n que se dar\u00e1 a conocer en d\u00edas pr\u00f3ximos a trav\u00e9s de medios oficiales, sobre todo lo relacionado a esta gran fiesta que define nuestra identidad y refleja la alegr\u00eda del pueblo loretano.<\/p>\n","protected":false},"excerpt":{"rendered":"<p>La presidenta municipal del XI Ayuntamiento de Loreto, Paz del Alma Ochoa Amador, anunci\u00f3 que el carnaval Loreto 2026 ya<\/p>\n","protected":false},"author":1,"featured_media":146903,"comment_status":"open","ping_status":"closed","sticky":false,"template":"","format":"standard","meta":{"colormag_page_container_layout":"default_layout","colormag_page_sidebar_layout":"default_layout","_jetpack_memberships_contains_paid_content":false,"footnotes":"","jetpack_publicize_message":"","jetpack_publicize_feature_enabled":true,"jetpack_social_post_already_shared":true,"jetpack_social_options":{"image_generator_settings":{"template":"highway","default_image_id":0,"font":"","enabled":false},"version":2}},"categories":[40],"tags":[],"class_list":["post-159691","post","type-post","status-publish","format-standard","has-post-thumbnail","hentry","category-municipios"],"yoast_head":"<!-- This site is optimized with the Yoast SEO plugin v27.4 - https:\/\/yoast.com\/product\/yoast-seo-wordpress\/ -->\n<title>\u201cSer\u00e1 del 6 al 8 de febrero el Carnaval Loreto 2026\u201d: Alcaldesa Paz Ochoa Amador - NBCS Noticias<\/title>\n<meta name=\"robots\" content=\"index, follow, max-snippet:-1, max-image-preview:large, max-video-preview:-1\" \/>\n<link rel=\"canonical\" href=\"https:\/\/nbcs.mx\/?p=159691\" \/>\n<meta property=\"og:locale\" content=\"es_ES\" \/>\n<meta property=\"og:type\" content=\"article\" \/>\n<meta property=\"og:title\" content=\"\u201cSer\u00e1 del 6 al 8 de febrero el Carnaval Loreto 2026\u201d: Alcaldesa Paz Ochoa Amador - NBCS Noticias\" \/>\n<meta property=\"og:description\" content=\"La presidenta municipal del XI Ayuntamiento de Loreto, Paz del Alma Ochoa Amador, anunci\u00f3 que el carnaval Loreto 2026 ya\" \/>\n<meta property=\"og:url\" content=\"https:\/\/nbcs.mx\/?p=159691\" \/>\n<meta property=\"og:site_name\" content=\"NBCS Noticias\" \/>\n<meta property=\"article:publisher\" content=\"https:\/\/www.facebook.com\/NBCSnoticias\" \/>\n<meta property=\"article:author\" content=\"https:\/\/www.facebook.com\/NBCSnoticias\" \/>\n<meta property=\"article:published_time\" content=\"2026-01-05T21:09:55+00:00\" \/>\n<meta property=\"og:image\" content=\"https:\/\/nbcs.mx\/wp-content\/uploads\/2025\/02\/La-alcaldesa-Paz-Ochoa-Amador-clausuro-las-actividades-del-carnaval-Loreto-2025.jpg\" \/>\n\t<meta property=\"og:image:width\" content=\"2080\" \/>\n\t<meta property=\"og:image:height\" content=\"1387\" \/>\n\t<meta property=\"og:image:type\" content=\"image\/jpeg\" \/>\n<meta name=\"author\" content=\"NBCS Noticias\" \/>\n<meta name=\"twitter:card\" content=\"summary_large_image\" \/>\n<meta name=\"twitter:creator\" content=\"@https:\/\/twitter.com\/NBCSnoticias\" \/>\n<meta name=\"twitter:site\" content=\"@NBCSnoticias\" \/>\n<meta name=\"twitter:label1\" content=\"Escrito por\" \/>\n\t<meta name=\"twitter:data1\" content=\"NBCS Noticias\" \/>\n\t<meta name=\"twitter:label2\" content=\"Tiempo de lectura\" \/>\n\t<meta name=\"twitter:data2\" content=\"2 minutos\" \/>\n<script type=\"application\/ld+json\" class=\"yoast-schema-graph\">{\"@context\":\"https:\\\/\\\/schema.org\",\"@graph\":[{\"@type\":\"Article\",\"@id\":\"https:\\\/\\\/nbcs.mx\\\/?p=159691#article\",\"isPartOf\":{\"@id\":\"https:\\\/\\\/nbcs.mx\\\/?p=159691\"},\"author\":{\"name\":\"NBCS Noticias\",\"@id\":\"https:\\\/\\\/nbcs.mx\\\/#\\\/schema\\\/person\\\/ece58bab9a7c1e87a4d28ec9ecd79ff4\"},\"headline\":\"\u201cSer\u00e1 del 6 al 8 de febrero el Carnaval Loreto 2026\u201d: Alcaldesa Paz Ochoa Amador\",\"datePublished\":\"2026-01-05T21:09:55+00:00\",\"mainEntityOfPage\":{\"@id\":\"https:\\\/\\\/nbcs.mx\\\/?p=159691\"},\"wordCount\":298,\"commentCount\":0,\"publisher\":{\"@id\":\"https:\\\/\\\/nbcs.mx\\\/#organization\"},\"image\":{\"@id\":\"https:\\\/\\\/nbcs.mx\\\/?p=159691#primaryimage\"},\"thumbnailUrl\":\"https:\\\/\\\/nbcs.mx\\\/wp-content\\\/uploads\\\/2025\\\/02\\\/La-alcaldesa-Paz-Ochoa-Amador-clausuro-las-actividades-del-carnaval-Loreto-2025.jpg\",\"articleSection\":[\"Municipios\"],\"inLanguage\":\"es\",\"potentialAction\":[{\"@type\":\"CommentAction\",\"name\":\"Comment\",\"target\":[\"https:\\\/\\\/nbcs.mx\\\/?p=159691#respond\"]}]},{\"@type\":\"WebPage\",\"@id\":\"https:\\\/\\\/nbcs.mx\\\/?p=159691\",\"url\":\"https:\\\/\\\/nbcs.mx\\\/?p=159691\",\"name\":\"\u201cSer\u00e1 del 6 al 8 de febrero el Carnaval Loreto 2026\u201d: Alcaldesa Paz Ochoa Amador - NBCS Noticias\",\"isPartOf\":{\"@id\":\"https:\\\/\\\/nbcs.mx\\\/#website\"},\"primaryImageOfPage\":{\"@id\":\"https:\\\/\\\/nbcs.mx\\\/?p=159691#primaryimage\"},\"image\":{\"@id\":\"https:\\\/\\\/nbcs.mx\\\/?p=159691#primaryimage\"},\"thumbnailUrl\":\"https:\\\/\\\/nbcs.mx\\\/wp-content\\\/uploads\\\/2025\\\/02\\\/La-alcaldesa-Paz-Ochoa-Amador-clausuro-las-actividades-del-carnaval-Loreto-2025.jpg\",\"datePublished\":\"2026-01-05T21:09:55+00:00\",\"breadcrumb\":{\"@id\":\"https:\\\/\\\/nbcs.mx\\\/?p=159691#breadcrumb\"},\"inLanguage\":\"es\",\"potentialAction\":[{\"@type\":\"ReadAction\",\"target\":[\"https:\\\/\\\/nbcs.mx\\\/?p=159691\"]}]},{\"@type\":\"ImageObject\",\"inLanguage\":\"es\",\"@id\":\"https:\\\/\\\/nbcs.mx\\\/?p=159691#primaryimage\",\"url\":\"https:\\\/\\\/nbcs.mx\\\/wp-content\\\/uploads\\\/2025\\\/02\\\/La-alcaldesa-Paz-Ochoa-Amador-clausuro-las-actividades-del-carnaval-Loreto-2025.jpg\",\"contentUrl\":\"https:\\\/\\\/nbcs.mx\\\/wp-content\\\/uploads\\\/2025\\\/02\\\/La-alcaldesa-Paz-Ochoa-Amador-clausuro-las-actividades-del-carnaval-Loreto-2025.jpg\",\"width\":2080,\"height\":1387},{\"@type\":\"BreadcrumbList\",\"@id\":\"https:\\\/\\\/nbcs.mx\\\/?p=159691#breadcrumb\",\"itemListElement\":[{\"@type\":\"ListItem\",\"position\":1,\"name\":\"Portada\",\"item\":\"https:\\\/\\\/nbcs.mx\\\/\"},{\"@type\":\"ListItem\",\"position\":2,\"name\":\"\u201cSer\u00e1 del 6 al 8 de febrero el Carnaval Loreto 2026\u201d: Alcaldesa Paz Ochoa Amador\"}]},{\"@type\":\"WebSite\",\"@id\":\"https:\\\/\\\/nbcs.mx\\\/#website\",\"url\":\"https:\\\/\\\/nbcs.mx\\\/\",\"name\":\"NBCS Noticias\",\"description\":\"Sitio web de noticias en Baja California Sur\",\"publisher\":{\"@id\":\"https:\\\/\\\/nbcs.mx\\\/#organization\"},\"potentialAction\":[{\"@type\":\"SearchAction\",\"target\":{\"@type\":\"EntryPoint\",\"urlTemplate\":\"https:\\\/\\\/nbcs.mx\\\/?s={search_term_string}\"},\"query-input\":{\"@type\":\"PropertyValueSpecification\",\"valueRequired\":true,\"valueName\":\"search_term_string\"}}],\"inLanguage\":\"es\"},{\"@type\":\"Organization\",\"@id\":\"https:\\\/\\\/nbcs.mx\\\/#organization\",\"name\":\"NBCS Noticias\",\"url\":\"https:\\\/\\\/nbcs.mx\\\/\",\"logo\":{\"@type\":\"ImageObject\",\"inLanguage\":\"es\",\"@id\":\"https:\\\/\\\/nbcs.mx\\\/#\\\/schema\\\/logo\\\/image\\\/\",\"url\":\"https:\\\/\\\/nbcs.mx\\\/wp-content\\\/uploads\\\/2018\\\/09\\\/057b69485e93575a5c2b1c1dde2dd297.jpeg\",\"contentUrl\":\"https:\\\/\\\/nbcs.mx\\\/wp-content\\\/uploads\\\/2018\\\/09\\\/057b69485e93575a5c2b1c1dde2dd297.jpeg\",\"width\":64,\"height\":64,\"caption\":\"NBCS Noticias\"},\"image\":{\"@id\":\"https:\\\/\\\/nbcs.mx\\\/#\\\/schema\\\/logo\\\/image\\\/\"},\"sameAs\":[\"https:\\\/\\\/www.facebook.com\\\/NBCSnoticias\",\"https:\\\/\\\/x.com\\\/NBCSnoticias\"]},{\"@type\":\"Person\",\"@id\":\"https:\\\/\\\/nbcs.mx\\\/#\\\/schema\\\/person\\\/ece58bab9a7c1e87a4d28ec9ecd79ff4\",\"name\":\"NBCS Noticias\",\"image\":{\"@type\":\"ImageObject\",\"inLanguage\":\"es\",\"@id\":\"https:\\\/\\\/secure.gravatar.com\\\/avatar\\\/4e52110cad1c4054b43271a0d14bbe9e2ea76aecd0e1097edfc670798d9ca1d4?s=96&d=blank&r=g\",\"url\":\"https:\\\/\\\/secure.gravatar.com\\\/avatar\\\/4e52110cad1c4054b43271a0d14bbe9e2ea76aecd0e1097edfc670798d9ca1d4?s=96&d=blank&r=g\",\"contentUrl\":\"https:\\\/\\\/secure.gravatar.com\\\/avatar\\\/4e52110cad1c4054b43271a0d14bbe9e2ea76aecd0e1097edfc670798d9ca1d4?s=96&d=blank&r=g\",\"caption\":\"NBCS Noticias\"},\"description\":\"\u00bfTienes fotos o video de alg\u00fan acto de posible negligencia, corrupci\u00f3n y abuso de autoridad? M\u00e1ndalo al WhatsApp de NBCS Noticias: 612 141 98 08\",\"sameAs\":[\"https:\\\/\\\/www.nbcs.mx\",\"https:\\\/\\\/www.facebook.com\\\/NBCSnoticias\",\"https:\\\/\\\/www.instagram.com\\\/nbcsnoticias\\\/\",\"https:\\\/\\\/x.com\\\/https:\\\/\\\/twitter.com\\\/NBCSnoticias\"]}]}<\/script>\n<!-- \/ Yoast SEO plugin. -->","yoast_head_json":{"title":"\u201cSer\u00e1 del 6 al 8 de febrero el Carnaval Loreto 2026\u201d: Alcaldesa Paz Ochoa Amador - NBCS Noticias","robots":{"index":"index","follow":"follow","max-snippet":"max-snippet:-1","max-image-preview":"max-image-preview:large","max-video-preview":"max-video-preview:-1"},"canonical":"https:\/\/nbcs.mx\/?p=159691","og_locale":"es_ES","og_type":"article","og_title":"\u201cSer\u00e1 del 6 al 8 de febrero el Carnaval Loreto 2026\u201d: Alcaldesa Paz Ochoa Amador - NBCS Noticias","og_description":"La presidenta municipal del XI Ayuntamiento de Loreto, Paz del Alma Ochoa Amador, anunci\u00f3 que el carnaval Loreto 2026 ya","og_url":"https:\/\/nbcs.mx\/?p=159691","og_site_name":"NBCS Noticias","article_publisher":"https:\/\/www.facebook.com\/NBCSnoticias","article_author":"https:\/\/www.facebook.com\/NBCSnoticias","article_published_time":"2026-01-05T21:09:55+00:00","og_image":[{"width":2080,"height":1387,"url":"https:\/\/nbcs.mx\/wp-content\/uploads\/2025\/02\/La-alcaldesa-Paz-Ochoa-Amador-clausuro-las-actividades-del-carnaval-Loreto-2025.jpg","type":"image\/jpeg"}],"author":"NBCS Noticias","twitter_card":"summary_large_image","twitter_creator":"@https:\/\/twitter.com\/NBCSnoticias","twitter_site":"@NBCSnoticias","twitter_misc":{"Escrito por":"NBCS Noticias","Tiempo de lectura":"2 minutos"},"schema":{"@context":"https:\/\/schema.org","@graph":[{"@type":"Article","@id":"https:\/\/nbcs.mx\/?p=159691#article","isPartOf":{"@id":"https:\/\/nbcs.mx\/?p=159691"},"author":{"name":"NBCS Noticias","@id":"https:\/\/nbcs.mx\/#\/schema\/person\/ece58bab9a7c1e87a4d28ec9ecd79ff4"},"headline":"\u201cSer\u00e1 del 6 al 8 de febrero el Carnaval Loreto 2026\u201d: Alcaldesa Paz Ochoa Amador","datePublished":"2026-01-05T21:09:55+00:00","mainEntityOfPage":{"@id":"https:\/\/nbcs.mx\/?p=159691"},"wordCount":298,"commentCount":0,"publisher":{"@id":"https:\/\/nbcs.mx\/#organization"},"image":{"@id":"https:\/\/nbcs.mx\/?p=159691#primaryimage"},"thumbnailUrl":"https:\/\/nbcs.mx\/wp-content\/uploads\/2025\/02\/La-alcaldesa-Paz-Ochoa-Amador-clausuro-las-actividades-del-carnaval-Loreto-2025.jpg","articleSection":["Municipios"],"inLanguage":"es","potentialAction":[{"@type":"CommentAction","name":"Comment","target":["https:\/\/nbcs.mx\/?p=159691#respond"]}]},{"@type":"WebPage","@id":"https:\/\/nbcs.mx\/?p=159691","url":"https:\/\/nbcs.mx\/?p=159691","name":"\u201cSer\u00e1 del 6 al 8 de febrero el Carnaval Loreto 2026\u201d: Alcaldesa Paz Ochoa Amador - NBCS Noticias","isPartOf":{"@id":"https:\/\/nbcs.mx\/#website"},"primaryImageOfPage":{"@id":"https:\/\/nbcs.mx\/?p=159691#primaryimage"},"image":{"@id":"https:\/\/nbcs.mx\/?p=159691#primaryimage"},"thumbnailUrl":"https:\/\/nbcs.mx\/wp-content\/uploads\/2025\/02\/La-alcaldesa-Paz-Ochoa-Amador-clausuro-las-actividades-del-carnaval-Loreto-2025.jpg","datePublished":"2026-01-05T21:09:55+00:00","breadcrumb":{"@id":"https:\/\/nbcs.mx\/?p=159691#breadcrumb"},"inLanguage":"es","potentialAction":[{"@type":"ReadAction","target":["https:\/\/nbcs.mx\/?p=159691"]}]},{"@type":"ImageObject","inLanguage":"es","@id":"https:\/\/nbcs.mx\/?p=159691#primaryimage","url":"https:\/\/nbcs.mx\/wp-content\/uploads\/2025\/02\/La-alcaldesa-Paz-Ochoa-Amador-clausuro-las-actividades-del-carnaval-Loreto-2025.jpg","contentUrl":"https:\/\/nbcs.mx\/wp-content\/uploads\/2025\/02\/La-alcaldesa-Paz-Ochoa-Amador-clausuro-las-actividades-del-carnaval-Loreto-2025.jpg","width":2080,"height":1387},{"@type":"BreadcrumbList","@id":"https:\/\/nbcs.mx\/?p=159691#breadcrumb","itemListElement":[{"@type":"ListItem","position":1,"name":"Portada","item":"https:\/\/nbcs.mx\/"},{"@type":"ListItem","position":2,"name":"\u201cSer\u00e1 del 6 al 8 de febrero el Carnaval Loreto 2026\u201d: Alcaldesa Paz Ochoa Amador"}]},{"@type":"WebSite","@id":"https:\/\/nbcs.mx\/#website","url":"https:\/\/nbcs.mx\/","name":"NBCS Noticias","description":"Sitio web de noticias en Baja California Sur","publisher":{"@id":"https:\/\/nbcs.mx\/#organization"},"potentialAction":[{"@type":"SearchAction","target":{"@type":"EntryPoint","urlTemplate":"https:\/\/nbcs.mx\/?s={search_term_string}"},"query-input":{"@type":"PropertyValueSpecification","valueRequired":true,"valueName":"search_term_string"}}],"inLanguage":"es"},{"@type":"Organization","@id":"https:\/\/nbcs.mx\/#organization","name":"NBCS Noticias","url":"https:\/\/nbcs.mx\/","logo":{"@type":"ImageObject","inLanguage":"es","@id":"https:\/\/nbcs.mx\/#\/schema\/logo\/image\/","url":"https:\/\/nbcs.mx\/wp-content\/uploads\/2018\/09\/057b69485e93575a5c2b1c1dde2dd297.jpeg","contentUrl":"https:\/\/nbcs.mx\/wp-content\/uploads\/2018\/09\/057b69485e93575a5c2b1c1dde2dd297.jpeg","width":64,"height":64,"caption":"NBCS Noticias"},"image":{"@id":"https:\/\/nbcs.mx\/#\/schema\/logo\/image\/"},"sameAs":["https:\/\/www.facebook.com\/NBCSnoticias","https:\/\/x.com\/NBCSnoticias"]},{"@type":"Person","@id":"https:\/\/nbcs.mx\/#\/schema\/person\/ece58bab9a7c1e87a4d28ec9ecd79ff4","name":"NBCS Noticias","image":{"@type":"ImageObject","inLanguage":"es","@id":"https:\/\/secure.gravatar.com\/avatar\/4e52110cad1c4054b43271a0d14bbe9e2ea76aecd0e1097edfc670798d9ca1d4?s=96&d=blank&r=g","url":"https:\/\/secure.gravatar.com\/avatar\/4e52110cad1c4054b43271a0d14bbe9e2ea76aecd0e1097edfc670798d9ca1d4?s=96&d=blank&r=g","contentUrl":"https:\/\/secure.gravatar.com\/avatar\/4e52110cad1c4054b43271a0d14bbe9e2ea76aecd0e1097edfc670798d9ca1d4?s=96&d=blank&r=g","caption":"NBCS Noticias"},"description":"\u00bfTienes fotos o video de alg\u00fan acto de posible negligencia, corrupci\u00f3n y abuso de autoridad? M\u00e1ndalo al WhatsApp de NBCS Noticias: 612 141 98 08","sameAs":["https:\/\/www.nbcs.mx","https:\/\/www.facebook.com\/NBCSnoticias","https:\/\/www.instagram.com\/nbcsnoticias\/","https:\/\/x.com\/https:\/\/twitter.com\/NBCSnoticias"]}]}},"jetpack_publicize_connections":[],"jetpack_featured_media_url":"https:\/\/nbcs.mx\/wp-content\/uploads\/2025\/02\/La-alcaldesa-Paz-Ochoa-Amador-clausuro-las-actividades-del-carnaval-Loreto-2025.jpg","jetpack_sharing_enabled":true,"_links":{"self":[{"href":"https:\/\/nbcs.mx\/index.php?rest_route=\/wp\/v2\/posts\/159691","targetHints":{"allow":["GET"]}}],"collection":[{"href":"https:\/\/nbcs.mx\/index.php?rest_route=\/wp\/v2\/posts"}],"about":[{"href":"https:\/\/nbcs.mx\/index.php?rest_route=\/wp\/v2\/types\/post"}],"author":[{"embeddable":true,"href":"https:\/\/nbcs.mx\/index.php?rest_route=\/wp\/v2\/users\/1"}],"replies":[{"embeddable":true,"href":"https:\/\/nbcs.mx\/index.php?rest_route=%2Fwp%2Fv2%2Fcomments&post=159691"}],"version-history":[{"count":1,"href":"https:\/\/nbcs.mx\/index.php?rest_route=\/wp\/v2\/posts\/159691\/revisions"}],"predecessor-version":[{"id":159692,"href":"https:\/\/nbcs.mx\/index.php?rest_route=\/wp\/v2\/posts\/159691\/revisions\/159692"}],"wp:featuredmedia":[{"embeddable":true,"href":"https:\/\/nbcs.mx\/index.php?rest_route=\/wp\/v2\/media\/146903"}],"wp:attachment":[{"href":"https:\/\/nbcs.mx\/index.php?rest_route=%2Fwp%2Fv2%2Fmedia&parent=159691"}],"wp:term":[{"taxonomy":"category","embeddable":true,"href":"https:\/\/nbcs.mx\/index.php?rest_route=%2Fwp%2Fv2%2Fcategories&post=159691"},{"taxonomy":"post_tag","embeddable":true,"href":"https:\/\/nbcs.mx\/index.php?rest_route=%2Fwp%2Fv2%2Ftags&post=159691"}],"curies":[{"name":"wp","href":"https:\/\/api.w.org\/{rel}","templated":true}]}}