{"id":159718,"date":"2026-01-05T14:25:47","date_gmt":"2026-01-05T21:25:47","guid":{"rendered":"https:\/\/nbcs.mx\/?p=159718"},"modified":"2026-01-05T14:25:47","modified_gmt":"2026-01-05T21:25:47","slug":"prioridad-en-oomsapas-de-la-paz-la-atencion-a-usuarios-y-dialogo-con-el-personal-dice-nuevo-titular","status":"publish","type":"post","link":"https:\/\/nbcs.mx\/?p=159718","title":{"rendered":"Prioridad en Oomsapas de La Paz la atenci\u00f3n a usuarios y di\u00e1logo con el personal, dice nuevo titular"},"content":{"rendered":"<p style=\"text-align: justify;\"><img loading=\"lazy\" decoding=\"async\" class=\" wp-image-159719 alignleft\" src=\"https:\/\/nbcs.mx\/wp-content\/uploads\/2026\/01\/608623728_1314023544079006_4218603346449844972_n-721x492.jpg\" alt=\"\" width=\"377\" height=\"257\" srcset=\"https:\/\/nbcs.mx\/wp-content\/uploads\/2026\/01\/608623728_1314023544079006_4218603346449844972_n-721x492.jpg 721w, https:\/\/nbcs.mx\/wp-content\/uploads\/2026\/01\/608623728_1314023544079006_4218603346449844972_n-150x102.jpg 150w, https:\/\/nbcs.mx\/wp-content\/uploads\/2026\/01\/608623728_1314023544079006_4218603346449844972_n-768x524.jpg 768w, https:\/\/nbcs.mx\/wp-content\/uploads\/2026\/01\/608623728_1314023544079006_4218603346449844972_n-130x90.jpg 130w, https:\/\/nbcs.mx\/wp-content\/uploads\/2026\/01\/608623728_1314023544079006_4218603346449844972_n.jpg 973w\" sizes=\"auto, (max-width: 377px) 100vw, 377px\" \/>A partir de este mes de enero, Abimael Ibarra Ab\u00fandez asume la Direcci\u00f3n General del Organismo Operador Municipal del Sistema de Agua Potable, Alcantarillado y Saneamiento (Oomsapas) de La Paz, y entre sus prioridades se encuentra mejorar la atenci\u00f3n a los ciudadanos.<\/p>\n<p style=\"text-align: justify;\">Luego de reconocer que primero tendr\u00e1 que darse una etapa de transici\u00f3n por los muchos trabajos que se encuentran en proceso, manifest\u00f3 que tambi\u00e9n se entrar\u00e1 a la etapa de preparar la pr\u00f3xima temporada de verano, cuando se incrementa la demanda de agua.<\/p>\n<p style=\"text-align: justify;\">El ex Secretario General del Ayuntamiento de La Paz, expuso que el Oomsapas es pr\u00e1cticamente \u201cun mini Ayuntamiento\u201d, por lo cual otro de sus compromisos ser\u00e1 el di\u00e1logo constante con los trabajadores, ya que de esa manera se pueden tomar las mejores decisiones en el Organismo, que redit\u00faen en mejor servicio al p\u00fablico.<\/p>\n<p style=\"text-align: justify;\">Cabe recordar que el Organismo Operador, de manera constante se ve envuelto en conflictos internos, incluyendo paros de labores y exigencia de destituci\u00f3n de Directores, por lo cual su nuevo titular expres\u00f3 que ese es otro de los motivos para poner especial \u00e9nfasis en el di\u00e1logo con el personal.<\/p>\n<p style=\"text-align: justify;\">Mencion\u00f3 que de entrada se platicar\u00e1 con la representaci\u00f3n sindical, tanto de la Secci\u00f3n La Paz, como el Delegado Sindical de la instituci\u00f3n, a fin de aprovechar la experiencia que se tiene en labor de distribuir el agua, atender la red de drenaje y reparar fallas, para que el servicio sea cada vez mejor.<\/p>\n<p style=\"text-align: justify;\">Sostuvo que su pol\u00edtica ser\u00e1 decir claramente si se puede o no cumplir con alg\u00fan planteamiento, pero no tardar en dar una respuesta, y que de entrada har\u00e1 un an\u00e1lisis profundo de c\u00f3mo se encuentra funcionando el Oomsapas, y a partir de ah\u00ed determinar lo conducente, ya sea para cambiar o mejorar algo.<\/p>\n<p style=\"text-align: justify;\">Consider\u00f3 que la Directora saliente, Zulema Lazos Ram\u00edrez, hizo un buen trabajo al frente del Organismo, pero que tuvo que dejar el cargo para asumir otra responsabilidad, y prometi\u00f3 una gesti\u00f3n de puertas abiertas para todos los ciudadanos. (Por: Arturo Nieves).<\/p>\n","protected":false},"excerpt":{"rendered":"<p>A partir de este mes de enero, Abimael Ibarra Ab\u00fandez asume la Direcci\u00f3n General del Organismo Operador Municipal del Sistema<\/p>\n","protected":false},"author":1,"featured_media":159719,"comment_status":"open","ping_status":"closed","sticky":false,"template":"","format":"standard","meta":{"colormag_page_container_layout":"default_layout","colormag_page_sidebar_layout":"default_layout","_jetpack_memberships_contains_paid_content":false,"footnotes":"","jetpack_publicize_message":"","jetpack_publicize_feature_enabled":true,"jetpack_social_post_already_shared":true,"jetpack_social_options":{"image_generator_settings":{"template":"highway","default_image_id":0,"font":"","enabled":false},"version":2}},"categories":[1],"tags":[],"class_list":["post-159718","post","type-post","status-publish","format-standard","has-post-thumbnail","hentry","category-noticias"],"yoast_head":"<!-- This site is optimized with the Yoast SEO plugin v27.4 - https:\/\/yoast.com\/product\/yoast-seo-wordpress\/ -->\n<title>Prioridad en Oomsapas de La Paz la atenci\u00f3n a usuarios y di\u00e1logo con el personal, dice nuevo titular - NBCS Noticias<\/title>\n<meta name=\"robots\" content=\"index, follow, max-snippet:-1, max-image-preview:large, max-video-preview:-1\" \/>\n<link rel=\"canonical\" href=\"https:\/\/nbcs.mx\/?p=159718\" \/>\n<meta property=\"og:locale\" content=\"es_ES\" \/>\n<meta property=\"og:type\" content=\"article\" \/>\n<meta property=\"og:title\" content=\"Prioridad en Oomsapas de La Paz la atenci\u00f3n a usuarios y di\u00e1logo con el personal, dice nuevo titular - NBCS Noticias\" \/>\n<meta property=\"og:description\" content=\"A partir de este mes de enero, Abimael Ibarra Ab\u00fandez asume la Direcci\u00f3n General del Organismo Operador Municipal del Sistema\" \/>\n<meta property=\"og:url\" content=\"https:\/\/nbcs.mx\/?p=159718\" \/>\n<meta property=\"og:site_name\" content=\"NBCS Noticias\" \/>\n<meta property=\"article:publisher\" content=\"https:\/\/www.facebook.com\/NBCSnoticias\" \/>\n<meta property=\"article:author\" content=\"https:\/\/www.facebook.com\/NBCSnoticias\" \/>\n<meta property=\"article:published_time\" content=\"2026-01-05T21:25:47+00:00\" \/>\n<meta property=\"og:image\" content=\"https:\/\/nbcs.mx\/wp-content\/uploads\/2026\/01\/608623728_1314023544079006_4218603346449844972_n.jpg\" \/>\n\t<meta property=\"og:image:width\" content=\"973\" \/>\n\t<meta property=\"og:image:height\" content=\"664\" \/>\n\t<meta property=\"og:image:type\" content=\"image\/jpeg\" \/>\n<meta name=\"author\" content=\"NBCS Noticias\" \/>\n<meta name=\"twitter:card\" content=\"summary_large_image\" \/>\n<meta name=\"twitter:creator\" content=\"@https:\/\/twitter.com\/NBCSnoticias\" \/>\n<meta name=\"twitter:site\" content=\"@NBCSnoticias\" \/>\n<meta name=\"twitter:label1\" content=\"Escrito por\" \/>\n\t<meta name=\"twitter:data1\" content=\"NBCS Noticias\" \/>\n\t<meta name=\"twitter:label2\" content=\"Tiempo de lectura\" \/>\n\t<meta name=\"twitter:data2\" content=\"2 minutos\" \/>\n<script type=\"application\/ld+json\" class=\"yoast-schema-graph\">{\"@context\":\"https:\\\/\\\/schema.org\",\"@graph\":[{\"@type\":\"Article\",\"@id\":\"https:\\\/\\\/nbcs.mx\\\/?p=159718#article\",\"isPartOf\":{\"@id\":\"https:\\\/\\\/nbcs.mx\\\/?p=159718\"},\"author\":{\"name\":\"NBCS Noticias\",\"@id\":\"https:\\\/\\\/nbcs.mx\\\/#\\\/schema\\\/person\\\/ece58bab9a7c1e87a4d28ec9ecd79ff4\"},\"headline\":\"Prioridad en Oomsapas de La Paz la atenci\u00f3n a usuarios y di\u00e1logo con el personal, dice nuevo titular\",\"datePublished\":\"2026-01-05T21:25:47+00:00\",\"mainEntityOfPage\":{\"@id\":\"https:\\\/\\\/nbcs.mx\\\/?p=159718\"},\"wordCount\":376,\"commentCount\":0,\"publisher\":{\"@id\":\"https:\\\/\\\/nbcs.mx\\\/#organization\"},\"image\":{\"@id\":\"https:\\\/\\\/nbcs.mx\\\/?p=159718#primaryimage\"},\"thumbnailUrl\":\"https:\\\/\\\/nbcs.mx\\\/wp-content\\\/uploads\\\/2026\\\/01\\\/608623728_1314023544079006_4218603346449844972_n.jpg\",\"articleSection\":[\"Noticias\"],\"inLanguage\":\"es\",\"potentialAction\":[{\"@type\":\"CommentAction\",\"name\":\"Comment\",\"target\":[\"https:\\\/\\\/nbcs.mx\\\/?p=159718#respond\"]}]},{\"@type\":\"WebPage\",\"@id\":\"https:\\\/\\\/nbcs.mx\\\/?p=159718\",\"url\":\"https:\\\/\\\/nbcs.mx\\\/?p=159718\",\"name\":\"Prioridad en Oomsapas de La Paz la atenci\u00f3n a usuarios y di\u00e1logo con el personal, dice nuevo titular - NBCS Noticias\",\"isPartOf\":{\"@id\":\"https:\\\/\\\/nbcs.mx\\\/#website\"},\"primaryImageOfPage\":{\"@id\":\"https:\\\/\\\/nbcs.mx\\\/?p=159718#primaryimage\"},\"image\":{\"@id\":\"https:\\\/\\\/nbcs.mx\\\/?p=159718#primaryimage\"},\"thumbnailUrl\":\"https:\\\/\\\/nbcs.mx\\\/wp-content\\\/uploads\\\/2026\\\/01\\\/608623728_1314023544079006_4218603346449844972_n.jpg\",\"datePublished\":\"2026-01-05T21:25:47+00:00\",\"breadcrumb\":{\"@id\":\"https:\\\/\\\/nbcs.mx\\\/?p=159718#breadcrumb\"},\"inLanguage\":\"es\",\"potentialAction\":[{\"@type\":\"ReadAction\",\"target\":[\"https:\\\/\\\/nbcs.mx\\\/?p=159718\"]}]},{\"@type\":\"ImageObject\",\"inLanguage\":\"es\",\"@id\":\"https:\\\/\\\/nbcs.mx\\\/?p=159718#primaryimage\",\"url\":\"https:\\\/\\\/nbcs.mx\\\/wp-content\\\/uploads\\\/2026\\\/01\\\/608623728_1314023544079006_4218603346449844972_n.jpg\",\"contentUrl\":\"https:\\\/\\\/nbcs.mx\\\/wp-content\\\/uploads\\\/2026\\\/01\\\/608623728_1314023544079006_4218603346449844972_n.jpg\",\"width\":973,\"height\":664},{\"@type\":\"BreadcrumbList\",\"@id\":\"https:\\\/\\\/nbcs.mx\\\/?p=159718#breadcrumb\",\"itemListElement\":[{\"@type\":\"ListItem\",\"position\":1,\"name\":\"Portada\",\"item\":\"https:\\\/\\\/nbcs.mx\\\/\"},{\"@type\":\"ListItem\",\"position\":2,\"name\":\"Prioridad en Oomsapas de La Paz la atenci\u00f3n a usuarios y di\u00e1logo con el personal, dice nuevo titular\"}]},{\"@type\":\"WebSite\",\"@id\":\"https:\\\/\\\/nbcs.mx\\\/#website\",\"url\":\"https:\\\/\\\/nbcs.mx\\\/\",\"name\":\"NBCS Noticias\",\"description\":\"Sitio web de noticias en Baja California Sur\",\"publisher\":{\"@id\":\"https:\\\/\\\/nbcs.mx\\\/#organization\"},\"potentialAction\":[{\"@type\":\"SearchAction\",\"target\":{\"@type\":\"EntryPoint\",\"urlTemplate\":\"https:\\\/\\\/nbcs.mx\\\/?s={search_term_string}\"},\"query-input\":{\"@type\":\"PropertyValueSpecification\",\"valueRequired\":true,\"valueName\":\"search_term_string\"}}],\"inLanguage\":\"es\"},{\"@type\":\"Organization\",\"@id\":\"https:\\\/\\\/nbcs.mx\\\/#organization\",\"name\":\"NBCS Noticias\",\"url\":\"https:\\\/\\\/nbcs.mx\\\/\",\"logo\":{\"@type\":\"ImageObject\",\"inLanguage\":\"es\",\"@id\":\"https:\\\/\\\/nbcs.mx\\\/#\\\/schema\\\/logo\\\/image\\\/\",\"url\":\"https:\\\/\\\/nbcs.mx\\\/wp-content\\\/uploads\\\/2018\\\/09\\\/057b69485e93575a5c2b1c1dde2dd297.jpeg\",\"contentUrl\":\"https:\\\/\\\/nbcs.mx\\\/wp-content\\\/uploads\\\/2018\\\/09\\\/057b69485e93575a5c2b1c1dde2dd297.jpeg\",\"width\":64,\"height\":64,\"caption\":\"NBCS Noticias\"},\"image\":{\"@id\":\"https:\\\/\\\/nbcs.mx\\\/#\\\/schema\\\/logo\\\/image\\\/\"},\"sameAs\":[\"https:\\\/\\\/www.facebook.com\\\/NBCSnoticias\",\"https:\\\/\\\/x.com\\\/NBCSnoticias\"]},{\"@type\":\"Person\",\"@id\":\"https:\\\/\\\/nbcs.mx\\\/#\\\/schema\\\/person\\\/ece58bab9a7c1e87a4d28ec9ecd79ff4\",\"name\":\"NBCS Noticias\",\"image\":{\"@type\":\"ImageObject\",\"inLanguage\":\"es\",\"@id\":\"https:\\\/\\\/secure.gravatar.com\\\/avatar\\\/4e52110cad1c4054b43271a0d14bbe9e2ea76aecd0e1097edfc670798d9ca1d4?s=96&d=blank&r=g\",\"url\":\"https:\\\/\\\/secure.gravatar.com\\\/avatar\\\/4e52110cad1c4054b43271a0d14bbe9e2ea76aecd0e1097edfc670798d9ca1d4?s=96&d=blank&r=g\",\"contentUrl\":\"https:\\\/\\\/secure.gravatar.com\\\/avatar\\\/4e52110cad1c4054b43271a0d14bbe9e2ea76aecd0e1097edfc670798d9ca1d4?s=96&d=blank&r=g\",\"caption\":\"NBCS Noticias\"},\"description\":\"\u00bfTienes fotos o video de alg\u00fan acto de posible negligencia, corrupci\u00f3n y abuso de autoridad? M\u00e1ndalo al WhatsApp de NBCS Noticias: 612 141 98 08\",\"sameAs\":[\"https:\\\/\\\/www.nbcs.mx\",\"https:\\\/\\\/www.facebook.com\\\/NBCSnoticias\",\"https:\\\/\\\/www.instagram.com\\\/nbcsnoticias\\\/\",\"https:\\\/\\\/x.com\\\/https:\\\/\\\/twitter.com\\\/NBCSnoticias\"]}]}<\/script>\n<!-- \/ Yoast SEO plugin. -->","yoast_head_json":{"title":"Prioridad en Oomsapas de La Paz la atenci\u00f3n a usuarios y di\u00e1logo con el personal, dice nuevo titular - NBCS Noticias","robots":{"index":"index","follow":"follow","max-snippet":"max-snippet:-1","max-image-preview":"max-image-preview:large","max-video-preview":"max-video-preview:-1"},"canonical":"https:\/\/nbcs.mx\/?p=159718","og_locale":"es_ES","og_type":"article","og_title":"Prioridad en Oomsapas de La Paz la atenci\u00f3n a usuarios y di\u00e1logo con el personal, dice nuevo titular - NBCS Noticias","og_description":"A partir de este mes de enero, Abimael Ibarra Ab\u00fandez asume la Direcci\u00f3n General del Organismo Operador Municipal del Sistema","og_url":"https:\/\/nbcs.mx\/?p=159718","og_site_name":"NBCS Noticias","article_publisher":"https:\/\/www.facebook.com\/NBCSnoticias","article_author":"https:\/\/www.facebook.com\/NBCSnoticias","article_published_time":"2026-01-05T21:25:47+00:00","og_image":[{"width":973,"height":664,"url":"https:\/\/nbcs.mx\/wp-content\/uploads\/2026\/01\/608623728_1314023544079006_4218603346449844972_n.jpg","type":"image\/jpeg"}],"author":"NBCS Noticias","twitter_card":"summary_large_image","twitter_creator":"@https:\/\/twitter.com\/NBCSnoticias","twitter_site":"@NBCSnoticias","twitter_misc":{"Escrito por":"NBCS Noticias","Tiempo de lectura":"2 minutos"},"schema":{"@context":"https:\/\/schema.org","@graph":[{"@type":"Article","@id":"https:\/\/nbcs.mx\/?p=159718#article","isPartOf":{"@id":"https:\/\/nbcs.mx\/?p=159718"},"author":{"name":"NBCS Noticias","@id":"https:\/\/nbcs.mx\/#\/schema\/person\/ece58bab9a7c1e87a4d28ec9ecd79ff4"},"headline":"Prioridad en Oomsapas de La Paz la atenci\u00f3n a usuarios y di\u00e1logo con el personal, dice nuevo titular","datePublished":"2026-01-05T21:25:47+00:00","mainEntityOfPage":{"@id":"https:\/\/nbcs.mx\/?p=159718"},"wordCount":376,"commentCount":0,"publisher":{"@id":"https:\/\/nbcs.mx\/#organization"},"image":{"@id":"https:\/\/nbcs.mx\/?p=159718#primaryimage"},"thumbnailUrl":"https:\/\/nbcs.mx\/wp-content\/uploads\/2026\/01\/608623728_1314023544079006_4218603346449844972_n.jpg","articleSection":["Noticias"],"inLanguage":"es","potentialAction":[{"@type":"CommentAction","name":"Comment","target":["https:\/\/nbcs.mx\/?p=159718#respond"]}]},{"@type":"WebPage","@id":"https:\/\/nbcs.mx\/?p=159718","url":"https:\/\/nbcs.mx\/?p=159718","name":"Prioridad en Oomsapas de La Paz la atenci\u00f3n a usuarios y di\u00e1logo con el personal, dice nuevo titular - NBCS Noticias","isPartOf":{"@id":"https:\/\/nbcs.mx\/#website"},"primaryImageOfPage":{"@id":"https:\/\/nbcs.mx\/?p=159718#primaryimage"},"image":{"@id":"https:\/\/nbcs.mx\/?p=159718#primaryimage"},"thumbnailUrl":"https:\/\/nbcs.mx\/wp-content\/uploads\/2026\/01\/608623728_1314023544079006_4218603346449844972_n.jpg","datePublished":"2026-01-05T21:25:47+00:00","breadcrumb":{"@id":"https:\/\/nbcs.mx\/?p=159718#breadcrumb"},"inLanguage":"es","potentialAction":[{"@type":"ReadAction","target":["https:\/\/nbcs.mx\/?p=159718"]}]},{"@type":"ImageObject","inLanguage":"es","@id":"https:\/\/nbcs.mx\/?p=159718#primaryimage","url":"https:\/\/nbcs.mx\/wp-content\/uploads\/2026\/01\/608623728_1314023544079006_4218603346449844972_n.jpg","contentUrl":"https:\/\/nbcs.mx\/wp-content\/uploads\/2026\/01\/608623728_1314023544079006_4218603346449844972_n.jpg","width":973,"height":664},{"@type":"BreadcrumbList","@id":"https:\/\/nbcs.mx\/?p=159718#breadcrumb","itemListElement":[{"@type":"ListItem","position":1,"name":"Portada","item":"https:\/\/nbcs.mx\/"},{"@type":"ListItem","position":2,"name":"Prioridad en Oomsapas de La Paz la atenci\u00f3n a usuarios y di\u00e1logo con el personal, dice nuevo titular"}]},{"@type":"WebSite","@id":"https:\/\/nbcs.mx\/#website","url":"https:\/\/nbcs.mx\/","name":"NBCS Noticias","description":"Sitio web de noticias en Baja California Sur","publisher":{"@id":"https:\/\/nbcs.mx\/#organization"},"potentialAction":[{"@type":"SearchAction","target":{"@type":"EntryPoint","urlTemplate":"https:\/\/nbcs.mx\/?s={search_term_string}"},"query-input":{"@type":"PropertyValueSpecification","valueRequired":true,"valueName":"search_term_string"}}],"inLanguage":"es"},{"@type":"Organization","@id":"https:\/\/nbcs.mx\/#organization","name":"NBCS Noticias","url":"https:\/\/nbcs.mx\/","logo":{"@type":"ImageObject","inLanguage":"es","@id":"https:\/\/nbcs.mx\/#\/schema\/logo\/image\/","url":"https:\/\/nbcs.mx\/wp-content\/uploads\/2018\/09\/057b69485e93575a5c2b1c1dde2dd297.jpeg","contentUrl":"https:\/\/nbcs.mx\/wp-content\/uploads\/2018\/09\/057b69485e93575a5c2b1c1dde2dd297.jpeg","width":64,"height":64,"caption":"NBCS Noticias"},"image":{"@id":"https:\/\/nbcs.mx\/#\/schema\/logo\/image\/"},"sameAs":["https:\/\/www.facebook.com\/NBCSnoticias","https:\/\/x.com\/NBCSnoticias"]},{"@type":"Person","@id":"https:\/\/nbcs.mx\/#\/schema\/person\/ece58bab9a7c1e87a4d28ec9ecd79ff4","name":"NBCS Noticias","image":{"@type":"ImageObject","inLanguage":"es","@id":"https:\/\/secure.gravatar.com\/avatar\/4e52110cad1c4054b43271a0d14bbe9e2ea76aecd0e1097edfc670798d9ca1d4?s=96&d=blank&r=g","url":"https:\/\/secure.gravatar.com\/avatar\/4e52110cad1c4054b43271a0d14bbe9e2ea76aecd0e1097edfc670798d9ca1d4?s=96&d=blank&r=g","contentUrl":"https:\/\/secure.gravatar.com\/avatar\/4e52110cad1c4054b43271a0d14bbe9e2ea76aecd0e1097edfc670798d9ca1d4?s=96&d=blank&r=g","caption":"NBCS Noticias"},"description":"\u00bfTienes fotos o video de alg\u00fan acto de posible negligencia, corrupci\u00f3n y abuso de autoridad? M\u00e1ndalo al WhatsApp de NBCS Noticias: 612 141 98 08","sameAs":["https:\/\/www.nbcs.mx","https:\/\/www.facebook.com\/NBCSnoticias","https:\/\/www.instagram.com\/nbcsnoticias\/","https:\/\/x.com\/https:\/\/twitter.com\/NBCSnoticias"]}]}},"jetpack_publicize_connections":[],"jetpack_featured_media_url":"https:\/\/nbcs.mx\/wp-content\/uploads\/2026\/01\/608623728_1314023544079006_4218603346449844972_n.jpg","jetpack_sharing_enabled":true,"_links":{"self":[{"href":"https:\/\/nbcs.mx\/index.php?rest_route=\/wp\/v2\/posts\/159718","targetHints":{"allow":["GET"]}}],"collection":[{"href":"https:\/\/nbcs.mx\/index.php?rest_route=\/wp\/v2\/posts"}],"about":[{"href":"https:\/\/nbcs.mx\/index.php?rest_route=\/wp\/v2\/types\/post"}],"author":[{"embeddable":true,"href":"https:\/\/nbcs.mx\/index.php?rest_route=\/wp\/v2\/users\/1"}],"replies":[{"embeddable":true,"href":"https:\/\/nbcs.mx\/index.php?rest_route=%2Fwp%2Fv2%2Fcomments&post=159718"}],"version-history":[{"count":1,"href":"https:\/\/nbcs.mx\/index.php?rest_route=\/wp\/v2\/posts\/159718\/revisions"}],"predecessor-version":[{"id":159720,"href":"https:\/\/nbcs.mx\/index.php?rest_route=\/wp\/v2\/posts\/159718\/revisions\/159720"}],"wp:featuredmedia":[{"embeddable":true,"href":"https:\/\/nbcs.mx\/index.php?rest_route=\/wp\/v2\/media\/159719"}],"wp:attachment":[{"href":"https:\/\/nbcs.mx\/index.php?rest_route=%2Fwp%2Fv2%2Fmedia&parent=159718"}],"wp:term":[{"taxonomy":"category","embeddable":true,"href":"https:\/\/nbcs.mx\/index.php?rest_route=%2Fwp%2Fv2%2Fcategories&post=159718"},{"taxonomy":"post_tag","embeddable":true,"href":"https:\/\/nbcs.mx\/index.php?rest_route=%2Fwp%2Fv2%2Ftags&post=159718"}],"curies":[{"name":"wp","href":"https:\/\/api.w.org\/{rel}","templated":true}]}}