{"id":159785,"date":"2026-01-07T14:24:25","date_gmt":"2026-01-07T21:24:25","guid":{"rendered":"https:\/\/nbcs.mx\/?p=159785"},"modified":"2026-01-07T14:24:25","modified_gmt":"2026-01-07T21:24:25","slug":"inicia-recepcion-de-arboles-de-navidad-naturales-en-el-eco-parque","status":"publish","type":"post","link":"https:\/\/nbcs.mx\/?p=159785","title":{"rendered":"Inicia recepci\u00f3n de \u00e1rboles de navidad naturales en el Eco Parque"},"content":{"rendered":"<p style=\"font-weight: 400; text-align: justify;\"><img loading=\"lazy\" decoding=\"async\" class=\" wp-image-159786 alignleft\" src=\"https:\/\/nbcs.mx\/wp-content\/uploads\/2026\/01\/Foto-Boletin-014-746x492.jpeg\" alt=\"\" width=\"373\" height=\"246\" srcset=\"https:\/\/nbcs.mx\/wp-content\/uploads\/2026\/01\/Foto-Boletin-014-746x492.jpeg 746w, https:\/\/nbcs.mx\/wp-content\/uploads\/2026\/01\/Foto-Boletin-014-150x99.jpeg 150w, https:\/\/nbcs.mx\/wp-content\/uploads\/2026\/01\/Foto-Boletin-014-768x506.jpeg 768w, https:\/\/nbcs.mx\/wp-content\/uploads\/2026\/01\/Foto-Boletin-014.jpeg 995w\" sizes=\"auto, (max-width: 373px) 100vw, 373px\" \/>La Direcci\u00f3n General de Servicios P\u00fablicos Municipales del Ayuntamiento de La Paz inform\u00f3 que, a partir de este mi\u00e9rcoles y durante todo el mes de enero, se estar\u00e1n recibiendo \u00e1rboles de Navidad naturales en el Eco Parque, como parte de las acciones de cuidado ambiental impulsadas por la administraci\u00f3n que encabeza la alcaldesa Milena Quiroga Romero.<\/p>\n<p style=\"font-weight: 400; text-align: justify;\">\n<p style=\"font-weight: 400; text-align: justify;\">Al respecto, el subdirector de Espacios P\u00fablicos, Ra\u00fal Ramos Lucero, invit\u00f3 a la ciudadan\u00eda a sumarse a esta iniciativa: \u201cinvitamos a la ciudadan\u00eda a traer sus arbolitos de navidad en un horario de lunes a s\u00e1bado de 7 de la ma\u00f1ana 12 del d\u00eda, ya que estos arbolitos ser\u00e1n triturados con nuestro programa Manos a la Tierra, para ser reutilizados en trabajos de reforestaci\u00f3n o las personas podr\u00e1n llevarse el mulch para aplicarlo en sus hogares\u201d.<\/p>\n<p style=\"font-weight: 400; text-align: justify;\">\n<p style=\"font-weight: 400; text-align: justify;\">Ramos Lucero se\u00f1al\u00f3 que el mulch es un material org\u00e1nico elaborado a partir de la trituraci\u00f3n de troncos y ramas, el cual ayuda a conservar la humedad del suelo, regular la temperatura, controlar maleza y aportar nutrientes a los \u00e1rboles conforme se descompone.<\/p>\n<p style=\"font-weight: 400; text-align: justify;\">\n<p style=\"font-weight: 400; text-align: justify;\">Finalmente, se recomienda a las y los ciudadanos llevar los \u00e1rboles sin base ni clavos para facilitar su trituraci\u00f3n, en caso contrario deber\u00e1n informar al personal para su manejo adecuado.<\/p>\n<p style=\"font-weight: 400; text-align: justify;\">\n<p style=\"font-weight: 400; text-align: justify;\">Con estas acciones se busca evitar la generaci\u00f3n de plagas y el abandono de \u00e1rboles en calles, espacios p\u00fablicos o arroyos, promoviendo una disposici\u00f3n responsable y sustentable de los \u00e1rboles de navidad.<\/p>\n","protected":false},"excerpt":{"rendered":"<p>La Direcci\u00f3n General de Servicios P\u00fablicos Municipales del Ayuntamiento de La Paz inform\u00f3 que, a partir de este mi\u00e9rcoles y<\/p>\n","protected":false},"author":1,"featured_media":159786,"comment_status":"open","ping_status":"closed","sticky":false,"template":"","format":"standard","meta":{"colormag_page_container_layout":"default_layout","colormag_page_sidebar_layout":"default_layout","_jetpack_memberships_contains_paid_content":false,"footnotes":"","jetpack_publicize_message":"","jetpack_publicize_feature_enabled":true,"jetpack_social_post_already_shared":true,"jetpack_social_options":{"image_generator_settings":{"template":"highway","default_image_id":0,"font":"","enabled":false},"version":2}},"categories":[40],"tags":[],"class_list":["post-159785","post","type-post","status-publish","format-standard","has-post-thumbnail","hentry","category-municipios"],"yoast_head":"<!-- This site is optimized with the Yoast SEO plugin v27.4 - https:\/\/yoast.com\/product\/yoast-seo-wordpress\/ -->\n<title>Inicia recepci\u00f3n de \u00e1rboles de navidad naturales en el Eco Parque - NBCS Noticias<\/title>\n<meta name=\"robots\" content=\"index, follow, max-snippet:-1, max-image-preview:large, max-video-preview:-1\" \/>\n<link rel=\"canonical\" href=\"https:\/\/nbcs.mx\/?p=159785\" \/>\n<meta property=\"og:locale\" content=\"es_ES\" \/>\n<meta property=\"og:type\" content=\"article\" \/>\n<meta property=\"og:title\" content=\"Inicia recepci\u00f3n de \u00e1rboles de navidad naturales en el Eco Parque - NBCS Noticias\" \/>\n<meta property=\"og:description\" content=\"La Direcci\u00f3n General de Servicios P\u00fablicos Municipales del Ayuntamiento de La Paz inform\u00f3 que, a partir de este mi\u00e9rcoles y\" \/>\n<meta property=\"og:url\" content=\"https:\/\/nbcs.mx\/?p=159785\" \/>\n<meta property=\"og:site_name\" content=\"NBCS Noticias\" \/>\n<meta property=\"article:publisher\" content=\"https:\/\/www.facebook.com\/NBCSnoticias\" \/>\n<meta property=\"article:author\" content=\"https:\/\/www.facebook.com\/NBCSnoticias\" \/>\n<meta property=\"article:published_time\" content=\"2026-01-07T21:24:25+00:00\" \/>\n<meta property=\"og:image\" content=\"https:\/\/nbcs.mx\/wp-content\/uploads\/2026\/01\/Foto-Boletin-014.jpeg\" \/>\n\t<meta property=\"og:image:width\" content=\"995\" \/>\n\t<meta property=\"og:image:height\" content=\"656\" \/>\n\t<meta property=\"og:image:type\" content=\"image\/jpeg\" \/>\n<meta name=\"author\" content=\"NBCS Noticias\" \/>\n<meta name=\"twitter:card\" content=\"summary_large_image\" \/>\n<meta name=\"twitter:creator\" content=\"@https:\/\/twitter.com\/NBCSnoticias\" \/>\n<meta name=\"twitter:site\" content=\"@NBCSnoticias\" \/>\n<meta name=\"twitter:label1\" content=\"Escrito por\" \/>\n\t<meta name=\"twitter:data1\" content=\"NBCS Noticias\" \/>\n\t<meta name=\"twitter:label2\" content=\"Tiempo de lectura\" \/>\n\t<meta name=\"twitter:data2\" content=\"2 minutos\" \/>\n<script type=\"application\/ld+json\" class=\"yoast-schema-graph\">{\"@context\":\"https:\\\/\\\/schema.org\",\"@graph\":[{\"@type\":\"Article\",\"@id\":\"https:\\\/\\\/nbcs.mx\\\/?p=159785#article\",\"isPartOf\":{\"@id\":\"https:\\\/\\\/nbcs.mx\\\/?p=159785\"},\"author\":{\"name\":\"NBCS Noticias\",\"@id\":\"https:\\\/\\\/nbcs.mx\\\/#\\\/schema\\\/person\\\/ece58bab9a7c1e87a4d28ec9ecd79ff4\"},\"headline\":\"Inicia recepci\u00f3n de \u00e1rboles de navidad naturales en el Eco Parque\",\"datePublished\":\"2026-01-07T21:24:25+00:00\",\"mainEntityOfPage\":{\"@id\":\"https:\\\/\\\/nbcs.mx\\\/?p=159785\"},\"wordCount\":270,\"commentCount\":0,\"publisher\":{\"@id\":\"https:\\\/\\\/nbcs.mx\\\/#organization\"},\"image\":{\"@id\":\"https:\\\/\\\/nbcs.mx\\\/?p=159785#primaryimage\"},\"thumbnailUrl\":\"https:\\\/\\\/nbcs.mx\\\/wp-content\\\/uploads\\\/2026\\\/01\\\/Foto-Boletin-014.jpeg\",\"articleSection\":[\"Municipios\"],\"inLanguage\":\"es\",\"potentialAction\":[{\"@type\":\"CommentAction\",\"name\":\"Comment\",\"target\":[\"https:\\\/\\\/nbcs.mx\\\/?p=159785#respond\"]}]},{\"@type\":\"WebPage\",\"@id\":\"https:\\\/\\\/nbcs.mx\\\/?p=159785\",\"url\":\"https:\\\/\\\/nbcs.mx\\\/?p=159785\",\"name\":\"Inicia recepci\u00f3n de \u00e1rboles de navidad naturales en el Eco Parque - NBCS Noticias\",\"isPartOf\":{\"@id\":\"https:\\\/\\\/nbcs.mx\\\/#website\"},\"primaryImageOfPage\":{\"@id\":\"https:\\\/\\\/nbcs.mx\\\/?p=159785#primaryimage\"},\"image\":{\"@id\":\"https:\\\/\\\/nbcs.mx\\\/?p=159785#primaryimage\"},\"thumbnailUrl\":\"https:\\\/\\\/nbcs.mx\\\/wp-content\\\/uploads\\\/2026\\\/01\\\/Foto-Boletin-014.jpeg\",\"datePublished\":\"2026-01-07T21:24:25+00:00\",\"breadcrumb\":{\"@id\":\"https:\\\/\\\/nbcs.mx\\\/?p=159785#breadcrumb\"},\"inLanguage\":\"es\",\"potentialAction\":[{\"@type\":\"ReadAction\",\"target\":[\"https:\\\/\\\/nbcs.mx\\\/?p=159785\"]}]},{\"@type\":\"ImageObject\",\"inLanguage\":\"es\",\"@id\":\"https:\\\/\\\/nbcs.mx\\\/?p=159785#primaryimage\",\"url\":\"https:\\\/\\\/nbcs.mx\\\/wp-content\\\/uploads\\\/2026\\\/01\\\/Foto-Boletin-014.jpeg\",\"contentUrl\":\"https:\\\/\\\/nbcs.mx\\\/wp-content\\\/uploads\\\/2026\\\/01\\\/Foto-Boletin-014.jpeg\",\"width\":995,\"height\":656},{\"@type\":\"BreadcrumbList\",\"@id\":\"https:\\\/\\\/nbcs.mx\\\/?p=159785#breadcrumb\",\"itemListElement\":[{\"@type\":\"ListItem\",\"position\":1,\"name\":\"Portada\",\"item\":\"https:\\\/\\\/nbcs.mx\\\/\"},{\"@type\":\"ListItem\",\"position\":2,\"name\":\"Inicia recepci\u00f3n de \u00e1rboles de navidad naturales en el Eco Parque\"}]},{\"@type\":\"WebSite\",\"@id\":\"https:\\\/\\\/nbcs.mx\\\/#website\",\"url\":\"https:\\\/\\\/nbcs.mx\\\/\",\"name\":\"NBCS Noticias\",\"description\":\"Sitio web de noticias en Baja California Sur\",\"publisher\":{\"@id\":\"https:\\\/\\\/nbcs.mx\\\/#organization\"},\"potentialAction\":[{\"@type\":\"SearchAction\",\"target\":{\"@type\":\"EntryPoint\",\"urlTemplate\":\"https:\\\/\\\/nbcs.mx\\\/?s={search_term_string}\"},\"query-input\":{\"@type\":\"PropertyValueSpecification\",\"valueRequired\":true,\"valueName\":\"search_term_string\"}}],\"inLanguage\":\"es\"},{\"@type\":\"Organization\",\"@id\":\"https:\\\/\\\/nbcs.mx\\\/#organization\",\"name\":\"NBCS Noticias\",\"url\":\"https:\\\/\\\/nbcs.mx\\\/\",\"logo\":{\"@type\":\"ImageObject\",\"inLanguage\":\"es\",\"@id\":\"https:\\\/\\\/nbcs.mx\\\/#\\\/schema\\\/logo\\\/image\\\/\",\"url\":\"https:\\\/\\\/nbcs.mx\\\/wp-content\\\/uploads\\\/2018\\\/09\\\/057b69485e93575a5c2b1c1dde2dd297.jpeg\",\"contentUrl\":\"https:\\\/\\\/nbcs.mx\\\/wp-content\\\/uploads\\\/2018\\\/09\\\/057b69485e93575a5c2b1c1dde2dd297.jpeg\",\"width\":64,\"height\":64,\"caption\":\"NBCS Noticias\"},\"image\":{\"@id\":\"https:\\\/\\\/nbcs.mx\\\/#\\\/schema\\\/logo\\\/image\\\/\"},\"sameAs\":[\"https:\\\/\\\/www.facebook.com\\\/NBCSnoticias\",\"https:\\\/\\\/x.com\\\/NBCSnoticias\"]},{\"@type\":\"Person\",\"@id\":\"https:\\\/\\\/nbcs.mx\\\/#\\\/schema\\\/person\\\/ece58bab9a7c1e87a4d28ec9ecd79ff4\",\"name\":\"NBCS Noticias\",\"image\":{\"@type\":\"ImageObject\",\"inLanguage\":\"es\",\"@id\":\"https:\\\/\\\/secure.gravatar.com\\\/avatar\\\/4e52110cad1c4054b43271a0d14bbe9e2ea76aecd0e1097edfc670798d9ca1d4?s=96&d=blank&r=g\",\"url\":\"https:\\\/\\\/secure.gravatar.com\\\/avatar\\\/4e52110cad1c4054b43271a0d14bbe9e2ea76aecd0e1097edfc670798d9ca1d4?s=96&d=blank&r=g\",\"contentUrl\":\"https:\\\/\\\/secure.gravatar.com\\\/avatar\\\/4e52110cad1c4054b43271a0d14bbe9e2ea76aecd0e1097edfc670798d9ca1d4?s=96&d=blank&r=g\",\"caption\":\"NBCS Noticias\"},\"description\":\"\u00bfTienes fotos o video de alg\u00fan acto de posible negligencia, corrupci\u00f3n y abuso de autoridad? M\u00e1ndalo al WhatsApp de NBCS Noticias: 612 141 98 08\",\"sameAs\":[\"https:\\\/\\\/www.nbcs.mx\",\"https:\\\/\\\/www.facebook.com\\\/NBCSnoticias\",\"https:\\\/\\\/www.instagram.com\\\/nbcsnoticias\\\/\",\"https:\\\/\\\/x.com\\\/https:\\\/\\\/twitter.com\\\/NBCSnoticias\"]}]}<\/script>\n<!-- \/ Yoast SEO plugin. -->","yoast_head_json":{"title":"Inicia recepci\u00f3n de \u00e1rboles de navidad naturales en el Eco Parque - NBCS Noticias","robots":{"index":"index","follow":"follow","max-snippet":"max-snippet:-1","max-image-preview":"max-image-preview:large","max-video-preview":"max-video-preview:-1"},"canonical":"https:\/\/nbcs.mx\/?p=159785","og_locale":"es_ES","og_type":"article","og_title":"Inicia recepci\u00f3n de \u00e1rboles de navidad naturales en el Eco Parque - NBCS Noticias","og_description":"La Direcci\u00f3n General de Servicios P\u00fablicos Municipales del Ayuntamiento de La Paz inform\u00f3 que, a partir de este mi\u00e9rcoles y","og_url":"https:\/\/nbcs.mx\/?p=159785","og_site_name":"NBCS Noticias","article_publisher":"https:\/\/www.facebook.com\/NBCSnoticias","article_author":"https:\/\/www.facebook.com\/NBCSnoticias","article_published_time":"2026-01-07T21:24:25+00:00","og_image":[{"width":995,"height":656,"url":"https:\/\/nbcs.mx\/wp-content\/uploads\/2026\/01\/Foto-Boletin-014.jpeg","type":"image\/jpeg"}],"author":"NBCS Noticias","twitter_card":"summary_large_image","twitter_creator":"@https:\/\/twitter.com\/NBCSnoticias","twitter_site":"@NBCSnoticias","twitter_misc":{"Escrito por":"NBCS Noticias","Tiempo de lectura":"2 minutos"},"schema":{"@context":"https:\/\/schema.org","@graph":[{"@type":"Article","@id":"https:\/\/nbcs.mx\/?p=159785#article","isPartOf":{"@id":"https:\/\/nbcs.mx\/?p=159785"},"author":{"name":"NBCS Noticias","@id":"https:\/\/nbcs.mx\/#\/schema\/person\/ece58bab9a7c1e87a4d28ec9ecd79ff4"},"headline":"Inicia recepci\u00f3n de \u00e1rboles de navidad naturales en el Eco Parque","datePublished":"2026-01-07T21:24:25+00:00","mainEntityOfPage":{"@id":"https:\/\/nbcs.mx\/?p=159785"},"wordCount":270,"commentCount":0,"publisher":{"@id":"https:\/\/nbcs.mx\/#organization"},"image":{"@id":"https:\/\/nbcs.mx\/?p=159785#primaryimage"},"thumbnailUrl":"https:\/\/nbcs.mx\/wp-content\/uploads\/2026\/01\/Foto-Boletin-014.jpeg","articleSection":["Municipios"],"inLanguage":"es","potentialAction":[{"@type":"CommentAction","name":"Comment","target":["https:\/\/nbcs.mx\/?p=159785#respond"]}]},{"@type":"WebPage","@id":"https:\/\/nbcs.mx\/?p=159785","url":"https:\/\/nbcs.mx\/?p=159785","name":"Inicia recepci\u00f3n de \u00e1rboles de navidad naturales en el Eco Parque - NBCS Noticias","isPartOf":{"@id":"https:\/\/nbcs.mx\/#website"},"primaryImageOfPage":{"@id":"https:\/\/nbcs.mx\/?p=159785#primaryimage"},"image":{"@id":"https:\/\/nbcs.mx\/?p=159785#primaryimage"},"thumbnailUrl":"https:\/\/nbcs.mx\/wp-content\/uploads\/2026\/01\/Foto-Boletin-014.jpeg","datePublished":"2026-01-07T21:24:25+00:00","breadcrumb":{"@id":"https:\/\/nbcs.mx\/?p=159785#breadcrumb"},"inLanguage":"es","potentialAction":[{"@type":"ReadAction","target":["https:\/\/nbcs.mx\/?p=159785"]}]},{"@type":"ImageObject","inLanguage":"es","@id":"https:\/\/nbcs.mx\/?p=159785#primaryimage","url":"https:\/\/nbcs.mx\/wp-content\/uploads\/2026\/01\/Foto-Boletin-014.jpeg","contentUrl":"https:\/\/nbcs.mx\/wp-content\/uploads\/2026\/01\/Foto-Boletin-014.jpeg","width":995,"height":656},{"@type":"BreadcrumbList","@id":"https:\/\/nbcs.mx\/?p=159785#breadcrumb","itemListElement":[{"@type":"ListItem","position":1,"name":"Portada","item":"https:\/\/nbcs.mx\/"},{"@type":"ListItem","position":2,"name":"Inicia recepci\u00f3n de \u00e1rboles de navidad naturales en el Eco Parque"}]},{"@type":"WebSite","@id":"https:\/\/nbcs.mx\/#website","url":"https:\/\/nbcs.mx\/","name":"NBCS Noticias","description":"Sitio web de noticias en Baja California Sur","publisher":{"@id":"https:\/\/nbcs.mx\/#organization"},"potentialAction":[{"@type":"SearchAction","target":{"@type":"EntryPoint","urlTemplate":"https:\/\/nbcs.mx\/?s={search_term_string}"},"query-input":{"@type":"PropertyValueSpecification","valueRequired":true,"valueName":"search_term_string"}}],"inLanguage":"es"},{"@type":"Organization","@id":"https:\/\/nbcs.mx\/#organization","name":"NBCS Noticias","url":"https:\/\/nbcs.mx\/","logo":{"@type":"ImageObject","inLanguage":"es","@id":"https:\/\/nbcs.mx\/#\/schema\/logo\/image\/","url":"https:\/\/nbcs.mx\/wp-content\/uploads\/2018\/09\/057b69485e93575a5c2b1c1dde2dd297.jpeg","contentUrl":"https:\/\/nbcs.mx\/wp-content\/uploads\/2018\/09\/057b69485e93575a5c2b1c1dde2dd297.jpeg","width":64,"height":64,"caption":"NBCS Noticias"},"image":{"@id":"https:\/\/nbcs.mx\/#\/schema\/logo\/image\/"},"sameAs":["https:\/\/www.facebook.com\/NBCSnoticias","https:\/\/x.com\/NBCSnoticias"]},{"@type":"Person","@id":"https:\/\/nbcs.mx\/#\/schema\/person\/ece58bab9a7c1e87a4d28ec9ecd79ff4","name":"NBCS Noticias","image":{"@type":"ImageObject","inLanguage":"es","@id":"https:\/\/secure.gravatar.com\/avatar\/4e52110cad1c4054b43271a0d14bbe9e2ea76aecd0e1097edfc670798d9ca1d4?s=96&d=blank&r=g","url":"https:\/\/secure.gravatar.com\/avatar\/4e52110cad1c4054b43271a0d14bbe9e2ea76aecd0e1097edfc670798d9ca1d4?s=96&d=blank&r=g","contentUrl":"https:\/\/secure.gravatar.com\/avatar\/4e52110cad1c4054b43271a0d14bbe9e2ea76aecd0e1097edfc670798d9ca1d4?s=96&d=blank&r=g","caption":"NBCS Noticias"},"description":"\u00bfTienes fotos o video de alg\u00fan acto de posible negligencia, corrupci\u00f3n y abuso de autoridad? M\u00e1ndalo al WhatsApp de NBCS Noticias: 612 141 98 08","sameAs":["https:\/\/www.nbcs.mx","https:\/\/www.facebook.com\/NBCSnoticias","https:\/\/www.instagram.com\/nbcsnoticias\/","https:\/\/x.com\/https:\/\/twitter.com\/NBCSnoticias"]}]}},"jetpack_publicize_connections":[],"jetpack_featured_media_url":"https:\/\/nbcs.mx\/wp-content\/uploads\/2026\/01\/Foto-Boletin-014.jpeg","jetpack_sharing_enabled":true,"_links":{"self":[{"href":"https:\/\/nbcs.mx\/index.php?rest_route=\/wp\/v2\/posts\/159785","targetHints":{"allow":["GET"]}}],"collection":[{"href":"https:\/\/nbcs.mx\/index.php?rest_route=\/wp\/v2\/posts"}],"about":[{"href":"https:\/\/nbcs.mx\/index.php?rest_route=\/wp\/v2\/types\/post"}],"author":[{"embeddable":true,"href":"https:\/\/nbcs.mx\/index.php?rest_route=\/wp\/v2\/users\/1"}],"replies":[{"embeddable":true,"href":"https:\/\/nbcs.mx\/index.php?rest_route=%2Fwp%2Fv2%2Fcomments&post=159785"}],"version-history":[{"count":1,"href":"https:\/\/nbcs.mx\/index.php?rest_route=\/wp\/v2\/posts\/159785\/revisions"}],"predecessor-version":[{"id":159787,"href":"https:\/\/nbcs.mx\/index.php?rest_route=\/wp\/v2\/posts\/159785\/revisions\/159787"}],"wp:featuredmedia":[{"embeddable":true,"href":"https:\/\/nbcs.mx\/index.php?rest_route=\/wp\/v2\/media\/159786"}],"wp:attachment":[{"href":"https:\/\/nbcs.mx\/index.php?rest_route=%2Fwp%2Fv2%2Fmedia&parent=159785"}],"wp:term":[{"taxonomy":"category","embeddable":true,"href":"https:\/\/nbcs.mx\/index.php?rest_route=%2Fwp%2Fv2%2Fcategories&post=159785"},{"taxonomy":"post_tag","embeddable":true,"href":"https:\/\/nbcs.mx\/index.php?rest_route=%2Fwp%2Fv2%2Ftags&post=159785"}],"curies":[{"name":"wp","href":"https:\/\/api.w.org\/{rel}","templated":true}]}}