{"id":159977,"date":"2026-01-13T06:30:45","date_gmt":"2026-01-13T13:30:45","guid":{"rendered":"https:\/\/nbcs.mx\/?p=159977"},"modified":"2026-01-13T06:30:45","modified_gmt":"2026-01-13T13:30:45","slug":"loreto-celebra-la-vida-marina-con-el-festival-de-la-ballena-azul-2026","status":"publish","type":"post","link":"https:\/\/nbcs.mx\/?p=159977","title":{"rendered":"Loreto celebra la vida marina con el Festival de la Ballena Azul 2026"},"content":{"rendered":"<p style=\"font-weight: 400; text-align: justify;\"><img loading=\"lazy\" decoding=\"async\" class=\" wp-image-41901 alignleft\" src=\"https:\/\/nbcs.mx\/wp-content\/uploads\/2019\/02\/FOTO-1-PRESTADORES-DE-SERVICIOS-TUR\u00cdSTICOS-Y-GOBIERNO-MUNICIPAL-LISTOS-PARA-RECIBIR-AL-GIGANTE-DE-LOS-MARES-LA-BALLENA-AZUL.-739x492.jpg\" alt=\"\" width=\"373\" height=\"248\" srcset=\"https:\/\/nbcs.mx\/wp-content\/uploads\/2019\/02\/FOTO-1-PRESTADORES-DE-SERVICIOS-TUR\u00cdSTICOS-Y-GOBIERNO-MUNICIPAL-LISTOS-PARA-RECIBIR-AL-GIGANTE-DE-LOS-MARES-LA-BALLENA-AZUL.-739x492.jpg 739w, https:\/\/nbcs.mx\/wp-content\/uploads\/2019\/02\/FOTO-1-PRESTADORES-DE-SERVICIOS-TUR\u00cdSTICOS-Y-GOBIERNO-MUNICIPAL-LISTOS-PARA-RECIBIR-AL-GIGANTE-DE-LOS-MARES-LA-BALLENA-AZUL.-150x100.jpg 150w, https:\/\/nbcs.mx\/wp-content\/uploads\/2019\/02\/FOTO-1-PRESTADORES-DE-SERVICIOS-TUR\u00cdSTICOS-Y-GOBIERNO-MUNICIPAL-LISTOS-PARA-RECIBIR-AL-GIGANTE-DE-LOS-MARES-LA-BALLENA-AZUL.-768x511.jpg 768w, https:\/\/nbcs.mx\/wp-content\/uploads\/2019\/02\/FOTO-1-PRESTADORES-DE-SERVICIOS-TUR\u00cdSTICOS-Y-GOBIERNO-MUNICIPAL-LISTOS-PARA-RECIBIR-AL-GIGANTE-DE-LOS-MARES-LA-BALLENA-AZUL.-1024x682.jpg 1024w, https:\/\/nbcs.mx\/wp-content\/uploads\/2019\/02\/FOTO-1-PRESTADORES-DE-SERVICIOS-TUR\u00cdSTICOS-Y-GOBIERNO-MUNICIPAL-LISTOS-PARA-RECIBIR-AL-GIGANTE-DE-LOS-MARES-LA-BALLENA-AZUL.-600x400.jpg 600w, https:\/\/nbcs.mx\/wp-content\/uploads\/2019\/02\/FOTO-1-PRESTADORES-DE-SERVICIOS-TUR\u00cdSTICOS-Y-GOBIERNO-MUNICIPAL-LISTOS-PARA-RECIBIR-AL-GIGANTE-DE-LOS-MARES-LA-BALLENA-AZUL..jpg 1200w\" sizes=\"auto, (max-width: 373px) 100vw, 373px\" \/>En el marco de las pol\u00edticas impulsadas por la alcaldesa Paz Ochoa Amador para fortalecer el turismo ecol\u00f3gico y la conservaci\u00f3n del patrimonio natural, el Pueblo M\u00e1gico de Loreto ser\u00e1 sede del Festival de la Ballena Azul 2026, a realizarse el viernes 30 de enero con una verbena popular a partir de las 6:00 de la tarde en la Plaza Salvatierra.<\/p>\n<p style=\"font-weight: 400; text-align: justify;\">\n<p style=\"font-weight: 400; text-align: justify;\">As\u00ed lo inform\u00f3 la directora de Econom\u00eda y Turismo Municipal, Badrolilia Lucero Orozco, quien destac\u00f3 que este festival tiene como prop\u00f3sito celebrar la llegada de la ballena azul, el gigante marino m\u00e1s grande del planeta, al tiempo que impulsa el turismo sostenible, la econom\u00eda local y la concientizaci\u00f3n ambiental sobre la importancia de proteger a esta especie y su h\u00e1bitat dentro del Parque Nacional Bah\u00eda de Loreto.<\/p>\n<p style=\"font-weight: 400; text-align: justify;\">\n<p style=\"font-weight: 400; text-align: justify;\">La funcionaria subray\u00f3 que el evento se alinea con la visi\u00f3n de la presidenta municipal Paz Ochoa Amador, orientada a promover experiencias tur\u00edsticas responsables que pongan en valor la biodiversidad marina y fortalezcan la identidad de Loreto como destino de naturaleza y conservaci\u00f3n.<\/p>\n<p style=\"font-weight: 400; text-align: justify;\">\n<p style=\"font-weight: 400; text-align: justify;\">El programa contempla la coronaci\u00f3n de Camila I, reina del Festival de la Ballena Azul; posteriormente, se ofrecer\u00e1 un programa art\u00edstico con la presentaci\u00f3n de \u201cLos Huizapoles\u201d a las 9:15 p.m., para cerrar con un baile popular a cargo de \u201cLa Esencia Norte\u00f1a\u201d a partir de las 10:30 p.m.<\/p>\n<p style=\"font-weight: 400; text-align: justify;\">\n<p style=\"font-weight: 400; text-align: justify;\">Badrolilia Lucero Orozco record\u00f3 que la temporada de avistamiento de la ballena azul se extiende de diciembre a abril, periodo en el que Loreto recibe a visitantes nacionales e internacionales interesados en el turismo de naturaleza.<\/p>\n<p style=\"font-weight: 400; text-align: justify;\">\n<p style=\"font-weight: 400; text-align: justify;\">Finalmente, la funcionaria convoc\u00f3 a las familias loretanas y a quienes visitan el municipio a sumarse a esta celebraci\u00f3n que honra la vida marina, fortalece la convivencia comunitaria y refrenda el compromiso de Loreto con un desarrollo tur\u00edstico sustentable.<\/p>\n","protected":false},"excerpt":{"rendered":"<p>En el marco de las pol\u00edticas impulsadas por la alcaldesa Paz Ochoa Amador para fortalecer el turismo ecol\u00f3gico y la<\/p>\n","protected":false},"author":1,"featured_media":41901,"comment_status":"open","ping_status":"closed","sticky":false,"template":"","format":"standard","meta":{"colormag_page_container_layout":"default_layout","colormag_page_sidebar_layout":"default_layout","_jetpack_memberships_contains_paid_content":false,"footnotes":"","jetpack_publicize_message":"","jetpack_publicize_feature_enabled":true,"jetpack_social_post_already_shared":true,"jetpack_social_options":{"image_generator_settings":{"template":"highway","default_image_id":0,"font":"","enabled":false},"version":2}},"categories":[40],"tags":[],"class_list":["post-159977","post","type-post","status-publish","format-standard","has-post-thumbnail","hentry","category-municipios"],"yoast_head":"<!-- This site is optimized with the Yoast SEO plugin v27.4 - https:\/\/yoast.com\/product\/yoast-seo-wordpress\/ -->\n<title>Loreto celebra la vida marina con el Festival de la Ballena Azul 2026 - NBCS Noticias<\/title>\n<meta name=\"robots\" content=\"index, follow, max-snippet:-1, max-image-preview:large, max-video-preview:-1\" \/>\n<link rel=\"canonical\" href=\"https:\/\/nbcs.mx\/?p=159977\" \/>\n<meta property=\"og:locale\" content=\"es_ES\" \/>\n<meta property=\"og:type\" content=\"article\" \/>\n<meta property=\"og:title\" content=\"Loreto celebra la vida marina con el Festival de la Ballena Azul 2026 - NBCS Noticias\" \/>\n<meta property=\"og:description\" content=\"En el marco de las pol\u00edticas impulsadas por la alcaldesa Paz Ochoa Amador para fortalecer el turismo ecol\u00f3gico y la\" \/>\n<meta property=\"og:url\" content=\"https:\/\/nbcs.mx\/?p=159977\" \/>\n<meta property=\"og:site_name\" content=\"NBCS Noticias\" \/>\n<meta property=\"article:publisher\" content=\"https:\/\/www.facebook.com\/NBCSnoticias\" \/>\n<meta property=\"article:author\" content=\"https:\/\/www.facebook.com\/NBCSnoticias\" \/>\n<meta property=\"article:published_time\" content=\"2026-01-13T13:30:45+00:00\" \/>\n<meta property=\"og:image\" content=\"https:\/\/nbcs.mx\/wp-content\/uploads\/2019\/02\/FOTO-1-PRESTADORES-DE-SERVICIOS-TUR\u00cdSTICOS-Y-GOBIERNO-MUNICIPAL-LISTOS-PARA-RECIBIR-AL-GIGANTE-DE-LOS-MARES-LA-BALLENA-AZUL..jpg\" \/>\n\t<meta property=\"og:image:width\" content=\"1200\" \/>\n\t<meta property=\"og:image:height\" content=\"799\" \/>\n\t<meta property=\"og:image:type\" content=\"image\/jpeg\" \/>\n<meta name=\"author\" content=\"NBCS Noticias\" \/>\n<meta name=\"twitter:card\" content=\"summary_large_image\" \/>\n<meta name=\"twitter:creator\" content=\"@https:\/\/twitter.com\/NBCSnoticias\" \/>\n<meta name=\"twitter:site\" content=\"@NBCSnoticias\" \/>\n<meta name=\"twitter:label1\" content=\"Escrito por\" \/>\n\t<meta name=\"twitter:data1\" content=\"NBCS Noticias\" \/>\n\t<meta name=\"twitter:label2\" content=\"Tiempo de lectura\" \/>\n\t<meta name=\"twitter:data2\" content=\"2 minutos\" \/>\n<script type=\"application\/ld+json\" class=\"yoast-schema-graph\">{\"@context\":\"https:\\\/\\\/schema.org\",\"@graph\":[{\"@type\":\"Article\",\"@id\":\"https:\\\/\\\/nbcs.mx\\\/?p=159977#article\",\"isPartOf\":{\"@id\":\"https:\\\/\\\/nbcs.mx\\\/?p=159977\"},\"author\":{\"name\":\"NBCS Noticias\",\"@id\":\"https:\\\/\\\/nbcs.mx\\\/#\\\/schema\\\/person\\\/ece58bab9a7c1e87a4d28ec9ecd79ff4\"},\"headline\":\"Loreto celebra la vida marina con el Festival de la Ballena Azul 2026\",\"datePublished\":\"2026-01-13T13:30:45+00:00\",\"mainEntityOfPage\":{\"@id\":\"https:\\\/\\\/nbcs.mx\\\/?p=159977\"},\"wordCount\":324,\"commentCount\":0,\"publisher\":{\"@id\":\"https:\\\/\\\/nbcs.mx\\\/#organization\"},\"image\":{\"@id\":\"https:\\\/\\\/nbcs.mx\\\/?p=159977#primaryimage\"},\"thumbnailUrl\":\"https:\\\/\\\/nbcs.mx\\\/wp-content\\\/uploads\\\/2019\\\/02\\\/FOTO-1-PRESTADORES-DE-SERVICIOS-TUR\u00cdSTICOS-Y-GOBIERNO-MUNICIPAL-LISTOS-PARA-RECIBIR-AL-GIGANTE-DE-LOS-MARES-LA-BALLENA-AZUL..jpg\",\"articleSection\":[\"Municipios\"],\"inLanguage\":\"es\",\"potentialAction\":[{\"@type\":\"CommentAction\",\"name\":\"Comment\",\"target\":[\"https:\\\/\\\/nbcs.mx\\\/?p=159977#respond\"]}]},{\"@type\":\"WebPage\",\"@id\":\"https:\\\/\\\/nbcs.mx\\\/?p=159977\",\"url\":\"https:\\\/\\\/nbcs.mx\\\/?p=159977\",\"name\":\"Loreto celebra la vida marina con el Festival de la Ballena Azul 2026 - NBCS Noticias\",\"isPartOf\":{\"@id\":\"https:\\\/\\\/nbcs.mx\\\/#website\"},\"primaryImageOfPage\":{\"@id\":\"https:\\\/\\\/nbcs.mx\\\/?p=159977#primaryimage\"},\"image\":{\"@id\":\"https:\\\/\\\/nbcs.mx\\\/?p=159977#primaryimage\"},\"thumbnailUrl\":\"https:\\\/\\\/nbcs.mx\\\/wp-content\\\/uploads\\\/2019\\\/02\\\/FOTO-1-PRESTADORES-DE-SERVICIOS-TUR\u00cdSTICOS-Y-GOBIERNO-MUNICIPAL-LISTOS-PARA-RECIBIR-AL-GIGANTE-DE-LOS-MARES-LA-BALLENA-AZUL..jpg\",\"datePublished\":\"2026-01-13T13:30:45+00:00\",\"breadcrumb\":{\"@id\":\"https:\\\/\\\/nbcs.mx\\\/?p=159977#breadcrumb\"},\"inLanguage\":\"es\",\"potentialAction\":[{\"@type\":\"ReadAction\",\"target\":[\"https:\\\/\\\/nbcs.mx\\\/?p=159977\"]}]},{\"@type\":\"ImageObject\",\"inLanguage\":\"es\",\"@id\":\"https:\\\/\\\/nbcs.mx\\\/?p=159977#primaryimage\",\"url\":\"https:\\\/\\\/nbcs.mx\\\/wp-content\\\/uploads\\\/2019\\\/02\\\/FOTO-1-PRESTADORES-DE-SERVICIOS-TUR\u00cdSTICOS-Y-GOBIERNO-MUNICIPAL-LISTOS-PARA-RECIBIR-AL-GIGANTE-DE-LOS-MARES-LA-BALLENA-AZUL..jpg\",\"contentUrl\":\"https:\\\/\\\/nbcs.mx\\\/wp-content\\\/uploads\\\/2019\\\/02\\\/FOTO-1-PRESTADORES-DE-SERVICIOS-TUR\u00cdSTICOS-Y-GOBIERNO-MUNICIPAL-LISTOS-PARA-RECIBIR-AL-GIGANTE-DE-LOS-MARES-LA-BALLENA-AZUL..jpg\",\"width\":1200,\"height\":799},{\"@type\":\"BreadcrumbList\",\"@id\":\"https:\\\/\\\/nbcs.mx\\\/?p=159977#breadcrumb\",\"itemListElement\":[{\"@type\":\"ListItem\",\"position\":1,\"name\":\"Portada\",\"item\":\"https:\\\/\\\/nbcs.mx\\\/\"},{\"@type\":\"ListItem\",\"position\":2,\"name\":\"Loreto celebra la vida marina con el Festival de la Ballena Azul 2026\"}]},{\"@type\":\"WebSite\",\"@id\":\"https:\\\/\\\/nbcs.mx\\\/#website\",\"url\":\"https:\\\/\\\/nbcs.mx\\\/\",\"name\":\"NBCS Noticias\",\"description\":\"Sitio web de noticias en Baja California Sur\",\"publisher\":{\"@id\":\"https:\\\/\\\/nbcs.mx\\\/#organization\"},\"potentialAction\":[{\"@type\":\"SearchAction\",\"target\":{\"@type\":\"EntryPoint\",\"urlTemplate\":\"https:\\\/\\\/nbcs.mx\\\/?s={search_term_string}\"},\"query-input\":{\"@type\":\"PropertyValueSpecification\",\"valueRequired\":true,\"valueName\":\"search_term_string\"}}],\"inLanguage\":\"es\"},{\"@type\":\"Organization\",\"@id\":\"https:\\\/\\\/nbcs.mx\\\/#organization\",\"name\":\"NBCS Noticias\",\"url\":\"https:\\\/\\\/nbcs.mx\\\/\",\"logo\":{\"@type\":\"ImageObject\",\"inLanguage\":\"es\",\"@id\":\"https:\\\/\\\/nbcs.mx\\\/#\\\/schema\\\/logo\\\/image\\\/\",\"url\":\"https:\\\/\\\/nbcs.mx\\\/wp-content\\\/uploads\\\/2018\\\/09\\\/057b69485e93575a5c2b1c1dde2dd297.jpeg\",\"contentUrl\":\"https:\\\/\\\/nbcs.mx\\\/wp-content\\\/uploads\\\/2018\\\/09\\\/057b69485e93575a5c2b1c1dde2dd297.jpeg\",\"width\":64,\"height\":64,\"caption\":\"NBCS Noticias\"},\"image\":{\"@id\":\"https:\\\/\\\/nbcs.mx\\\/#\\\/schema\\\/logo\\\/image\\\/\"},\"sameAs\":[\"https:\\\/\\\/www.facebook.com\\\/NBCSnoticias\",\"https:\\\/\\\/x.com\\\/NBCSnoticias\"]},{\"@type\":\"Person\",\"@id\":\"https:\\\/\\\/nbcs.mx\\\/#\\\/schema\\\/person\\\/ece58bab9a7c1e87a4d28ec9ecd79ff4\",\"name\":\"NBCS Noticias\",\"image\":{\"@type\":\"ImageObject\",\"inLanguage\":\"es\",\"@id\":\"https:\\\/\\\/secure.gravatar.com\\\/avatar\\\/4e52110cad1c4054b43271a0d14bbe9e2ea76aecd0e1097edfc670798d9ca1d4?s=96&d=blank&r=g\",\"url\":\"https:\\\/\\\/secure.gravatar.com\\\/avatar\\\/4e52110cad1c4054b43271a0d14bbe9e2ea76aecd0e1097edfc670798d9ca1d4?s=96&d=blank&r=g\",\"contentUrl\":\"https:\\\/\\\/secure.gravatar.com\\\/avatar\\\/4e52110cad1c4054b43271a0d14bbe9e2ea76aecd0e1097edfc670798d9ca1d4?s=96&d=blank&r=g\",\"caption\":\"NBCS Noticias\"},\"description\":\"\u00bfTienes fotos o video de alg\u00fan acto de posible negligencia, corrupci\u00f3n y abuso de autoridad? M\u00e1ndalo al WhatsApp de NBCS Noticias: 612 141 98 08\",\"sameAs\":[\"https:\\\/\\\/www.nbcs.mx\",\"https:\\\/\\\/www.facebook.com\\\/NBCSnoticias\",\"https:\\\/\\\/www.instagram.com\\\/nbcsnoticias\\\/\",\"https:\\\/\\\/x.com\\\/https:\\\/\\\/twitter.com\\\/NBCSnoticias\"]}]}<\/script>\n<!-- \/ Yoast SEO plugin. -->","yoast_head_json":{"title":"Loreto celebra la vida marina con el Festival de la Ballena Azul 2026 - NBCS Noticias","robots":{"index":"index","follow":"follow","max-snippet":"max-snippet:-1","max-image-preview":"max-image-preview:large","max-video-preview":"max-video-preview:-1"},"canonical":"https:\/\/nbcs.mx\/?p=159977","og_locale":"es_ES","og_type":"article","og_title":"Loreto celebra la vida marina con el Festival de la Ballena Azul 2026 - NBCS Noticias","og_description":"En el marco de las pol\u00edticas impulsadas por la alcaldesa Paz Ochoa Amador para fortalecer el turismo ecol\u00f3gico y la","og_url":"https:\/\/nbcs.mx\/?p=159977","og_site_name":"NBCS Noticias","article_publisher":"https:\/\/www.facebook.com\/NBCSnoticias","article_author":"https:\/\/www.facebook.com\/NBCSnoticias","article_published_time":"2026-01-13T13:30:45+00:00","og_image":[{"width":1200,"height":799,"url":"https:\/\/nbcs.mx\/wp-content\/uploads\/2019\/02\/FOTO-1-PRESTADORES-DE-SERVICIOS-TUR\u00cdSTICOS-Y-GOBIERNO-MUNICIPAL-LISTOS-PARA-RECIBIR-AL-GIGANTE-DE-LOS-MARES-LA-BALLENA-AZUL..jpg","type":"image\/jpeg"}],"author":"NBCS Noticias","twitter_card":"summary_large_image","twitter_creator":"@https:\/\/twitter.com\/NBCSnoticias","twitter_site":"@NBCSnoticias","twitter_misc":{"Escrito por":"NBCS Noticias","Tiempo de lectura":"2 minutos"},"schema":{"@context":"https:\/\/schema.org","@graph":[{"@type":"Article","@id":"https:\/\/nbcs.mx\/?p=159977#article","isPartOf":{"@id":"https:\/\/nbcs.mx\/?p=159977"},"author":{"name":"NBCS Noticias","@id":"https:\/\/nbcs.mx\/#\/schema\/person\/ece58bab9a7c1e87a4d28ec9ecd79ff4"},"headline":"Loreto celebra la vida marina con el Festival de la Ballena Azul 2026","datePublished":"2026-01-13T13:30:45+00:00","mainEntityOfPage":{"@id":"https:\/\/nbcs.mx\/?p=159977"},"wordCount":324,"commentCount":0,"publisher":{"@id":"https:\/\/nbcs.mx\/#organization"},"image":{"@id":"https:\/\/nbcs.mx\/?p=159977#primaryimage"},"thumbnailUrl":"https:\/\/nbcs.mx\/wp-content\/uploads\/2019\/02\/FOTO-1-PRESTADORES-DE-SERVICIOS-TUR\u00cdSTICOS-Y-GOBIERNO-MUNICIPAL-LISTOS-PARA-RECIBIR-AL-GIGANTE-DE-LOS-MARES-LA-BALLENA-AZUL..jpg","articleSection":["Municipios"],"inLanguage":"es","potentialAction":[{"@type":"CommentAction","name":"Comment","target":["https:\/\/nbcs.mx\/?p=159977#respond"]}]},{"@type":"WebPage","@id":"https:\/\/nbcs.mx\/?p=159977","url":"https:\/\/nbcs.mx\/?p=159977","name":"Loreto celebra la vida marina con el Festival de la Ballena Azul 2026 - NBCS Noticias","isPartOf":{"@id":"https:\/\/nbcs.mx\/#website"},"primaryImageOfPage":{"@id":"https:\/\/nbcs.mx\/?p=159977#primaryimage"},"image":{"@id":"https:\/\/nbcs.mx\/?p=159977#primaryimage"},"thumbnailUrl":"https:\/\/nbcs.mx\/wp-content\/uploads\/2019\/02\/FOTO-1-PRESTADORES-DE-SERVICIOS-TUR\u00cdSTICOS-Y-GOBIERNO-MUNICIPAL-LISTOS-PARA-RECIBIR-AL-GIGANTE-DE-LOS-MARES-LA-BALLENA-AZUL..jpg","datePublished":"2026-01-13T13:30:45+00:00","breadcrumb":{"@id":"https:\/\/nbcs.mx\/?p=159977#breadcrumb"},"inLanguage":"es","potentialAction":[{"@type":"ReadAction","target":["https:\/\/nbcs.mx\/?p=159977"]}]},{"@type":"ImageObject","inLanguage":"es","@id":"https:\/\/nbcs.mx\/?p=159977#primaryimage","url":"https:\/\/nbcs.mx\/wp-content\/uploads\/2019\/02\/FOTO-1-PRESTADORES-DE-SERVICIOS-TUR\u00cdSTICOS-Y-GOBIERNO-MUNICIPAL-LISTOS-PARA-RECIBIR-AL-GIGANTE-DE-LOS-MARES-LA-BALLENA-AZUL..jpg","contentUrl":"https:\/\/nbcs.mx\/wp-content\/uploads\/2019\/02\/FOTO-1-PRESTADORES-DE-SERVICIOS-TUR\u00cdSTICOS-Y-GOBIERNO-MUNICIPAL-LISTOS-PARA-RECIBIR-AL-GIGANTE-DE-LOS-MARES-LA-BALLENA-AZUL..jpg","width":1200,"height":799},{"@type":"BreadcrumbList","@id":"https:\/\/nbcs.mx\/?p=159977#breadcrumb","itemListElement":[{"@type":"ListItem","position":1,"name":"Portada","item":"https:\/\/nbcs.mx\/"},{"@type":"ListItem","position":2,"name":"Loreto celebra la vida marina con el Festival de la Ballena Azul 2026"}]},{"@type":"WebSite","@id":"https:\/\/nbcs.mx\/#website","url":"https:\/\/nbcs.mx\/","name":"NBCS Noticias","description":"Sitio web de noticias en Baja California Sur","publisher":{"@id":"https:\/\/nbcs.mx\/#organization"},"potentialAction":[{"@type":"SearchAction","target":{"@type":"EntryPoint","urlTemplate":"https:\/\/nbcs.mx\/?s={search_term_string}"},"query-input":{"@type":"PropertyValueSpecification","valueRequired":true,"valueName":"search_term_string"}}],"inLanguage":"es"},{"@type":"Organization","@id":"https:\/\/nbcs.mx\/#organization","name":"NBCS Noticias","url":"https:\/\/nbcs.mx\/","logo":{"@type":"ImageObject","inLanguage":"es","@id":"https:\/\/nbcs.mx\/#\/schema\/logo\/image\/","url":"https:\/\/nbcs.mx\/wp-content\/uploads\/2018\/09\/057b69485e93575a5c2b1c1dde2dd297.jpeg","contentUrl":"https:\/\/nbcs.mx\/wp-content\/uploads\/2018\/09\/057b69485e93575a5c2b1c1dde2dd297.jpeg","width":64,"height":64,"caption":"NBCS Noticias"},"image":{"@id":"https:\/\/nbcs.mx\/#\/schema\/logo\/image\/"},"sameAs":["https:\/\/www.facebook.com\/NBCSnoticias","https:\/\/x.com\/NBCSnoticias"]},{"@type":"Person","@id":"https:\/\/nbcs.mx\/#\/schema\/person\/ece58bab9a7c1e87a4d28ec9ecd79ff4","name":"NBCS Noticias","image":{"@type":"ImageObject","inLanguage":"es","@id":"https:\/\/secure.gravatar.com\/avatar\/4e52110cad1c4054b43271a0d14bbe9e2ea76aecd0e1097edfc670798d9ca1d4?s=96&d=blank&r=g","url":"https:\/\/secure.gravatar.com\/avatar\/4e52110cad1c4054b43271a0d14bbe9e2ea76aecd0e1097edfc670798d9ca1d4?s=96&d=blank&r=g","contentUrl":"https:\/\/secure.gravatar.com\/avatar\/4e52110cad1c4054b43271a0d14bbe9e2ea76aecd0e1097edfc670798d9ca1d4?s=96&d=blank&r=g","caption":"NBCS Noticias"},"description":"\u00bfTienes fotos o video de alg\u00fan acto de posible negligencia, corrupci\u00f3n y abuso de autoridad? M\u00e1ndalo al WhatsApp de NBCS Noticias: 612 141 98 08","sameAs":["https:\/\/www.nbcs.mx","https:\/\/www.facebook.com\/NBCSnoticias","https:\/\/www.instagram.com\/nbcsnoticias\/","https:\/\/x.com\/https:\/\/twitter.com\/NBCSnoticias"]}]}},"jetpack_publicize_connections":[],"jetpack_featured_media_url":"https:\/\/nbcs.mx\/wp-content\/uploads\/2019\/02\/FOTO-1-PRESTADORES-DE-SERVICIOS-TUR\u00cdSTICOS-Y-GOBIERNO-MUNICIPAL-LISTOS-PARA-RECIBIR-AL-GIGANTE-DE-LOS-MARES-LA-BALLENA-AZUL..jpg","jetpack_sharing_enabled":true,"_links":{"self":[{"href":"https:\/\/nbcs.mx\/index.php?rest_route=\/wp\/v2\/posts\/159977","targetHints":{"allow":["GET"]}}],"collection":[{"href":"https:\/\/nbcs.mx\/index.php?rest_route=\/wp\/v2\/posts"}],"about":[{"href":"https:\/\/nbcs.mx\/index.php?rest_route=\/wp\/v2\/types\/post"}],"author":[{"embeddable":true,"href":"https:\/\/nbcs.mx\/index.php?rest_route=\/wp\/v2\/users\/1"}],"replies":[{"embeddable":true,"href":"https:\/\/nbcs.mx\/index.php?rest_route=%2Fwp%2Fv2%2Fcomments&post=159977"}],"version-history":[{"count":1,"href":"https:\/\/nbcs.mx\/index.php?rest_route=\/wp\/v2\/posts\/159977\/revisions"}],"predecessor-version":[{"id":159978,"href":"https:\/\/nbcs.mx\/index.php?rest_route=\/wp\/v2\/posts\/159977\/revisions\/159978"}],"wp:featuredmedia":[{"embeddable":true,"href":"https:\/\/nbcs.mx\/index.php?rest_route=\/wp\/v2\/media\/41901"}],"wp:attachment":[{"href":"https:\/\/nbcs.mx\/index.php?rest_route=%2Fwp%2Fv2%2Fmedia&parent=159977"}],"wp:term":[{"taxonomy":"category","embeddable":true,"href":"https:\/\/nbcs.mx\/index.php?rest_route=%2Fwp%2Fv2%2Fcategories&post=159977"},{"taxonomy":"post_tag","embeddable":true,"href":"https:\/\/nbcs.mx\/index.php?rest_route=%2Fwp%2Fv2%2Ftags&post=159977"}],"curies":[{"name":"wp","href":"https:\/\/api.w.org\/{rel}","templated":true}]}}