{"id":160239,"date":"2026-01-19T20:55:48","date_gmt":"2026-01-20T03:55:48","guid":{"rendered":"https:\/\/nbcs.mx\/?p=160239"},"modified":"2026-01-20T06:25:17","modified_gmt":"2026-01-20T13:25:17","slug":"quien-quiera-vender-en-el-carnaval-de-la-paz-debera-pagar-de-2814-a-5277-pesos-por-metro-lineal","status":"publish","type":"post","link":"https:\/\/nbcs.mx\/?p=160239","title":{"rendered":"Quien quiera vender en el Carnaval de La Paz deber\u00e1 pagar de 2,814 a 5,277 pesos por metro lineal"},"content":{"rendered":"<p style=\"text-align: justify;\"><img loading=\"lazy\" decoding=\"async\" class=\" wp-image-160240 alignleft\" src=\"https:\/\/nbcs.mx\/wp-content\/uploads\/2026\/01\/Carnaval.jpg\" alt=\"\" width=\"379\" height=\"209\" srcset=\"https:\/\/nbcs.mx\/wp-content\/uploads\/2026\/01\/Carnaval.jpg 725w, https:\/\/nbcs.mx\/wp-content\/uploads\/2026\/01\/Carnaval-150x83.jpg 150w\" sizes=\"auto, (max-width: 379px) 100vw, 379px\" \/>El Ayuntamiento de La Paz abri\u00f3 la venta de espacios para vender en el malec\u00f3n durante el Carnaval 2026, donde el precio por metro lineal ir\u00e1 de los dos mil 814 a los cinco mil 277 pesos por metro lineal durante los seis d\u00edas que dure la festividad.<\/p>\n<p style=\"text-align: justify;\">En conferencia de prensa realizada este lunes 19 de enero, el tesorero municipal, Jassiel Enr\u00edquez Varela, inform\u00f3 que el malec\u00f3n de La Paz fue dividido en zonas, siendo la principal la A, que ir\u00e1 de la calle 16 de Septiembre a Agust\u00edn Arreola y de Independencia a 5 de Mayo.<\/p>\n<p style=\"text-align: justify;\">Agreg\u00f3 que el costo del permiso ah\u00ed ser\u00e1 de cinco mil 277 por metro lineal, recordando que en todos los casos ser\u00e1 posible adquirir hasta tres espacios, siempre y cuando estos sean consecutivos.<\/p>\n<p style=\"text-align: justify;\">La zona B, que va de la calle Agust\u00edn Arreola a Lerdo de Tejada, y de 5 de Mayo a Hidalgo, se deber\u00e1 pagar a cuatro mil 925 pesos el metro, en tanto que la zona C, de Hidalgo a Victoria, costar\u00e1 dos mil 814 pesos, al igual que la zona D o zona infantil, de Lerdo a Bravo, con la salvedad de que ah\u00ed no se permitir\u00e1 la venta de bebidas alcoh\u00f3licas.<\/p>\n<p style=\"text-align: justify;\">El permiso para la venta de alcohol depender\u00e1 de la zona, pero el funcionario municipal aclar\u00f3 que el m\u00e1s caro ser\u00e1 de 120 UMA\u2019s; es decir, alrededor de 12 mil 500 pesos al valor actual, ya que a partir del primero de febrero la cotizaci\u00f3n cambiar\u00e1.<\/p>\n<p style=\"text-align: justify;\">Con el pago que los comerciantes realicen, tendr\u00e1 derecho a un gafete de identificaci\u00f3n, as\u00ed como los servicios de energ\u00eda el\u00e9ctrica, ocupaci\u00f3n de la v\u00eda p\u00fablica, certificaci\u00f3n de medidas de seguridad y recolecci\u00f3n de basura.<\/p>\n<p style=\"text-align: justify;\">En total se dispondr\u00e1 de 300 espacios a la venta, y de ocuparse todos, el ingreso ser\u00eda de alrededor de 3.5 millones de pesos, y se aclar\u00f3 que los ambulantes tambi\u00e9n ser\u00e1n regulados con una tarifa \u00fanica de mil 713 pesos, con la indicaci\u00f3n de que no podr\u00e1n ingresar a la zona A; es decir, la parte central donde se ubicar\u00e1 el escenario principal. (Por: Arturo Nieves).<\/p>\n","protected":false},"excerpt":{"rendered":"<p>El Ayuntamiento de La Paz abri\u00f3 la venta de espacios para vender en el malec\u00f3n durante el Carnaval 2026, donde<\/p>\n","protected":false},"author":1,"featured_media":160240,"comment_status":"open","ping_status":"closed","sticky":false,"template":"","format":"standard","meta":{"colormag_page_container_layout":"default_layout","colormag_page_sidebar_layout":"default_layout","_jetpack_memberships_contains_paid_content":false,"footnotes":"","jetpack_publicize_message":"","jetpack_publicize_feature_enabled":true,"jetpack_social_post_already_shared":true,"jetpack_social_options":{"image_generator_settings":{"template":"highway","default_image_id":0,"font":"","enabled":false},"version":2}},"categories":[40],"tags":[],"class_list":["post-160239","post","type-post","status-publish","format-standard","has-post-thumbnail","hentry","category-municipios"],"yoast_head":"<!-- This site is optimized with the Yoast SEO plugin v27.5 - https:\/\/yoast.com\/product\/yoast-seo-wordpress\/ -->\n<title>Quien quiera vender en el Carnaval de La Paz deber\u00e1 pagar de 2,814 a 5,277 pesos por metro lineal - NBCS Noticias<\/title>\n<meta name=\"robots\" content=\"index, follow, max-snippet:-1, max-image-preview:large, max-video-preview:-1\" \/>\n<link rel=\"canonical\" href=\"https:\/\/nbcs.mx\/?p=160239\" \/>\n<meta property=\"og:locale\" content=\"es_ES\" \/>\n<meta property=\"og:type\" content=\"article\" \/>\n<meta property=\"og:title\" content=\"Quien quiera vender en el Carnaval de La Paz deber\u00e1 pagar de 2,814 a 5,277 pesos por metro lineal - NBCS Noticias\" \/>\n<meta property=\"og:description\" content=\"El Ayuntamiento de La Paz abri\u00f3 la venta de espacios para vender en el malec\u00f3n durante el Carnaval 2026, donde\" \/>\n<meta property=\"og:url\" content=\"https:\/\/nbcs.mx\/?p=160239\" \/>\n<meta property=\"og:site_name\" content=\"NBCS Noticias\" \/>\n<meta property=\"article:publisher\" content=\"https:\/\/www.facebook.com\/NBCSnoticias\" \/>\n<meta property=\"article:author\" content=\"https:\/\/www.facebook.com\/NBCSnoticias\" \/>\n<meta property=\"article:published_time\" content=\"2026-01-20T03:55:48+00:00\" \/>\n<meta property=\"article:modified_time\" content=\"2026-01-20T13:25:17+00:00\" \/>\n<meta property=\"og:image\" content=\"https:\/\/nbcs.mx\/wp-content\/uploads\/2026\/01\/Carnaval.jpg\" \/>\n\t<meta property=\"og:image:width\" content=\"725\" \/>\n\t<meta property=\"og:image:height\" content=\"400\" \/>\n\t<meta property=\"og:image:type\" content=\"image\/jpeg\" \/>\n<meta name=\"author\" content=\"NBCS Noticias\" \/>\n<meta name=\"twitter:card\" content=\"summary_large_image\" \/>\n<meta name=\"twitter:creator\" content=\"@https:\/\/twitter.com\/NBCSnoticias\" \/>\n<meta name=\"twitter:site\" content=\"@NBCSnoticias\" \/>\n<meta name=\"twitter:label1\" content=\"Escrito por\" \/>\n\t<meta name=\"twitter:data1\" content=\"NBCS Noticias\" \/>\n\t<meta name=\"twitter:label2\" content=\"Tiempo de lectura\" \/>\n\t<meta name=\"twitter:data2\" content=\"3 minutos\" \/>\n<script type=\"application\/ld+json\" class=\"yoast-schema-graph\">{\"@context\":\"https:\\\/\\\/schema.org\",\"@graph\":[{\"@type\":\"Article\",\"@id\":\"https:\\\/\\\/nbcs.mx\\\/?p=160239#article\",\"isPartOf\":{\"@id\":\"https:\\\/\\\/nbcs.mx\\\/?p=160239\"},\"author\":{\"name\":\"NBCS Noticias\",\"@id\":\"https:\\\/\\\/nbcs.mx\\\/#\\\/schema\\\/person\\\/ece58bab9a7c1e87a4d28ec9ecd79ff4\"},\"headline\":\"Quien quiera vender en el Carnaval de La Paz deber\u00e1 pagar de 2,814 a 5,277 pesos por metro lineal\",\"datePublished\":\"2026-01-20T03:55:48+00:00\",\"dateModified\":\"2026-01-20T13:25:17+00:00\",\"mainEntityOfPage\":{\"@id\":\"https:\\\/\\\/nbcs.mx\\\/?p=160239\"},\"wordCount\":376,\"commentCount\":0,\"publisher\":{\"@id\":\"https:\\\/\\\/nbcs.mx\\\/#organization\"},\"image\":{\"@id\":\"https:\\\/\\\/nbcs.mx\\\/?p=160239#primaryimage\"},\"thumbnailUrl\":\"https:\\\/\\\/nbcs.mx\\\/wp-content\\\/uploads\\\/2026\\\/01\\\/Carnaval.jpg\",\"articleSection\":[\"Municipios\"],\"inLanguage\":\"es\",\"potentialAction\":[{\"@type\":\"CommentAction\",\"name\":\"Comment\",\"target\":[\"https:\\\/\\\/nbcs.mx\\\/?p=160239#respond\"]}]},{\"@type\":\"WebPage\",\"@id\":\"https:\\\/\\\/nbcs.mx\\\/?p=160239\",\"url\":\"https:\\\/\\\/nbcs.mx\\\/?p=160239\",\"name\":\"Quien quiera vender en el Carnaval de La Paz deber\u00e1 pagar de 2,814 a 5,277 pesos por metro lineal - NBCS Noticias\",\"isPartOf\":{\"@id\":\"https:\\\/\\\/nbcs.mx\\\/#website\"},\"primaryImageOfPage\":{\"@id\":\"https:\\\/\\\/nbcs.mx\\\/?p=160239#primaryimage\"},\"image\":{\"@id\":\"https:\\\/\\\/nbcs.mx\\\/?p=160239#primaryimage\"},\"thumbnailUrl\":\"https:\\\/\\\/nbcs.mx\\\/wp-content\\\/uploads\\\/2026\\\/01\\\/Carnaval.jpg\",\"datePublished\":\"2026-01-20T03:55:48+00:00\",\"dateModified\":\"2026-01-20T13:25:17+00:00\",\"breadcrumb\":{\"@id\":\"https:\\\/\\\/nbcs.mx\\\/?p=160239#breadcrumb\"},\"inLanguage\":\"es\",\"potentialAction\":[{\"@type\":\"ReadAction\",\"target\":[\"https:\\\/\\\/nbcs.mx\\\/?p=160239\"]}]},{\"@type\":\"ImageObject\",\"inLanguage\":\"es\",\"@id\":\"https:\\\/\\\/nbcs.mx\\\/?p=160239#primaryimage\",\"url\":\"https:\\\/\\\/nbcs.mx\\\/wp-content\\\/uploads\\\/2026\\\/01\\\/Carnaval.jpg\",\"contentUrl\":\"https:\\\/\\\/nbcs.mx\\\/wp-content\\\/uploads\\\/2026\\\/01\\\/Carnaval.jpg\",\"width\":725,\"height\":400},{\"@type\":\"BreadcrumbList\",\"@id\":\"https:\\\/\\\/nbcs.mx\\\/?p=160239#breadcrumb\",\"itemListElement\":[{\"@type\":\"ListItem\",\"position\":1,\"name\":\"Portada\",\"item\":\"https:\\\/\\\/nbcs.mx\\\/\"},{\"@type\":\"ListItem\",\"position\":2,\"name\":\"Quien quiera vender en el Carnaval de La Paz deber\u00e1 pagar de 2,814 a 5,277 pesos por metro lineal\"}]},{\"@type\":\"WebSite\",\"@id\":\"https:\\\/\\\/nbcs.mx\\\/#website\",\"url\":\"https:\\\/\\\/nbcs.mx\\\/\",\"name\":\"NBCS Noticias\",\"description\":\"Sitio web de noticias en Baja California Sur\",\"publisher\":{\"@id\":\"https:\\\/\\\/nbcs.mx\\\/#organization\"},\"potentialAction\":[{\"@type\":\"SearchAction\",\"target\":{\"@type\":\"EntryPoint\",\"urlTemplate\":\"https:\\\/\\\/nbcs.mx\\\/?s={search_term_string}\"},\"query-input\":{\"@type\":\"PropertyValueSpecification\",\"valueRequired\":true,\"valueName\":\"search_term_string\"}}],\"inLanguage\":\"es\"},{\"@type\":\"Organization\",\"@id\":\"https:\\\/\\\/nbcs.mx\\\/#organization\",\"name\":\"NBCS Noticias\",\"url\":\"https:\\\/\\\/nbcs.mx\\\/\",\"logo\":{\"@type\":\"ImageObject\",\"inLanguage\":\"es\",\"@id\":\"https:\\\/\\\/nbcs.mx\\\/#\\\/schema\\\/logo\\\/image\\\/\",\"url\":\"https:\\\/\\\/nbcs.mx\\\/wp-content\\\/uploads\\\/2018\\\/09\\\/057b69485e93575a5c2b1c1dde2dd297.jpeg\",\"contentUrl\":\"https:\\\/\\\/nbcs.mx\\\/wp-content\\\/uploads\\\/2018\\\/09\\\/057b69485e93575a5c2b1c1dde2dd297.jpeg\",\"width\":64,\"height\":64,\"caption\":\"NBCS Noticias\"},\"image\":{\"@id\":\"https:\\\/\\\/nbcs.mx\\\/#\\\/schema\\\/logo\\\/image\\\/\"},\"sameAs\":[\"https:\\\/\\\/www.facebook.com\\\/NBCSnoticias\",\"https:\\\/\\\/x.com\\\/NBCSnoticias\"]},{\"@type\":\"Person\",\"@id\":\"https:\\\/\\\/nbcs.mx\\\/#\\\/schema\\\/person\\\/ece58bab9a7c1e87a4d28ec9ecd79ff4\",\"name\":\"NBCS Noticias\",\"image\":{\"@type\":\"ImageObject\",\"inLanguage\":\"es\",\"@id\":\"https:\\\/\\\/secure.gravatar.com\\\/avatar\\\/4e52110cad1c4054b43271a0d14bbe9e2ea76aecd0e1097edfc670798d9ca1d4?s=96&d=blank&r=g\",\"url\":\"https:\\\/\\\/secure.gravatar.com\\\/avatar\\\/4e52110cad1c4054b43271a0d14bbe9e2ea76aecd0e1097edfc670798d9ca1d4?s=96&d=blank&r=g\",\"contentUrl\":\"https:\\\/\\\/secure.gravatar.com\\\/avatar\\\/4e52110cad1c4054b43271a0d14bbe9e2ea76aecd0e1097edfc670798d9ca1d4?s=96&d=blank&r=g\",\"caption\":\"NBCS Noticias\"},\"description\":\"\u00bfTienes fotos o video de alg\u00fan acto de posible negligencia, corrupci\u00f3n y abuso de autoridad? M\u00e1ndalo al WhatsApp de NBCS Noticias: 612 141 98 08\",\"sameAs\":[\"https:\\\/\\\/www.nbcs.mx\",\"https:\\\/\\\/www.facebook.com\\\/NBCSnoticias\",\"https:\\\/\\\/www.instagram.com\\\/nbcsnoticias\\\/\",\"https:\\\/\\\/x.com\\\/https:\\\/\\\/twitter.com\\\/NBCSnoticias\"]}]}<\/script>\n<!-- \/ Yoast SEO plugin. -->","yoast_head_json":{"title":"Quien quiera vender en el Carnaval de La Paz deber\u00e1 pagar de 2,814 a 5,277 pesos por metro lineal - NBCS Noticias","robots":{"index":"index","follow":"follow","max-snippet":"max-snippet:-1","max-image-preview":"max-image-preview:large","max-video-preview":"max-video-preview:-1"},"canonical":"https:\/\/nbcs.mx\/?p=160239","og_locale":"es_ES","og_type":"article","og_title":"Quien quiera vender en el Carnaval de La Paz deber\u00e1 pagar de 2,814 a 5,277 pesos por metro lineal - NBCS Noticias","og_description":"El Ayuntamiento de La Paz abri\u00f3 la venta de espacios para vender en el malec\u00f3n durante el Carnaval 2026, donde","og_url":"https:\/\/nbcs.mx\/?p=160239","og_site_name":"NBCS Noticias","article_publisher":"https:\/\/www.facebook.com\/NBCSnoticias","article_author":"https:\/\/www.facebook.com\/NBCSnoticias","article_published_time":"2026-01-20T03:55:48+00:00","article_modified_time":"2026-01-20T13:25:17+00:00","og_image":[{"width":725,"height":400,"url":"https:\/\/nbcs.mx\/wp-content\/uploads\/2026\/01\/Carnaval.jpg","type":"image\/jpeg"}],"author":"NBCS Noticias","twitter_card":"summary_large_image","twitter_creator":"@https:\/\/twitter.com\/NBCSnoticias","twitter_site":"@NBCSnoticias","twitter_misc":{"Escrito por":"NBCS Noticias","Tiempo de lectura":"3 minutos"},"schema":{"@context":"https:\/\/schema.org","@graph":[{"@type":"Article","@id":"https:\/\/nbcs.mx\/?p=160239#article","isPartOf":{"@id":"https:\/\/nbcs.mx\/?p=160239"},"author":{"name":"NBCS Noticias","@id":"https:\/\/nbcs.mx\/#\/schema\/person\/ece58bab9a7c1e87a4d28ec9ecd79ff4"},"headline":"Quien quiera vender en el Carnaval de La Paz deber\u00e1 pagar de 2,814 a 5,277 pesos por metro lineal","datePublished":"2026-01-20T03:55:48+00:00","dateModified":"2026-01-20T13:25:17+00:00","mainEntityOfPage":{"@id":"https:\/\/nbcs.mx\/?p=160239"},"wordCount":376,"commentCount":0,"publisher":{"@id":"https:\/\/nbcs.mx\/#organization"},"image":{"@id":"https:\/\/nbcs.mx\/?p=160239#primaryimage"},"thumbnailUrl":"https:\/\/nbcs.mx\/wp-content\/uploads\/2026\/01\/Carnaval.jpg","articleSection":["Municipios"],"inLanguage":"es","potentialAction":[{"@type":"CommentAction","name":"Comment","target":["https:\/\/nbcs.mx\/?p=160239#respond"]}]},{"@type":"WebPage","@id":"https:\/\/nbcs.mx\/?p=160239","url":"https:\/\/nbcs.mx\/?p=160239","name":"Quien quiera vender en el Carnaval de La Paz deber\u00e1 pagar de 2,814 a 5,277 pesos por metro lineal - NBCS Noticias","isPartOf":{"@id":"https:\/\/nbcs.mx\/#website"},"primaryImageOfPage":{"@id":"https:\/\/nbcs.mx\/?p=160239#primaryimage"},"image":{"@id":"https:\/\/nbcs.mx\/?p=160239#primaryimage"},"thumbnailUrl":"https:\/\/nbcs.mx\/wp-content\/uploads\/2026\/01\/Carnaval.jpg","datePublished":"2026-01-20T03:55:48+00:00","dateModified":"2026-01-20T13:25:17+00:00","breadcrumb":{"@id":"https:\/\/nbcs.mx\/?p=160239#breadcrumb"},"inLanguage":"es","potentialAction":[{"@type":"ReadAction","target":["https:\/\/nbcs.mx\/?p=160239"]}]},{"@type":"ImageObject","inLanguage":"es","@id":"https:\/\/nbcs.mx\/?p=160239#primaryimage","url":"https:\/\/nbcs.mx\/wp-content\/uploads\/2026\/01\/Carnaval.jpg","contentUrl":"https:\/\/nbcs.mx\/wp-content\/uploads\/2026\/01\/Carnaval.jpg","width":725,"height":400},{"@type":"BreadcrumbList","@id":"https:\/\/nbcs.mx\/?p=160239#breadcrumb","itemListElement":[{"@type":"ListItem","position":1,"name":"Portada","item":"https:\/\/nbcs.mx\/"},{"@type":"ListItem","position":2,"name":"Quien quiera vender en el Carnaval de La Paz deber\u00e1 pagar de 2,814 a 5,277 pesos por metro lineal"}]},{"@type":"WebSite","@id":"https:\/\/nbcs.mx\/#website","url":"https:\/\/nbcs.mx\/","name":"NBCS Noticias","description":"Sitio web de noticias en Baja California Sur","publisher":{"@id":"https:\/\/nbcs.mx\/#organization"},"potentialAction":[{"@type":"SearchAction","target":{"@type":"EntryPoint","urlTemplate":"https:\/\/nbcs.mx\/?s={search_term_string}"},"query-input":{"@type":"PropertyValueSpecification","valueRequired":true,"valueName":"search_term_string"}}],"inLanguage":"es"},{"@type":"Organization","@id":"https:\/\/nbcs.mx\/#organization","name":"NBCS Noticias","url":"https:\/\/nbcs.mx\/","logo":{"@type":"ImageObject","inLanguage":"es","@id":"https:\/\/nbcs.mx\/#\/schema\/logo\/image\/","url":"https:\/\/nbcs.mx\/wp-content\/uploads\/2018\/09\/057b69485e93575a5c2b1c1dde2dd297.jpeg","contentUrl":"https:\/\/nbcs.mx\/wp-content\/uploads\/2018\/09\/057b69485e93575a5c2b1c1dde2dd297.jpeg","width":64,"height":64,"caption":"NBCS Noticias"},"image":{"@id":"https:\/\/nbcs.mx\/#\/schema\/logo\/image\/"},"sameAs":["https:\/\/www.facebook.com\/NBCSnoticias","https:\/\/x.com\/NBCSnoticias"]},{"@type":"Person","@id":"https:\/\/nbcs.mx\/#\/schema\/person\/ece58bab9a7c1e87a4d28ec9ecd79ff4","name":"NBCS Noticias","image":{"@type":"ImageObject","inLanguage":"es","@id":"https:\/\/secure.gravatar.com\/avatar\/4e52110cad1c4054b43271a0d14bbe9e2ea76aecd0e1097edfc670798d9ca1d4?s=96&d=blank&r=g","url":"https:\/\/secure.gravatar.com\/avatar\/4e52110cad1c4054b43271a0d14bbe9e2ea76aecd0e1097edfc670798d9ca1d4?s=96&d=blank&r=g","contentUrl":"https:\/\/secure.gravatar.com\/avatar\/4e52110cad1c4054b43271a0d14bbe9e2ea76aecd0e1097edfc670798d9ca1d4?s=96&d=blank&r=g","caption":"NBCS Noticias"},"description":"\u00bfTienes fotos o video de alg\u00fan acto de posible negligencia, corrupci\u00f3n y abuso de autoridad? M\u00e1ndalo al WhatsApp de NBCS Noticias: 612 141 98 08","sameAs":["https:\/\/www.nbcs.mx","https:\/\/www.facebook.com\/NBCSnoticias","https:\/\/www.instagram.com\/nbcsnoticias\/","https:\/\/x.com\/https:\/\/twitter.com\/NBCSnoticias"]}]}},"jetpack_publicize_connections":[],"jetpack_featured_media_url":"https:\/\/nbcs.mx\/wp-content\/uploads\/2026\/01\/Carnaval.jpg","jetpack_sharing_enabled":true,"_links":{"self":[{"href":"https:\/\/nbcs.mx\/index.php?rest_route=\/wp\/v2\/posts\/160239","targetHints":{"allow":["GET"]}}],"collection":[{"href":"https:\/\/nbcs.mx\/index.php?rest_route=\/wp\/v2\/posts"}],"about":[{"href":"https:\/\/nbcs.mx\/index.php?rest_route=\/wp\/v2\/types\/post"}],"author":[{"embeddable":true,"href":"https:\/\/nbcs.mx\/index.php?rest_route=\/wp\/v2\/users\/1"}],"replies":[{"embeddable":true,"href":"https:\/\/nbcs.mx\/index.php?rest_route=%2Fwp%2Fv2%2Fcomments&post=160239"}],"version-history":[{"count":1,"href":"https:\/\/nbcs.mx\/index.php?rest_route=\/wp\/v2\/posts\/160239\/revisions"}],"predecessor-version":[{"id":160241,"href":"https:\/\/nbcs.mx\/index.php?rest_route=\/wp\/v2\/posts\/160239\/revisions\/160241"}],"wp:featuredmedia":[{"embeddable":true,"href":"https:\/\/nbcs.mx\/index.php?rest_route=\/wp\/v2\/media\/160240"}],"wp:attachment":[{"href":"https:\/\/nbcs.mx\/index.php?rest_route=%2Fwp%2Fv2%2Fmedia&parent=160239"}],"wp:term":[{"taxonomy":"category","embeddable":true,"href":"https:\/\/nbcs.mx\/index.php?rest_route=%2Fwp%2Fv2%2Fcategories&post=160239"},{"taxonomy":"post_tag","embeddable":true,"href":"https:\/\/nbcs.mx\/index.php?rest_route=%2Fwp%2Fv2%2Ftags&post=160239"}],"curies":[{"name":"wp","href":"https:\/\/api.w.org\/{rel}","templated":true}]}}