{"id":160256,"date":"2026-01-20T13:33:19","date_gmt":"2026-01-20T20:33:19","guid":{"rendered":"https:\/\/nbcs.mx\/?p=160256"},"modified":"2026-01-20T20:05:44","modified_gmt":"2026-01-21T03:05:44","slug":"impulsan-la-institucionalizacion-del-parlamento-de-mujeres","status":"publish","type":"post","link":"https:\/\/nbcs.mx\/?p=160256","title":{"rendered":"Impulsan la institucionalizaci\u00f3n del Parlamento de Mujeres"},"content":{"rendered":"<p style=\"font-weight: 400;\"><img loading=\"lazy\" decoding=\"async\" class=\"wp-image-147892 alignleft\" src=\"https:\/\/nbcs.mx\/wp-content\/uploads\/2025\/03\/DIP-ARLENE-MORENO-MACIEL-250320-739x492.jpg\" alt=\"\" width=\"391\" height=\"260\" srcset=\"https:\/\/nbcs.mx\/wp-content\/uploads\/2025\/03\/DIP-ARLENE-MORENO-MACIEL-250320-739x492.jpg 739w, https:\/\/nbcs.mx\/wp-content\/uploads\/2025\/03\/DIP-ARLENE-MORENO-MACIEL-250320-1024x681.jpg 1024w\" sizes=\"auto, (max-width: 391px) 100vw, 391px\" \/><\/p>\n<p style=\"font-weight: 400; text-align: justify;\">La diputada Arlene Moreno Maciel present\u00f3 este martes una iniciativa con proyecto de decreto mediante la cual se instituye formalmente el Parlamento de Mujeres del Estado de Baja California Sur, abrogando los decretos 2560, 2830 y 3045, con el prop\u00f3sito de consolidar un marco normativo actualizado, incluyente y con visi\u00f3n de largo plazo.<\/p>\n<p style=\"font-weight: 400; text-align: justify;\">Durante la exposici\u00f3n de motivos, la presidenta de la Comisi\u00f3n Permanente de Igualdad de G\u00e9nero del Congreso del Estado, subray\u00f3 que esta propuesta tiene como objetivo central promover acciones afirmativas que fortalezcan la agenda legislativa con perspectiva de g\u00e9nero y contribuyan de manera efectiva al avance de la igualdad sustantiva en la entidad.<\/p>\n<p style=\"font-weight: 400; text-align: justify;\">\u201cEl presente impulso legislativo tiene como uno de sus principales objetivos optimizar, mejorar, reforzar y actualizar la organizaci\u00f3n y realizaci\u00f3n del Parlamento de Mujeres en el Estado\u201d, sostuvo la legisladora de la bancada del PT.<\/p>\n<p style=\"font-weight: 400; text-align: justify;\">Destac\u00f3 que una de las principales innovaciones de la iniciativa es la incorporaci\u00f3n de foros con una visi\u00f3n universalizada, dise\u00f1ados para alcanzar a mujeres de todo el territorio estatal, sin distinci\u00f3n geogr\u00e1fica, social o cultural. Estos espacios permitir\u00e1n ampliar la participaci\u00f3n social y generar conciencia en comunidades donde a\u00fan persisten pr\u00e1cticas patriarcales y conductas machistas que normalizan la violencia de g\u00e9nero.<\/p>\n<p style=\"font-weight: 400; text-align: justify;\">El Parlamento de Mujeres del Estado de Baja California Sur tendr\u00e1 como sede la Sala de Sesiones \u201cGeneral Jos\u00e9 Mar\u00eda Morelos y Pav\u00f3n\u201d, y la Comisi\u00f3n de Igualdad de G\u00e9nero podr\u00e1 optar por realizar un Parlamento por cada legislatura y\/o foros tem\u00e1ticos en los municipios, consolidando as\u00ed un modelo flexible, participativo y representativo. Esta propuesta, fue asignada a la Comisi\u00f3n de Igualdad de G\u00e9nero para su an\u00e1lisis y dictaminaci\u00f3n.<\/p>\n<p style=\"font-weight: 400; text-align: justify;\">El Parlamento de Mujeres estar\u00e1 integrado por 21 parlamentarias, quienes fungir\u00e1n como legisladoras \u00fanicamente durante la Sesi\u00f3n Solemne en la que se celebre este ejercicio democr\u00e1tico. Las participantes desarrollar\u00e1n una jornada de trabajo estructurada en mesas tem\u00e1ticas, cuya agenda ser\u00e1 definida en la convocatoria correspondiente y coordinada por un cuerpo de asesoras y asesores adscritos a la Comisi\u00f3n Permanente de Igualdad de G\u00e9nero.<\/p>\n<p style=\"font-weight: 400; text-align: justify;\">Los proyectos y propuestas que resulten de cada mesa ser\u00e1n analizados por la comisi\u00f3n, con la finalidad de valorar su incorporaci\u00f3n a la agenda legislativa y, en su caso, presentarlos ante el Pleno del Congreso del Estado.<\/p>\n<p style=\"font-weight: 400; text-align: justify;\">Asimismo, la iniciativa establece que la Junta de Gobierno y Coordinaci\u00f3n Pol\u00edtica deber\u00e1 prever anualmente una partida presupuestal suficiente y proporcional al n\u00famero de actividades programadas para la realizaci\u00f3n del Parlamento o de los foros, garantizando su viabilidad operativa y continuidad.<\/p>\n<p style=\"font-weight: 400; text-align: justify;\">Otra de las disposiciones relevantes es que el Parlamento de Mujeres se lleve a cabo preferentemente en el mes de marzo, en el marco de la conmemoraci\u00f3n del D\u00eda Internacional de la Mujer, fecha emblem\u00e1tica que recuerda la lucha hist\u00f3rica por la igualdad de g\u00e9nero y el pleno reconocimiento de los derechos de las mujeres en todas las esferas de la vida.<\/p>\n<p style=\"font-weight: 400; text-align: justify;\">El Congreso del Estado, a trav\u00e9s de la Comisi\u00f3n Permanente de Igualdad de G\u00e9nero, emitir\u00e1 la convocatoria con al menos 30 d\u00edas de anticipaci\u00f3n, dirigida a mujeres de instituciones p\u00fablicas y privadas, organizaciones de la sociedad civil y ciudadan\u00eda en general interesada en temas de g\u00e9nero.<\/p>\n","protected":false},"excerpt":{"rendered":"<p>La diputada Arlene Moreno Maciel present\u00f3 este martes una iniciativa con proyecto de decreto mediante la cual se instituye formalmente<\/p>\n","protected":false},"author":1,"featured_media":147892,"comment_status":"open","ping_status":"closed","sticky":false,"template":"","format":"standard","meta":{"colormag_page_container_layout":"default_layout","colormag_page_sidebar_layout":"default_layout","_jetpack_memberships_contains_paid_content":false,"footnotes":"","jetpack_publicize_message":"","jetpack_publicize_feature_enabled":true,"jetpack_social_post_already_shared":true,"jetpack_social_options":{"image_generator_settings":{"template":"highway","default_image_id":0,"font":"","enabled":false},"version":2}},"categories":[48],"tags":[],"class_list":["post-160256","post","type-post","status-publish","format-standard","has-post-thumbnail","hentry","category-congreso-de-bcs"],"yoast_head":"<!-- This site is optimized with the Yoast SEO plugin v27.5 - https:\/\/yoast.com\/product\/yoast-seo-wordpress\/ -->\n<title>Impulsan la institucionalizaci\u00f3n del Parlamento de Mujeres - NBCS Noticias<\/title>\n<meta name=\"robots\" content=\"index, follow, max-snippet:-1, max-image-preview:large, max-video-preview:-1\" \/>\n<link rel=\"canonical\" href=\"https:\/\/nbcs.mx\/?p=160256\" \/>\n<meta property=\"og:locale\" content=\"es_ES\" \/>\n<meta property=\"og:type\" content=\"article\" \/>\n<meta property=\"og:title\" content=\"Impulsan la institucionalizaci\u00f3n del Parlamento de Mujeres - NBCS Noticias\" \/>\n<meta property=\"og:description\" content=\"La diputada Arlene Moreno Maciel present\u00f3 este martes una iniciativa con proyecto de decreto mediante la cual se instituye formalmente\" \/>\n<meta property=\"og:url\" content=\"https:\/\/nbcs.mx\/?p=160256\" \/>\n<meta property=\"og:site_name\" content=\"NBCS Noticias\" \/>\n<meta property=\"article:publisher\" content=\"https:\/\/www.facebook.com\/NBCSnoticias\" \/>\n<meta property=\"article:author\" content=\"https:\/\/www.facebook.com\/NBCSnoticias\" \/>\n<meta property=\"article:published_time\" content=\"2026-01-20T20:33:19+00:00\" \/>\n<meta property=\"article:modified_time\" content=\"2026-01-21T03:05:44+00:00\" \/>\n<meta property=\"og:image\" content=\"https:\/\/nbcs.mx\/wp-content\/uploads\/2025\/03\/DIP-ARLENE-MORENO-MACIEL-250320-scaled.jpg\" \/>\n\t<meta property=\"og:image:width\" content=\"2560\" \/>\n\t<meta property=\"og:image:height\" content=\"1703\" \/>\n\t<meta property=\"og:image:type\" content=\"image\/jpeg\" \/>\n<meta name=\"author\" content=\"NBCS Noticias\" \/>\n<meta name=\"twitter:card\" content=\"summary_large_image\" \/>\n<meta name=\"twitter:creator\" content=\"@https:\/\/twitter.com\/NBCSnoticias\" \/>\n<meta name=\"twitter:site\" content=\"@NBCSnoticias\" \/>\n<meta name=\"twitter:label1\" content=\"Escrito por\" \/>\n\t<meta name=\"twitter:data1\" content=\"NBCS Noticias\" \/>\n\t<meta name=\"twitter:label2\" content=\"Tiempo de lectura\" \/>\n\t<meta name=\"twitter:data2\" content=\"3 minutos\" \/>\n<script type=\"application\/ld+json\" class=\"yoast-schema-graph\">{\"@context\":\"https:\\\/\\\/schema.org\",\"@graph\":[{\"@type\":\"Article\",\"@id\":\"https:\\\/\\\/nbcs.mx\\\/?p=160256#article\",\"isPartOf\":{\"@id\":\"https:\\\/\\\/nbcs.mx\\\/?p=160256\"},\"author\":{\"name\":\"NBCS Noticias\",\"@id\":\"https:\\\/\\\/nbcs.mx\\\/#\\\/schema\\\/person\\\/ece58bab9a7c1e87a4d28ec9ecd79ff4\"},\"headline\":\"Impulsan la institucionalizaci\u00f3n del Parlamento de Mujeres\",\"datePublished\":\"2026-01-20T20:33:19+00:00\",\"dateModified\":\"2026-01-21T03:05:44+00:00\",\"mainEntityOfPage\":{\"@id\":\"https:\\\/\\\/nbcs.mx\\\/?p=160256\"},\"wordCount\":578,\"commentCount\":0,\"publisher\":{\"@id\":\"https:\\\/\\\/nbcs.mx\\\/#organization\"},\"image\":{\"@id\":\"https:\\\/\\\/nbcs.mx\\\/?p=160256#primaryimage\"},\"thumbnailUrl\":\"https:\\\/\\\/nbcs.mx\\\/wp-content\\\/uploads\\\/2025\\\/03\\\/DIP-ARLENE-MORENO-MACIEL-250320-scaled.jpg\",\"articleSection\":[\"Congreso de BCS\"],\"inLanguage\":\"es\",\"potentialAction\":[{\"@type\":\"CommentAction\",\"name\":\"Comment\",\"target\":[\"https:\\\/\\\/nbcs.mx\\\/?p=160256#respond\"]}]},{\"@type\":\"WebPage\",\"@id\":\"https:\\\/\\\/nbcs.mx\\\/?p=160256\",\"url\":\"https:\\\/\\\/nbcs.mx\\\/?p=160256\",\"name\":\"Impulsan la institucionalizaci\u00f3n del Parlamento de Mujeres - NBCS Noticias\",\"isPartOf\":{\"@id\":\"https:\\\/\\\/nbcs.mx\\\/#website\"},\"primaryImageOfPage\":{\"@id\":\"https:\\\/\\\/nbcs.mx\\\/?p=160256#primaryimage\"},\"image\":{\"@id\":\"https:\\\/\\\/nbcs.mx\\\/?p=160256#primaryimage\"},\"thumbnailUrl\":\"https:\\\/\\\/nbcs.mx\\\/wp-content\\\/uploads\\\/2025\\\/03\\\/DIP-ARLENE-MORENO-MACIEL-250320-scaled.jpg\",\"datePublished\":\"2026-01-20T20:33:19+00:00\",\"dateModified\":\"2026-01-21T03:05:44+00:00\",\"breadcrumb\":{\"@id\":\"https:\\\/\\\/nbcs.mx\\\/?p=160256#breadcrumb\"},\"inLanguage\":\"es\",\"potentialAction\":[{\"@type\":\"ReadAction\",\"target\":[\"https:\\\/\\\/nbcs.mx\\\/?p=160256\"]}]},{\"@type\":\"ImageObject\",\"inLanguage\":\"es\",\"@id\":\"https:\\\/\\\/nbcs.mx\\\/?p=160256#primaryimage\",\"url\":\"https:\\\/\\\/nbcs.mx\\\/wp-content\\\/uploads\\\/2025\\\/03\\\/DIP-ARLENE-MORENO-MACIEL-250320-scaled.jpg\",\"contentUrl\":\"https:\\\/\\\/nbcs.mx\\\/wp-content\\\/uploads\\\/2025\\\/03\\\/DIP-ARLENE-MORENO-MACIEL-250320-scaled.jpg\",\"width\":2560,\"height\":1703},{\"@type\":\"BreadcrumbList\",\"@id\":\"https:\\\/\\\/nbcs.mx\\\/?p=160256#breadcrumb\",\"itemListElement\":[{\"@type\":\"ListItem\",\"position\":1,\"name\":\"Portada\",\"item\":\"https:\\\/\\\/nbcs.mx\\\/\"},{\"@type\":\"ListItem\",\"position\":2,\"name\":\"Impulsan la institucionalizaci\u00f3n del Parlamento de Mujeres\"}]},{\"@type\":\"WebSite\",\"@id\":\"https:\\\/\\\/nbcs.mx\\\/#website\",\"url\":\"https:\\\/\\\/nbcs.mx\\\/\",\"name\":\"NBCS Noticias\",\"description\":\"Sitio web de noticias en Baja California Sur\",\"publisher\":{\"@id\":\"https:\\\/\\\/nbcs.mx\\\/#organization\"},\"potentialAction\":[{\"@type\":\"SearchAction\",\"target\":{\"@type\":\"EntryPoint\",\"urlTemplate\":\"https:\\\/\\\/nbcs.mx\\\/?s={search_term_string}\"},\"query-input\":{\"@type\":\"PropertyValueSpecification\",\"valueRequired\":true,\"valueName\":\"search_term_string\"}}],\"inLanguage\":\"es\"},{\"@type\":\"Organization\",\"@id\":\"https:\\\/\\\/nbcs.mx\\\/#organization\",\"name\":\"NBCS Noticias\",\"url\":\"https:\\\/\\\/nbcs.mx\\\/\",\"logo\":{\"@type\":\"ImageObject\",\"inLanguage\":\"es\",\"@id\":\"https:\\\/\\\/nbcs.mx\\\/#\\\/schema\\\/logo\\\/image\\\/\",\"url\":\"https:\\\/\\\/nbcs.mx\\\/wp-content\\\/uploads\\\/2018\\\/09\\\/057b69485e93575a5c2b1c1dde2dd297.jpeg\",\"contentUrl\":\"https:\\\/\\\/nbcs.mx\\\/wp-content\\\/uploads\\\/2018\\\/09\\\/057b69485e93575a5c2b1c1dde2dd297.jpeg\",\"width\":64,\"height\":64,\"caption\":\"NBCS Noticias\"},\"image\":{\"@id\":\"https:\\\/\\\/nbcs.mx\\\/#\\\/schema\\\/logo\\\/image\\\/\"},\"sameAs\":[\"https:\\\/\\\/www.facebook.com\\\/NBCSnoticias\",\"https:\\\/\\\/x.com\\\/NBCSnoticias\"]},{\"@type\":\"Person\",\"@id\":\"https:\\\/\\\/nbcs.mx\\\/#\\\/schema\\\/person\\\/ece58bab9a7c1e87a4d28ec9ecd79ff4\",\"name\":\"NBCS Noticias\",\"image\":{\"@type\":\"ImageObject\",\"inLanguage\":\"es\",\"@id\":\"https:\\\/\\\/secure.gravatar.com\\\/avatar\\\/4e52110cad1c4054b43271a0d14bbe9e2ea76aecd0e1097edfc670798d9ca1d4?s=96&d=blank&r=g\",\"url\":\"https:\\\/\\\/secure.gravatar.com\\\/avatar\\\/4e52110cad1c4054b43271a0d14bbe9e2ea76aecd0e1097edfc670798d9ca1d4?s=96&d=blank&r=g\",\"contentUrl\":\"https:\\\/\\\/secure.gravatar.com\\\/avatar\\\/4e52110cad1c4054b43271a0d14bbe9e2ea76aecd0e1097edfc670798d9ca1d4?s=96&d=blank&r=g\",\"caption\":\"NBCS Noticias\"},\"description\":\"\u00bfTienes fotos o video de alg\u00fan acto de posible negligencia, corrupci\u00f3n y abuso de autoridad? M\u00e1ndalo al WhatsApp de NBCS Noticias: 612 141 98 08\",\"sameAs\":[\"https:\\\/\\\/www.nbcs.mx\",\"https:\\\/\\\/www.facebook.com\\\/NBCSnoticias\",\"https:\\\/\\\/www.instagram.com\\\/nbcsnoticias\\\/\",\"https:\\\/\\\/x.com\\\/https:\\\/\\\/twitter.com\\\/NBCSnoticias\"]}]}<\/script>\n<!-- \/ Yoast SEO plugin. -->","yoast_head_json":{"title":"Impulsan la institucionalizaci\u00f3n del Parlamento de Mujeres - NBCS Noticias","robots":{"index":"index","follow":"follow","max-snippet":"max-snippet:-1","max-image-preview":"max-image-preview:large","max-video-preview":"max-video-preview:-1"},"canonical":"https:\/\/nbcs.mx\/?p=160256","og_locale":"es_ES","og_type":"article","og_title":"Impulsan la institucionalizaci\u00f3n del Parlamento de Mujeres - NBCS Noticias","og_description":"La diputada Arlene Moreno Maciel present\u00f3 este martes una iniciativa con proyecto de decreto mediante la cual se instituye formalmente","og_url":"https:\/\/nbcs.mx\/?p=160256","og_site_name":"NBCS Noticias","article_publisher":"https:\/\/www.facebook.com\/NBCSnoticias","article_author":"https:\/\/www.facebook.com\/NBCSnoticias","article_published_time":"2026-01-20T20:33:19+00:00","article_modified_time":"2026-01-21T03:05:44+00:00","og_image":[{"width":2560,"height":1703,"url":"https:\/\/nbcs.mx\/wp-content\/uploads\/2025\/03\/DIP-ARLENE-MORENO-MACIEL-250320-scaled.jpg","type":"image\/jpeg"}],"author":"NBCS Noticias","twitter_card":"summary_large_image","twitter_creator":"@https:\/\/twitter.com\/NBCSnoticias","twitter_site":"@NBCSnoticias","twitter_misc":{"Escrito por":"NBCS Noticias","Tiempo de lectura":"3 minutos"},"schema":{"@context":"https:\/\/schema.org","@graph":[{"@type":"Article","@id":"https:\/\/nbcs.mx\/?p=160256#article","isPartOf":{"@id":"https:\/\/nbcs.mx\/?p=160256"},"author":{"name":"NBCS Noticias","@id":"https:\/\/nbcs.mx\/#\/schema\/person\/ece58bab9a7c1e87a4d28ec9ecd79ff4"},"headline":"Impulsan la institucionalizaci\u00f3n del Parlamento de Mujeres","datePublished":"2026-01-20T20:33:19+00:00","dateModified":"2026-01-21T03:05:44+00:00","mainEntityOfPage":{"@id":"https:\/\/nbcs.mx\/?p=160256"},"wordCount":578,"commentCount":0,"publisher":{"@id":"https:\/\/nbcs.mx\/#organization"},"image":{"@id":"https:\/\/nbcs.mx\/?p=160256#primaryimage"},"thumbnailUrl":"https:\/\/nbcs.mx\/wp-content\/uploads\/2025\/03\/DIP-ARLENE-MORENO-MACIEL-250320-scaled.jpg","articleSection":["Congreso de BCS"],"inLanguage":"es","potentialAction":[{"@type":"CommentAction","name":"Comment","target":["https:\/\/nbcs.mx\/?p=160256#respond"]}]},{"@type":"WebPage","@id":"https:\/\/nbcs.mx\/?p=160256","url":"https:\/\/nbcs.mx\/?p=160256","name":"Impulsan la institucionalizaci\u00f3n del Parlamento de Mujeres - NBCS Noticias","isPartOf":{"@id":"https:\/\/nbcs.mx\/#website"},"primaryImageOfPage":{"@id":"https:\/\/nbcs.mx\/?p=160256#primaryimage"},"image":{"@id":"https:\/\/nbcs.mx\/?p=160256#primaryimage"},"thumbnailUrl":"https:\/\/nbcs.mx\/wp-content\/uploads\/2025\/03\/DIP-ARLENE-MORENO-MACIEL-250320-scaled.jpg","datePublished":"2026-01-20T20:33:19+00:00","dateModified":"2026-01-21T03:05:44+00:00","breadcrumb":{"@id":"https:\/\/nbcs.mx\/?p=160256#breadcrumb"},"inLanguage":"es","potentialAction":[{"@type":"ReadAction","target":["https:\/\/nbcs.mx\/?p=160256"]}]},{"@type":"ImageObject","inLanguage":"es","@id":"https:\/\/nbcs.mx\/?p=160256#primaryimage","url":"https:\/\/nbcs.mx\/wp-content\/uploads\/2025\/03\/DIP-ARLENE-MORENO-MACIEL-250320-scaled.jpg","contentUrl":"https:\/\/nbcs.mx\/wp-content\/uploads\/2025\/03\/DIP-ARLENE-MORENO-MACIEL-250320-scaled.jpg","width":2560,"height":1703},{"@type":"BreadcrumbList","@id":"https:\/\/nbcs.mx\/?p=160256#breadcrumb","itemListElement":[{"@type":"ListItem","position":1,"name":"Portada","item":"https:\/\/nbcs.mx\/"},{"@type":"ListItem","position":2,"name":"Impulsan la institucionalizaci\u00f3n del Parlamento de Mujeres"}]},{"@type":"WebSite","@id":"https:\/\/nbcs.mx\/#website","url":"https:\/\/nbcs.mx\/","name":"NBCS Noticias","description":"Sitio web de noticias en Baja California Sur","publisher":{"@id":"https:\/\/nbcs.mx\/#organization"},"potentialAction":[{"@type":"SearchAction","target":{"@type":"EntryPoint","urlTemplate":"https:\/\/nbcs.mx\/?s={search_term_string}"},"query-input":{"@type":"PropertyValueSpecification","valueRequired":true,"valueName":"search_term_string"}}],"inLanguage":"es"},{"@type":"Organization","@id":"https:\/\/nbcs.mx\/#organization","name":"NBCS Noticias","url":"https:\/\/nbcs.mx\/","logo":{"@type":"ImageObject","inLanguage":"es","@id":"https:\/\/nbcs.mx\/#\/schema\/logo\/image\/","url":"https:\/\/nbcs.mx\/wp-content\/uploads\/2018\/09\/057b69485e93575a5c2b1c1dde2dd297.jpeg","contentUrl":"https:\/\/nbcs.mx\/wp-content\/uploads\/2018\/09\/057b69485e93575a5c2b1c1dde2dd297.jpeg","width":64,"height":64,"caption":"NBCS Noticias"},"image":{"@id":"https:\/\/nbcs.mx\/#\/schema\/logo\/image\/"},"sameAs":["https:\/\/www.facebook.com\/NBCSnoticias","https:\/\/x.com\/NBCSnoticias"]},{"@type":"Person","@id":"https:\/\/nbcs.mx\/#\/schema\/person\/ece58bab9a7c1e87a4d28ec9ecd79ff4","name":"NBCS Noticias","image":{"@type":"ImageObject","inLanguage":"es","@id":"https:\/\/secure.gravatar.com\/avatar\/4e52110cad1c4054b43271a0d14bbe9e2ea76aecd0e1097edfc670798d9ca1d4?s=96&d=blank&r=g","url":"https:\/\/secure.gravatar.com\/avatar\/4e52110cad1c4054b43271a0d14bbe9e2ea76aecd0e1097edfc670798d9ca1d4?s=96&d=blank&r=g","contentUrl":"https:\/\/secure.gravatar.com\/avatar\/4e52110cad1c4054b43271a0d14bbe9e2ea76aecd0e1097edfc670798d9ca1d4?s=96&d=blank&r=g","caption":"NBCS Noticias"},"description":"\u00bfTienes fotos o video de alg\u00fan acto de posible negligencia, corrupci\u00f3n y abuso de autoridad? M\u00e1ndalo al WhatsApp de NBCS Noticias: 612 141 98 08","sameAs":["https:\/\/www.nbcs.mx","https:\/\/www.facebook.com\/NBCSnoticias","https:\/\/www.instagram.com\/nbcsnoticias\/","https:\/\/x.com\/https:\/\/twitter.com\/NBCSnoticias"]}]}},"jetpack_publicize_connections":[],"jetpack_featured_media_url":"https:\/\/nbcs.mx\/wp-content\/uploads\/2025\/03\/DIP-ARLENE-MORENO-MACIEL-250320-scaled.jpg","jetpack_sharing_enabled":true,"_links":{"self":[{"href":"https:\/\/nbcs.mx\/index.php?rest_route=\/wp\/v2\/posts\/160256","targetHints":{"allow":["GET"]}}],"collection":[{"href":"https:\/\/nbcs.mx\/index.php?rest_route=\/wp\/v2\/posts"}],"about":[{"href":"https:\/\/nbcs.mx\/index.php?rest_route=\/wp\/v2\/types\/post"}],"author":[{"embeddable":true,"href":"https:\/\/nbcs.mx\/index.php?rest_route=\/wp\/v2\/users\/1"}],"replies":[{"embeddable":true,"href":"https:\/\/nbcs.mx\/index.php?rest_route=%2Fwp%2Fv2%2Fcomments&post=160256"}],"version-history":[{"count":2,"href":"https:\/\/nbcs.mx\/index.php?rest_route=\/wp\/v2\/posts\/160256\/revisions"}],"predecessor-version":[{"id":160279,"href":"https:\/\/nbcs.mx\/index.php?rest_route=\/wp\/v2\/posts\/160256\/revisions\/160279"}],"wp:featuredmedia":[{"embeddable":true,"href":"https:\/\/nbcs.mx\/index.php?rest_route=\/wp\/v2\/media\/147892"}],"wp:attachment":[{"href":"https:\/\/nbcs.mx\/index.php?rest_route=%2Fwp%2Fv2%2Fmedia&parent=160256"}],"wp:term":[{"taxonomy":"category","embeddable":true,"href":"https:\/\/nbcs.mx\/index.php?rest_route=%2Fwp%2Fv2%2Fcategories&post=160256"},{"taxonomy":"post_tag","embeddable":true,"href":"https:\/\/nbcs.mx\/index.php?rest_route=%2Fwp%2Fv2%2Ftags&post=160256"}],"curies":[{"name":"wp","href":"https:\/\/api.w.org\/{rel}","templated":true}]}}