{"id":160269,"date":"2026-01-20T14:28:50","date_gmt":"2026-01-20T21:28:50","guid":{"rendered":"https:\/\/nbcs.mx\/?p=160269"},"modified":"2026-01-20T14:28:50","modified_gmt":"2026-01-20T21:28:50","slug":"fortalece-gobierno-del-estado-acciones-para-prevenir-la-violencia-digital-contra-las-mujeres","status":"publish","type":"post","link":"https:\/\/nbcs.mx\/?p=160269","title":{"rendered":"Fortalece Gobierno del Estado acciones para prevenir la violencia digital contra las mujeres"},"content":{"rendered":"<div>\n<p style=\"text-align: justify;\"><img loading=\"lazy\" decoding=\"async\" class=\" wp-image-160270 alignleft\" src=\"https:\/\/nbcs.mx\/wp-content\/uploads\/2026\/01\/FOTO-BOLETIN-GOB-CAPACITACION-755x454.jpg\" alt=\"\" width=\"386\" height=\"232\" srcset=\"https:\/\/nbcs.mx\/wp-content\/uploads\/2026\/01\/FOTO-BOLETIN-GOB-CAPACITACION-755x454.jpg 755w, https:\/\/nbcs.mx\/wp-content\/uploads\/2026\/01\/FOTO-BOLETIN-GOB-CAPACITACION-1024x615.jpg 1024w, https:\/\/nbcs.mx\/wp-content\/uploads\/2026\/01\/FOTO-BOLETIN-GOB-CAPACITACION-150x90.jpg 150w, https:\/\/nbcs.mx\/wp-content\/uploads\/2026\/01\/FOTO-BOLETIN-GOB-CAPACITACION-768x461.jpg 768w, https:\/\/nbcs.mx\/wp-content\/uploads\/2026\/01\/FOTO-BOLETIN-GOB-CAPACITACION.jpg 1280w\" sizes=\"auto, (max-width: 386px) 100vw, 386px\" \/>Con el objetivo de fomentar espacios digitales seguros y libres de violencia, personal de la Oficina del Ejecutivo particip\u00f3 en la capacitaci\u00f3n<span class=\"apple-converted-space\">\u00a0<\/span><em>\u201cLa violencia digital contra las mujeres\u201d<\/em><i>,<\/i>impartida por la Direcci\u00f3n de Prevenci\u00f3n del Delito de la Procuradur\u00eda General de Justicia del Estado.<\/p>\n<\/div>\n<div style=\"text-align: justify;\">\n<p>La jornada, encabezada por el Jefe de la Oficina del Ejecutivo, Omar Castro Cota, abord\u00f3 las distintas formas de violencia digital que afectan la seguridad, dignidad y participaci\u00f3n de las mujeres, incluyendo el acoso, la difusi\u00f3n no consentida de im\u00e1genes \u00edntimas y la suplantaci\u00f3n de identidad. Tambi\u00e9n, se presentaron los marcos legales vigentes que sancionan estas conductas en el ciberespacio.<\/p>\n<\/div>\n<div style=\"text-align: justify;\">\n<p>Durante el encuentro, se enfatiz\u00f3 la importancia de que las y los servidores p\u00fablicos est\u00e9n capacitados en estos temas, ya que desempe\u00f1an un papel clave en la protecci\u00f3n de los derechos de la ciudadan\u00eda y en la promoci\u00f3n de entornos seguros. Contar con herramientas y conocimientos para prevenir la violencia digital permite actuar de manera responsable, atender denuncias de forma adecuada y fomentar una cultura de respeto e igualdad.<\/p>\n<\/div>\n<div style=\"text-align: justify;\">\n<p>\u201cPrevenir es tan importante como sancionar\u201d, destac\u00f3 Castro Cota, subrayando la necesidad de fortalecer canales seguros de denuncia y de promover la educaci\u00f3n digital basada en la igualdad y el respeto.<\/p>\n<\/div>\n<div>\n<p style=\"text-align: justify;\">Asimismo, advirti\u00f3 que, si bien el ciberespacio ofrece oportunidades a trav\u00e9s de aplicaciones de inteligencia artificial para el aprendizaje y la resoluci\u00f3n de problemas, su uso irresponsable puede generar riesgos y da\u00f1os, especialmente en redes sociales.<\/p>\n<\/div>\n","protected":false},"excerpt":{"rendered":"<p>Con el objetivo de fomentar espacios digitales seguros y libres de violencia, personal de la Oficina del Ejecutivo particip\u00f3 en<\/p>\n","protected":false},"author":1,"featured_media":160270,"comment_status":"open","ping_status":"closed","sticky":false,"template":"","format":"standard","meta":{"colormag_page_container_layout":"default_layout","colormag_page_sidebar_layout":"default_layout","_jetpack_memberships_contains_paid_content":false,"footnotes":"","jetpack_publicize_message":"","jetpack_publicize_feature_enabled":true,"jetpack_social_post_already_shared":true,"jetpack_social_options":{"image_generator_settings":{"template":"highway","default_image_id":0,"font":"","enabled":false},"version":2}},"categories":[1],"tags":[],"class_list":["post-160269","post","type-post","status-publish","format-standard","has-post-thumbnail","hentry","category-noticias"],"yoast_head":"<!-- This site is optimized with the Yoast SEO plugin v27.5 - https:\/\/yoast.com\/product\/yoast-seo-wordpress\/ -->\n<title>Fortalece Gobierno del Estado acciones para prevenir la violencia digital contra las mujeres - NBCS Noticias<\/title>\n<meta name=\"robots\" content=\"index, follow, max-snippet:-1, max-image-preview:large, max-video-preview:-1\" \/>\n<link rel=\"canonical\" href=\"https:\/\/nbcs.mx\/?p=160269\" \/>\n<meta property=\"og:locale\" content=\"es_ES\" \/>\n<meta property=\"og:type\" content=\"article\" \/>\n<meta property=\"og:title\" content=\"Fortalece Gobierno del Estado acciones para prevenir la violencia digital contra las mujeres - NBCS Noticias\" \/>\n<meta property=\"og:description\" content=\"Con el objetivo de fomentar espacios digitales seguros y libres de violencia, personal de la Oficina del Ejecutivo particip\u00f3 en\" \/>\n<meta property=\"og:url\" content=\"https:\/\/nbcs.mx\/?p=160269\" \/>\n<meta property=\"og:site_name\" content=\"NBCS Noticias\" \/>\n<meta property=\"article:publisher\" content=\"https:\/\/www.facebook.com\/NBCSnoticias\" \/>\n<meta property=\"article:author\" content=\"https:\/\/www.facebook.com\/NBCSnoticias\" \/>\n<meta property=\"article:published_time\" content=\"2026-01-20T21:28:50+00:00\" \/>\n<meta property=\"og:image\" content=\"https:\/\/nbcs.mx\/wp-content\/uploads\/2026\/01\/FOTO-BOLETIN-GOB-CAPACITACION.jpg\" \/>\n\t<meta property=\"og:image:width\" content=\"1280\" \/>\n\t<meta property=\"og:image:height\" content=\"769\" \/>\n\t<meta property=\"og:image:type\" content=\"image\/jpeg\" \/>\n<meta name=\"author\" content=\"NBCS Noticias\" \/>\n<meta name=\"twitter:card\" content=\"summary_large_image\" \/>\n<meta name=\"twitter:creator\" content=\"@https:\/\/twitter.com\/NBCSnoticias\" \/>\n<meta name=\"twitter:site\" content=\"@NBCSnoticias\" \/>\n<meta name=\"twitter:label1\" content=\"Escrito por\" \/>\n\t<meta name=\"twitter:data1\" content=\"NBCS Noticias\" \/>\n\t<meta name=\"twitter:label2\" content=\"Tiempo de lectura\" \/>\n\t<meta name=\"twitter:data2\" content=\"2 minutos\" \/>\n<script type=\"application\/ld+json\" class=\"yoast-schema-graph\">{\"@context\":\"https:\\\/\\\/schema.org\",\"@graph\":[{\"@type\":\"Article\",\"@id\":\"https:\\\/\\\/nbcs.mx\\\/?p=160269#article\",\"isPartOf\":{\"@id\":\"https:\\\/\\\/nbcs.mx\\\/?p=160269\"},\"author\":{\"name\":\"NBCS Noticias\",\"@id\":\"https:\\\/\\\/nbcs.mx\\\/#\\\/schema\\\/person\\\/ece58bab9a7c1e87a4d28ec9ecd79ff4\"},\"headline\":\"Fortalece Gobierno del Estado acciones para prevenir la violencia digital contra las mujeres\",\"datePublished\":\"2026-01-20T21:28:50+00:00\",\"mainEntityOfPage\":{\"@id\":\"https:\\\/\\\/nbcs.mx\\\/?p=160269\"},\"wordCount\":272,\"commentCount\":0,\"publisher\":{\"@id\":\"https:\\\/\\\/nbcs.mx\\\/#organization\"},\"image\":{\"@id\":\"https:\\\/\\\/nbcs.mx\\\/?p=160269#primaryimage\"},\"thumbnailUrl\":\"https:\\\/\\\/nbcs.mx\\\/wp-content\\\/uploads\\\/2026\\\/01\\\/FOTO-BOLETIN-GOB-CAPACITACION.jpg\",\"articleSection\":[\"Noticias\"],\"inLanguage\":\"es\",\"potentialAction\":[{\"@type\":\"CommentAction\",\"name\":\"Comment\",\"target\":[\"https:\\\/\\\/nbcs.mx\\\/?p=160269#respond\"]}]},{\"@type\":\"WebPage\",\"@id\":\"https:\\\/\\\/nbcs.mx\\\/?p=160269\",\"url\":\"https:\\\/\\\/nbcs.mx\\\/?p=160269\",\"name\":\"Fortalece Gobierno del Estado acciones para prevenir la violencia digital contra las mujeres - NBCS Noticias\",\"isPartOf\":{\"@id\":\"https:\\\/\\\/nbcs.mx\\\/#website\"},\"primaryImageOfPage\":{\"@id\":\"https:\\\/\\\/nbcs.mx\\\/?p=160269#primaryimage\"},\"image\":{\"@id\":\"https:\\\/\\\/nbcs.mx\\\/?p=160269#primaryimage\"},\"thumbnailUrl\":\"https:\\\/\\\/nbcs.mx\\\/wp-content\\\/uploads\\\/2026\\\/01\\\/FOTO-BOLETIN-GOB-CAPACITACION.jpg\",\"datePublished\":\"2026-01-20T21:28:50+00:00\",\"breadcrumb\":{\"@id\":\"https:\\\/\\\/nbcs.mx\\\/?p=160269#breadcrumb\"},\"inLanguage\":\"es\",\"potentialAction\":[{\"@type\":\"ReadAction\",\"target\":[\"https:\\\/\\\/nbcs.mx\\\/?p=160269\"]}]},{\"@type\":\"ImageObject\",\"inLanguage\":\"es\",\"@id\":\"https:\\\/\\\/nbcs.mx\\\/?p=160269#primaryimage\",\"url\":\"https:\\\/\\\/nbcs.mx\\\/wp-content\\\/uploads\\\/2026\\\/01\\\/FOTO-BOLETIN-GOB-CAPACITACION.jpg\",\"contentUrl\":\"https:\\\/\\\/nbcs.mx\\\/wp-content\\\/uploads\\\/2026\\\/01\\\/FOTO-BOLETIN-GOB-CAPACITACION.jpg\",\"width\":1280,\"height\":769},{\"@type\":\"BreadcrumbList\",\"@id\":\"https:\\\/\\\/nbcs.mx\\\/?p=160269#breadcrumb\",\"itemListElement\":[{\"@type\":\"ListItem\",\"position\":1,\"name\":\"Portada\",\"item\":\"https:\\\/\\\/nbcs.mx\\\/\"},{\"@type\":\"ListItem\",\"position\":2,\"name\":\"Fortalece Gobierno del Estado acciones para prevenir la violencia digital contra las mujeres\"}]},{\"@type\":\"WebSite\",\"@id\":\"https:\\\/\\\/nbcs.mx\\\/#website\",\"url\":\"https:\\\/\\\/nbcs.mx\\\/\",\"name\":\"NBCS Noticias\",\"description\":\"Sitio web de noticias en Baja California Sur\",\"publisher\":{\"@id\":\"https:\\\/\\\/nbcs.mx\\\/#organization\"},\"potentialAction\":[{\"@type\":\"SearchAction\",\"target\":{\"@type\":\"EntryPoint\",\"urlTemplate\":\"https:\\\/\\\/nbcs.mx\\\/?s={search_term_string}\"},\"query-input\":{\"@type\":\"PropertyValueSpecification\",\"valueRequired\":true,\"valueName\":\"search_term_string\"}}],\"inLanguage\":\"es\"},{\"@type\":\"Organization\",\"@id\":\"https:\\\/\\\/nbcs.mx\\\/#organization\",\"name\":\"NBCS Noticias\",\"url\":\"https:\\\/\\\/nbcs.mx\\\/\",\"logo\":{\"@type\":\"ImageObject\",\"inLanguage\":\"es\",\"@id\":\"https:\\\/\\\/nbcs.mx\\\/#\\\/schema\\\/logo\\\/image\\\/\",\"url\":\"https:\\\/\\\/nbcs.mx\\\/wp-content\\\/uploads\\\/2018\\\/09\\\/057b69485e93575a5c2b1c1dde2dd297.jpeg\",\"contentUrl\":\"https:\\\/\\\/nbcs.mx\\\/wp-content\\\/uploads\\\/2018\\\/09\\\/057b69485e93575a5c2b1c1dde2dd297.jpeg\",\"width\":64,\"height\":64,\"caption\":\"NBCS Noticias\"},\"image\":{\"@id\":\"https:\\\/\\\/nbcs.mx\\\/#\\\/schema\\\/logo\\\/image\\\/\"},\"sameAs\":[\"https:\\\/\\\/www.facebook.com\\\/NBCSnoticias\",\"https:\\\/\\\/x.com\\\/NBCSnoticias\"]},{\"@type\":\"Person\",\"@id\":\"https:\\\/\\\/nbcs.mx\\\/#\\\/schema\\\/person\\\/ece58bab9a7c1e87a4d28ec9ecd79ff4\",\"name\":\"NBCS Noticias\",\"image\":{\"@type\":\"ImageObject\",\"inLanguage\":\"es\",\"@id\":\"https:\\\/\\\/secure.gravatar.com\\\/avatar\\\/4e52110cad1c4054b43271a0d14bbe9e2ea76aecd0e1097edfc670798d9ca1d4?s=96&d=blank&r=g\",\"url\":\"https:\\\/\\\/secure.gravatar.com\\\/avatar\\\/4e52110cad1c4054b43271a0d14bbe9e2ea76aecd0e1097edfc670798d9ca1d4?s=96&d=blank&r=g\",\"contentUrl\":\"https:\\\/\\\/secure.gravatar.com\\\/avatar\\\/4e52110cad1c4054b43271a0d14bbe9e2ea76aecd0e1097edfc670798d9ca1d4?s=96&d=blank&r=g\",\"caption\":\"NBCS Noticias\"},\"description\":\"\u00bfTienes fotos o video de alg\u00fan acto de posible negligencia, corrupci\u00f3n y abuso de autoridad? M\u00e1ndalo al WhatsApp de NBCS Noticias: 612 141 98 08\",\"sameAs\":[\"https:\\\/\\\/www.nbcs.mx\",\"https:\\\/\\\/www.facebook.com\\\/NBCSnoticias\",\"https:\\\/\\\/www.instagram.com\\\/nbcsnoticias\\\/\",\"https:\\\/\\\/x.com\\\/https:\\\/\\\/twitter.com\\\/NBCSnoticias\"]}]}<\/script>\n<!-- \/ Yoast SEO plugin. -->","yoast_head_json":{"title":"Fortalece Gobierno del Estado acciones para prevenir la violencia digital contra las mujeres - NBCS Noticias","robots":{"index":"index","follow":"follow","max-snippet":"max-snippet:-1","max-image-preview":"max-image-preview:large","max-video-preview":"max-video-preview:-1"},"canonical":"https:\/\/nbcs.mx\/?p=160269","og_locale":"es_ES","og_type":"article","og_title":"Fortalece Gobierno del Estado acciones para prevenir la violencia digital contra las mujeres - NBCS Noticias","og_description":"Con el objetivo de fomentar espacios digitales seguros y libres de violencia, personal de la Oficina del Ejecutivo particip\u00f3 en","og_url":"https:\/\/nbcs.mx\/?p=160269","og_site_name":"NBCS Noticias","article_publisher":"https:\/\/www.facebook.com\/NBCSnoticias","article_author":"https:\/\/www.facebook.com\/NBCSnoticias","article_published_time":"2026-01-20T21:28:50+00:00","og_image":[{"width":1280,"height":769,"url":"https:\/\/nbcs.mx\/wp-content\/uploads\/2026\/01\/FOTO-BOLETIN-GOB-CAPACITACION.jpg","type":"image\/jpeg"}],"author":"NBCS Noticias","twitter_card":"summary_large_image","twitter_creator":"@https:\/\/twitter.com\/NBCSnoticias","twitter_site":"@NBCSnoticias","twitter_misc":{"Escrito por":"NBCS Noticias","Tiempo de lectura":"2 minutos"},"schema":{"@context":"https:\/\/schema.org","@graph":[{"@type":"Article","@id":"https:\/\/nbcs.mx\/?p=160269#article","isPartOf":{"@id":"https:\/\/nbcs.mx\/?p=160269"},"author":{"name":"NBCS Noticias","@id":"https:\/\/nbcs.mx\/#\/schema\/person\/ece58bab9a7c1e87a4d28ec9ecd79ff4"},"headline":"Fortalece Gobierno del Estado acciones para prevenir la violencia digital contra las mujeres","datePublished":"2026-01-20T21:28:50+00:00","mainEntityOfPage":{"@id":"https:\/\/nbcs.mx\/?p=160269"},"wordCount":272,"commentCount":0,"publisher":{"@id":"https:\/\/nbcs.mx\/#organization"},"image":{"@id":"https:\/\/nbcs.mx\/?p=160269#primaryimage"},"thumbnailUrl":"https:\/\/nbcs.mx\/wp-content\/uploads\/2026\/01\/FOTO-BOLETIN-GOB-CAPACITACION.jpg","articleSection":["Noticias"],"inLanguage":"es","potentialAction":[{"@type":"CommentAction","name":"Comment","target":["https:\/\/nbcs.mx\/?p=160269#respond"]}]},{"@type":"WebPage","@id":"https:\/\/nbcs.mx\/?p=160269","url":"https:\/\/nbcs.mx\/?p=160269","name":"Fortalece Gobierno del Estado acciones para prevenir la violencia digital contra las mujeres - NBCS Noticias","isPartOf":{"@id":"https:\/\/nbcs.mx\/#website"},"primaryImageOfPage":{"@id":"https:\/\/nbcs.mx\/?p=160269#primaryimage"},"image":{"@id":"https:\/\/nbcs.mx\/?p=160269#primaryimage"},"thumbnailUrl":"https:\/\/nbcs.mx\/wp-content\/uploads\/2026\/01\/FOTO-BOLETIN-GOB-CAPACITACION.jpg","datePublished":"2026-01-20T21:28:50+00:00","breadcrumb":{"@id":"https:\/\/nbcs.mx\/?p=160269#breadcrumb"},"inLanguage":"es","potentialAction":[{"@type":"ReadAction","target":["https:\/\/nbcs.mx\/?p=160269"]}]},{"@type":"ImageObject","inLanguage":"es","@id":"https:\/\/nbcs.mx\/?p=160269#primaryimage","url":"https:\/\/nbcs.mx\/wp-content\/uploads\/2026\/01\/FOTO-BOLETIN-GOB-CAPACITACION.jpg","contentUrl":"https:\/\/nbcs.mx\/wp-content\/uploads\/2026\/01\/FOTO-BOLETIN-GOB-CAPACITACION.jpg","width":1280,"height":769},{"@type":"BreadcrumbList","@id":"https:\/\/nbcs.mx\/?p=160269#breadcrumb","itemListElement":[{"@type":"ListItem","position":1,"name":"Portada","item":"https:\/\/nbcs.mx\/"},{"@type":"ListItem","position":2,"name":"Fortalece Gobierno del Estado acciones para prevenir la violencia digital contra las mujeres"}]},{"@type":"WebSite","@id":"https:\/\/nbcs.mx\/#website","url":"https:\/\/nbcs.mx\/","name":"NBCS Noticias","description":"Sitio web de noticias en Baja California Sur","publisher":{"@id":"https:\/\/nbcs.mx\/#organization"},"potentialAction":[{"@type":"SearchAction","target":{"@type":"EntryPoint","urlTemplate":"https:\/\/nbcs.mx\/?s={search_term_string}"},"query-input":{"@type":"PropertyValueSpecification","valueRequired":true,"valueName":"search_term_string"}}],"inLanguage":"es"},{"@type":"Organization","@id":"https:\/\/nbcs.mx\/#organization","name":"NBCS Noticias","url":"https:\/\/nbcs.mx\/","logo":{"@type":"ImageObject","inLanguage":"es","@id":"https:\/\/nbcs.mx\/#\/schema\/logo\/image\/","url":"https:\/\/nbcs.mx\/wp-content\/uploads\/2018\/09\/057b69485e93575a5c2b1c1dde2dd297.jpeg","contentUrl":"https:\/\/nbcs.mx\/wp-content\/uploads\/2018\/09\/057b69485e93575a5c2b1c1dde2dd297.jpeg","width":64,"height":64,"caption":"NBCS Noticias"},"image":{"@id":"https:\/\/nbcs.mx\/#\/schema\/logo\/image\/"},"sameAs":["https:\/\/www.facebook.com\/NBCSnoticias","https:\/\/x.com\/NBCSnoticias"]},{"@type":"Person","@id":"https:\/\/nbcs.mx\/#\/schema\/person\/ece58bab9a7c1e87a4d28ec9ecd79ff4","name":"NBCS Noticias","image":{"@type":"ImageObject","inLanguage":"es","@id":"https:\/\/secure.gravatar.com\/avatar\/4e52110cad1c4054b43271a0d14bbe9e2ea76aecd0e1097edfc670798d9ca1d4?s=96&d=blank&r=g","url":"https:\/\/secure.gravatar.com\/avatar\/4e52110cad1c4054b43271a0d14bbe9e2ea76aecd0e1097edfc670798d9ca1d4?s=96&d=blank&r=g","contentUrl":"https:\/\/secure.gravatar.com\/avatar\/4e52110cad1c4054b43271a0d14bbe9e2ea76aecd0e1097edfc670798d9ca1d4?s=96&d=blank&r=g","caption":"NBCS Noticias"},"description":"\u00bfTienes fotos o video de alg\u00fan acto de posible negligencia, corrupci\u00f3n y abuso de autoridad? M\u00e1ndalo al WhatsApp de NBCS Noticias: 612 141 98 08","sameAs":["https:\/\/www.nbcs.mx","https:\/\/www.facebook.com\/NBCSnoticias","https:\/\/www.instagram.com\/nbcsnoticias\/","https:\/\/x.com\/https:\/\/twitter.com\/NBCSnoticias"]}]}},"jetpack_publicize_connections":[],"jetpack_featured_media_url":"https:\/\/nbcs.mx\/wp-content\/uploads\/2026\/01\/FOTO-BOLETIN-GOB-CAPACITACION.jpg","jetpack_sharing_enabled":true,"_links":{"self":[{"href":"https:\/\/nbcs.mx\/index.php?rest_route=\/wp\/v2\/posts\/160269","targetHints":{"allow":["GET"]}}],"collection":[{"href":"https:\/\/nbcs.mx\/index.php?rest_route=\/wp\/v2\/posts"}],"about":[{"href":"https:\/\/nbcs.mx\/index.php?rest_route=\/wp\/v2\/types\/post"}],"author":[{"embeddable":true,"href":"https:\/\/nbcs.mx\/index.php?rest_route=\/wp\/v2\/users\/1"}],"replies":[{"embeddable":true,"href":"https:\/\/nbcs.mx\/index.php?rest_route=%2Fwp%2Fv2%2Fcomments&post=160269"}],"version-history":[{"count":1,"href":"https:\/\/nbcs.mx\/index.php?rest_route=\/wp\/v2\/posts\/160269\/revisions"}],"predecessor-version":[{"id":160271,"href":"https:\/\/nbcs.mx\/index.php?rest_route=\/wp\/v2\/posts\/160269\/revisions\/160271"}],"wp:featuredmedia":[{"embeddable":true,"href":"https:\/\/nbcs.mx\/index.php?rest_route=\/wp\/v2\/media\/160270"}],"wp:attachment":[{"href":"https:\/\/nbcs.mx\/index.php?rest_route=%2Fwp%2Fv2%2Fmedia&parent=160269"}],"wp:term":[{"taxonomy":"category","embeddable":true,"href":"https:\/\/nbcs.mx\/index.php?rest_route=%2Fwp%2Fv2%2Fcategories&post=160269"},{"taxonomy":"post_tag","embeddable":true,"href":"https:\/\/nbcs.mx\/index.php?rest_route=%2Fwp%2Fv2%2Ftags&post=160269"}],"curies":[{"name":"wp","href":"https:\/\/api.w.org\/{rel}","templated":true}]}}