{"id":160284,"date":"2026-01-21T06:24:27","date_gmt":"2026-01-21T13:24:27","guid":{"rendered":"https:\/\/nbcs.mx\/?p=160284"},"modified":"2026-01-21T06:24:27","modified_gmt":"2026-01-21T13:24:27","slug":"encabeza-milena-quiroga-el-primer-dia-del-pueblo-2026-en-la-colonia-revolucion","status":"publish","type":"post","link":"https:\/\/nbcs.mx\/?p=160284","title":{"rendered":"Encabeza Milena Quiroga el primer D\u00eda del Pueblo 2026 en la colonia Revoluci\u00f3n"},"content":{"rendered":"<p style=\"font-weight: 400; text-align: justify;\"><img loading=\"lazy\" decoding=\"async\" class=\" wp-image-160285 alignleft\" src=\"https:\/\/nbcs.mx\/wp-content\/uploads\/2026\/01\/Foto-Boletin-060-718x492.jpg\" alt=\"\" width=\"375\" height=\"257\" srcset=\"https:\/\/nbcs.mx\/wp-content\/uploads\/2026\/01\/Foto-Boletin-060-718x492.jpg 718w, https:\/\/nbcs.mx\/wp-content\/uploads\/2026\/01\/Foto-Boletin-060-1024x702.jpg 1024w, https:\/\/nbcs.mx\/wp-content\/uploads\/2026\/01\/Foto-Boletin-060-150x103.jpg 150w, https:\/\/nbcs.mx\/wp-content\/uploads\/2026\/01\/Foto-Boletin-060-768x526.jpg 768w, https:\/\/nbcs.mx\/wp-content\/uploads\/2026\/01\/Foto-Boletin-060-1536x1053.jpg 1536w, https:\/\/nbcs.mx\/wp-content\/uploads\/2026\/01\/Foto-Boletin-060-130x90.jpg 130w, https:\/\/nbcs.mx\/wp-content\/uploads\/2026\/01\/Foto-Boletin-060.jpg 1614w\" sizes=\"auto, (max-width: 375px) 100vw, 375px\" \/>La alcaldesa de La Paz, Milena Quiroga Romero, encabez\u00f3 las audiencias ciudadanas del \u201cD\u00eda del Pueblo\u201d en la colonia Revoluci\u00f3n, el primero del 2026, donde escuch\u00f3 de manera directa a vecinas y vecinos, adem\u00e1s de informarles sobre proyectos que se desarrollan en la zona y en el resto del municipio.<\/p>\n<p style=\"font-weight: 400; text-align: justify;\">\n<p style=\"font-weight: 400; text-align: justify;\">\u201cLa idea de venir ac\u00e1 es ver lo que se requiere, platicar un poco de lo que hemos hecho y ver qu\u00e9 m\u00e1s podemos hacer, porque me gusta escuchar de viva voz c\u00f3mo estamos. Yo puedo ver reportes, pero nada como escuchar a la gente\u201d, expres\u00f3 durante el encuentro.<\/p>\n<p style=\"font-weight: 400; text-align: justify;\">\n<p style=\"font-weight: 400; text-align: justify;\">Por otra parte, dio a conocer que para facilitar el acceso al Camino de Paz que se encuentra sobre el libramiento Juan de Dios Angulo, se est\u00e1n construyendo escalinatas iluminadas, que conectar\u00e1n la calle con el sendero, con el objetivo de brindar un acceso y una v\u00eda segura para quienes habitan en los alrededores.<\/p>\n<p style=\"font-weight: 400; text-align: justify;\">\n<p style=\"font-weight: 400; text-align: justify;\">Respecto al suministro de agua potable, la alcaldesa se\u00f1al\u00f3 que, de acuerdo con registros del Organismo Operador Municipal del Sistema de Agua Potable, Alcantarillado y Saneamiento (OOMSAPAS), el 86% de las tomas de agua de la colonia se encuentra al corriente, mientras que el resto presenta rezago en los pagos.<\/p>\n<p style=\"font-weight: 400; text-align: justify;\">\n<p style=\"font-weight: 400; text-align: justify;\">Asimismo, hablaron sobre la percepci\u00f3n de los servicios de recolecci\u00f3n de basura, mantenimiento de parques, bacheo y luminarias. En este contexto, Milena Quiroga exhort\u00f3 a la presentes a utilizar la aplicaci\u00f3n m\u00f3vil del Ayuntamiento, App La Paz, para reportar situaciones relacionadas con servicios p\u00fablicos, alumbrado, basura, veh\u00edculos abandonados, baches o conflictos vecinales.<\/p>\n<p style=\"font-weight: 400; text-align: justify;\">\n<p style=\"font-weight: 400; text-align: justify;\">En esta primera audiencia, acompa\u00f1aron a la presidenta municipal, los diputados locales Erick Ag\u00fandez, Sergio Guluarte y Dalia Collins, as\u00ed como integrantes del Cabildo y directores de distintas \u00e1reas municipales, con el objetivo de brindar una atenci\u00f3n directa y coordinada.<\/p>\n","protected":false},"excerpt":{"rendered":"<p>La alcaldesa de La Paz, Milena Quiroga Romero, encabez\u00f3 las audiencias ciudadanas del \u201cD\u00eda del Pueblo\u201d en la colonia Revoluci\u00f3n,<\/p>\n","protected":false},"author":1,"featured_media":160285,"comment_status":"open","ping_status":"closed","sticky":false,"template":"","format":"standard","meta":{"colormag_page_container_layout":"default_layout","colormag_page_sidebar_layout":"default_layout","_jetpack_memberships_contains_paid_content":false,"footnotes":"","jetpack_publicize_message":"","jetpack_publicize_feature_enabled":true,"jetpack_social_post_already_shared":true,"jetpack_social_options":{"image_generator_settings":{"template":"highway","default_image_id":0,"font":"","enabled":false},"version":2}},"categories":[40],"tags":[],"class_list":["post-160284","post","type-post","status-publish","format-standard","has-post-thumbnail","hentry","category-municipios"],"yoast_head":"<!-- This site is optimized with the Yoast SEO plugin v27.4 - https:\/\/yoast.com\/product\/yoast-seo-wordpress\/ -->\n<title>Encabeza Milena Quiroga el primer D\u00eda del Pueblo 2026 en la colonia Revoluci\u00f3n - NBCS Noticias<\/title>\n<meta name=\"robots\" content=\"index, follow, max-snippet:-1, max-image-preview:large, max-video-preview:-1\" \/>\n<link rel=\"canonical\" href=\"https:\/\/nbcs.mx\/?p=160284\" \/>\n<meta property=\"og:locale\" content=\"es_ES\" \/>\n<meta property=\"og:type\" content=\"article\" \/>\n<meta property=\"og:title\" content=\"Encabeza Milena Quiroga el primer D\u00eda del Pueblo 2026 en la colonia Revoluci\u00f3n - NBCS Noticias\" \/>\n<meta property=\"og:description\" content=\"La alcaldesa de La Paz, Milena Quiroga Romero, encabez\u00f3 las audiencias ciudadanas del \u201cD\u00eda del Pueblo\u201d en la colonia Revoluci\u00f3n,\" \/>\n<meta property=\"og:url\" content=\"https:\/\/nbcs.mx\/?p=160284\" \/>\n<meta property=\"og:site_name\" content=\"NBCS Noticias\" \/>\n<meta property=\"article:publisher\" content=\"https:\/\/www.facebook.com\/NBCSnoticias\" \/>\n<meta property=\"article:author\" content=\"https:\/\/www.facebook.com\/NBCSnoticias\" \/>\n<meta property=\"article:published_time\" content=\"2026-01-21T13:24:27+00:00\" \/>\n<meta property=\"og:image\" content=\"https:\/\/nbcs.mx\/wp-content\/uploads\/2026\/01\/Foto-Boletin-060.jpg\" \/>\n\t<meta property=\"og:image:width\" content=\"1614\" \/>\n\t<meta property=\"og:image:height\" content=\"1106\" \/>\n\t<meta property=\"og:image:type\" content=\"image\/jpeg\" \/>\n<meta name=\"author\" content=\"NBCS Noticias\" \/>\n<meta name=\"twitter:card\" content=\"summary_large_image\" \/>\n<meta name=\"twitter:creator\" content=\"@https:\/\/twitter.com\/NBCSnoticias\" \/>\n<meta name=\"twitter:site\" content=\"@NBCSnoticias\" \/>\n<meta name=\"twitter:label1\" content=\"Escrito por\" \/>\n\t<meta name=\"twitter:data1\" content=\"NBCS Noticias\" \/>\n\t<meta name=\"twitter:label2\" content=\"Tiempo de lectura\" \/>\n\t<meta name=\"twitter:data2\" content=\"2 minutos\" \/>\n<script type=\"application\/ld+json\" class=\"yoast-schema-graph\">{\"@context\":\"https:\\\/\\\/schema.org\",\"@graph\":[{\"@type\":\"Article\",\"@id\":\"https:\\\/\\\/nbcs.mx\\\/?p=160284#article\",\"isPartOf\":{\"@id\":\"https:\\\/\\\/nbcs.mx\\\/?p=160284\"},\"author\":{\"name\":\"NBCS Noticias\",\"@id\":\"https:\\\/\\\/nbcs.mx\\\/#\\\/schema\\\/person\\\/ece58bab9a7c1e87a4d28ec9ecd79ff4\"},\"headline\":\"Encabeza Milena Quiroga el primer D\u00eda del Pueblo 2026 en la colonia Revoluci\u00f3n\",\"datePublished\":\"2026-01-21T13:24:27+00:00\",\"mainEntityOfPage\":{\"@id\":\"https:\\\/\\\/nbcs.mx\\\/?p=160284\"},\"wordCount\":325,\"commentCount\":0,\"publisher\":{\"@id\":\"https:\\\/\\\/nbcs.mx\\\/#organization\"},\"image\":{\"@id\":\"https:\\\/\\\/nbcs.mx\\\/?p=160284#primaryimage\"},\"thumbnailUrl\":\"https:\\\/\\\/nbcs.mx\\\/wp-content\\\/uploads\\\/2026\\\/01\\\/Foto-Boletin-060.jpg\",\"articleSection\":[\"Municipios\"],\"inLanguage\":\"es\",\"potentialAction\":[{\"@type\":\"CommentAction\",\"name\":\"Comment\",\"target\":[\"https:\\\/\\\/nbcs.mx\\\/?p=160284#respond\"]}]},{\"@type\":\"WebPage\",\"@id\":\"https:\\\/\\\/nbcs.mx\\\/?p=160284\",\"url\":\"https:\\\/\\\/nbcs.mx\\\/?p=160284\",\"name\":\"Encabeza Milena Quiroga el primer D\u00eda del Pueblo 2026 en la colonia Revoluci\u00f3n - NBCS Noticias\",\"isPartOf\":{\"@id\":\"https:\\\/\\\/nbcs.mx\\\/#website\"},\"primaryImageOfPage\":{\"@id\":\"https:\\\/\\\/nbcs.mx\\\/?p=160284#primaryimage\"},\"image\":{\"@id\":\"https:\\\/\\\/nbcs.mx\\\/?p=160284#primaryimage\"},\"thumbnailUrl\":\"https:\\\/\\\/nbcs.mx\\\/wp-content\\\/uploads\\\/2026\\\/01\\\/Foto-Boletin-060.jpg\",\"datePublished\":\"2026-01-21T13:24:27+00:00\",\"breadcrumb\":{\"@id\":\"https:\\\/\\\/nbcs.mx\\\/?p=160284#breadcrumb\"},\"inLanguage\":\"es\",\"potentialAction\":[{\"@type\":\"ReadAction\",\"target\":[\"https:\\\/\\\/nbcs.mx\\\/?p=160284\"]}]},{\"@type\":\"ImageObject\",\"inLanguage\":\"es\",\"@id\":\"https:\\\/\\\/nbcs.mx\\\/?p=160284#primaryimage\",\"url\":\"https:\\\/\\\/nbcs.mx\\\/wp-content\\\/uploads\\\/2026\\\/01\\\/Foto-Boletin-060.jpg\",\"contentUrl\":\"https:\\\/\\\/nbcs.mx\\\/wp-content\\\/uploads\\\/2026\\\/01\\\/Foto-Boletin-060.jpg\",\"width\":1614,\"height\":1106},{\"@type\":\"BreadcrumbList\",\"@id\":\"https:\\\/\\\/nbcs.mx\\\/?p=160284#breadcrumb\",\"itemListElement\":[{\"@type\":\"ListItem\",\"position\":1,\"name\":\"Portada\",\"item\":\"https:\\\/\\\/nbcs.mx\\\/\"},{\"@type\":\"ListItem\",\"position\":2,\"name\":\"Encabeza Milena Quiroga el primer D\u00eda del Pueblo 2026 en la colonia Revoluci\u00f3n\"}]},{\"@type\":\"WebSite\",\"@id\":\"https:\\\/\\\/nbcs.mx\\\/#website\",\"url\":\"https:\\\/\\\/nbcs.mx\\\/\",\"name\":\"NBCS Noticias\",\"description\":\"Sitio web de noticias en Baja California Sur\",\"publisher\":{\"@id\":\"https:\\\/\\\/nbcs.mx\\\/#organization\"},\"potentialAction\":[{\"@type\":\"SearchAction\",\"target\":{\"@type\":\"EntryPoint\",\"urlTemplate\":\"https:\\\/\\\/nbcs.mx\\\/?s={search_term_string}\"},\"query-input\":{\"@type\":\"PropertyValueSpecification\",\"valueRequired\":true,\"valueName\":\"search_term_string\"}}],\"inLanguage\":\"es\"},{\"@type\":\"Organization\",\"@id\":\"https:\\\/\\\/nbcs.mx\\\/#organization\",\"name\":\"NBCS Noticias\",\"url\":\"https:\\\/\\\/nbcs.mx\\\/\",\"logo\":{\"@type\":\"ImageObject\",\"inLanguage\":\"es\",\"@id\":\"https:\\\/\\\/nbcs.mx\\\/#\\\/schema\\\/logo\\\/image\\\/\",\"url\":\"https:\\\/\\\/nbcs.mx\\\/wp-content\\\/uploads\\\/2018\\\/09\\\/057b69485e93575a5c2b1c1dde2dd297.jpeg\",\"contentUrl\":\"https:\\\/\\\/nbcs.mx\\\/wp-content\\\/uploads\\\/2018\\\/09\\\/057b69485e93575a5c2b1c1dde2dd297.jpeg\",\"width\":64,\"height\":64,\"caption\":\"NBCS Noticias\"},\"image\":{\"@id\":\"https:\\\/\\\/nbcs.mx\\\/#\\\/schema\\\/logo\\\/image\\\/\"},\"sameAs\":[\"https:\\\/\\\/www.facebook.com\\\/NBCSnoticias\",\"https:\\\/\\\/x.com\\\/NBCSnoticias\"]},{\"@type\":\"Person\",\"@id\":\"https:\\\/\\\/nbcs.mx\\\/#\\\/schema\\\/person\\\/ece58bab9a7c1e87a4d28ec9ecd79ff4\",\"name\":\"NBCS Noticias\",\"image\":{\"@type\":\"ImageObject\",\"inLanguage\":\"es\",\"@id\":\"https:\\\/\\\/secure.gravatar.com\\\/avatar\\\/4e52110cad1c4054b43271a0d14bbe9e2ea76aecd0e1097edfc670798d9ca1d4?s=96&d=blank&r=g\",\"url\":\"https:\\\/\\\/secure.gravatar.com\\\/avatar\\\/4e52110cad1c4054b43271a0d14bbe9e2ea76aecd0e1097edfc670798d9ca1d4?s=96&d=blank&r=g\",\"contentUrl\":\"https:\\\/\\\/secure.gravatar.com\\\/avatar\\\/4e52110cad1c4054b43271a0d14bbe9e2ea76aecd0e1097edfc670798d9ca1d4?s=96&d=blank&r=g\",\"caption\":\"NBCS Noticias\"},\"description\":\"\u00bfTienes fotos o video de alg\u00fan acto de posible negligencia, corrupci\u00f3n y abuso de autoridad? M\u00e1ndalo al WhatsApp de NBCS Noticias: 612 141 98 08\",\"sameAs\":[\"https:\\\/\\\/www.nbcs.mx\",\"https:\\\/\\\/www.facebook.com\\\/NBCSnoticias\",\"https:\\\/\\\/www.instagram.com\\\/nbcsnoticias\\\/\",\"https:\\\/\\\/x.com\\\/https:\\\/\\\/twitter.com\\\/NBCSnoticias\"]}]}<\/script>\n<!-- \/ Yoast SEO plugin. -->","yoast_head_json":{"title":"Encabeza Milena Quiroga el primer D\u00eda del Pueblo 2026 en la colonia Revoluci\u00f3n - NBCS Noticias","robots":{"index":"index","follow":"follow","max-snippet":"max-snippet:-1","max-image-preview":"max-image-preview:large","max-video-preview":"max-video-preview:-1"},"canonical":"https:\/\/nbcs.mx\/?p=160284","og_locale":"es_ES","og_type":"article","og_title":"Encabeza Milena Quiroga el primer D\u00eda del Pueblo 2026 en la colonia Revoluci\u00f3n - NBCS Noticias","og_description":"La alcaldesa de La Paz, Milena Quiroga Romero, encabez\u00f3 las audiencias ciudadanas del \u201cD\u00eda del Pueblo\u201d en la colonia Revoluci\u00f3n,","og_url":"https:\/\/nbcs.mx\/?p=160284","og_site_name":"NBCS Noticias","article_publisher":"https:\/\/www.facebook.com\/NBCSnoticias","article_author":"https:\/\/www.facebook.com\/NBCSnoticias","article_published_time":"2026-01-21T13:24:27+00:00","og_image":[{"width":1614,"height":1106,"url":"https:\/\/nbcs.mx\/wp-content\/uploads\/2026\/01\/Foto-Boletin-060.jpg","type":"image\/jpeg"}],"author":"NBCS Noticias","twitter_card":"summary_large_image","twitter_creator":"@https:\/\/twitter.com\/NBCSnoticias","twitter_site":"@NBCSnoticias","twitter_misc":{"Escrito por":"NBCS Noticias","Tiempo de lectura":"2 minutos"},"schema":{"@context":"https:\/\/schema.org","@graph":[{"@type":"Article","@id":"https:\/\/nbcs.mx\/?p=160284#article","isPartOf":{"@id":"https:\/\/nbcs.mx\/?p=160284"},"author":{"name":"NBCS Noticias","@id":"https:\/\/nbcs.mx\/#\/schema\/person\/ece58bab9a7c1e87a4d28ec9ecd79ff4"},"headline":"Encabeza Milena Quiroga el primer D\u00eda del Pueblo 2026 en la colonia Revoluci\u00f3n","datePublished":"2026-01-21T13:24:27+00:00","mainEntityOfPage":{"@id":"https:\/\/nbcs.mx\/?p=160284"},"wordCount":325,"commentCount":0,"publisher":{"@id":"https:\/\/nbcs.mx\/#organization"},"image":{"@id":"https:\/\/nbcs.mx\/?p=160284#primaryimage"},"thumbnailUrl":"https:\/\/nbcs.mx\/wp-content\/uploads\/2026\/01\/Foto-Boletin-060.jpg","articleSection":["Municipios"],"inLanguage":"es","potentialAction":[{"@type":"CommentAction","name":"Comment","target":["https:\/\/nbcs.mx\/?p=160284#respond"]}]},{"@type":"WebPage","@id":"https:\/\/nbcs.mx\/?p=160284","url":"https:\/\/nbcs.mx\/?p=160284","name":"Encabeza Milena Quiroga el primer D\u00eda del Pueblo 2026 en la colonia Revoluci\u00f3n - NBCS Noticias","isPartOf":{"@id":"https:\/\/nbcs.mx\/#website"},"primaryImageOfPage":{"@id":"https:\/\/nbcs.mx\/?p=160284#primaryimage"},"image":{"@id":"https:\/\/nbcs.mx\/?p=160284#primaryimage"},"thumbnailUrl":"https:\/\/nbcs.mx\/wp-content\/uploads\/2026\/01\/Foto-Boletin-060.jpg","datePublished":"2026-01-21T13:24:27+00:00","breadcrumb":{"@id":"https:\/\/nbcs.mx\/?p=160284#breadcrumb"},"inLanguage":"es","potentialAction":[{"@type":"ReadAction","target":["https:\/\/nbcs.mx\/?p=160284"]}]},{"@type":"ImageObject","inLanguage":"es","@id":"https:\/\/nbcs.mx\/?p=160284#primaryimage","url":"https:\/\/nbcs.mx\/wp-content\/uploads\/2026\/01\/Foto-Boletin-060.jpg","contentUrl":"https:\/\/nbcs.mx\/wp-content\/uploads\/2026\/01\/Foto-Boletin-060.jpg","width":1614,"height":1106},{"@type":"BreadcrumbList","@id":"https:\/\/nbcs.mx\/?p=160284#breadcrumb","itemListElement":[{"@type":"ListItem","position":1,"name":"Portada","item":"https:\/\/nbcs.mx\/"},{"@type":"ListItem","position":2,"name":"Encabeza Milena Quiroga el primer D\u00eda del Pueblo 2026 en la colonia Revoluci\u00f3n"}]},{"@type":"WebSite","@id":"https:\/\/nbcs.mx\/#website","url":"https:\/\/nbcs.mx\/","name":"NBCS Noticias","description":"Sitio web de noticias en Baja California Sur","publisher":{"@id":"https:\/\/nbcs.mx\/#organization"},"potentialAction":[{"@type":"SearchAction","target":{"@type":"EntryPoint","urlTemplate":"https:\/\/nbcs.mx\/?s={search_term_string}"},"query-input":{"@type":"PropertyValueSpecification","valueRequired":true,"valueName":"search_term_string"}}],"inLanguage":"es"},{"@type":"Organization","@id":"https:\/\/nbcs.mx\/#organization","name":"NBCS Noticias","url":"https:\/\/nbcs.mx\/","logo":{"@type":"ImageObject","inLanguage":"es","@id":"https:\/\/nbcs.mx\/#\/schema\/logo\/image\/","url":"https:\/\/nbcs.mx\/wp-content\/uploads\/2018\/09\/057b69485e93575a5c2b1c1dde2dd297.jpeg","contentUrl":"https:\/\/nbcs.mx\/wp-content\/uploads\/2018\/09\/057b69485e93575a5c2b1c1dde2dd297.jpeg","width":64,"height":64,"caption":"NBCS Noticias"},"image":{"@id":"https:\/\/nbcs.mx\/#\/schema\/logo\/image\/"},"sameAs":["https:\/\/www.facebook.com\/NBCSnoticias","https:\/\/x.com\/NBCSnoticias"]},{"@type":"Person","@id":"https:\/\/nbcs.mx\/#\/schema\/person\/ece58bab9a7c1e87a4d28ec9ecd79ff4","name":"NBCS Noticias","image":{"@type":"ImageObject","inLanguage":"es","@id":"https:\/\/secure.gravatar.com\/avatar\/4e52110cad1c4054b43271a0d14bbe9e2ea76aecd0e1097edfc670798d9ca1d4?s=96&d=blank&r=g","url":"https:\/\/secure.gravatar.com\/avatar\/4e52110cad1c4054b43271a0d14bbe9e2ea76aecd0e1097edfc670798d9ca1d4?s=96&d=blank&r=g","contentUrl":"https:\/\/secure.gravatar.com\/avatar\/4e52110cad1c4054b43271a0d14bbe9e2ea76aecd0e1097edfc670798d9ca1d4?s=96&d=blank&r=g","caption":"NBCS Noticias"},"description":"\u00bfTienes fotos o video de alg\u00fan acto de posible negligencia, corrupci\u00f3n y abuso de autoridad? M\u00e1ndalo al WhatsApp de NBCS Noticias: 612 141 98 08","sameAs":["https:\/\/www.nbcs.mx","https:\/\/www.facebook.com\/NBCSnoticias","https:\/\/www.instagram.com\/nbcsnoticias\/","https:\/\/x.com\/https:\/\/twitter.com\/NBCSnoticias"]}]}},"jetpack_publicize_connections":[],"jetpack_featured_media_url":"https:\/\/nbcs.mx\/wp-content\/uploads\/2026\/01\/Foto-Boletin-060.jpg","jetpack_sharing_enabled":true,"_links":{"self":[{"href":"https:\/\/nbcs.mx\/index.php?rest_route=\/wp\/v2\/posts\/160284","targetHints":{"allow":["GET"]}}],"collection":[{"href":"https:\/\/nbcs.mx\/index.php?rest_route=\/wp\/v2\/posts"}],"about":[{"href":"https:\/\/nbcs.mx\/index.php?rest_route=\/wp\/v2\/types\/post"}],"author":[{"embeddable":true,"href":"https:\/\/nbcs.mx\/index.php?rest_route=\/wp\/v2\/users\/1"}],"replies":[{"embeddable":true,"href":"https:\/\/nbcs.mx\/index.php?rest_route=%2Fwp%2Fv2%2Fcomments&post=160284"}],"version-history":[{"count":1,"href":"https:\/\/nbcs.mx\/index.php?rest_route=\/wp\/v2\/posts\/160284\/revisions"}],"predecessor-version":[{"id":160286,"href":"https:\/\/nbcs.mx\/index.php?rest_route=\/wp\/v2\/posts\/160284\/revisions\/160286"}],"wp:featuredmedia":[{"embeddable":true,"href":"https:\/\/nbcs.mx\/index.php?rest_route=\/wp\/v2\/media\/160285"}],"wp:attachment":[{"href":"https:\/\/nbcs.mx\/index.php?rest_route=%2Fwp%2Fv2%2Fmedia&parent=160284"}],"wp:term":[{"taxonomy":"category","embeddable":true,"href":"https:\/\/nbcs.mx\/index.php?rest_route=%2Fwp%2Fv2%2Fcategories&post=160284"},{"taxonomy":"post_tag","embeddable":true,"href":"https:\/\/nbcs.mx\/index.php?rest_route=%2Fwp%2Fv2%2Ftags&post=160284"}],"curies":[{"name":"wp","href":"https:\/\/api.w.org\/{rel}","templated":true}]}}