{"id":160361,"date":"2026-01-22T13:04:16","date_gmt":"2026-01-22T20:04:16","guid":{"rendered":"https:\/\/nbcs.mx\/?p=160361"},"modified":"2026-01-22T13:04:16","modified_gmt":"2026-01-22T20:04:16","slug":"encabeza-gobernador-victor-castro-sesion-del-consejo-de-paz-y-justicia-civica-en-bcs","status":"publish","type":"post","link":"https:\/\/nbcs.mx\/?p=160361","title":{"rendered":"Encabeza gobernador V\u00edctor Castro sesi\u00f3n del Consejo de Paz y Justicia C\u00edvica en BCS"},"content":{"rendered":"<p style=\"font-weight: 400; text-align: justify;\"><img loading=\"lazy\" decoding=\"async\" class=\" wp-image-160362 alignleft\" src=\"https:\/\/nbcs.mx\/wp-content\/uploads\/2026\/01\/FOTO-BOLETIN-0013-VMCC-CONSEJO-DE-PAZ-1-727x492.jpg\" alt=\"\" width=\"416\" height=\"282\" srcset=\"https:\/\/nbcs.mx\/wp-content\/uploads\/2026\/01\/FOTO-BOLETIN-0013-VMCC-CONSEJO-DE-PAZ-1-727x492.jpg 727w, https:\/\/nbcs.mx\/wp-content\/uploads\/2026\/01\/FOTO-BOLETIN-0013-VMCC-CONSEJO-DE-PAZ-1-1024x693.jpg 1024w, https:\/\/nbcs.mx\/wp-content\/uploads\/2026\/01\/FOTO-BOLETIN-0013-VMCC-CONSEJO-DE-PAZ-1-150x102.jpg 150w, https:\/\/nbcs.mx\/wp-content\/uploads\/2026\/01\/FOTO-BOLETIN-0013-VMCC-CONSEJO-DE-PAZ-1-768x520.jpg 768w, https:\/\/nbcs.mx\/wp-content\/uploads\/2026\/01\/FOTO-BOLETIN-0013-VMCC-CONSEJO-DE-PAZ-1-1536x1039.jpg 1536w, https:\/\/nbcs.mx\/wp-content\/uploads\/2026\/01\/FOTO-BOLETIN-0013-VMCC-CONSEJO-DE-PAZ-1.jpg 1986w\" sizes=\"auto, (max-width: 416px) 100vw, 416px\" \/>Durante la primera sesi\u00f3n ordinaria del Consejo de Paz y Justicia C\u00edvica en Baja California Sur, el gobernador V\u00edctor Manuel Castro Cos\u00edo subray\u00f3 la importancia de consolidar acciones que fortalezcan la paz y la tranquilidad en la entidad. \u201cLa idea central es que el gobierno dialogue con todos los sectores sociales, con el prop\u00f3sito de garantizar una paz sin simulaci\u00f3n y una tranquilidad sin exceso de confianza\u201d, puntualiz\u00f3.<\/p>\n<p style=\"font-weight: 400; text-align: justify;\">\n<p style=\"font-weight: 400; text-align: justify;\">Castro Cos\u00edo expres\u00f3 su confianza en que este \u00f3rgano colegiado ser\u00e1 el encargado de definir el rumbo de las acciones institucionales en la materia. En ese sentido, record\u00f3 los avances alcanzados en paz y seguridad, al destacar que Baja California Sur se mantiene como uno de los estados m\u00e1s seguros del pa\u00eds, resultado del trabajo coordinado entre las distintas instancias, lo que ha permitido una disminuci\u00f3n significativa en los homicidios dolosos.<\/p>\n<p style=\"font-weight: 400; text-align: justify;\">\n<p style=\"font-weight: 400; text-align: justify;\">El titular del Ejecutivo estatal inform\u00f3 que el Consejo trabajar\u00e1 sobre cuatro pilares fundamentales: la coordinaci\u00f3n operativa entre instituciones; la vinculaci\u00f3n estatal con los consejos municipales; el despliegue territorial para conocer de manera directa las problem\u00e1ticas de las comunidades; y la consolidaci\u00f3n de un diagn\u00f3stico que servir\u00e1 como base para el documento rector de este organismo.<\/p>\n<p style=\"font-weight: 400; text-align: justify;\">\n<p style=\"font-weight: 400; text-align: justify;\">Durante la sesi\u00f3n, se design\u00f3 a Alma Lidia Cota Ojeda como secretaria t\u00e9cnica, quien cuenta con una amplia trayectoria en el servicio p\u00fablico, siendo su encargo m\u00e1s reciente la Direcci\u00f3n del Consejo Estatal Anticorrupci\u00f3n.<\/p>\n<p style=\"font-weight: 400; text-align: justify;\">\n<p style=\"font-weight: 400; text-align: justify;\">Finalmente, el gobernador se\u00f1al\u00f3 que los primeros trabajos contemplan la elaboraci\u00f3n de un diagn\u00f3stico y un plan de acci\u00f3n, los cuales se prev\u00e9 concluir en el mes de abril, con el objetivo de presentar posteriormente un plan integral de acciones y evaluaci\u00f3n. Asimismo, convoc\u00f3 a todas las instancias a sumar propuestas y coordinar esfuerzos para continuar reduciendo la inseguridad y las adicciones, y avanzar en la construcci\u00f3n de un entorno m\u00e1s fraterno, solidario y arm\u00f3nico para Baja California Sur.<\/p>\n","protected":false},"excerpt":{"rendered":"<p>Durante la primera sesi\u00f3n ordinaria del Consejo de Paz y Justicia C\u00edvica en Baja California Sur, el gobernador V\u00edctor Manuel<\/p>\n","protected":false},"author":1,"featured_media":160362,"comment_status":"open","ping_status":"closed","sticky":false,"template":"","format":"standard","meta":{"colormag_page_container_layout":"default_layout","colormag_page_sidebar_layout":"default_layout","_jetpack_memberships_contains_paid_content":false,"footnotes":"","jetpack_publicize_message":"","jetpack_publicize_feature_enabled":true,"jetpack_social_post_already_shared":true,"jetpack_social_options":{"image_generator_settings":{"template":"highway","default_image_id":0,"font":"","enabled":false},"version":2}},"categories":[1],"tags":[],"class_list":["post-160361","post","type-post","status-publish","format-standard","has-post-thumbnail","hentry","category-noticias"],"yoast_head":"<!-- This site is optimized with the Yoast SEO plugin v27.5 - https:\/\/yoast.com\/product\/yoast-seo-wordpress\/ -->\n<title>Encabeza gobernador V\u00edctor Castro sesi\u00f3n del Consejo de Paz y Justicia C\u00edvica en BCS - NBCS Noticias<\/title>\n<meta name=\"robots\" content=\"index, follow, max-snippet:-1, max-image-preview:large, max-video-preview:-1\" \/>\n<link rel=\"canonical\" href=\"https:\/\/nbcs.mx\/?p=160361\" \/>\n<meta property=\"og:locale\" content=\"es_ES\" \/>\n<meta property=\"og:type\" content=\"article\" \/>\n<meta property=\"og:title\" content=\"Encabeza gobernador V\u00edctor Castro sesi\u00f3n del Consejo de Paz y Justicia C\u00edvica en BCS - NBCS Noticias\" \/>\n<meta property=\"og:description\" content=\"Durante la primera sesi\u00f3n ordinaria del Consejo de Paz y Justicia C\u00edvica en Baja California Sur, el gobernador V\u00edctor Manuel\" \/>\n<meta property=\"og:url\" content=\"https:\/\/nbcs.mx\/?p=160361\" \/>\n<meta property=\"og:site_name\" content=\"NBCS Noticias\" \/>\n<meta property=\"article:publisher\" content=\"https:\/\/www.facebook.com\/NBCSnoticias\" \/>\n<meta property=\"article:author\" content=\"https:\/\/www.facebook.com\/NBCSnoticias\" \/>\n<meta property=\"article:published_time\" content=\"2026-01-22T20:04:16+00:00\" \/>\n<meta property=\"og:image\" content=\"https:\/\/nbcs.mx\/wp-content\/uploads\/2026\/01\/FOTO-BOLETIN-0013-VMCC-CONSEJO-DE-PAZ-1.jpg\" \/>\n\t<meta property=\"og:image:width\" content=\"1986\" \/>\n\t<meta property=\"og:image:height\" content=\"1344\" \/>\n\t<meta property=\"og:image:type\" content=\"image\/jpeg\" \/>\n<meta name=\"author\" content=\"NBCS Noticias\" \/>\n<meta name=\"twitter:card\" content=\"summary_large_image\" \/>\n<meta name=\"twitter:creator\" content=\"@https:\/\/twitter.com\/NBCSnoticias\" \/>\n<meta name=\"twitter:site\" content=\"@NBCSnoticias\" \/>\n<meta name=\"twitter:label1\" content=\"Escrito por\" \/>\n\t<meta name=\"twitter:data1\" content=\"NBCS Noticias\" \/>\n\t<meta name=\"twitter:label2\" content=\"Tiempo de lectura\" \/>\n\t<meta name=\"twitter:data2\" content=\"2 minutos\" \/>\n<script type=\"application\/ld+json\" class=\"yoast-schema-graph\">{\"@context\":\"https:\\\/\\\/schema.org\",\"@graph\":[{\"@type\":\"Article\",\"@id\":\"https:\\\/\\\/nbcs.mx\\\/?p=160361#article\",\"isPartOf\":{\"@id\":\"https:\\\/\\\/nbcs.mx\\\/?p=160361\"},\"author\":{\"name\":\"NBCS Noticias\",\"@id\":\"https:\\\/\\\/nbcs.mx\\\/#\\\/schema\\\/person\\\/ece58bab9a7c1e87a4d28ec9ecd79ff4\"},\"headline\":\"Encabeza gobernador V\u00edctor Castro sesi\u00f3n del Consejo de Paz y Justicia C\u00edvica en BCS\",\"datePublished\":\"2026-01-22T20:04:16+00:00\",\"mainEntityOfPage\":{\"@id\":\"https:\\\/\\\/nbcs.mx\\\/?p=160361\"},\"wordCount\":354,\"commentCount\":0,\"publisher\":{\"@id\":\"https:\\\/\\\/nbcs.mx\\\/#organization\"},\"image\":{\"@id\":\"https:\\\/\\\/nbcs.mx\\\/?p=160361#primaryimage\"},\"thumbnailUrl\":\"https:\\\/\\\/nbcs.mx\\\/wp-content\\\/uploads\\\/2026\\\/01\\\/FOTO-BOLETIN-0013-VMCC-CONSEJO-DE-PAZ-1.jpg\",\"articleSection\":[\"Noticias\"],\"inLanguage\":\"es\",\"potentialAction\":[{\"@type\":\"CommentAction\",\"name\":\"Comment\",\"target\":[\"https:\\\/\\\/nbcs.mx\\\/?p=160361#respond\"]}]},{\"@type\":\"WebPage\",\"@id\":\"https:\\\/\\\/nbcs.mx\\\/?p=160361\",\"url\":\"https:\\\/\\\/nbcs.mx\\\/?p=160361\",\"name\":\"Encabeza gobernador V\u00edctor Castro sesi\u00f3n del Consejo de Paz y Justicia C\u00edvica en BCS - NBCS Noticias\",\"isPartOf\":{\"@id\":\"https:\\\/\\\/nbcs.mx\\\/#website\"},\"primaryImageOfPage\":{\"@id\":\"https:\\\/\\\/nbcs.mx\\\/?p=160361#primaryimage\"},\"image\":{\"@id\":\"https:\\\/\\\/nbcs.mx\\\/?p=160361#primaryimage\"},\"thumbnailUrl\":\"https:\\\/\\\/nbcs.mx\\\/wp-content\\\/uploads\\\/2026\\\/01\\\/FOTO-BOLETIN-0013-VMCC-CONSEJO-DE-PAZ-1.jpg\",\"datePublished\":\"2026-01-22T20:04:16+00:00\",\"breadcrumb\":{\"@id\":\"https:\\\/\\\/nbcs.mx\\\/?p=160361#breadcrumb\"},\"inLanguage\":\"es\",\"potentialAction\":[{\"@type\":\"ReadAction\",\"target\":[\"https:\\\/\\\/nbcs.mx\\\/?p=160361\"]}]},{\"@type\":\"ImageObject\",\"inLanguage\":\"es\",\"@id\":\"https:\\\/\\\/nbcs.mx\\\/?p=160361#primaryimage\",\"url\":\"https:\\\/\\\/nbcs.mx\\\/wp-content\\\/uploads\\\/2026\\\/01\\\/FOTO-BOLETIN-0013-VMCC-CONSEJO-DE-PAZ-1.jpg\",\"contentUrl\":\"https:\\\/\\\/nbcs.mx\\\/wp-content\\\/uploads\\\/2026\\\/01\\\/FOTO-BOLETIN-0013-VMCC-CONSEJO-DE-PAZ-1.jpg\",\"width\":1986,\"height\":1344},{\"@type\":\"BreadcrumbList\",\"@id\":\"https:\\\/\\\/nbcs.mx\\\/?p=160361#breadcrumb\",\"itemListElement\":[{\"@type\":\"ListItem\",\"position\":1,\"name\":\"Portada\",\"item\":\"https:\\\/\\\/nbcs.mx\\\/\"},{\"@type\":\"ListItem\",\"position\":2,\"name\":\"Encabeza gobernador V\u00edctor Castro sesi\u00f3n del Consejo de Paz y Justicia C\u00edvica en BCS\"}]},{\"@type\":\"WebSite\",\"@id\":\"https:\\\/\\\/nbcs.mx\\\/#website\",\"url\":\"https:\\\/\\\/nbcs.mx\\\/\",\"name\":\"NBCS Noticias\",\"description\":\"Sitio web de noticias en Baja California Sur\",\"publisher\":{\"@id\":\"https:\\\/\\\/nbcs.mx\\\/#organization\"},\"potentialAction\":[{\"@type\":\"SearchAction\",\"target\":{\"@type\":\"EntryPoint\",\"urlTemplate\":\"https:\\\/\\\/nbcs.mx\\\/?s={search_term_string}\"},\"query-input\":{\"@type\":\"PropertyValueSpecification\",\"valueRequired\":true,\"valueName\":\"search_term_string\"}}],\"inLanguage\":\"es\"},{\"@type\":\"Organization\",\"@id\":\"https:\\\/\\\/nbcs.mx\\\/#organization\",\"name\":\"NBCS Noticias\",\"url\":\"https:\\\/\\\/nbcs.mx\\\/\",\"logo\":{\"@type\":\"ImageObject\",\"inLanguage\":\"es\",\"@id\":\"https:\\\/\\\/nbcs.mx\\\/#\\\/schema\\\/logo\\\/image\\\/\",\"url\":\"https:\\\/\\\/nbcs.mx\\\/wp-content\\\/uploads\\\/2018\\\/09\\\/057b69485e93575a5c2b1c1dde2dd297.jpeg\",\"contentUrl\":\"https:\\\/\\\/nbcs.mx\\\/wp-content\\\/uploads\\\/2018\\\/09\\\/057b69485e93575a5c2b1c1dde2dd297.jpeg\",\"width\":64,\"height\":64,\"caption\":\"NBCS Noticias\"},\"image\":{\"@id\":\"https:\\\/\\\/nbcs.mx\\\/#\\\/schema\\\/logo\\\/image\\\/\"},\"sameAs\":[\"https:\\\/\\\/www.facebook.com\\\/NBCSnoticias\",\"https:\\\/\\\/x.com\\\/NBCSnoticias\"]},{\"@type\":\"Person\",\"@id\":\"https:\\\/\\\/nbcs.mx\\\/#\\\/schema\\\/person\\\/ece58bab9a7c1e87a4d28ec9ecd79ff4\",\"name\":\"NBCS Noticias\",\"image\":{\"@type\":\"ImageObject\",\"inLanguage\":\"es\",\"@id\":\"https:\\\/\\\/secure.gravatar.com\\\/avatar\\\/4e52110cad1c4054b43271a0d14bbe9e2ea76aecd0e1097edfc670798d9ca1d4?s=96&d=blank&r=g\",\"url\":\"https:\\\/\\\/secure.gravatar.com\\\/avatar\\\/4e52110cad1c4054b43271a0d14bbe9e2ea76aecd0e1097edfc670798d9ca1d4?s=96&d=blank&r=g\",\"contentUrl\":\"https:\\\/\\\/secure.gravatar.com\\\/avatar\\\/4e52110cad1c4054b43271a0d14bbe9e2ea76aecd0e1097edfc670798d9ca1d4?s=96&d=blank&r=g\",\"caption\":\"NBCS Noticias\"},\"description\":\"\u00bfTienes fotos o video de alg\u00fan acto de posible negligencia, corrupci\u00f3n y abuso de autoridad? M\u00e1ndalo al WhatsApp de NBCS Noticias: 612 141 98 08\",\"sameAs\":[\"https:\\\/\\\/www.nbcs.mx\",\"https:\\\/\\\/www.facebook.com\\\/NBCSnoticias\",\"https:\\\/\\\/www.instagram.com\\\/nbcsnoticias\\\/\",\"https:\\\/\\\/x.com\\\/https:\\\/\\\/twitter.com\\\/NBCSnoticias\"]}]}<\/script>\n<!-- \/ Yoast SEO plugin. -->","yoast_head_json":{"title":"Encabeza gobernador V\u00edctor Castro sesi\u00f3n del Consejo de Paz y Justicia C\u00edvica en BCS - NBCS Noticias","robots":{"index":"index","follow":"follow","max-snippet":"max-snippet:-1","max-image-preview":"max-image-preview:large","max-video-preview":"max-video-preview:-1"},"canonical":"https:\/\/nbcs.mx\/?p=160361","og_locale":"es_ES","og_type":"article","og_title":"Encabeza gobernador V\u00edctor Castro sesi\u00f3n del Consejo de Paz y Justicia C\u00edvica en BCS - NBCS Noticias","og_description":"Durante la primera sesi\u00f3n ordinaria del Consejo de Paz y Justicia C\u00edvica en Baja California Sur, el gobernador V\u00edctor Manuel","og_url":"https:\/\/nbcs.mx\/?p=160361","og_site_name":"NBCS Noticias","article_publisher":"https:\/\/www.facebook.com\/NBCSnoticias","article_author":"https:\/\/www.facebook.com\/NBCSnoticias","article_published_time":"2026-01-22T20:04:16+00:00","og_image":[{"width":1986,"height":1344,"url":"https:\/\/nbcs.mx\/wp-content\/uploads\/2026\/01\/FOTO-BOLETIN-0013-VMCC-CONSEJO-DE-PAZ-1.jpg","type":"image\/jpeg"}],"author":"NBCS Noticias","twitter_card":"summary_large_image","twitter_creator":"@https:\/\/twitter.com\/NBCSnoticias","twitter_site":"@NBCSnoticias","twitter_misc":{"Escrito por":"NBCS Noticias","Tiempo de lectura":"2 minutos"},"schema":{"@context":"https:\/\/schema.org","@graph":[{"@type":"Article","@id":"https:\/\/nbcs.mx\/?p=160361#article","isPartOf":{"@id":"https:\/\/nbcs.mx\/?p=160361"},"author":{"name":"NBCS Noticias","@id":"https:\/\/nbcs.mx\/#\/schema\/person\/ece58bab9a7c1e87a4d28ec9ecd79ff4"},"headline":"Encabeza gobernador V\u00edctor Castro sesi\u00f3n del Consejo de Paz y Justicia C\u00edvica en BCS","datePublished":"2026-01-22T20:04:16+00:00","mainEntityOfPage":{"@id":"https:\/\/nbcs.mx\/?p=160361"},"wordCount":354,"commentCount":0,"publisher":{"@id":"https:\/\/nbcs.mx\/#organization"},"image":{"@id":"https:\/\/nbcs.mx\/?p=160361#primaryimage"},"thumbnailUrl":"https:\/\/nbcs.mx\/wp-content\/uploads\/2026\/01\/FOTO-BOLETIN-0013-VMCC-CONSEJO-DE-PAZ-1.jpg","articleSection":["Noticias"],"inLanguage":"es","potentialAction":[{"@type":"CommentAction","name":"Comment","target":["https:\/\/nbcs.mx\/?p=160361#respond"]}]},{"@type":"WebPage","@id":"https:\/\/nbcs.mx\/?p=160361","url":"https:\/\/nbcs.mx\/?p=160361","name":"Encabeza gobernador V\u00edctor Castro sesi\u00f3n del Consejo de Paz y Justicia C\u00edvica en BCS - NBCS Noticias","isPartOf":{"@id":"https:\/\/nbcs.mx\/#website"},"primaryImageOfPage":{"@id":"https:\/\/nbcs.mx\/?p=160361#primaryimage"},"image":{"@id":"https:\/\/nbcs.mx\/?p=160361#primaryimage"},"thumbnailUrl":"https:\/\/nbcs.mx\/wp-content\/uploads\/2026\/01\/FOTO-BOLETIN-0013-VMCC-CONSEJO-DE-PAZ-1.jpg","datePublished":"2026-01-22T20:04:16+00:00","breadcrumb":{"@id":"https:\/\/nbcs.mx\/?p=160361#breadcrumb"},"inLanguage":"es","potentialAction":[{"@type":"ReadAction","target":["https:\/\/nbcs.mx\/?p=160361"]}]},{"@type":"ImageObject","inLanguage":"es","@id":"https:\/\/nbcs.mx\/?p=160361#primaryimage","url":"https:\/\/nbcs.mx\/wp-content\/uploads\/2026\/01\/FOTO-BOLETIN-0013-VMCC-CONSEJO-DE-PAZ-1.jpg","contentUrl":"https:\/\/nbcs.mx\/wp-content\/uploads\/2026\/01\/FOTO-BOLETIN-0013-VMCC-CONSEJO-DE-PAZ-1.jpg","width":1986,"height":1344},{"@type":"BreadcrumbList","@id":"https:\/\/nbcs.mx\/?p=160361#breadcrumb","itemListElement":[{"@type":"ListItem","position":1,"name":"Portada","item":"https:\/\/nbcs.mx\/"},{"@type":"ListItem","position":2,"name":"Encabeza gobernador V\u00edctor Castro sesi\u00f3n del Consejo de Paz y Justicia C\u00edvica en BCS"}]},{"@type":"WebSite","@id":"https:\/\/nbcs.mx\/#website","url":"https:\/\/nbcs.mx\/","name":"NBCS Noticias","description":"Sitio web de noticias en Baja California Sur","publisher":{"@id":"https:\/\/nbcs.mx\/#organization"},"potentialAction":[{"@type":"SearchAction","target":{"@type":"EntryPoint","urlTemplate":"https:\/\/nbcs.mx\/?s={search_term_string}"},"query-input":{"@type":"PropertyValueSpecification","valueRequired":true,"valueName":"search_term_string"}}],"inLanguage":"es"},{"@type":"Organization","@id":"https:\/\/nbcs.mx\/#organization","name":"NBCS Noticias","url":"https:\/\/nbcs.mx\/","logo":{"@type":"ImageObject","inLanguage":"es","@id":"https:\/\/nbcs.mx\/#\/schema\/logo\/image\/","url":"https:\/\/nbcs.mx\/wp-content\/uploads\/2018\/09\/057b69485e93575a5c2b1c1dde2dd297.jpeg","contentUrl":"https:\/\/nbcs.mx\/wp-content\/uploads\/2018\/09\/057b69485e93575a5c2b1c1dde2dd297.jpeg","width":64,"height":64,"caption":"NBCS Noticias"},"image":{"@id":"https:\/\/nbcs.mx\/#\/schema\/logo\/image\/"},"sameAs":["https:\/\/www.facebook.com\/NBCSnoticias","https:\/\/x.com\/NBCSnoticias"]},{"@type":"Person","@id":"https:\/\/nbcs.mx\/#\/schema\/person\/ece58bab9a7c1e87a4d28ec9ecd79ff4","name":"NBCS Noticias","image":{"@type":"ImageObject","inLanguage":"es","@id":"https:\/\/secure.gravatar.com\/avatar\/4e52110cad1c4054b43271a0d14bbe9e2ea76aecd0e1097edfc670798d9ca1d4?s=96&d=blank&r=g","url":"https:\/\/secure.gravatar.com\/avatar\/4e52110cad1c4054b43271a0d14bbe9e2ea76aecd0e1097edfc670798d9ca1d4?s=96&d=blank&r=g","contentUrl":"https:\/\/secure.gravatar.com\/avatar\/4e52110cad1c4054b43271a0d14bbe9e2ea76aecd0e1097edfc670798d9ca1d4?s=96&d=blank&r=g","caption":"NBCS Noticias"},"description":"\u00bfTienes fotos o video de alg\u00fan acto de posible negligencia, corrupci\u00f3n y abuso de autoridad? M\u00e1ndalo al WhatsApp de NBCS Noticias: 612 141 98 08","sameAs":["https:\/\/www.nbcs.mx","https:\/\/www.facebook.com\/NBCSnoticias","https:\/\/www.instagram.com\/nbcsnoticias\/","https:\/\/x.com\/https:\/\/twitter.com\/NBCSnoticias"]}]}},"jetpack_publicize_connections":[],"jetpack_featured_media_url":"https:\/\/nbcs.mx\/wp-content\/uploads\/2026\/01\/FOTO-BOLETIN-0013-VMCC-CONSEJO-DE-PAZ-1.jpg","jetpack_sharing_enabled":true,"_links":{"self":[{"href":"https:\/\/nbcs.mx\/index.php?rest_route=\/wp\/v2\/posts\/160361","targetHints":{"allow":["GET"]}}],"collection":[{"href":"https:\/\/nbcs.mx\/index.php?rest_route=\/wp\/v2\/posts"}],"about":[{"href":"https:\/\/nbcs.mx\/index.php?rest_route=\/wp\/v2\/types\/post"}],"author":[{"embeddable":true,"href":"https:\/\/nbcs.mx\/index.php?rest_route=\/wp\/v2\/users\/1"}],"replies":[{"embeddable":true,"href":"https:\/\/nbcs.mx\/index.php?rest_route=%2Fwp%2Fv2%2Fcomments&post=160361"}],"version-history":[{"count":1,"href":"https:\/\/nbcs.mx\/index.php?rest_route=\/wp\/v2\/posts\/160361\/revisions"}],"predecessor-version":[{"id":160363,"href":"https:\/\/nbcs.mx\/index.php?rest_route=\/wp\/v2\/posts\/160361\/revisions\/160363"}],"wp:featuredmedia":[{"embeddable":true,"href":"https:\/\/nbcs.mx\/index.php?rest_route=\/wp\/v2\/media\/160362"}],"wp:attachment":[{"href":"https:\/\/nbcs.mx\/index.php?rest_route=%2Fwp%2Fv2%2Fmedia&parent=160361"}],"wp:term":[{"taxonomy":"category","embeddable":true,"href":"https:\/\/nbcs.mx\/index.php?rest_route=%2Fwp%2Fv2%2Fcategories&post=160361"},{"taxonomy":"post_tag","embeddable":true,"href":"https:\/\/nbcs.mx\/index.php?rest_route=%2Fwp%2Fv2%2Ftags&post=160361"}],"curies":[{"name":"wp","href":"https:\/\/api.w.org\/{rel}","templated":true}]}}