{"id":160378,"date":"2026-01-23T16:36:26","date_gmt":"2026-01-23T23:36:26","guid":{"rendered":"https:\/\/nbcs.mx\/?p=160378"},"modified":"2026-01-23T16:36:26","modified_gmt":"2026-01-23T23:36:26","slug":"sedif-refuerza-la-proteccion-de-la-ninez-al-consolidar-marco-juridico-de-casa-cuna-casa-hogar","status":"publish","type":"post","link":"https:\/\/nbcs.mx\/?p=160378","title":{"rendered":"SEDIF refuerza la protecci\u00f3n de la ni\u00f1ez al consolidar marco jur\u00eddico de Casa Cuna\u2013Casa Hogar"},"content":{"rendered":"<div>\n<p style=\"text-align: justify;\"><img loading=\"lazy\" decoding=\"async\" class=\" wp-image-160379 alignleft\" src=\"https:\/\/nbcs.mx\/wp-content\/uploads\/2026\/01\/FOTO-BOLETIN-SEDIF-REUNION-MESA-TECNICA-CASA-CUNA-663x492.jpg\" alt=\"\" width=\"323\" height=\"240\" srcset=\"https:\/\/nbcs.mx\/wp-content\/uploads\/2026\/01\/FOTO-BOLETIN-SEDIF-REUNION-MESA-TECNICA-CASA-CUNA-663x492.jpg 663w, https:\/\/nbcs.mx\/wp-content\/uploads\/2026\/01\/FOTO-BOLETIN-SEDIF-REUNION-MESA-TECNICA-CASA-CUNA-1024x760.jpg 1024w, https:\/\/nbcs.mx\/wp-content\/uploads\/2026\/01\/FOTO-BOLETIN-SEDIF-REUNION-MESA-TECNICA-CASA-CUNA-150x111.jpg 150w, https:\/\/nbcs.mx\/wp-content\/uploads\/2026\/01\/FOTO-BOLETIN-SEDIF-REUNION-MESA-TECNICA-CASA-CUNA-768x570.jpg 768w, https:\/\/nbcs.mx\/wp-content\/uploads\/2026\/01\/FOTO-BOLETIN-SEDIF-REUNION-MESA-TECNICA-CASA-CUNA-1536x1140.jpg 1536w, https:\/\/nbcs.mx\/wp-content\/uploads\/2026\/01\/FOTO-BOLETIN-SEDIF-REUNION-MESA-TECNICA-CASA-CUNA.jpg 1839w\" sizes=\"auto, (max-width: 323px) 100vw, 323px\" \/>Con el prop\u00f3sito de fortalecer el marco jur\u00eddico y operativo del Centro Asistencial Casa Cuna\u2013Casa Hogar, la presidenta honoraria del Sistema Estatal para el Desarrollo Integral de DIF (SEDIF), Patricia L\u00f3pez Navarro, encabez\u00f3 una mesa t\u00e9cnica de trabajo con autoridades estatales y municipales.<\/p>\n<\/div>\n<div style=\"text-align: justify;\">\n<p>Durante el encuentro se llev\u00f3 a cabo un an\u00e1lisis integral del marco normativo que regula la situaci\u00f3n de las ni\u00f1as, ni\u00f1os y adolescentes bajo resguardo, as\u00ed como de la operatividad del centro de asistencia social a nivel estatal y municipal, con el objetivo de establecer una ruta legal que facilite la reintegraci\u00f3n familiar mediante expedientes actualizados y asesor\u00eda individualizada.<\/p>\n<\/div>\n<div style=\"text-align: justify;\">\n<p>Asimismo, se revisaron las obras de infraestructura que se encuentran actualmente en proceso de ejecuci\u00f3n en los municipios, as\u00ed como los ajustes necesarios al personal responsable de dar seguimiento a los procedimientos legales y normativos, tanto en las procuradur\u00edas municipales como en la estatal.<\/p>\n<\/div>\n<div style=\"text-align: justify;\">\n<p>Estas acciones tienen como objetivo primordial garantizar el bienestar de las ni\u00f1as, ni\u00f1os y adolescentes, as\u00ed como asegurar el pleno respeto y ejercicio de sus derechos, reafirmando el compromiso del Gobierno del Estado con la protecci\u00f3n integral de la ni\u00f1ez.<\/p>\n<\/div>\n<div style=\"text-align: justify;\">\n<p>En la reuni\u00f3n participaron la magistrada presidenta del Tribunal Superior de Justicia del Estado, Claudia Jeanette Cota Pe\u00f1a; el procurador general de Justicia del Estado de Baja California Sur, Antonio L\u00f3pez Rodr\u00edguez; el coordinador de Asesores de la Oficina del Ejecutivo, Jos\u00e9 Guadalupe Ojeda Aguilar; la procuradora de Protecci\u00f3n de Ni\u00f1as, Ni\u00f1os y Adolescentes del Sistema DIF Estatal, Anah\u00ed Altamirano L\u00f3pez; el director general del SEDIF, Luis Alberto Cese\u00f1a Romero; as\u00ed como representantes de las procuradur\u00edas municipales.<\/p>\n<\/div>\n<div>\n<p style=\"text-align: justify;\">\n<\/div>\n","protected":false},"excerpt":{"rendered":"<p>Con el prop\u00f3sito de fortalecer el marco jur\u00eddico y operativo del Centro Asistencial Casa Cuna\u2013Casa Hogar, la presidenta honoraria del<\/p>\n","protected":false},"author":1,"featured_media":160379,"comment_status":"open","ping_status":"closed","sticky":false,"template":"","format":"standard","meta":{"colormag_page_container_layout":"default_layout","colormag_page_sidebar_layout":"default_layout","_jetpack_memberships_contains_paid_content":false,"footnotes":"","jetpack_publicize_message":"","jetpack_publicize_feature_enabled":true,"jetpack_social_post_already_shared":true,"jetpack_social_options":{"image_generator_settings":{"template":"highway","default_image_id":0,"font":"","enabled":false},"version":2}},"categories":[1],"tags":[],"class_list":["post-160378","post","type-post","status-publish","format-standard","has-post-thumbnail","hentry","category-noticias"],"yoast_head":"<!-- This site is optimized with the Yoast SEO plugin v27.4 - https:\/\/yoast.com\/product\/yoast-seo-wordpress\/ -->\n<title>SEDIF refuerza la protecci\u00f3n de la ni\u00f1ez al consolidar marco jur\u00eddico de Casa Cuna\u2013Casa Hogar - NBCS Noticias<\/title>\n<meta name=\"robots\" content=\"index, follow, max-snippet:-1, max-image-preview:large, max-video-preview:-1\" \/>\n<link rel=\"canonical\" href=\"https:\/\/nbcs.mx\/?p=160378\" \/>\n<meta property=\"og:locale\" content=\"es_ES\" \/>\n<meta property=\"og:type\" content=\"article\" \/>\n<meta property=\"og:title\" content=\"SEDIF refuerza la protecci\u00f3n de la ni\u00f1ez al consolidar marco jur\u00eddico de Casa Cuna\u2013Casa Hogar - NBCS Noticias\" \/>\n<meta property=\"og:description\" content=\"Con el prop\u00f3sito de fortalecer el marco jur\u00eddico y operativo del Centro Asistencial Casa Cuna\u2013Casa Hogar, la presidenta honoraria del\" \/>\n<meta property=\"og:url\" content=\"https:\/\/nbcs.mx\/?p=160378\" \/>\n<meta property=\"og:site_name\" content=\"NBCS Noticias\" \/>\n<meta property=\"article:publisher\" content=\"https:\/\/www.facebook.com\/NBCSnoticias\" \/>\n<meta property=\"article:author\" content=\"https:\/\/www.facebook.com\/NBCSnoticias\" \/>\n<meta property=\"article:published_time\" content=\"2026-01-23T23:36:26+00:00\" \/>\n<meta property=\"og:image\" content=\"https:\/\/nbcs.mx\/wp-content\/uploads\/2026\/01\/FOTO-BOLETIN-SEDIF-REUNION-MESA-TECNICA-CASA-CUNA.jpg\" \/>\n\t<meta property=\"og:image:width\" content=\"1839\" \/>\n\t<meta property=\"og:image:height\" content=\"1365\" \/>\n\t<meta property=\"og:image:type\" content=\"image\/jpeg\" \/>\n<meta name=\"author\" content=\"NBCS Noticias\" \/>\n<meta name=\"twitter:card\" content=\"summary_large_image\" \/>\n<meta name=\"twitter:creator\" content=\"@https:\/\/twitter.com\/NBCSnoticias\" \/>\n<meta name=\"twitter:site\" content=\"@NBCSnoticias\" \/>\n<meta name=\"twitter:label1\" content=\"Escrito por\" \/>\n\t<meta name=\"twitter:data1\" content=\"NBCS Noticias\" \/>\n\t<meta name=\"twitter:label2\" content=\"Tiempo de lectura\" \/>\n\t<meta name=\"twitter:data2\" content=\"2 minutos\" \/>\n<script type=\"application\/ld+json\" class=\"yoast-schema-graph\">{\"@context\":\"https:\\\/\\\/schema.org\",\"@graph\":[{\"@type\":\"Article\",\"@id\":\"https:\\\/\\\/nbcs.mx\\\/?p=160378#article\",\"isPartOf\":{\"@id\":\"https:\\\/\\\/nbcs.mx\\\/?p=160378\"},\"author\":{\"name\":\"NBCS Noticias\",\"@id\":\"https:\\\/\\\/nbcs.mx\\\/#\\\/schema\\\/person\\\/ece58bab9a7c1e87a4d28ec9ecd79ff4\"},\"headline\":\"SEDIF refuerza la protecci\u00f3n de la ni\u00f1ez al consolidar marco jur\u00eddico de Casa Cuna\u2013Casa Hogar\",\"datePublished\":\"2026-01-23T23:36:26+00:00\",\"mainEntityOfPage\":{\"@id\":\"https:\\\/\\\/nbcs.mx\\\/?p=160378\"},\"wordCount\":309,\"commentCount\":0,\"publisher\":{\"@id\":\"https:\\\/\\\/nbcs.mx\\\/#organization\"},\"image\":{\"@id\":\"https:\\\/\\\/nbcs.mx\\\/?p=160378#primaryimage\"},\"thumbnailUrl\":\"https:\\\/\\\/nbcs.mx\\\/wp-content\\\/uploads\\\/2026\\\/01\\\/FOTO-BOLETIN-SEDIF-REUNION-MESA-TECNICA-CASA-CUNA.jpg\",\"articleSection\":[\"Noticias\"],\"inLanguage\":\"es\",\"potentialAction\":[{\"@type\":\"CommentAction\",\"name\":\"Comment\",\"target\":[\"https:\\\/\\\/nbcs.mx\\\/?p=160378#respond\"]}]},{\"@type\":\"WebPage\",\"@id\":\"https:\\\/\\\/nbcs.mx\\\/?p=160378\",\"url\":\"https:\\\/\\\/nbcs.mx\\\/?p=160378\",\"name\":\"SEDIF refuerza la protecci\u00f3n de la ni\u00f1ez al consolidar marco jur\u00eddico de Casa Cuna\u2013Casa Hogar - NBCS Noticias\",\"isPartOf\":{\"@id\":\"https:\\\/\\\/nbcs.mx\\\/#website\"},\"primaryImageOfPage\":{\"@id\":\"https:\\\/\\\/nbcs.mx\\\/?p=160378#primaryimage\"},\"image\":{\"@id\":\"https:\\\/\\\/nbcs.mx\\\/?p=160378#primaryimage\"},\"thumbnailUrl\":\"https:\\\/\\\/nbcs.mx\\\/wp-content\\\/uploads\\\/2026\\\/01\\\/FOTO-BOLETIN-SEDIF-REUNION-MESA-TECNICA-CASA-CUNA.jpg\",\"datePublished\":\"2026-01-23T23:36:26+00:00\",\"breadcrumb\":{\"@id\":\"https:\\\/\\\/nbcs.mx\\\/?p=160378#breadcrumb\"},\"inLanguage\":\"es\",\"potentialAction\":[{\"@type\":\"ReadAction\",\"target\":[\"https:\\\/\\\/nbcs.mx\\\/?p=160378\"]}]},{\"@type\":\"ImageObject\",\"inLanguage\":\"es\",\"@id\":\"https:\\\/\\\/nbcs.mx\\\/?p=160378#primaryimage\",\"url\":\"https:\\\/\\\/nbcs.mx\\\/wp-content\\\/uploads\\\/2026\\\/01\\\/FOTO-BOLETIN-SEDIF-REUNION-MESA-TECNICA-CASA-CUNA.jpg\",\"contentUrl\":\"https:\\\/\\\/nbcs.mx\\\/wp-content\\\/uploads\\\/2026\\\/01\\\/FOTO-BOLETIN-SEDIF-REUNION-MESA-TECNICA-CASA-CUNA.jpg\",\"width\":1839,\"height\":1365},{\"@type\":\"BreadcrumbList\",\"@id\":\"https:\\\/\\\/nbcs.mx\\\/?p=160378#breadcrumb\",\"itemListElement\":[{\"@type\":\"ListItem\",\"position\":1,\"name\":\"Portada\",\"item\":\"https:\\\/\\\/nbcs.mx\\\/\"},{\"@type\":\"ListItem\",\"position\":2,\"name\":\"SEDIF refuerza la protecci\u00f3n de la ni\u00f1ez al consolidar marco jur\u00eddico de Casa Cuna\u2013Casa Hogar\"}]},{\"@type\":\"WebSite\",\"@id\":\"https:\\\/\\\/nbcs.mx\\\/#website\",\"url\":\"https:\\\/\\\/nbcs.mx\\\/\",\"name\":\"NBCS Noticias\",\"description\":\"Sitio web de noticias en Baja California Sur\",\"publisher\":{\"@id\":\"https:\\\/\\\/nbcs.mx\\\/#organization\"},\"potentialAction\":[{\"@type\":\"SearchAction\",\"target\":{\"@type\":\"EntryPoint\",\"urlTemplate\":\"https:\\\/\\\/nbcs.mx\\\/?s={search_term_string}\"},\"query-input\":{\"@type\":\"PropertyValueSpecification\",\"valueRequired\":true,\"valueName\":\"search_term_string\"}}],\"inLanguage\":\"es\"},{\"@type\":\"Organization\",\"@id\":\"https:\\\/\\\/nbcs.mx\\\/#organization\",\"name\":\"NBCS Noticias\",\"url\":\"https:\\\/\\\/nbcs.mx\\\/\",\"logo\":{\"@type\":\"ImageObject\",\"inLanguage\":\"es\",\"@id\":\"https:\\\/\\\/nbcs.mx\\\/#\\\/schema\\\/logo\\\/image\\\/\",\"url\":\"https:\\\/\\\/nbcs.mx\\\/wp-content\\\/uploads\\\/2018\\\/09\\\/057b69485e93575a5c2b1c1dde2dd297.jpeg\",\"contentUrl\":\"https:\\\/\\\/nbcs.mx\\\/wp-content\\\/uploads\\\/2018\\\/09\\\/057b69485e93575a5c2b1c1dde2dd297.jpeg\",\"width\":64,\"height\":64,\"caption\":\"NBCS Noticias\"},\"image\":{\"@id\":\"https:\\\/\\\/nbcs.mx\\\/#\\\/schema\\\/logo\\\/image\\\/\"},\"sameAs\":[\"https:\\\/\\\/www.facebook.com\\\/NBCSnoticias\",\"https:\\\/\\\/x.com\\\/NBCSnoticias\"]},{\"@type\":\"Person\",\"@id\":\"https:\\\/\\\/nbcs.mx\\\/#\\\/schema\\\/person\\\/ece58bab9a7c1e87a4d28ec9ecd79ff4\",\"name\":\"NBCS Noticias\",\"image\":{\"@type\":\"ImageObject\",\"inLanguage\":\"es\",\"@id\":\"https:\\\/\\\/secure.gravatar.com\\\/avatar\\\/4e52110cad1c4054b43271a0d14bbe9e2ea76aecd0e1097edfc670798d9ca1d4?s=96&d=blank&r=g\",\"url\":\"https:\\\/\\\/secure.gravatar.com\\\/avatar\\\/4e52110cad1c4054b43271a0d14bbe9e2ea76aecd0e1097edfc670798d9ca1d4?s=96&d=blank&r=g\",\"contentUrl\":\"https:\\\/\\\/secure.gravatar.com\\\/avatar\\\/4e52110cad1c4054b43271a0d14bbe9e2ea76aecd0e1097edfc670798d9ca1d4?s=96&d=blank&r=g\",\"caption\":\"NBCS Noticias\"},\"description\":\"\u00bfTienes fotos o video de alg\u00fan acto de posible negligencia, corrupci\u00f3n y abuso de autoridad? M\u00e1ndalo al WhatsApp de NBCS Noticias: 612 141 98 08\",\"sameAs\":[\"https:\\\/\\\/www.nbcs.mx\",\"https:\\\/\\\/www.facebook.com\\\/NBCSnoticias\",\"https:\\\/\\\/www.instagram.com\\\/nbcsnoticias\\\/\",\"https:\\\/\\\/x.com\\\/https:\\\/\\\/twitter.com\\\/NBCSnoticias\"]}]}<\/script>\n<!-- \/ Yoast SEO plugin. -->","yoast_head_json":{"title":"SEDIF refuerza la protecci\u00f3n de la ni\u00f1ez al consolidar marco jur\u00eddico de Casa Cuna\u2013Casa Hogar - NBCS Noticias","robots":{"index":"index","follow":"follow","max-snippet":"max-snippet:-1","max-image-preview":"max-image-preview:large","max-video-preview":"max-video-preview:-1"},"canonical":"https:\/\/nbcs.mx\/?p=160378","og_locale":"es_ES","og_type":"article","og_title":"SEDIF refuerza la protecci\u00f3n de la ni\u00f1ez al consolidar marco jur\u00eddico de Casa Cuna\u2013Casa Hogar - NBCS Noticias","og_description":"Con el prop\u00f3sito de fortalecer el marco jur\u00eddico y operativo del Centro Asistencial Casa Cuna\u2013Casa Hogar, la presidenta honoraria del","og_url":"https:\/\/nbcs.mx\/?p=160378","og_site_name":"NBCS Noticias","article_publisher":"https:\/\/www.facebook.com\/NBCSnoticias","article_author":"https:\/\/www.facebook.com\/NBCSnoticias","article_published_time":"2026-01-23T23:36:26+00:00","og_image":[{"width":1839,"height":1365,"url":"https:\/\/nbcs.mx\/wp-content\/uploads\/2026\/01\/FOTO-BOLETIN-SEDIF-REUNION-MESA-TECNICA-CASA-CUNA.jpg","type":"image\/jpeg"}],"author":"NBCS Noticias","twitter_card":"summary_large_image","twitter_creator":"@https:\/\/twitter.com\/NBCSnoticias","twitter_site":"@NBCSnoticias","twitter_misc":{"Escrito por":"NBCS Noticias","Tiempo de lectura":"2 minutos"},"schema":{"@context":"https:\/\/schema.org","@graph":[{"@type":"Article","@id":"https:\/\/nbcs.mx\/?p=160378#article","isPartOf":{"@id":"https:\/\/nbcs.mx\/?p=160378"},"author":{"name":"NBCS Noticias","@id":"https:\/\/nbcs.mx\/#\/schema\/person\/ece58bab9a7c1e87a4d28ec9ecd79ff4"},"headline":"SEDIF refuerza la protecci\u00f3n de la ni\u00f1ez al consolidar marco jur\u00eddico de Casa Cuna\u2013Casa Hogar","datePublished":"2026-01-23T23:36:26+00:00","mainEntityOfPage":{"@id":"https:\/\/nbcs.mx\/?p=160378"},"wordCount":309,"commentCount":0,"publisher":{"@id":"https:\/\/nbcs.mx\/#organization"},"image":{"@id":"https:\/\/nbcs.mx\/?p=160378#primaryimage"},"thumbnailUrl":"https:\/\/nbcs.mx\/wp-content\/uploads\/2026\/01\/FOTO-BOLETIN-SEDIF-REUNION-MESA-TECNICA-CASA-CUNA.jpg","articleSection":["Noticias"],"inLanguage":"es","potentialAction":[{"@type":"CommentAction","name":"Comment","target":["https:\/\/nbcs.mx\/?p=160378#respond"]}]},{"@type":"WebPage","@id":"https:\/\/nbcs.mx\/?p=160378","url":"https:\/\/nbcs.mx\/?p=160378","name":"SEDIF refuerza la protecci\u00f3n de la ni\u00f1ez al consolidar marco jur\u00eddico de Casa Cuna\u2013Casa Hogar - NBCS Noticias","isPartOf":{"@id":"https:\/\/nbcs.mx\/#website"},"primaryImageOfPage":{"@id":"https:\/\/nbcs.mx\/?p=160378#primaryimage"},"image":{"@id":"https:\/\/nbcs.mx\/?p=160378#primaryimage"},"thumbnailUrl":"https:\/\/nbcs.mx\/wp-content\/uploads\/2026\/01\/FOTO-BOLETIN-SEDIF-REUNION-MESA-TECNICA-CASA-CUNA.jpg","datePublished":"2026-01-23T23:36:26+00:00","breadcrumb":{"@id":"https:\/\/nbcs.mx\/?p=160378#breadcrumb"},"inLanguage":"es","potentialAction":[{"@type":"ReadAction","target":["https:\/\/nbcs.mx\/?p=160378"]}]},{"@type":"ImageObject","inLanguage":"es","@id":"https:\/\/nbcs.mx\/?p=160378#primaryimage","url":"https:\/\/nbcs.mx\/wp-content\/uploads\/2026\/01\/FOTO-BOLETIN-SEDIF-REUNION-MESA-TECNICA-CASA-CUNA.jpg","contentUrl":"https:\/\/nbcs.mx\/wp-content\/uploads\/2026\/01\/FOTO-BOLETIN-SEDIF-REUNION-MESA-TECNICA-CASA-CUNA.jpg","width":1839,"height":1365},{"@type":"BreadcrumbList","@id":"https:\/\/nbcs.mx\/?p=160378#breadcrumb","itemListElement":[{"@type":"ListItem","position":1,"name":"Portada","item":"https:\/\/nbcs.mx\/"},{"@type":"ListItem","position":2,"name":"SEDIF refuerza la protecci\u00f3n de la ni\u00f1ez al consolidar marco jur\u00eddico de Casa Cuna\u2013Casa Hogar"}]},{"@type":"WebSite","@id":"https:\/\/nbcs.mx\/#website","url":"https:\/\/nbcs.mx\/","name":"NBCS Noticias","description":"Sitio web de noticias en Baja California Sur","publisher":{"@id":"https:\/\/nbcs.mx\/#organization"},"potentialAction":[{"@type":"SearchAction","target":{"@type":"EntryPoint","urlTemplate":"https:\/\/nbcs.mx\/?s={search_term_string}"},"query-input":{"@type":"PropertyValueSpecification","valueRequired":true,"valueName":"search_term_string"}}],"inLanguage":"es"},{"@type":"Organization","@id":"https:\/\/nbcs.mx\/#organization","name":"NBCS Noticias","url":"https:\/\/nbcs.mx\/","logo":{"@type":"ImageObject","inLanguage":"es","@id":"https:\/\/nbcs.mx\/#\/schema\/logo\/image\/","url":"https:\/\/nbcs.mx\/wp-content\/uploads\/2018\/09\/057b69485e93575a5c2b1c1dde2dd297.jpeg","contentUrl":"https:\/\/nbcs.mx\/wp-content\/uploads\/2018\/09\/057b69485e93575a5c2b1c1dde2dd297.jpeg","width":64,"height":64,"caption":"NBCS Noticias"},"image":{"@id":"https:\/\/nbcs.mx\/#\/schema\/logo\/image\/"},"sameAs":["https:\/\/www.facebook.com\/NBCSnoticias","https:\/\/x.com\/NBCSnoticias"]},{"@type":"Person","@id":"https:\/\/nbcs.mx\/#\/schema\/person\/ece58bab9a7c1e87a4d28ec9ecd79ff4","name":"NBCS Noticias","image":{"@type":"ImageObject","inLanguage":"es","@id":"https:\/\/secure.gravatar.com\/avatar\/4e52110cad1c4054b43271a0d14bbe9e2ea76aecd0e1097edfc670798d9ca1d4?s=96&d=blank&r=g","url":"https:\/\/secure.gravatar.com\/avatar\/4e52110cad1c4054b43271a0d14bbe9e2ea76aecd0e1097edfc670798d9ca1d4?s=96&d=blank&r=g","contentUrl":"https:\/\/secure.gravatar.com\/avatar\/4e52110cad1c4054b43271a0d14bbe9e2ea76aecd0e1097edfc670798d9ca1d4?s=96&d=blank&r=g","caption":"NBCS Noticias"},"description":"\u00bfTienes fotos o video de alg\u00fan acto de posible negligencia, corrupci\u00f3n y abuso de autoridad? M\u00e1ndalo al WhatsApp de NBCS Noticias: 612 141 98 08","sameAs":["https:\/\/www.nbcs.mx","https:\/\/www.facebook.com\/NBCSnoticias","https:\/\/www.instagram.com\/nbcsnoticias\/","https:\/\/x.com\/https:\/\/twitter.com\/NBCSnoticias"]}]}},"jetpack_publicize_connections":[],"jetpack_featured_media_url":"https:\/\/nbcs.mx\/wp-content\/uploads\/2026\/01\/FOTO-BOLETIN-SEDIF-REUNION-MESA-TECNICA-CASA-CUNA.jpg","jetpack_sharing_enabled":true,"_links":{"self":[{"href":"https:\/\/nbcs.mx\/index.php?rest_route=\/wp\/v2\/posts\/160378","targetHints":{"allow":["GET"]}}],"collection":[{"href":"https:\/\/nbcs.mx\/index.php?rest_route=\/wp\/v2\/posts"}],"about":[{"href":"https:\/\/nbcs.mx\/index.php?rest_route=\/wp\/v2\/types\/post"}],"author":[{"embeddable":true,"href":"https:\/\/nbcs.mx\/index.php?rest_route=\/wp\/v2\/users\/1"}],"replies":[{"embeddable":true,"href":"https:\/\/nbcs.mx\/index.php?rest_route=%2Fwp%2Fv2%2Fcomments&post=160378"}],"version-history":[{"count":1,"href":"https:\/\/nbcs.mx\/index.php?rest_route=\/wp\/v2\/posts\/160378\/revisions"}],"predecessor-version":[{"id":160380,"href":"https:\/\/nbcs.mx\/index.php?rest_route=\/wp\/v2\/posts\/160378\/revisions\/160380"}],"wp:featuredmedia":[{"embeddable":true,"href":"https:\/\/nbcs.mx\/index.php?rest_route=\/wp\/v2\/media\/160379"}],"wp:attachment":[{"href":"https:\/\/nbcs.mx\/index.php?rest_route=%2Fwp%2Fv2%2Fmedia&parent=160378"}],"wp:term":[{"taxonomy":"category","embeddable":true,"href":"https:\/\/nbcs.mx\/index.php?rest_route=%2Fwp%2Fv2%2Fcategories&post=160378"},{"taxonomy":"post_tag","embeddable":true,"href":"https:\/\/nbcs.mx\/index.php?rest_route=%2Fwp%2Fv2%2Ftags&post=160378"}],"curies":[{"name":"wp","href":"https:\/\/api.w.org\/{rel}","templated":true}]}}