{"id":160381,"date":"2026-01-23T16:37:36","date_gmt":"2026-01-23T23:37:36","guid":{"rendered":"https:\/\/nbcs.mx\/?p=160381"},"modified":"2026-01-23T16:37:36","modified_gmt":"2026-01-23T23:37:36","slug":"refuerzan-supervision-a-permisionarios-de-transporte-federal-en-los-cabos","status":"publish","type":"post","link":"https:\/\/nbcs.mx\/?p=160381","title":{"rendered":"Refuerzan supervisi\u00f3n a permisionarios de transporte federal en Los Cabos"},"content":{"rendered":"<div>\n<p style=\"text-align: justify;\"><img loading=\"lazy\" decoding=\"async\" class=\" wp-image-160382 alignleft\" src=\"https:\/\/nbcs.mx\/wp-content\/uploads\/2026\/01\/FOTO-BOLETIN-0014-UMT-TRANSPORTE-755x438.jpg\" alt=\"\" width=\"395\" height=\"229\" srcset=\"https:\/\/nbcs.mx\/wp-content\/uploads\/2026\/01\/FOTO-BOLETIN-0014-UMT-TRANSPORTE-755x438.jpg 755w, https:\/\/nbcs.mx\/wp-content\/uploads\/2026\/01\/FOTO-BOLETIN-0014-UMT-TRANSPORTE-1024x594.jpg 1024w, https:\/\/nbcs.mx\/wp-content\/uploads\/2026\/01\/FOTO-BOLETIN-0014-UMT-TRANSPORTE-150x87.jpg 150w, https:\/\/nbcs.mx\/wp-content\/uploads\/2026\/01\/FOTO-BOLETIN-0014-UMT-TRANSPORTE-768x446.jpg 768w, https:\/\/nbcs.mx\/wp-content\/uploads\/2026\/01\/FOTO-BOLETIN-0014-UMT-TRANSPORTE.jpg 1204w\" sizes=\"auto, (max-width: 395px) 100vw, 395px\" \/>La Unidad de Transporte y Movilidad del Gobierno del Estado mantiene operativos de supervisi\u00f3n y vigilancia dirigidos a permisionados de transporte federal en la zona tur\u00edstica del municipio de Los Cabos, inform\u00f3 Mart\u00edn Guadalupe Salinas Cese\u00f1a, director de la dependencia.<\/p>\n<\/div>\n<div style=\"text-align: justify;\">\n<p>El servidor p\u00fablico indic\u00f3 que se\u00a0verifica\u00a0que quienes prestan el servicio dentro de la jurisdicci\u00f3n estatal cumplan con la\u00a0normatividad vigente; es decir, quienes realicen traslados en la zona hotelera hayan\u00a0tramitado y precargado previamente\u00a0sus permisos a trav\u00e9s de la plataforma en l\u00ednea de la Secretar\u00eda de Infraestructura, Comunicaciones y Transportes (SICT).<\/p>\n<\/div>\n<div style=\"text-align: justify;\">\n<p>Explic\u00f3 que esta disposici\u00f3n deriva de un decreto firmado por el Gobierno del Estado, el cual establece que\u00a0toda prestaci\u00f3n de transporte\u00a0que opere en la entidad debe estar registrada en dicha plataforma con al menos 70 horas de anticipaci\u00f3n, lo que permite trabajar de manera ordenada, en armon\u00eda y conforme a la ley.<\/p>\n<\/div>\n<div>\n<p style=\"text-align: justify;\">Salinas Cese\u00f1a precis\u00f3 que 243 empresas ya est\u00e1n registradas en el sistema con un parque vehicular de mil 200 unidades. Estos operativos se realizan en coordinaci\u00f3n con el Ayuntamiento de Los Cabos y\u00a0continuar\u00e1n\u00a0con el objetivo de garantizar el cumplimiento de la normatividad en materia de movilidad; por ello, exhort\u00f3 a los concesionarios a cumplir con sus obligaciones y evitar posibles sanciones.<\/p>\n<\/div>\n","protected":false},"excerpt":{"rendered":"<p>La Unidad de Transporte y Movilidad del Gobierno del Estado mantiene operativos de supervisi\u00f3n y vigilancia dirigidos a permisionados de<\/p>\n","protected":false},"author":1,"featured_media":160382,"comment_status":"open","ping_status":"closed","sticky":false,"template":"","format":"standard","meta":{"colormag_page_container_layout":"default_layout","colormag_page_sidebar_layout":"default_layout","_jetpack_memberships_contains_paid_content":false,"footnotes":"","jetpack_publicize_message":"","jetpack_publicize_feature_enabled":true,"jetpack_social_post_already_shared":true,"jetpack_social_options":{"image_generator_settings":{"template":"highway","default_image_id":0,"font":"","enabled":false},"version":2}},"categories":[1],"tags":[],"class_list":["post-160381","post","type-post","status-publish","format-standard","has-post-thumbnail","hentry","category-noticias"],"yoast_head":"<!-- This site is optimized with the Yoast SEO plugin v27.4 - https:\/\/yoast.com\/product\/yoast-seo-wordpress\/ -->\n<title>Refuerzan supervisi\u00f3n a permisionarios de transporte federal en Los Cabos - NBCS Noticias<\/title>\n<meta name=\"robots\" content=\"index, follow, max-snippet:-1, max-image-preview:large, max-video-preview:-1\" \/>\n<link rel=\"canonical\" href=\"https:\/\/nbcs.mx\/?p=160381\" \/>\n<meta property=\"og:locale\" content=\"es_ES\" \/>\n<meta property=\"og:type\" content=\"article\" \/>\n<meta property=\"og:title\" content=\"Refuerzan supervisi\u00f3n a permisionarios de transporte federal en Los Cabos - NBCS Noticias\" \/>\n<meta property=\"og:description\" content=\"La Unidad de Transporte y Movilidad del Gobierno del Estado mantiene operativos de supervisi\u00f3n y vigilancia dirigidos a permisionados de\" \/>\n<meta property=\"og:url\" content=\"https:\/\/nbcs.mx\/?p=160381\" \/>\n<meta property=\"og:site_name\" content=\"NBCS Noticias\" \/>\n<meta property=\"article:publisher\" content=\"https:\/\/www.facebook.com\/NBCSnoticias\" \/>\n<meta property=\"article:author\" content=\"https:\/\/www.facebook.com\/NBCSnoticias\" \/>\n<meta property=\"article:published_time\" content=\"2026-01-23T23:37:36+00:00\" \/>\n<meta property=\"og:image\" content=\"https:\/\/nbcs.mx\/wp-content\/uploads\/2026\/01\/FOTO-BOLETIN-0014-UMT-TRANSPORTE.jpg\" \/>\n\t<meta property=\"og:image:width\" content=\"1204\" \/>\n\t<meta property=\"og:image:height\" content=\"699\" \/>\n\t<meta property=\"og:image:type\" content=\"image\/jpeg\" \/>\n<meta name=\"author\" content=\"NBCS Noticias\" \/>\n<meta name=\"twitter:card\" content=\"summary_large_image\" \/>\n<meta name=\"twitter:creator\" content=\"@https:\/\/twitter.com\/NBCSnoticias\" \/>\n<meta name=\"twitter:site\" content=\"@NBCSnoticias\" \/>\n<meta name=\"twitter:label1\" content=\"Escrito por\" \/>\n\t<meta name=\"twitter:data1\" content=\"NBCS Noticias\" \/>\n\t<meta name=\"twitter:label2\" content=\"Tiempo de lectura\" \/>\n\t<meta name=\"twitter:data2\" content=\"2 minutos\" \/>\n<script type=\"application\/ld+json\" class=\"yoast-schema-graph\">{\"@context\":\"https:\\\/\\\/schema.org\",\"@graph\":[{\"@type\":\"Article\",\"@id\":\"https:\\\/\\\/nbcs.mx\\\/?p=160381#article\",\"isPartOf\":{\"@id\":\"https:\\\/\\\/nbcs.mx\\\/?p=160381\"},\"author\":{\"name\":\"NBCS Noticias\",\"@id\":\"https:\\\/\\\/nbcs.mx\\\/#\\\/schema\\\/person\\\/ece58bab9a7c1e87a4d28ec9ecd79ff4\"},\"headline\":\"Refuerzan supervisi\u00f3n a permisionarios de transporte federal en Los Cabos\",\"datePublished\":\"2026-01-23T23:37:36+00:00\",\"mainEntityOfPage\":{\"@id\":\"https:\\\/\\\/nbcs.mx\\\/?p=160381\"},\"wordCount\":236,\"commentCount\":0,\"publisher\":{\"@id\":\"https:\\\/\\\/nbcs.mx\\\/#organization\"},\"image\":{\"@id\":\"https:\\\/\\\/nbcs.mx\\\/?p=160381#primaryimage\"},\"thumbnailUrl\":\"https:\\\/\\\/nbcs.mx\\\/wp-content\\\/uploads\\\/2026\\\/01\\\/FOTO-BOLETIN-0014-UMT-TRANSPORTE.jpg\",\"articleSection\":[\"Noticias\"],\"inLanguage\":\"es\",\"potentialAction\":[{\"@type\":\"CommentAction\",\"name\":\"Comment\",\"target\":[\"https:\\\/\\\/nbcs.mx\\\/?p=160381#respond\"]}]},{\"@type\":\"WebPage\",\"@id\":\"https:\\\/\\\/nbcs.mx\\\/?p=160381\",\"url\":\"https:\\\/\\\/nbcs.mx\\\/?p=160381\",\"name\":\"Refuerzan supervisi\u00f3n a permisionarios de transporte federal en Los Cabos - NBCS Noticias\",\"isPartOf\":{\"@id\":\"https:\\\/\\\/nbcs.mx\\\/#website\"},\"primaryImageOfPage\":{\"@id\":\"https:\\\/\\\/nbcs.mx\\\/?p=160381#primaryimage\"},\"image\":{\"@id\":\"https:\\\/\\\/nbcs.mx\\\/?p=160381#primaryimage\"},\"thumbnailUrl\":\"https:\\\/\\\/nbcs.mx\\\/wp-content\\\/uploads\\\/2026\\\/01\\\/FOTO-BOLETIN-0014-UMT-TRANSPORTE.jpg\",\"datePublished\":\"2026-01-23T23:37:36+00:00\",\"breadcrumb\":{\"@id\":\"https:\\\/\\\/nbcs.mx\\\/?p=160381#breadcrumb\"},\"inLanguage\":\"es\",\"potentialAction\":[{\"@type\":\"ReadAction\",\"target\":[\"https:\\\/\\\/nbcs.mx\\\/?p=160381\"]}]},{\"@type\":\"ImageObject\",\"inLanguage\":\"es\",\"@id\":\"https:\\\/\\\/nbcs.mx\\\/?p=160381#primaryimage\",\"url\":\"https:\\\/\\\/nbcs.mx\\\/wp-content\\\/uploads\\\/2026\\\/01\\\/FOTO-BOLETIN-0014-UMT-TRANSPORTE.jpg\",\"contentUrl\":\"https:\\\/\\\/nbcs.mx\\\/wp-content\\\/uploads\\\/2026\\\/01\\\/FOTO-BOLETIN-0014-UMT-TRANSPORTE.jpg\",\"width\":1204,\"height\":699},{\"@type\":\"BreadcrumbList\",\"@id\":\"https:\\\/\\\/nbcs.mx\\\/?p=160381#breadcrumb\",\"itemListElement\":[{\"@type\":\"ListItem\",\"position\":1,\"name\":\"Portada\",\"item\":\"https:\\\/\\\/nbcs.mx\\\/\"},{\"@type\":\"ListItem\",\"position\":2,\"name\":\"Refuerzan supervisi\u00f3n a permisionarios de transporte federal en Los Cabos\"}]},{\"@type\":\"WebSite\",\"@id\":\"https:\\\/\\\/nbcs.mx\\\/#website\",\"url\":\"https:\\\/\\\/nbcs.mx\\\/\",\"name\":\"NBCS Noticias\",\"description\":\"Sitio web de noticias en Baja California Sur\",\"publisher\":{\"@id\":\"https:\\\/\\\/nbcs.mx\\\/#organization\"},\"potentialAction\":[{\"@type\":\"SearchAction\",\"target\":{\"@type\":\"EntryPoint\",\"urlTemplate\":\"https:\\\/\\\/nbcs.mx\\\/?s={search_term_string}\"},\"query-input\":{\"@type\":\"PropertyValueSpecification\",\"valueRequired\":true,\"valueName\":\"search_term_string\"}}],\"inLanguage\":\"es\"},{\"@type\":\"Organization\",\"@id\":\"https:\\\/\\\/nbcs.mx\\\/#organization\",\"name\":\"NBCS Noticias\",\"url\":\"https:\\\/\\\/nbcs.mx\\\/\",\"logo\":{\"@type\":\"ImageObject\",\"inLanguage\":\"es\",\"@id\":\"https:\\\/\\\/nbcs.mx\\\/#\\\/schema\\\/logo\\\/image\\\/\",\"url\":\"https:\\\/\\\/nbcs.mx\\\/wp-content\\\/uploads\\\/2018\\\/09\\\/057b69485e93575a5c2b1c1dde2dd297.jpeg\",\"contentUrl\":\"https:\\\/\\\/nbcs.mx\\\/wp-content\\\/uploads\\\/2018\\\/09\\\/057b69485e93575a5c2b1c1dde2dd297.jpeg\",\"width\":64,\"height\":64,\"caption\":\"NBCS Noticias\"},\"image\":{\"@id\":\"https:\\\/\\\/nbcs.mx\\\/#\\\/schema\\\/logo\\\/image\\\/\"},\"sameAs\":[\"https:\\\/\\\/www.facebook.com\\\/NBCSnoticias\",\"https:\\\/\\\/x.com\\\/NBCSnoticias\"]},{\"@type\":\"Person\",\"@id\":\"https:\\\/\\\/nbcs.mx\\\/#\\\/schema\\\/person\\\/ece58bab9a7c1e87a4d28ec9ecd79ff4\",\"name\":\"NBCS Noticias\",\"image\":{\"@type\":\"ImageObject\",\"inLanguage\":\"es\",\"@id\":\"https:\\\/\\\/secure.gravatar.com\\\/avatar\\\/4e52110cad1c4054b43271a0d14bbe9e2ea76aecd0e1097edfc670798d9ca1d4?s=96&d=blank&r=g\",\"url\":\"https:\\\/\\\/secure.gravatar.com\\\/avatar\\\/4e52110cad1c4054b43271a0d14bbe9e2ea76aecd0e1097edfc670798d9ca1d4?s=96&d=blank&r=g\",\"contentUrl\":\"https:\\\/\\\/secure.gravatar.com\\\/avatar\\\/4e52110cad1c4054b43271a0d14bbe9e2ea76aecd0e1097edfc670798d9ca1d4?s=96&d=blank&r=g\",\"caption\":\"NBCS Noticias\"},\"description\":\"\u00bfTienes fotos o video de alg\u00fan acto de posible negligencia, corrupci\u00f3n y abuso de autoridad? M\u00e1ndalo al WhatsApp de NBCS Noticias: 612 141 98 08\",\"sameAs\":[\"https:\\\/\\\/www.nbcs.mx\",\"https:\\\/\\\/www.facebook.com\\\/NBCSnoticias\",\"https:\\\/\\\/www.instagram.com\\\/nbcsnoticias\\\/\",\"https:\\\/\\\/x.com\\\/https:\\\/\\\/twitter.com\\\/NBCSnoticias\"]}]}<\/script>\n<!-- \/ Yoast SEO plugin. -->","yoast_head_json":{"title":"Refuerzan supervisi\u00f3n a permisionarios de transporte federal en Los Cabos - NBCS Noticias","robots":{"index":"index","follow":"follow","max-snippet":"max-snippet:-1","max-image-preview":"max-image-preview:large","max-video-preview":"max-video-preview:-1"},"canonical":"https:\/\/nbcs.mx\/?p=160381","og_locale":"es_ES","og_type":"article","og_title":"Refuerzan supervisi\u00f3n a permisionarios de transporte federal en Los Cabos - NBCS Noticias","og_description":"La Unidad de Transporte y Movilidad del Gobierno del Estado mantiene operativos de supervisi\u00f3n y vigilancia dirigidos a permisionados de","og_url":"https:\/\/nbcs.mx\/?p=160381","og_site_name":"NBCS Noticias","article_publisher":"https:\/\/www.facebook.com\/NBCSnoticias","article_author":"https:\/\/www.facebook.com\/NBCSnoticias","article_published_time":"2026-01-23T23:37:36+00:00","og_image":[{"width":1204,"height":699,"url":"https:\/\/nbcs.mx\/wp-content\/uploads\/2026\/01\/FOTO-BOLETIN-0014-UMT-TRANSPORTE.jpg","type":"image\/jpeg"}],"author":"NBCS Noticias","twitter_card":"summary_large_image","twitter_creator":"@https:\/\/twitter.com\/NBCSnoticias","twitter_site":"@NBCSnoticias","twitter_misc":{"Escrito por":"NBCS Noticias","Tiempo de lectura":"2 minutos"},"schema":{"@context":"https:\/\/schema.org","@graph":[{"@type":"Article","@id":"https:\/\/nbcs.mx\/?p=160381#article","isPartOf":{"@id":"https:\/\/nbcs.mx\/?p=160381"},"author":{"name":"NBCS Noticias","@id":"https:\/\/nbcs.mx\/#\/schema\/person\/ece58bab9a7c1e87a4d28ec9ecd79ff4"},"headline":"Refuerzan supervisi\u00f3n a permisionarios de transporte federal en Los Cabos","datePublished":"2026-01-23T23:37:36+00:00","mainEntityOfPage":{"@id":"https:\/\/nbcs.mx\/?p=160381"},"wordCount":236,"commentCount":0,"publisher":{"@id":"https:\/\/nbcs.mx\/#organization"},"image":{"@id":"https:\/\/nbcs.mx\/?p=160381#primaryimage"},"thumbnailUrl":"https:\/\/nbcs.mx\/wp-content\/uploads\/2026\/01\/FOTO-BOLETIN-0014-UMT-TRANSPORTE.jpg","articleSection":["Noticias"],"inLanguage":"es","potentialAction":[{"@type":"CommentAction","name":"Comment","target":["https:\/\/nbcs.mx\/?p=160381#respond"]}]},{"@type":"WebPage","@id":"https:\/\/nbcs.mx\/?p=160381","url":"https:\/\/nbcs.mx\/?p=160381","name":"Refuerzan supervisi\u00f3n a permisionarios de transporte federal en Los Cabos - NBCS Noticias","isPartOf":{"@id":"https:\/\/nbcs.mx\/#website"},"primaryImageOfPage":{"@id":"https:\/\/nbcs.mx\/?p=160381#primaryimage"},"image":{"@id":"https:\/\/nbcs.mx\/?p=160381#primaryimage"},"thumbnailUrl":"https:\/\/nbcs.mx\/wp-content\/uploads\/2026\/01\/FOTO-BOLETIN-0014-UMT-TRANSPORTE.jpg","datePublished":"2026-01-23T23:37:36+00:00","breadcrumb":{"@id":"https:\/\/nbcs.mx\/?p=160381#breadcrumb"},"inLanguage":"es","potentialAction":[{"@type":"ReadAction","target":["https:\/\/nbcs.mx\/?p=160381"]}]},{"@type":"ImageObject","inLanguage":"es","@id":"https:\/\/nbcs.mx\/?p=160381#primaryimage","url":"https:\/\/nbcs.mx\/wp-content\/uploads\/2026\/01\/FOTO-BOLETIN-0014-UMT-TRANSPORTE.jpg","contentUrl":"https:\/\/nbcs.mx\/wp-content\/uploads\/2026\/01\/FOTO-BOLETIN-0014-UMT-TRANSPORTE.jpg","width":1204,"height":699},{"@type":"BreadcrumbList","@id":"https:\/\/nbcs.mx\/?p=160381#breadcrumb","itemListElement":[{"@type":"ListItem","position":1,"name":"Portada","item":"https:\/\/nbcs.mx\/"},{"@type":"ListItem","position":2,"name":"Refuerzan supervisi\u00f3n a permisionarios de transporte federal en Los Cabos"}]},{"@type":"WebSite","@id":"https:\/\/nbcs.mx\/#website","url":"https:\/\/nbcs.mx\/","name":"NBCS Noticias","description":"Sitio web de noticias en Baja California Sur","publisher":{"@id":"https:\/\/nbcs.mx\/#organization"},"potentialAction":[{"@type":"SearchAction","target":{"@type":"EntryPoint","urlTemplate":"https:\/\/nbcs.mx\/?s={search_term_string}"},"query-input":{"@type":"PropertyValueSpecification","valueRequired":true,"valueName":"search_term_string"}}],"inLanguage":"es"},{"@type":"Organization","@id":"https:\/\/nbcs.mx\/#organization","name":"NBCS Noticias","url":"https:\/\/nbcs.mx\/","logo":{"@type":"ImageObject","inLanguage":"es","@id":"https:\/\/nbcs.mx\/#\/schema\/logo\/image\/","url":"https:\/\/nbcs.mx\/wp-content\/uploads\/2018\/09\/057b69485e93575a5c2b1c1dde2dd297.jpeg","contentUrl":"https:\/\/nbcs.mx\/wp-content\/uploads\/2018\/09\/057b69485e93575a5c2b1c1dde2dd297.jpeg","width":64,"height":64,"caption":"NBCS Noticias"},"image":{"@id":"https:\/\/nbcs.mx\/#\/schema\/logo\/image\/"},"sameAs":["https:\/\/www.facebook.com\/NBCSnoticias","https:\/\/x.com\/NBCSnoticias"]},{"@type":"Person","@id":"https:\/\/nbcs.mx\/#\/schema\/person\/ece58bab9a7c1e87a4d28ec9ecd79ff4","name":"NBCS Noticias","image":{"@type":"ImageObject","inLanguage":"es","@id":"https:\/\/secure.gravatar.com\/avatar\/4e52110cad1c4054b43271a0d14bbe9e2ea76aecd0e1097edfc670798d9ca1d4?s=96&d=blank&r=g","url":"https:\/\/secure.gravatar.com\/avatar\/4e52110cad1c4054b43271a0d14bbe9e2ea76aecd0e1097edfc670798d9ca1d4?s=96&d=blank&r=g","contentUrl":"https:\/\/secure.gravatar.com\/avatar\/4e52110cad1c4054b43271a0d14bbe9e2ea76aecd0e1097edfc670798d9ca1d4?s=96&d=blank&r=g","caption":"NBCS Noticias"},"description":"\u00bfTienes fotos o video de alg\u00fan acto de posible negligencia, corrupci\u00f3n y abuso de autoridad? M\u00e1ndalo al WhatsApp de NBCS Noticias: 612 141 98 08","sameAs":["https:\/\/www.nbcs.mx","https:\/\/www.facebook.com\/NBCSnoticias","https:\/\/www.instagram.com\/nbcsnoticias\/","https:\/\/x.com\/https:\/\/twitter.com\/NBCSnoticias"]}]}},"jetpack_publicize_connections":[],"jetpack_featured_media_url":"https:\/\/nbcs.mx\/wp-content\/uploads\/2026\/01\/FOTO-BOLETIN-0014-UMT-TRANSPORTE.jpg","jetpack_sharing_enabled":true,"_links":{"self":[{"href":"https:\/\/nbcs.mx\/index.php?rest_route=\/wp\/v2\/posts\/160381","targetHints":{"allow":["GET"]}}],"collection":[{"href":"https:\/\/nbcs.mx\/index.php?rest_route=\/wp\/v2\/posts"}],"about":[{"href":"https:\/\/nbcs.mx\/index.php?rest_route=\/wp\/v2\/types\/post"}],"author":[{"embeddable":true,"href":"https:\/\/nbcs.mx\/index.php?rest_route=\/wp\/v2\/users\/1"}],"replies":[{"embeddable":true,"href":"https:\/\/nbcs.mx\/index.php?rest_route=%2Fwp%2Fv2%2Fcomments&post=160381"}],"version-history":[{"count":1,"href":"https:\/\/nbcs.mx\/index.php?rest_route=\/wp\/v2\/posts\/160381\/revisions"}],"predecessor-version":[{"id":160383,"href":"https:\/\/nbcs.mx\/index.php?rest_route=\/wp\/v2\/posts\/160381\/revisions\/160383"}],"wp:featuredmedia":[{"embeddable":true,"href":"https:\/\/nbcs.mx\/index.php?rest_route=\/wp\/v2\/media\/160382"}],"wp:attachment":[{"href":"https:\/\/nbcs.mx\/index.php?rest_route=%2Fwp%2Fv2%2Fmedia&parent=160381"}],"wp:term":[{"taxonomy":"category","embeddable":true,"href":"https:\/\/nbcs.mx\/index.php?rest_route=%2Fwp%2Fv2%2Fcategories&post=160381"},{"taxonomy":"post_tag","embeddable":true,"href":"https:\/\/nbcs.mx\/index.php?rest_route=%2Fwp%2Fv2%2Ftags&post=160381"}],"curies":[{"name":"wp","href":"https:\/\/api.w.org\/{rel}","templated":true}]}}