{"id":160479,"date":"2026-01-26T18:20:58","date_gmt":"2026-01-27T01:20:58","guid":{"rendered":"https:\/\/nbcs.mx\/?p=160479"},"modified":"2026-01-26T18:20:58","modified_gmt":"2026-01-27T01:20:58","slug":"concluye-olimpiada-estatal-de-taekwondo","status":"publish","type":"post","link":"https:\/\/nbcs.mx\/?p=160479","title":{"rendered":"Concluye Olimpiada Estatal de Taekwondo"},"content":{"rendered":"<p style=\"font-weight: 400; text-align: justify;\"><img loading=\"lazy\" decoding=\"async\" class=\" wp-image-160480 alignleft\" src=\"https:\/\/nbcs.mx\/wp-content\/uploads\/2026\/01\/IMG_8809.JPG-738x492.jpeg\" alt=\"\" width=\"384\" height=\"256\" srcset=\"https:\/\/nbcs.mx\/wp-content\/uploads\/2026\/01\/IMG_8809.JPG-738x492.jpeg 738w, https:\/\/nbcs.mx\/wp-content\/uploads\/2026\/01\/IMG_8809.JPG-150x100.jpeg 150w, https:\/\/nbcs.mx\/wp-content\/uploads\/2026\/01\/IMG_8809.JPG-768x512.jpeg 768w, https:\/\/nbcs.mx\/wp-content\/uploads\/2026\/01\/IMG_8809.JPG.jpeg 1024w\" sizes=\"auto, (max-width: 384px) 100vw, 384px\" \/>El pasado fin de semana el Instituto Sudcaliforniano del Deporte (INSUDE) llev\u00f3 a cabo la Olimpiada Estatal de Taekwondo 2026 en la Arena La Paz, con la participaci\u00f3n de las y los mejores atletas del estado.<\/p>\n<p style=\"font-weight: 400; text-align: justify;\">Durante la competencia, las y los deportistas disputaron su clasificaci\u00f3n para ser parte de la selecci\u00f3n sudcaliforniana que asista a la etapa regional de los Nacionales CONADE 2026, programada del 2 al 5 de abril en la ciudad de Tijuana, Baja California para esta disciplina.<\/p>\n<p style=\"font-weight: 400; text-align: justify;\">A continuaci\u00f3n, se presentan los resultados de la jornada deportiva:<\/p>\n<p style=\"font-weight: 400; text-align: justify;\"><strong>Poomsae: <\/strong><\/p>\n<p style=\"font-weight: 400; text-align: justify;\">Juvenil Femenil tercias:<\/p>\n<ol style=\"font-weight: 400; text-align: justify;\">\n<li>Marina Reyes, Esmeralda Blassi\u00a0 y Perla Blassi (La Paz).<\/li>\n<\/ol>\n<p style=\"font-weight: 400; text-align: justify;\">Juvenil Mixta Parejas:<\/p>\n<ol style=\"font-weight: 400; text-align: justify;\">\n<li>Arturo Reyes y Esmeralda Blassi (La Paz).<\/li>\n<\/ol>\n<p style=\"font-weight: 400; text-align: justify;\">Sub 21 Femenil Individual:<\/p>\n<ol style=\"font-weight: 400; text-align: justify;\">\n<li>Perla Castro (Los Cabos).<\/li>\n<\/ol>\n<p style=\"font-weight: 400; text-align: justify;\">Juvenil Varonil Individual:<\/p>\n<ol style=\"font-weight: 400; text-align: justify;\">\n<li>Mateo Cruz\u00a0 (La Paz).<\/li>\n<\/ol>\n<p style=\"font-weight: 400; text-align: justify;\">Juvenil Femenil Individual:<\/p>\n<ol style=\"font-weight: 400; text-align: justify;\">\n<li>Alejandra Sauceda (Los Cabos).<\/li>\n<\/ol>\n<p style=\"font-weight: 400; text-align: justify;\">Cadete Femenil Individual:<\/p>\n<ol style=\"font-weight: 400; text-align: justify;\">\n<li>Alexa Murillo (La Paz).<\/li>\n<\/ol>\n<p style=\"font-weight: 400; text-align: justify;\">\n<table style=\"font-weight: 400;\" width=\"667\">\n<tbody>\n<tr>\n<td width=\"228\"><strong>Infantil Femenil Individual <\/strong><\/p>\n<p><strong>-27 kg<\/strong><\/p>\n<ol>\n<li>Esperanza Zapata (La Paz).<\/li>\n<\/ol>\n<p><strong>-30 kg<\/strong><\/p>\n<ol>\n<li>Daniela Victorino (La Paz).<\/li>\n<\/ol>\n<p><strong>-33kg <\/strong><\/p>\n<ol>\n<li>Lyda Figueroa (La Paz).<\/li>\n<\/ol>\n<p><strong>-42 kg<\/strong><\/p>\n<ol>\n<li>Aimara Romero (Muleg\u00e9).<\/li>\n<\/ol>\n<p><strong>-54 kg<\/strong><\/p>\n<ol>\n<li>Paula \u00c1lzate (La Paz).<\/li>\n<\/ol>\n<p><strong>Infantil Varonil<\/strong><\/p>\n<p><strong>-27kg <\/strong><\/p>\n<ol>\n<li>Elias Hernandez (Los Cabos).<\/li>\n<\/ol>\n<p><strong>-30 kg<\/strong><\/p>\n<ol>\n<li>Andreas\u2019s Trejo (Los Cabos).<\/li>\n<\/ol>\n<p><strong>-33 kg <\/strong><\/p>\n<ol>\n<li>Juan Valdez (La Paz).<\/li>\n<\/ol>\n<p><strong>-36 kg<\/strong><\/p>\n<ol>\n<li>Diego Mendoza (Los Cabos).<\/li>\n<\/ol>\n<p><strong>-39 kg<\/strong><\/p>\n<ol>\n<li>Damian Polanco (La Paz).<\/li>\n<\/ol>\n<p><strong>-50 kg<\/strong><\/p>\n<ol>\n<li>Jes\u00fas Arce (La Paz).<\/li>\n<\/ol>\n<p><strong>-54 kg <\/strong><\/p>\n<ol>\n<li>Cristifer Amador (La Paz).<\/li>\n<\/ol>\n<\/td>\n<td width=\"229\"><strong>Cadete Femenil<\/strong><\/p>\n<p><strong>\u00a0<\/strong><\/p>\n<p><strong>-29 kg <\/strong><\/p>\n<ol>\n<li>Sarah\u00ed Marquez (La Paz).<\/li>\n<\/ol>\n<p><strong>-33 kg<\/strong><\/p>\n<ol>\n<li>Mar\u00eda Avil\u00e9s (La Paz)<\/li>\n<\/ol>\n<p><strong>-37 kg<\/strong><\/p>\n<ol>\n<li>Leah Espinoza (La Paz)<\/li>\n<\/ol>\n<p><strong>&#8211; 41 kg <\/strong><\/p>\n<ol>\n<li>Tristan Estrada (La Paz)<\/li>\n<\/ol>\n<p><strong>-44 kg <\/strong><\/p>\n<ol>\n<li>Natalia Quiroz (Los Cabos)<\/li>\n<\/ol>\n<p><strong>-47 kg<\/strong><\/p>\n<ol>\n<li>Meylin Ramirez (La Paz)<\/li>\n<\/ol>\n<p><strong>-51 kg<\/strong><\/p>\n<ol>\n<li>Flor Trujillo (Los Cabos)<\/li>\n<\/ol>\n<p><strong>-55 kg<\/strong><\/p>\n<ol>\n<li>Jasive Razo (La Paz)<\/li>\n<\/ol>\n<p><strong>-59 kg<\/strong><\/p>\n<ol>\n<li>Alexandra Basilio (La Paz)<\/li>\n<\/ol>\n<p><strong>+59 kg<\/strong><\/p>\n<ol>\n<li>Liliana Esparza<\/li>\n<\/ol>\n<\/td>\n<td width=\"210\"><strong>Cadete Varonil<\/strong><\/p>\n<p><strong>\u00a0<\/strong><\/p>\n<p><strong>-33 kg<\/strong><\/p>\n<ol>\n<li>Rodrigo Hern\u00e1ndez (Los Cabos)<\/li>\n<\/ol>\n<p><strong>-37 kg <\/strong><\/p>\n<ol>\n<li>Dylan Holmos (La Paz)<\/li>\n<\/ol>\n<p><strong>-41 kg<\/strong><\/p>\n<ol>\n<li>Abel Fit (Los Cabos)<\/li>\n<\/ol>\n<p><strong>-45 kg<\/strong><\/p>\n<ol>\n<li>Jassiel Gonzalez. (La Paz)<\/li>\n<\/ol>\n<p><strong>-49 kg<\/strong><\/p>\n<ol>\n<li>Yerem Ruiz (La Paz)<\/li>\n<\/ol>\n<p><strong>-53 kg <\/strong><\/p>\n<ol>\n<li>Carlos Mayoral (La Paz)<\/li>\n<\/ol>\n<p><strong>-57 kg<\/strong><\/p>\n<ol>\n<li>Vicente Dominguez (La Paz)<\/li>\n<\/ol>\n<p><strong>-61 kg <\/strong><\/p>\n<ol>\n<li>Saul Pulido (La Paz)<\/li>\n<\/ol>\n<p><strong>-65 kg <\/strong><\/p>\n<ol>\n<li>\u00cdker Vargas (La Paz)<\/li>\n<\/ol>\n<p><strong>+65 kg<\/strong><\/p>\n<p>&nbsp;<\/td>\n<\/tr>\n<\/tbody>\n<\/table>\n<p style=\"font-weight: 400; text-align: justify;\">\n<table style=\"font-weight: 400;\" width=\"668\">\n<tbody>\n<tr>\n<td width=\"231\"><strong>Femenil Juvenil<\/strong><\/p>\n<p><strong>-42 kg<\/strong><\/p>\n<ol>\n<li>Jovana Aguilar (La Paz)<\/li>\n<\/ol>\n<p><strong>-44 Kg <\/strong><\/p>\n<ol>\n<li>Sofia Tinoco (La Paz)<\/li>\n<\/ol>\n<p><strong>-46 kg <\/strong><\/p>\n<ol>\n<li>Estefania Cirino (Los Cabos)<\/li>\n<\/ol>\n<p><strong>-49 kg <\/strong><\/p>\n<ol>\n<li>Perla Blassi (La Paz)<\/li>\n<\/ol>\n<p><strong>-52 kg <\/strong><\/p>\n<ol>\n<li>Mar\u00eda Blassi (La Paz)<\/li>\n<\/ol>\n<p><strong>-68 kg <\/strong><\/p>\n<ol>\n<li>Isabella Zamora (Los Cabos)<\/li>\n<\/ol>\n<p><strong>+68 kg<\/strong><\/p>\n<ol>\n<li>Elizabeth Alda\u00f1a (La Paz)<\/li>\n<\/ol>\n<p>&nbsp;<\/td>\n<td width=\"223\"><strong>Varonil Juvenil<\/strong><\/p>\n<p><strong>-48 kg<\/strong><\/p>\n<ol>\n<li>Cosme Obeso<\/li>\n<\/ol>\n<p><strong>-55 kg<\/strong><\/p>\n<ol>\n<li>Carlos L\u00f3pez (Los Cabos)<\/li>\n<\/ol>\n<p><strong>-63 kg<\/strong><\/p>\n<ol>\n<li>Issac Manriquez (Los Cabos)<\/li>\n<\/ol>\n<p><strong>-68 kg <\/strong><\/p>\n<ol>\n<li>Luis Cuevas (La Paz)<\/li>\n<\/ol>\n<p><strong>-73 kg <\/strong><\/p>\n<ol>\n<li>Luis S\u00e1nchez (La Paz)<\/li>\n<\/ol>\n<p><strong>-78 kg <\/strong><\/p>\n<ol>\n<li>\u00c1ngel Meza (La Paz)<\/li>\n<\/ol>\n<p><strong>\u00a0<\/strong><\/td>\n<td width=\"214\"><strong>Adultos Femenil<\/strong><\/p>\n<p><strong>-49 kg<\/strong><\/p>\n<ol>\n<li>Carla Mart\u00ednez (Los Cabos)<\/li>\n<\/ol>\n<p><strong>-53 kg <\/strong><\/p>\n<ol>\n<li>Ana Morales (Los Cabos)<\/li>\n<\/ol>\n<p>&nbsp;<\/p>\n<p>&nbsp;<\/p>\n<p><strong>Adultos Varonil<\/strong><\/p>\n<p><strong>-54 kg<\/strong><\/p>\n<ol>\n<li>Ian Garza (Los Cabos)<\/li>\n<\/ol>\n<p><strong>-58 kg<\/strong><\/p>\n<ol>\n<li>Joel Munguia (Los Cabos)<\/li>\n<\/ol>\n<p><strong>-80 kg <\/strong><\/p>\n<ol>\n<li>Miguel Camarena\u00a0 (Los Cabos)<\/li>\n<\/ol>\n<\/td>\n<\/tr>\n<\/tbody>\n<\/table>\n<p style=\"font-weight: 400; text-align: justify;\">\n<p style=\"font-weight: 400; text-align: justify;\">De acuerdo con el Departamento de Alto Rendimiento del INSUDE, estos son los deportistas preseleccionados, quienes entrar\u00e1n en un proceso de evaluaci\u00f3n para escoger a los mejores elementos para representar a Baja California Sur en la etapa regional rumbo a la Olimpiada Nacional 2026.<\/p>\n","protected":false},"excerpt":{"rendered":"<p>El pasado fin de semana el Instituto Sudcaliforniano del Deporte (INSUDE) llev\u00f3 a cabo la Olimpiada Estatal de Taekwondo 2026<\/p>\n","protected":false},"author":1,"featured_media":160480,"comment_status":"open","ping_status":"closed","sticky":false,"template":"","format":"standard","meta":{"colormag_page_container_layout":"default_layout","colormag_page_sidebar_layout":"default_layout","_jetpack_memberships_contains_paid_content":false,"footnotes":"","jetpack_publicize_message":"","jetpack_publicize_feature_enabled":true,"jetpack_social_post_already_shared":true,"jetpack_social_options":{"image_generator_settings":{"template":"highway","default_image_id":0,"font":"","enabled":false},"version":2}},"categories":[23],"tags":[],"class_list":["post-160479","post","type-post","status-publish","format-standard","has-post-thumbnail","hentry","category-deportes"],"yoast_head":"<!-- This site is optimized with the Yoast SEO plugin v27.5 - https:\/\/yoast.com\/product\/yoast-seo-wordpress\/ -->\n<title>Concluye Olimpiada Estatal de Taekwondo - NBCS Noticias<\/title>\n<meta name=\"robots\" content=\"index, follow, max-snippet:-1, max-image-preview:large, max-video-preview:-1\" \/>\n<link rel=\"canonical\" href=\"https:\/\/nbcs.mx\/?p=160479\" \/>\n<meta property=\"og:locale\" content=\"es_ES\" \/>\n<meta property=\"og:type\" content=\"article\" \/>\n<meta property=\"og:title\" content=\"Concluye Olimpiada Estatal de Taekwondo - NBCS Noticias\" \/>\n<meta property=\"og:description\" content=\"El pasado fin de semana el Instituto Sudcaliforniano del Deporte (INSUDE) llev\u00f3 a cabo la Olimpiada Estatal de Taekwondo 2026\" \/>\n<meta property=\"og:url\" content=\"https:\/\/nbcs.mx\/?p=160479\" \/>\n<meta property=\"og:site_name\" content=\"NBCS Noticias\" \/>\n<meta property=\"article:publisher\" content=\"https:\/\/www.facebook.com\/NBCSnoticias\" \/>\n<meta property=\"article:author\" content=\"https:\/\/www.facebook.com\/NBCSnoticias\" \/>\n<meta property=\"article:published_time\" content=\"2026-01-27T01:20:58+00:00\" \/>\n<meta property=\"og:image\" content=\"https:\/\/nbcs.mx\/wp-content\/uploads\/2026\/01\/IMG_8809.JPG.jpeg\" \/>\n\t<meta property=\"og:image:width\" content=\"1024\" \/>\n\t<meta property=\"og:image:height\" content=\"683\" \/>\n\t<meta property=\"og:image:type\" content=\"image\/jpeg\" \/>\n<meta name=\"author\" content=\"NBCS Noticias\" \/>\n<meta name=\"twitter:card\" content=\"summary_large_image\" \/>\n<meta name=\"twitter:creator\" content=\"@https:\/\/twitter.com\/NBCSnoticias\" \/>\n<meta name=\"twitter:site\" content=\"@NBCSnoticias\" \/>\n<meta name=\"twitter:label1\" content=\"Escrito por\" \/>\n\t<meta name=\"twitter:data1\" content=\"NBCS Noticias\" \/>\n\t<meta name=\"twitter:label2\" content=\"Tiempo de lectura\" \/>\n\t<meta name=\"twitter:data2\" content=\"3 minutos\" \/>\n<script type=\"application\/ld+json\" class=\"yoast-schema-graph\">{\"@context\":\"https:\\\/\\\/schema.org\",\"@graph\":[{\"@type\":\"Article\",\"@id\":\"https:\\\/\\\/nbcs.mx\\\/?p=160479#article\",\"isPartOf\":{\"@id\":\"https:\\\/\\\/nbcs.mx\\\/?p=160479\"},\"author\":{\"name\":\"NBCS Noticias\",\"@id\":\"https:\\\/\\\/nbcs.mx\\\/#\\\/schema\\\/person\\\/ece58bab9a7c1e87a4d28ec9ecd79ff4\"},\"headline\":\"Concluye Olimpiada Estatal de Taekwondo\",\"datePublished\":\"2026-01-27T01:20:58+00:00\",\"mainEntityOfPage\":{\"@id\":\"https:\\\/\\\/nbcs.mx\\\/?p=160479\"},\"wordCount\":511,\"commentCount\":0,\"publisher\":{\"@id\":\"https:\\\/\\\/nbcs.mx\\\/#organization\"},\"image\":{\"@id\":\"https:\\\/\\\/nbcs.mx\\\/?p=160479#primaryimage\"},\"thumbnailUrl\":\"https:\\\/\\\/nbcs.mx\\\/wp-content\\\/uploads\\\/2026\\\/01\\\/IMG_8809.JPG.jpeg\",\"articleSection\":[\"Deportes\"],\"inLanguage\":\"es\",\"potentialAction\":[{\"@type\":\"CommentAction\",\"name\":\"Comment\",\"target\":[\"https:\\\/\\\/nbcs.mx\\\/?p=160479#respond\"]}]},{\"@type\":\"WebPage\",\"@id\":\"https:\\\/\\\/nbcs.mx\\\/?p=160479\",\"url\":\"https:\\\/\\\/nbcs.mx\\\/?p=160479\",\"name\":\"Concluye Olimpiada Estatal de Taekwondo - NBCS Noticias\",\"isPartOf\":{\"@id\":\"https:\\\/\\\/nbcs.mx\\\/#website\"},\"primaryImageOfPage\":{\"@id\":\"https:\\\/\\\/nbcs.mx\\\/?p=160479#primaryimage\"},\"image\":{\"@id\":\"https:\\\/\\\/nbcs.mx\\\/?p=160479#primaryimage\"},\"thumbnailUrl\":\"https:\\\/\\\/nbcs.mx\\\/wp-content\\\/uploads\\\/2026\\\/01\\\/IMG_8809.JPG.jpeg\",\"datePublished\":\"2026-01-27T01:20:58+00:00\",\"breadcrumb\":{\"@id\":\"https:\\\/\\\/nbcs.mx\\\/?p=160479#breadcrumb\"},\"inLanguage\":\"es\",\"potentialAction\":[{\"@type\":\"ReadAction\",\"target\":[\"https:\\\/\\\/nbcs.mx\\\/?p=160479\"]}]},{\"@type\":\"ImageObject\",\"inLanguage\":\"es\",\"@id\":\"https:\\\/\\\/nbcs.mx\\\/?p=160479#primaryimage\",\"url\":\"https:\\\/\\\/nbcs.mx\\\/wp-content\\\/uploads\\\/2026\\\/01\\\/IMG_8809.JPG.jpeg\",\"contentUrl\":\"https:\\\/\\\/nbcs.mx\\\/wp-content\\\/uploads\\\/2026\\\/01\\\/IMG_8809.JPG.jpeg\",\"width\":1024,\"height\":683},{\"@type\":\"BreadcrumbList\",\"@id\":\"https:\\\/\\\/nbcs.mx\\\/?p=160479#breadcrumb\",\"itemListElement\":[{\"@type\":\"ListItem\",\"position\":1,\"name\":\"Portada\",\"item\":\"https:\\\/\\\/nbcs.mx\\\/\"},{\"@type\":\"ListItem\",\"position\":2,\"name\":\"Concluye Olimpiada Estatal de Taekwondo\"}]},{\"@type\":\"WebSite\",\"@id\":\"https:\\\/\\\/nbcs.mx\\\/#website\",\"url\":\"https:\\\/\\\/nbcs.mx\\\/\",\"name\":\"NBCS Noticias\",\"description\":\"Sitio web de noticias en Baja California Sur\",\"publisher\":{\"@id\":\"https:\\\/\\\/nbcs.mx\\\/#organization\"},\"potentialAction\":[{\"@type\":\"SearchAction\",\"target\":{\"@type\":\"EntryPoint\",\"urlTemplate\":\"https:\\\/\\\/nbcs.mx\\\/?s={search_term_string}\"},\"query-input\":{\"@type\":\"PropertyValueSpecification\",\"valueRequired\":true,\"valueName\":\"search_term_string\"}}],\"inLanguage\":\"es\"},{\"@type\":\"Organization\",\"@id\":\"https:\\\/\\\/nbcs.mx\\\/#organization\",\"name\":\"NBCS Noticias\",\"url\":\"https:\\\/\\\/nbcs.mx\\\/\",\"logo\":{\"@type\":\"ImageObject\",\"inLanguage\":\"es\",\"@id\":\"https:\\\/\\\/nbcs.mx\\\/#\\\/schema\\\/logo\\\/image\\\/\",\"url\":\"https:\\\/\\\/nbcs.mx\\\/wp-content\\\/uploads\\\/2018\\\/09\\\/057b69485e93575a5c2b1c1dde2dd297.jpeg\",\"contentUrl\":\"https:\\\/\\\/nbcs.mx\\\/wp-content\\\/uploads\\\/2018\\\/09\\\/057b69485e93575a5c2b1c1dde2dd297.jpeg\",\"width\":64,\"height\":64,\"caption\":\"NBCS Noticias\"},\"image\":{\"@id\":\"https:\\\/\\\/nbcs.mx\\\/#\\\/schema\\\/logo\\\/image\\\/\"},\"sameAs\":[\"https:\\\/\\\/www.facebook.com\\\/NBCSnoticias\",\"https:\\\/\\\/x.com\\\/NBCSnoticias\"]},{\"@type\":\"Person\",\"@id\":\"https:\\\/\\\/nbcs.mx\\\/#\\\/schema\\\/person\\\/ece58bab9a7c1e87a4d28ec9ecd79ff4\",\"name\":\"NBCS Noticias\",\"image\":{\"@type\":\"ImageObject\",\"inLanguage\":\"es\",\"@id\":\"https:\\\/\\\/secure.gravatar.com\\\/avatar\\\/4e52110cad1c4054b43271a0d14bbe9e2ea76aecd0e1097edfc670798d9ca1d4?s=96&d=blank&r=g\",\"url\":\"https:\\\/\\\/secure.gravatar.com\\\/avatar\\\/4e52110cad1c4054b43271a0d14bbe9e2ea76aecd0e1097edfc670798d9ca1d4?s=96&d=blank&r=g\",\"contentUrl\":\"https:\\\/\\\/secure.gravatar.com\\\/avatar\\\/4e52110cad1c4054b43271a0d14bbe9e2ea76aecd0e1097edfc670798d9ca1d4?s=96&d=blank&r=g\",\"caption\":\"NBCS Noticias\"},\"description\":\"\u00bfTienes fotos o video de alg\u00fan acto de posible negligencia, corrupci\u00f3n y abuso de autoridad? M\u00e1ndalo al WhatsApp de NBCS Noticias: 612 141 98 08\",\"sameAs\":[\"https:\\\/\\\/www.nbcs.mx\",\"https:\\\/\\\/www.facebook.com\\\/NBCSnoticias\",\"https:\\\/\\\/www.instagram.com\\\/nbcsnoticias\\\/\",\"https:\\\/\\\/x.com\\\/https:\\\/\\\/twitter.com\\\/NBCSnoticias\"]}]}<\/script>\n<!-- \/ Yoast SEO plugin. -->","yoast_head_json":{"title":"Concluye Olimpiada Estatal de Taekwondo - NBCS Noticias","robots":{"index":"index","follow":"follow","max-snippet":"max-snippet:-1","max-image-preview":"max-image-preview:large","max-video-preview":"max-video-preview:-1"},"canonical":"https:\/\/nbcs.mx\/?p=160479","og_locale":"es_ES","og_type":"article","og_title":"Concluye Olimpiada Estatal de Taekwondo - NBCS Noticias","og_description":"El pasado fin de semana el Instituto Sudcaliforniano del Deporte (INSUDE) llev\u00f3 a cabo la Olimpiada Estatal de Taekwondo 2026","og_url":"https:\/\/nbcs.mx\/?p=160479","og_site_name":"NBCS Noticias","article_publisher":"https:\/\/www.facebook.com\/NBCSnoticias","article_author":"https:\/\/www.facebook.com\/NBCSnoticias","article_published_time":"2026-01-27T01:20:58+00:00","og_image":[{"width":1024,"height":683,"url":"https:\/\/nbcs.mx\/wp-content\/uploads\/2026\/01\/IMG_8809.JPG.jpeg","type":"image\/jpeg"}],"author":"NBCS Noticias","twitter_card":"summary_large_image","twitter_creator":"@https:\/\/twitter.com\/NBCSnoticias","twitter_site":"@NBCSnoticias","twitter_misc":{"Escrito por":"NBCS Noticias","Tiempo de lectura":"3 minutos"},"schema":{"@context":"https:\/\/schema.org","@graph":[{"@type":"Article","@id":"https:\/\/nbcs.mx\/?p=160479#article","isPartOf":{"@id":"https:\/\/nbcs.mx\/?p=160479"},"author":{"name":"NBCS Noticias","@id":"https:\/\/nbcs.mx\/#\/schema\/person\/ece58bab9a7c1e87a4d28ec9ecd79ff4"},"headline":"Concluye Olimpiada Estatal de Taekwondo","datePublished":"2026-01-27T01:20:58+00:00","mainEntityOfPage":{"@id":"https:\/\/nbcs.mx\/?p=160479"},"wordCount":511,"commentCount":0,"publisher":{"@id":"https:\/\/nbcs.mx\/#organization"},"image":{"@id":"https:\/\/nbcs.mx\/?p=160479#primaryimage"},"thumbnailUrl":"https:\/\/nbcs.mx\/wp-content\/uploads\/2026\/01\/IMG_8809.JPG.jpeg","articleSection":["Deportes"],"inLanguage":"es","potentialAction":[{"@type":"CommentAction","name":"Comment","target":["https:\/\/nbcs.mx\/?p=160479#respond"]}]},{"@type":"WebPage","@id":"https:\/\/nbcs.mx\/?p=160479","url":"https:\/\/nbcs.mx\/?p=160479","name":"Concluye Olimpiada Estatal de Taekwondo - NBCS Noticias","isPartOf":{"@id":"https:\/\/nbcs.mx\/#website"},"primaryImageOfPage":{"@id":"https:\/\/nbcs.mx\/?p=160479#primaryimage"},"image":{"@id":"https:\/\/nbcs.mx\/?p=160479#primaryimage"},"thumbnailUrl":"https:\/\/nbcs.mx\/wp-content\/uploads\/2026\/01\/IMG_8809.JPG.jpeg","datePublished":"2026-01-27T01:20:58+00:00","breadcrumb":{"@id":"https:\/\/nbcs.mx\/?p=160479#breadcrumb"},"inLanguage":"es","potentialAction":[{"@type":"ReadAction","target":["https:\/\/nbcs.mx\/?p=160479"]}]},{"@type":"ImageObject","inLanguage":"es","@id":"https:\/\/nbcs.mx\/?p=160479#primaryimage","url":"https:\/\/nbcs.mx\/wp-content\/uploads\/2026\/01\/IMG_8809.JPG.jpeg","contentUrl":"https:\/\/nbcs.mx\/wp-content\/uploads\/2026\/01\/IMG_8809.JPG.jpeg","width":1024,"height":683},{"@type":"BreadcrumbList","@id":"https:\/\/nbcs.mx\/?p=160479#breadcrumb","itemListElement":[{"@type":"ListItem","position":1,"name":"Portada","item":"https:\/\/nbcs.mx\/"},{"@type":"ListItem","position":2,"name":"Concluye Olimpiada Estatal de Taekwondo"}]},{"@type":"WebSite","@id":"https:\/\/nbcs.mx\/#website","url":"https:\/\/nbcs.mx\/","name":"NBCS Noticias","description":"Sitio web de noticias en Baja California Sur","publisher":{"@id":"https:\/\/nbcs.mx\/#organization"},"potentialAction":[{"@type":"SearchAction","target":{"@type":"EntryPoint","urlTemplate":"https:\/\/nbcs.mx\/?s={search_term_string}"},"query-input":{"@type":"PropertyValueSpecification","valueRequired":true,"valueName":"search_term_string"}}],"inLanguage":"es"},{"@type":"Organization","@id":"https:\/\/nbcs.mx\/#organization","name":"NBCS Noticias","url":"https:\/\/nbcs.mx\/","logo":{"@type":"ImageObject","inLanguage":"es","@id":"https:\/\/nbcs.mx\/#\/schema\/logo\/image\/","url":"https:\/\/nbcs.mx\/wp-content\/uploads\/2018\/09\/057b69485e93575a5c2b1c1dde2dd297.jpeg","contentUrl":"https:\/\/nbcs.mx\/wp-content\/uploads\/2018\/09\/057b69485e93575a5c2b1c1dde2dd297.jpeg","width":64,"height":64,"caption":"NBCS Noticias"},"image":{"@id":"https:\/\/nbcs.mx\/#\/schema\/logo\/image\/"},"sameAs":["https:\/\/www.facebook.com\/NBCSnoticias","https:\/\/x.com\/NBCSnoticias"]},{"@type":"Person","@id":"https:\/\/nbcs.mx\/#\/schema\/person\/ece58bab9a7c1e87a4d28ec9ecd79ff4","name":"NBCS Noticias","image":{"@type":"ImageObject","inLanguage":"es","@id":"https:\/\/secure.gravatar.com\/avatar\/4e52110cad1c4054b43271a0d14bbe9e2ea76aecd0e1097edfc670798d9ca1d4?s=96&d=blank&r=g","url":"https:\/\/secure.gravatar.com\/avatar\/4e52110cad1c4054b43271a0d14bbe9e2ea76aecd0e1097edfc670798d9ca1d4?s=96&d=blank&r=g","contentUrl":"https:\/\/secure.gravatar.com\/avatar\/4e52110cad1c4054b43271a0d14bbe9e2ea76aecd0e1097edfc670798d9ca1d4?s=96&d=blank&r=g","caption":"NBCS Noticias"},"description":"\u00bfTienes fotos o video de alg\u00fan acto de posible negligencia, corrupci\u00f3n y abuso de autoridad? M\u00e1ndalo al WhatsApp de NBCS Noticias: 612 141 98 08","sameAs":["https:\/\/www.nbcs.mx","https:\/\/www.facebook.com\/NBCSnoticias","https:\/\/www.instagram.com\/nbcsnoticias\/","https:\/\/x.com\/https:\/\/twitter.com\/NBCSnoticias"]}]}},"jetpack_publicize_connections":[],"jetpack_featured_media_url":"https:\/\/nbcs.mx\/wp-content\/uploads\/2026\/01\/IMG_8809.JPG.jpeg","jetpack_sharing_enabled":true,"_links":{"self":[{"href":"https:\/\/nbcs.mx\/index.php?rest_route=\/wp\/v2\/posts\/160479","targetHints":{"allow":["GET"]}}],"collection":[{"href":"https:\/\/nbcs.mx\/index.php?rest_route=\/wp\/v2\/posts"}],"about":[{"href":"https:\/\/nbcs.mx\/index.php?rest_route=\/wp\/v2\/types\/post"}],"author":[{"embeddable":true,"href":"https:\/\/nbcs.mx\/index.php?rest_route=\/wp\/v2\/users\/1"}],"replies":[{"embeddable":true,"href":"https:\/\/nbcs.mx\/index.php?rest_route=%2Fwp%2Fv2%2Fcomments&post=160479"}],"version-history":[{"count":1,"href":"https:\/\/nbcs.mx\/index.php?rest_route=\/wp\/v2\/posts\/160479\/revisions"}],"predecessor-version":[{"id":160481,"href":"https:\/\/nbcs.mx\/index.php?rest_route=\/wp\/v2\/posts\/160479\/revisions\/160481"}],"wp:featuredmedia":[{"embeddable":true,"href":"https:\/\/nbcs.mx\/index.php?rest_route=\/wp\/v2\/media\/160480"}],"wp:attachment":[{"href":"https:\/\/nbcs.mx\/index.php?rest_route=%2Fwp%2Fv2%2Fmedia&parent=160479"}],"wp:term":[{"taxonomy":"category","embeddable":true,"href":"https:\/\/nbcs.mx\/index.php?rest_route=%2Fwp%2Fv2%2Fcategories&post=160479"},{"taxonomy":"post_tag","embeddable":true,"href":"https:\/\/nbcs.mx\/index.php?rest_route=%2Fwp%2Fv2%2Ftags&post=160479"}],"curies":[{"name":"wp","href":"https:\/\/api.w.org\/{rel}","templated":true}]}}