{"id":160619,"date":"2026-01-29T21:16:53","date_gmt":"2026-01-30T04:16:53","guid":{"rendered":"https:\/\/nbcs.mx\/?p=160619"},"modified":"2026-01-29T21:16:53","modified_gmt":"2026-01-30T04:16:53","slug":"detienen-a-presuntos-homicidas-y-ladrones-en-operativos-de-seguridad-en-la-paz","status":"publish","type":"post","link":"https:\/\/nbcs.mx\/?p=160619","title":{"rendered":"Detienen a presuntos homicidas y ladrones en operativos de seguridad en La Paz"},"content":{"rendered":"<p style=\"text-align: justify;\" data-start=\"169\" data-end=\"436\"><img loading=\"lazy\" decoding=\"async\" class=\" wp-image-160620 alignleft\" src=\"https:\/\/nbcs.mx\/wp-content\/uploads\/2026\/01\/detyenidos-755x492.png\" alt=\"\" width=\"387\" height=\"252\" srcset=\"https:\/\/nbcs.mx\/wp-content\/uploads\/2026\/01\/detyenidos-755x492.png 755w, https:\/\/nbcs.mx\/wp-content\/uploads\/2026\/01\/detyenidos-150x98.png 150w, https:\/\/nbcs.mx\/wp-content\/uploads\/2026\/01\/detyenidos-768x499.png 768w, https:\/\/nbcs.mx\/wp-content\/uploads\/2026\/01\/detyenidos.png 1000w\" sizes=\"auto, (max-width: 387px) 100vw, 387px\" \/>Como resultado de los operativos implementados por autoridades de los tres \u00f3rdenes de gobierno, durante la jornada del mi\u00e9rcoles se logr\u00f3 la detenci\u00f3n de varias personas presuntamente relacionadas con delitos de alto impacto y patrimoniales en el municipio de La Paz.<\/p>\n<p style=\"text-align: justify;\" data-start=\"438\" data-end=\"915\">La Procuradur\u00eda General de Justicia del Estado de Baja California Sur (PGJE) inform\u00f3 la detenci\u00f3n de Jos\u00e9 \u201cN\u201d y Brayant \u201cN\u201d, quienes se encontraban pr\u00f3fugos de la justicia y son imputados por el delito de homicidio calificado con ventaja, derivado de hechos ocurridos en la delegaci\u00f3n de El Pescadero. De acuerdo con la investigaci\u00f3n, ambos son se\u00f1alados por agredir a Sa\u00fal \u201cN\u201d la noche del 25 de diciembre, quien posteriormente perdi\u00f3 la vida mientras recib\u00eda atenci\u00f3n m\u00e9dica.<\/p>\n<p style=\"text-align: justify;\" data-start=\"917\" data-end=\"1256\">En acciones paralelas, derivado de un reporte al C-4, fue asegurado Christian \u201cN\u201d por el presunto delito de allanamiento de morada, tras ingresar a un domicilio en el fraccionamiento Misiones. Asimismo, en la colonia Palmar II se detuvo a Juan \u201cN\u201d por la presunci\u00f3n de robo equiparado de veh\u00edculo, asegurando una motocicleta marca Italika.<\/p>\n<p style=\"text-align: justify;\" data-start=\"1258\" data-end=\"1499\">Ese mismo d\u00eda, las autoridades aseguraron a David \u201cN\u201d, se\u00f1alado por el presunto delito de robo a casa habitaci\u00f3n, luego de ser identificado por la parte afectada como responsable de ingresar a un domicilio en la colonia Adolfo Ruiz Cortines.<\/p>\n<p style=\"text-align: justify;\" data-start=\"1501\" data-end=\"1700\">Las autoridades municipales reiteraron el llamado a la ciudadan\u00eda a hacer un uso responsable de las l\u00edneas de emergencia, al recordar que las llamadas falsas afectan la atenci\u00f3n de incidentes reales.<\/p>\n<p style=\"text-align: justify;\" data-start=\"1702\" data-end=\"1883\">Las acciones se realizaron en seguimiento a los acuerdos de la Mesa de Seguridad, reforzando la coordinaci\u00f3n interinstitucional y las tareas de vigilancia en el municipio de La Paz.<\/p>\n","protected":false},"excerpt":{"rendered":"<p>Como resultado de los operativos implementados por autoridades de los tres \u00f3rdenes de gobierno, durante la jornada del mi\u00e9rcoles se<\/p>\n","protected":false},"author":1,"featured_media":160620,"comment_status":"open","ping_status":"closed","sticky":false,"template":"","format":"standard","meta":{"colormag_page_container_layout":"default_layout","colormag_page_sidebar_layout":"default_layout","_jetpack_memberships_contains_paid_content":false,"footnotes":"","jetpack_publicize_message":"","jetpack_publicize_feature_enabled":true,"jetpack_social_post_already_shared":true,"jetpack_social_options":{"image_generator_settings":{"template":"highway","default_image_id":0,"font":"","enabled":false},"version":2}},"categories":[22],"tags":[],"class_list":["post-160619","post","type-post","status-publish","format-standard","has-post-thumbnail","hentry","category-policiacas"],"yoast_head":"<!-- This site is optimized with the Yoast SEO plugin v27.5 - https:\/\/yoast.com\/product\/yoast-seo-wordpress\/ -->\n<title>Detienen a presuntos homicidas y ladrones en operativos de seguridad en La Paz - NBCS Noticias<\/title>\n<meta name=\"robots\" content=\"index, follow, max-snippet:-1, max-image-preview:large, max-video-preview:-1\" \/>\n<link rel=\"canonical\" href=\"https:\/\/nbcs.mx\/?p=160619\" \/>\n<meta property=\"og:locale\" content=\"es_ES\" \/>\n<meta property=\"og:type\" content=\"article\" \/>\n<meta property=\"og:title\" content=\"Detienen a presuntos homicidas y ladrones en operativos de seguridad en La Paz - NBCS Noticias\" \/>\n<meta property=\"og:description\" content=\"Como resultado de los operativos implementados por autoridades de los tres \u00f3rdenes de gobierno, durante la jornada del mi\u00e9rcoles se\" \/>\n<meta property=\"og:url\" content=\"https:\/\/nbcs.mx\/?p=160619\" \/>\n<meta property=\"og:site_name\" content=\"NBCS Noticias\" \/>\n<meta property=\"article:publisher\" content=\"https:\/\/www.facebook.com\/NBCSnoticias\" \/>\n<meta property=\"article:author\" content=\"https:\/\/www.facebook.com\/NBCSnoticias\" \/>\n<meta property=\"article:published_time\" content=\"2026-01-30T04:16:53+00:00\" \/>\n<meta property=\"og:image\" content=\"https:\/\/nbcs.mx\/wp-content\/uploads\/2026\/01\/detyenidos.png\" \/>\n\t<meta property=\"og:image:width\" content=\"1000\" \/>\n\t<meta property=\"og:image:height\" content=\"650\" \/>\n\t<meta property=\"og:image:type\" content=\"image\/png\" \/>\n<meta name=\"author\" content=\"NBCS Noticias\" \/>\n<meta name=\"twitter:card\" content=\"summary_large_image\" \/>\n<meta name=\"twitter:creator\" content=\"@https:\/\/twitter.com\/NBCSnoticias\" \/>\n<meta name=\"twitter:site\" content=\"@NBCSnoticias\" \/>\n<meta name=\"twitter:label1\" content=\"Escrito por\" \/>\n\t<meta name=\"twitter:data1\" content=\"NBCS Noticias\" \/>\n\t<meta name=\"twitter:label2\" content=\"Tiempo de lectura\" \/>\n\t<meta name=\"twitter:data2\" content=\"2 minutos\" \/>\n<script type=\"application\/ld+json\" class=\"yoast-schema-graph\">{\"@context\":\"https:\\\/\\\/schema.org\",\"@graph\":[{\"@type\":\"Article\",\"@id\":\"https:\\\/\\\/nbcs.mx\\\/?p=160619#article\",\"isPartOf\":{\"@id\":\"https:\\\/\\\/nbcs.mx\\\/?p=160619\"},\"author\":{\"name\":\"NBCS Noticias\",\"@id\":\"https:\\\/\\\/nbcs.mx\\\/#\\\/schema\\\/person\\\/ece58bab9a7c1e87a4d28ec9ecd79ff4\"},\"headline\":\"Detienen a presuntos homicidas y ladrones en operativos de seguridad en La Paz\",\"datePublished\":\"2026-01-30T04:16:53+00:00\",\"mainEntityOfPage\":{\"@id\":\"https:\\\/\\\/nbcs.mx\\\/?p=160619\"},\"wordCount\":305,\"commentCount\":0,\"publisher\":{\"@id\":\"https:\\\/\\\/nbcs.mx\\\/#organization\"},\"image\":{\"@id\":\"https:\\\/\\\/nbcs.mx\\\/?p=160619#primaryimage\"},\"thumbnailUrl\":\"https:\\\/\\\/nbcs.mx\\\/wp-content\\\/uploads\\\/2026\\\/01\\\/detyenidos.png\",\"articleSection\":[\"Policiacas\"],\"inLanguage\":\"es\",\"potentialAction\":[{\"@type\":\"CommentAction\",\"name\":\"Comment\",\"target\":[\"https:\\\/\\\/nbcs.mx\\\/?p=160619#respond\"]}]},{\"@type\":\"WebPage\",\"@id\":\"https:\\\/\\\/nbcs.mx\\\/?p=160619\",\"url\":\"https:\\\/\\\/nbcs.mx\\\/?p=160619\",\"name\":\"Detienen a presuntos homicidas y ladrones en operativos de seguridad en La Paz - NBCS Noticias\",\"isPartOf\":{\"@id\":\"https:\\\/\\\/nbcs.mx\\\/#website\"},\"primaryImageOfPage\":{\"@id\":\"https:\\\/\\\/nbcs.mx\\\/?p=160619#primaryimage\"},\"image\":{\"@id\":\"https:\\\/\\\/nbcs.mx\\\/?p=160619#primaryimage\"},\"thumbnailUrl\":\"https:\\\/\\\/nbcs.mx\\\/wp-content\\\/uploads\\\/2026\\\/01\\\/detyenidos.png\",\"datePublished\":\"2026-01-30T04:16:53+00:00\",\"breadcrumb\":{\"@id\":\"https:\\\/\\\/nbcs.mx\\\/?p=160619#breadcrumb\"},\"inLanguage\":\"es\",\"potentialAction\":[{\"@type\":\"ReadAction\",\"target\":[\"https:\\\/\\\/nbcs.mx\\\/?p=160619\"]}]},{\"@type\":\"ImageObject\",\"inLanguage\":\"es\",\"@id\":\"https:\\\/\\\/nbcs.mx\\\/?p=160619#primaryimage\",\"url\":\"https:\\\/\\\/nbcs.mx\\\/wp-content\\\/uploads\\\/2026\\\/01\\\/detyenidos.png\",\"contentUrl\":\"https:\\\/\\\/nbcs.mx\\\/wp-content\\\/uploads\\\/2026\\\/01\\\/detyenidos.png\",\"width\":1000,\"height\":650},{\"@type\":\"BreadcrumbList\",\"@id\":\"https:\\\/\\\/nbcs.mx\\\/?p=160619#breadcrumb\",\"itemListElement\":[{\"@type\":\"ListItem\",\"position\":1,\"name\":\"Portada\",\"item\":\"https:\\\/\\\/nbcs.mx\\\/\"},{\"@type\":\"ListItem\",\"position\":2,\"name\":\"Detienen a presuntos homicidas y ladrones en operativos de seguridad en La Paz\"}]},{\"@type\":\"WebSite\",\"@id\":\"https:\\\/\\\/nbcs.mx\\\/#website\",\"url\":\"https:\\\/\\\/nbcs.mx\\\/\",\"name\":\"NBCS Noticias\",\"description\":\"Sitio web de noticias en Baja California Sur\",\"publisher\":{\"@id\":\"https:\\\/\\\/nbcs.mx\\\/#organization\"},\"potentialAction\":[{\"@type\":\"SearchAction\",\"target\":{\"@type\":\"EntryPoint\",\"urlTemplate\":\"https:\\\/\\\/nbcs.mx\\\/?s={search_term_string}\"},\"query-input\":{\"@type\":\"PropertyValueSpecification\",\"valueRequired\":true,\"valueName\":\"search_term_string\"}}],\"inLanguage\":\"es\"},{\"@type\":\"Organization\",\"@id\":\"https:\\\/\\\/nbcs.mx\\\/#organization\",\"name\":\"NBCS Noticias\",\"url\":\"https:\\\/\\\/nbcs.mx\\\/\",\"logo\":{\"@type\":\"ImageObject\",\"inLanguage\":\"es\",\"@id\":\"https:\\\/\\\/nbcs.mx\\\/#\\\/schema\\\/logo\\\/image\\\/\",\"url\":\"https:\\\/\\\/nbcs.mx\\\/wp-content\\\/uploads\\\/2018\\\/09\\\/057b69485e93575a5c2b1c1dde2dd297.jpeg\",\"contentUrl\":\"https:\\\/\\\/nbcs.mx\\\/wp-content\\\/uploads\\\/2018\\\/09\\\/057b69485e93575a5c2b1c1dde2dd297.jpeg\",\"width\":64,\"height\":64,\"caption\":\"NBCS Noticias\"},\"image\":{\"@id\":\"https:\\\/\\\/nbcs.mx\\\/#\\\/schema\\\/logo\\\/image\\\/\"},\"sameAs\":[\"https:\\\/\\\/www.facebook.com\\\/NBCSnoticias\",\"https:\\\/\\\/x.com\\\/NBCSnoticias\"]},{\"@type\":\"Person\",\"@id\":\"https:\\\/\\\/nbcs.mx\\\/#\\\/schema\\\/person\\\/ece58bab9a7c1e87a4d28ec9ecd79ff4\",\"name\":\"NBCS Noticias\",\"image\":{\"@type\":\"ImageObject\",\"inLanguage\":\"es\",\"@id\":\"https:\\\/\\\/secure.gravatar.com\\\/avatar\\\/4e52110cad1c4054b43271a0d14bbe9e2ea76aecd0e1097edfc670798d9ca1d4?s=96&d=blank&r=g\",\"url\":\"https:\\\/\\\/secure.gravatar.com\\\/avatar\\\/4e52110cad1c4054b43271a0d14bbe9e2ea76aecd0e1097edfc670798d9ca1d4?s=96&d=blank&r=g\",\"contentUrl\":\"https:\\\/\\\/secure.gravatar.com\\\/avatar\\\/4e52110cad1c4054b43271a0d14bbe9e2ea76aecd0e1097edfc670798d9ca1d4?s=96&d=blank&r=g\",\"caption\":\"NBCS Noticias\"},\"description\":\"\u00bfTienes fotos o video de alg\u00fan acto de posible negligencia, corrupci\u00f3n y abuso de autoridad? M\u00e1ndalo al WhatsApp de NBCS Noticias: 612 141 98 08\",\"sameAs\":[\"https:\\\/\\\/www.nbcs.mx\",\"https:\\\/\\\/www.facebook.com\\\/NBCSnoticias\",\"https:\\\/\\\/www.instagram.com\\\/nbcsnoticias\\\/\",\"https:\\\/\\\/x.com\\\/https:\\\/\\\/twitter.com\\\/NBCSnoticias\"]}]}<\/script>\n<!-- \/ Yoast SEO plugin. -->","yoast_head_json":{"title":"Detienen a presuntos homicidas y ladrones en operativos de seguridad en La Paz - NBCS Noticias","robots":{"index":"index","follow":"follow","max-snippet":"max-snippet:-1","max-image-preview":"max-image-preview:large","max-video-preview":"max-video-preview:-1"},"canonical":"https:\/\/nbcs.mx\/?p=160619","og_locale":"es_ES","og_type":"article","og_title":"Detienen a presuntos homicidas y ladrones en operativos de seguridad en La Paz - NBCS Noticias","og_description":"Como resultado de los operativos implementados por autoridades de los tres \u00f3rdenes de gobierno, durante la jornada del mi\u00e9rcoles se","og_url":"https:\/\/nbcs.mx\/?p=160619","og_site_name":"NBCS Noticias","article_publisher":"https:\/\/www.facebook.com\/NBCSnoticias","article_author":"https:\/\/www.facebook.com\/NBCSnoticias","article_published_time":"2026-01-30T04:16:53+00:00","og_image":[{"width":1000,"height":650,"url":"https:\/\/nbcs.mx\/wp-content\/uploads\/2026\/01\/detyenidos.png","type":"image\/png"}],"author":"NBCS Noticias","twitter_card":"summary_large_image","twitter_creator":"@https:\/\/twitter.com\/NBCSnoticias","twitter_site":"@NBCSnoticias","twitter_misc":{"Escrito por":"NBCS Noticias","Tiempo de lectura":"2 minutos"},"schema":{"@context":"https:\/\/schema.org","@graph":[{"@type":"Article","@id":"https:\/\/nbcs.mx\/?p=160619#article","isPartOf":{"@id":"https:\/\/nbcs.mx\/?p=160619"},"author":{"name":"NBCS Noticias","@id":"https:\/\/nbcs.mx\/#\/schema\/person\/ece58bab9a7c1e87a4d28ec9ecd79ff4"},"headline":"Detienen a presuntos homicidas y ladrones en operativos de seguridad en La Paz","datePublished":"2026-01-30T04:16:53+00:00","mainEntityOfPage":{"@id":"https:\/\/nbcs.mx\/?p=160619"},"wordCount":305,"commentCount":0,"publisher":{"@id":"https:\/\/nbcs.mx\/#organization"},"image":{"@id":"https:\/\/nbcs.mx\/?p=160619#primaryimage"},"thumbnailUrl":"https:\/\/nbcs.mx\/wp-content\/uploads\/2026\/01\/detyenidos.png","articleSection":["Policiacas"],"inLanguage":"es","potentialAction":[{"@type":"CommentAction","name":"Comment","target":["https:\/\/nbcs.mx\/?p=160619#respond"]}]},{"@type":"WebPage","@id":"https:\/\/nbcs.mx\/?p=160619","url":"https:\/\/nbcs.mx\/?p=160619","name":"Detienen a presuntos homicidas y ladrones en operativos de seguridad en La Paz - NBCS Noticias","isPartOf":{"@id":"https:\/\/nbcs.mx\/#website"},"primaryImageOfPage":{"@id":"https:\/\/nbcs.mx\/?p=160619#primaryimage"},"image":{"@id":"https:\/\/nbcs.mx\/?p=160619#primaryimage"},"thumbnailUrl":"https:\/\/nbcs.mx\/wp-content\/uploads\/2026\/01\/detyenidos.png","datePublished":"2026-01-30T04:16:53+00:00","breadcrumb":{"@id":"https:\/\/nbcs.mx\/?p=160619#breadcrumb"},"inLanguage":"es","potentialAction":[{"@type":"ReadAction","target":["https:\/\/nbcs.mx\/?p=160619"]}]},{"@type":"ImageObject","inLanguage":"es","@id":"https:\/\/nbcs.mx\/?p=160619#primaryimage","url":"https:\/\/nbcs.mx\/wp-content\/uploads\/2026\/01\/detyenidos.png","contentUrl":"https:\/\/nbcs.mx\/wp-content\/uploads\/2026\/01\/detyenidos.png","width":1000,"height":650},{"@type":"BreadcrumbList","@id":"https:\/\/nbcs.mx\/?p=160619#breadcrumb","itemListElement":[{"@type":"ListItem","position":1,"name":"Portada","item":"https:\/\/nbcs.mx\/"},{"@type":"ListItem","position":2,"name":"Detienen a presuntos homicidas y ladrones en operativos de seguridad en La Paz"}]},{"@type":"WebSite","@id":"https:\/\/nbcs.mx\/#website","url":"https:\/\/nbcs.mx\/","name":"NBCS Noticias","description":"Sitio web de noticias en Baja California Sur","publisher":{"@id":"https:\/\/nbcs.mx\/#organization"},"potentialAction":[{"@type":"SearchAction","target":{"@type":"EntryPoint","urlTemplate":"https:\/\/nbcs.mx\/?s={search_term_string}"},"query-input":{"@type":"PropertyValueSpecification","valueRequired":true,"valueName":"search_term_string"}}],"inLanguage":"es"},{"@type":"Organization","@id":"https:\/\/nbcs.mx\/#organization","name":"NBCS Noticias","url":"https:\/\/nbcs.mx\/","logo":{"@type":"ImageObject","inLanguage":"es","@id":"https:\/\/nbcs.mx\/#\/schema\/logo\/image\/","url":"https:\/\/nbcs.mx\/wp-content\/uploads\/2018\/09\/057b69485e93575a5c2b1c1dde2dd297.jpeg","contentUrl":"https:\/\/nbcs.mx\/wp-content\/uploads\/2018\/09\/057b69485e93575a5c2b1c1dde2dd297.jpeg","width":64,"height":64,"caption":"NBCS Noticias"},"image":{"@id":"https:\/\/nbcs.mx\/#\/schema\/logo\/image\/"},"sameAs":["https:\/\/www.facebook.com\/NBCSnoticias","https:\/\/x.com\/NBCSnoticias"]},{"@type":"Person","@id":"https:\/\/nbcs.mx\/#\/schema\/person\/ece58bab9a7c1e87a4d28ec9ecd79ff4","name":"NBCS Noticias","image":{"@type":"ImageObject","inLanguage":"es","@id":"https:\/\/secure.gravatar.com\/avatar\/4e52110cad1c4054b43271a0d14bbe9e2ea76aecd0e1097edfc670798d9ca1d4?s=96&d=blank&r=g","url":"https:\/\/secure.gravatar.com\/avatar\/4e52110cad1c4054b43271a0d14bbe9e2ea76aecd0e1097edfc670798d9ca1d4?s=96&d=blank&r=g","contentUrl":"https:\/\/secure.gravatar.com\/avatar\/4e52110cad1c4054b43271a0d14bbe9e2ea76aecd0e1097edfc670798d9ca1d4?s=96&d=blank&r=g","caption":"NBCS Noticias"},"description":"\u00bfTienes fotos o video de alg\u00fan acto de posible negligencia, corrupci\u00f3n y abuso de autoridad? M\u00e1ndalo al WhatsApp de NBCS Noticias: 612 141 98 08","sameAs":["https:\/\/www.nbcs.mx","https:\/\/www.facebook.com\/NBCSnoticias","https:\/\/www.instagram.com\/nbcsnoticias\/","https:\/\/x.com\/https:\/\/twitter.com\/NBCSnoticias"]}]}},"jetpack_publicize_connections":[],"jetpack_featured_media_url":"https:\/\/nbcs.mx\/wp-content\/uploads\/2026\/01\/detyenidos.png","jetpack_sharing_enabled":true,"_links":{"self":[{"href":"https:\/\/nbcs.mx\/index.php?rest_route=\/wp\/v2\/posts\/160619","targetHints":{"allow":["GET"]}}],"collection":[{"href":"https:\/\/nbcs.mx\/index.php?rest_route=\/wp\/v2\/posts"}],"about":[{"href":"https:\/\/nbcs.mx\/index.php?rest_route=\/wp\/v2\/types\/post"}],"author":[{"embeddable":true,"href":"https:\/\/nbcs.mx\/index.php?rest_route=\/wp\/v2\/users\/1"}],"replies":[{"embeddable":true,"href":"https:\/\/nbcs.mx\/index.php?rest_route=%2Fwp%2Fv2%2Fcomments&post=160619"}],"version-history":[{"count":1,"href":"https:\/\/nbcs.mx\/index.php?rest_route=\/wp\/v2\/posts\/160619\/revisions"}],"predecessor-version":[{"id":160621,"href":"https:\/\/nbcs.mx\/index.php?rest_route=\/wp\/v2\/posts\/160619\/revisions\/160621"}],"wp:featuredmedia":[{"embeddable":true,"href":"https:\/\/nbcs.mx\/index.php?rest_route=\/wp\/v2\/media\/160620"}],"wp:attachment":[{"href":"https:\/\/nbcs.mx\/index.php?rest_route=%2Fwp%2Fv2%2Fmedia&parent=160619"}],"wp:term":[{"taxonomy":"category","embeddable":true,"href":"https:\/\/nbcs.mx\/index.php?rest_route=%2Fwp%2Fv2%2Fcategories&post=160619"},{"taxonomy":"post_tag","embeddable":true,"href":"https:\/\/nbcs.mx\/index.php?rest_route=%2Fwp%2Fv2%2Ftags&post=160619"}],"curies":[{"name":"wp","href":"https:\/\/api.w.org\/{rel}","templated":true}]}}