{"id":160858,"date":"2026-02-05T15:17:09","date_gmt":"2026-02-05T22:17:09","guid":{"rendered":"https:\/\/nbcs.mx\/?p=160858"},"modified":"2026-02-05T15:17:09","modified_gmt":"2026-02-05T22:17:09","slug":"ismujeres-se-suma-a-estrategia-nacional-para-fortalecer-la-prevencion-de-las-violencias","status":"publish","type":"post","link":"https:\/\/nbcs.mx\/?p=160858","title":{"rendered":"ISMUJERES se suma a estrategia nacional para fortalecer la prevenci\u00f3n de las violencias"},"content":{"rendered":"<div>\n<p style=\"text-align: justify;\"><img loading=\"lazy\" decoding=\"async\" class=\" wp-image-160859 alignleft\" src=\"https:\/\/nbcs.mx\/wp-content\/uploads\/2026\/02\/FOTO-BOLETIN-ISMUJERES-CDMX-738x492.jpeg\" alt=\"\" width=\"362\" height=\"241\" srcset=\"https:\/\/nbcs.mx\/wp-content\/uploads\/2026\/02\/FOTO-BOLETIN-ISMUJERES-CDMX-738x492.jpeg 738w, https:\/\/nbcs.mx\/wp-content\/uploads\/2026\/02\/FOTO-BOLETIN-ISMUJERES-CDMX-1024x682.jpeg 1024w, https:\/\/nbcs.mx\/wp-content\/uploads\/2026\/02\/FOTO-BOLETIN-ISMUJERES-CDMX-150x100.jpeg 150w, https:\/\/nbcs.mx\/wp-content\/uploads\/2026\/02\/FOTO-BOLETIN-ISMUJERES-CDMX-768x512.jpeg 768w, https:\/\/nbcs.mx\/wp-content\/uploads\/2026\/02\/FOTO-BOLETIN-ISMUJERES-CDMX.jpeg 1280w\" sizes=\"auto, (max-width: 362px) 100vw, 362px\" \/>En respuesta a la convocatoria de la Secretar\u00eda de las Mujeres del Gobierno de M\u00e9xico, encabezada por Citlalli Hern\u00e1ndez, la directora del Instituto Sudcaliforniano de las Mujeres (ISMUJERES), Berenice Serrato Flores, asisti\u00f3 al encuentro celebrado en la Ciudad de M\u00e9xico, con el objetivo de fortalecer la coordinaci\u00f3n interinstitucional en el marco del Programa para la Prevenci\u00f3n y Detecci\u00f3n de las Violencias Feminicidas y la Atenci\u00f3n a las Causas 2026, as\u00ed como del Programa de Atenci\u00f3n Integral para el Bienestar de las Mujeres.<\/p>\n<\/div>\n<div style=\"text-align: justify;\">\n<p>En relaci\u00f3n con lo anterior, la responsable de ISMUJERES, inform\u00f3 que en este foro nacional se exhort\u00f3 a las dependencias estatales a involucrarse de manera activa en las iniciativas, planes y labores que ser\u00e1n desarrolladas, con el prop\u00f3sito de consolidar una estrategia p\u00fablica integral, de car\u00e1cter preventivo y con enfoque de derechos humanos, que enfrente de manera estructural las agresiones contra las mujeres.<\/p>\n<\/div>\n<div style=\"text-align: justify;\">\n<p>Asimismo, explic\u00f3 que la finalidad del encuentro consisti\u00f3 en efectuar una evaluaci\u00f3n de los principales avances y retos del Programa para la Prevenci\u00f3n e Identificaci\u00f3n de las Violencias Feminicidas y la Atenci\u00f3n a las Causas, con el objetivo de valorar el impacto de la pol\u00edtica federal para erradicar la violencia, en estrecha colaboraci\u00f3n con los organismos de atenci\u00f3n a las mujeres de las entidades federativas.<\/p>\n<\/div>\n<div style=\"text-align: justify;\">\n<p>En este marco, Serrato Flores reiter\u00f3 el compromiso del Gobierno de Baja California Sur de sumarse al proceso de transformaci\u00f3n nacional, reforzando la vinculaci\u00f3n entre instituciones y la ejecuci\u00f3n de medidas que prioricen la anticipaci\u00f3n, la detecci\u00f3n temprana, la asistencia integral ante las violencias y la garant\u00eda del derecho de las mujeres a vivir libres de cualquier tipo de agresi\u00f3n.<\/p>\n<\/div>\n<div>\n<p style=\"text-align: justify;\">A trav\u00e9s de estas iniciativas, ISMUJERES mantiene su labor conjunta con el \u00e1mbito federal para avanzar en la creaci\u00f3n de pol\u00edticas p\u00fablicas efectivas, con enfoque territorial y perspectiva de g\u00e9nero, que aporten al desarrollo pleno de las mujeres sudcalifornianas.<\/p>\n<\/div>\n","protected":false},"excerpt":{"rendered":"<p>En respuesta a la convocatoria de la Secretar\u00eda de las Mujeres del Gobierno de M\u00e9xico, encabezada por Citlalli Hern\u00e1ndez, la<\/p>\n","protected":false},"author":1,"featured_media":160859,"comment_status":"open","ping_status":"closed","sticky":false,"template":"","format":"standard","meta":{"colormag_page_container_layout":"default_layout","colormag_page_sidebar_layout":"default_layout","_jetpack_newsletter_access":"","_jetpack_dont_email_post_to_subs":false,"_jetpack_newsletter_tier_id":0,"_jetpack_memberships_contains_paywalled_content":false,"_jetpack_feature_clip_id":0,"_jetpack_memberships_contains_paid_content":false,"footnotes":"","jetpack_publicize_message":"","jetpack_publicize_feature_enabled":true,"jetpack_social_post_already_shared":true,"jetpack_social_options":{"image_generator_settings":{"template":"highway","default_image_id":0,"font":"","enabled":false},"version":2},"jetpack_post_was_ever_published":false},"categories":[1],"tags":[],"class_list":["post-160858","post","type-post","status-publish","format-standard","has-post-thumbnail","hentry","category-noticias"],"yoast_head":"<!-- This site is optimized with the Yoast SEO plugin v28.4 - https:\/\/yoast.com\/product\/yoast-seo-wordpress\/ -->\n<title>ISMUJERES se suma a estrategia nacional para fortalecer la prevenci\u00f3n de las violencias - NBCS Noticias<\/title>\n<meta name=\"robots\" content=\"index, follow, max-snippet:-1, max-image-preview:large, max-video-preview:-1\" \/>\n<link rel=\"canonical\" href=\"https:\/\/nbcs.mx\/?p=160858\" \/>\n<meta property=\"og:locale\" content=\"es_ES\" \/>\n<meta property=\"og:type\" content=\"article\" \/>\n<meta property=\"og:title\" content=\"ISMUJERES se suma a estrategia nacional para fortalecer la prevenci\u00f3n de las violencias - NBCS Noticias\" \/>\n<meta property=\"og:description\" content=\"En respuesta a la convocatoria de la Secretar\u00eda de las Mujeres del Gobierno de M\u00e9xico, encabezada por Citlalli Hern\u00e1ndez, la\" \/>\n<meta property=\"og:url\" content=\"https:\/\/nbcs.mx\/?p=160858\" \/>\n<meta property=\"og:site_name\" content=\"NBCS Noticias\" \/>\n<meta property=\"article:publisher\" content=\"https:\/\/www.facebook.com\/NBCSnoticias\" \/>\n<meta property=\"article:author\" content=\"https:\/\/www.facebook.com\/NBCSnoticias\" \/>\n<meta property=\"article:published_time\" content=\"2026-02-05T22:17:09+00:00\" \/>\n<meta property=\"og:image\" content=\"https:\/\/nbcs.mx\/wp-content\/uploads\/2026\/02\/FOTO-BOLETIN-ISMUJERES-CDMX.jpeg\" \/>\n\t<meta property=\"og:image:width\" content=\"1280\" \/>\n\t<meta property=\"og:image:height\" content=\"853\" \/>\n\t<meta property=\"og:image:type\" content=\"image\/jpeg\" \/>\n<meta name=\"author\" content=\"NBCS Noticias\" \/>\n<meta name=\"twitter:card\" content=\"summary_large_image\" \/>\n<meta name=\"twitter:creator\" content=\"@https:\/\/twitter.com\/NBCSnoticias\" \/>\n<meta name=\"twitter:site\" content=\"@NBCSnoticias\" \/>\n<meta name=\"twitter:label1\" content=\"Escrito por\" \/>\n\t<meta name=\"twitter:data1\" content=\"NBCS Noticias\" \/>\n\t<meta name=\"twitter:label2\" content=\"Tiempo de lectura\" \/>\n\t<meta name=\"twitter:data2\" content=\"2 minutos\" \/>\n<script type=\"application\/ld+json\" class=\"yoast-schema-graph\">{\"@context\":\"https:\\\/\\\/schema.org\",\"@graph\":[{\"@type\":\"Article\",\"@id\":\"https:\\\/\\\/nbcs.mx\\\/?p=160858#article\",\"isPartOf\":{\"@id\":\"https:\\\/\\\/nbcs.mx\\\/?p=160858\"},\"author\":{\"name\":\"NBCS Noticias\",\"@id\":\"https:\\\/\\\/nbcs.mx\\\/#\\\/schema\\\/person\\\/ece58bab9a7c1e87a4d28ec9ecd79ff4\"},\"headline\":\"ISMUJERES se suma a estrategia nacional para fortalecer la prevenci\u00f3n de las violencias\",\"datePublished\":\"2026-02-05T22:17:09+00:00\",\"mainEntityOfPage\":{\"@id\":\"https:\\\/\\\/nbcs.mx\\\/?p=160858\"},\"wordCount\":355,\"commentCount\":0,\"publisher\":{\"@id\":\"https:\\\/\\\/nbcs.mx\\\/#organization\"},\"image\":{\"@id\":\"https:\\\/\\\/nbcs.mx\\\/?p=160858#primaryimage\"},\"thumbnailUrl\":\"https:\\\/\\\/nbcs.mx\\\/wp-content\\\/uploads\\\/2026\\\/02\\\/FOTO-BOLETIN-ISMUJERES-CDMX.jpeg\",\"articleSection\":[\"Noticias\"],\"inLanguage\":\"es\",\"potentialAction\":[{\"@type\":\"CommentAction\",\"name\":\"Comment\",\"target\":[\"https:\\\/\\\/nbcs.mx\\\/?p=160858#respond\"]}]},{\"@type\":\"WebPage\",\"@id\":\"https:\\\/\\\/nbcs.mx\\\/?p=160858\",\"url\":\"https:\\\/\\\/nbcs.mx\\\/?p=160858\",\"name\":\"ISMUJERES se suma a estrategia nacional para fortalecer la prevenci\u00f3n de las violencias - NBCS Noticias\",\"isPartOf\":{\"@id\":\"https:\\\/\\\/nbcs.mx\\\/#website\"},\"primaryImageOfPage\":{\"@id\":\"https:\\\/\\\/nbcs.mx\\\/?p=160858#primaryimage\"},\"image\":{\"@id\":\"https:\\\/\\\/nbcs.mx\\\/?p=160858#primaryimage\"},\"thumbnailUrl\":\"https:\\\/\\\/nbcs.mx\\\/wp-content\\\/uploads\\\/2026\\\/02\\\/FOTO-BOLETIN-ISMUJERES-CDMX.jpeg\",\"datePublished\":\"2026-02-05T22:17:09+00:00\",\"breadcrumb\":{\"@id\":\"https:\\\/\\\/nbcs.mx\\\/?p=160858#breadcrumb\"},\"inLanguage\":\"es\",\"potentialAction\":[{\"@type\":\"ReadAction\",\"target\":[\"https:\\\/\\\/nbcs.mx\\\/?p=160858\"]}]},{\"@type\":\"ImageObject\",\"inLanguage\":\"es\",\"@id\":\"https:\\\/\\\/nbcs.mx\\\/?p=160858#primaryimage\",\"url\":\"https:\\\/\\\/nbcs.mx\\\/wp-content\\\/uploads\\\/2026\\\/02\\\/FOTO-BOLETIN-ISMUJERES-CDMX.jpeg\",\"contentUrl\":\"https:\\\/\\\/nbcs.mx\\\/wp-content\\\/uploads\\\/2026\\\/02\\\/FOTO-BOLETIN-ISMUJERES-CDMX.jpeg\",\"width\":1280,\"height\":853},{\"@type\":\"BreadcrumbList\",\"@id\":\"https:\\\/\\\/nbcs.mx\\\/?p=160858#breadcrumb\",\"itemListElement\":[{\"@type\":\"ListItem\",\"position\":1,\"name\":\"Portada\",\"item\":\"https:\\\/\\\/nbcs.mx\\\/\"},{\"@type\":\"ListItem\",\"position\":2,\"name\":\"ISMUJERES se suma a estrategia nacional para fortalecer la prevenci\u00f3n de las violencias\"}]},{\"@type\":\"WebSite\",\"@id\":\"https:\\\/\\\/nbcs.mx\\\/#website\",\"url\":\"https:\\\/\\\/nbcs.mx\\\/\",\"name\":\"NBCS Noticias\",\"description\":\"Sitio web de noticias en Baja California Sur\",\"publisher\":{\"@id\":\"https:\\\/\\\/nbcs.mx\\\/#organization\"},\"potentialAction\":[{\"@type\":\"SearchAction\",\"target\":{\"@type\":\"EntryPoint\",\"urlTemplate\":\"https:\\\/\\\/nbcs.mx\\\/?s={search_term_string}\"},\"query-input\":{\"@type\":\"PropertyValueSpecification\",\"valueRequired\":true,\"valueName\":\"search_term_string\"}}],\"inLanguage\":\"es\"},{\"@type\":\"Organization\",\"@id\":\"https:\\\/\\\/nbcs.mx\\\/#organization\",\"name\":\"NBCS Noticias\",\"url\":\"https:\\\/\\\/nbcs.mx\\\/\",\"logo\":{\"@type\":\"ImageObject\",\"inLanguage\":\"es\",\"@id\":\"https:\\\/\\\/nbcs.mx\\\/#\\\/schema\\\/logo\\\/image\\\/\",\"url\":\"https:\\\/\\\/nbcs.mx\\\/wp-content\\\/uploads\\\/2018\\\/09\\\/057b69485e93575a5c2b1c1dde2dd297.jpeg\",\"contentUrl\":\"https:\\\/\\\/nbcs.mx\\\/wp-content\\\/uploads\\\/2018\\\/09\\\/057b69485e93575a5c2b1c1dde2dd297.jpeg\",\"width\":64,\"height\":64,\"caption\":\"NBCS Noticias\"},\"image\":{\"@id\":\"https:\\\/\\\/nbcs.mx\\\/#\\\/schema\\\/logo\\\/image\\\/\"},\"sameAs\":[\"https:\\\/\\\/www.facebook.com\\\/NBCSnoticias\",\"https:\\\/\\\/x.com\\\/NBCSnoticias\"]},{\"@type\":\"Person\",\"@id\":\"https:\\\/\\\/nbcs.mx\\\/#\\\/schema\\\/person\\\/ece58bab9a7c1e87a4d28ec9ecd79ff4\",\"name\":\"NBCS Noticias\",\"image\":{\"@type\":\"ImageObject\",\"inLanguage\":\"es\",\"@id\":\"https:\\\/\\\/secure.gravatar.com\\\/avatar\\\/4e52110cad1c4054b43271a0d14bbe9e2ea76aecd0e1097edfc670798d9ca1d4?s=96&d=blank&r=g\",\"url\":\"https:\\\/\\\/secure.gravatar.com\\\/avatar\\\/4e52110cad1c4054b43271a0d14bbe9e2ea76aecd0e1097edfc670798d9ca1d4?s=96&d=blank&r=g\",\"contentUrl\":\"https:\\\/\\\/secure.gravatar.com\\\/avatar\\\/4e52110cad1c4054b43271a0d14bbe9e2ea76aecd0e1097edfc670798d9ca1d4?s=96&d=blank&r=g\",\"caption\":\"NBCS Noticias\"},\"description\":\"\u00bfTienes fotos o video de alg\u00fan acto de posible negligencia, corrupci\u00f3n y abuso de autoridad? M\u00e1ndalo al WhatsApp de NBCS Noticias: 612 141 98 08\",\"sameAs\":[\"https:\\\/\\\/www.nbcs.mx\",\"https:\\\/\\\/www.facebook.com\\\/NBCSnoticias\",\"https:\\\/\\\/www.instagram.com\\\/nbcsnoticias\\\/\",\"https:\\\/\\\/x.com\\\/https:\\\/\\\/twitter.com\\\/NBCSnoticias\"]}]}<\/script>\n<!-- \/ Yoast SEO plugin. -->","yoast_head_json":{"title":"ISMUJERES se suma a estrategia nacional para fortalecer la prevenci\u00f3n de las violencias - NBCS Noticias","robots":{"index":"index","follow":"follow","max-snippet":"max-snippet:-1","max-image-preview":"max-image-preview:large","max-video-preview":"max-video-preview:-1"},"canonical":"https:\/\/nbcs.mx\/?p=160858","og_locale":"es_ES","og_type":"article","og_title":"ISMUJERES se suma a estrategia nacional para fortalecer la prevenci\u00f3n de las violencias - NBCS Noticias","og_description":"En respuesta a la convocatoria de la Secretar\u00eda de las Mujeres del Gobierno de M\u00e9xico, encabezada por Citlalli Hern\u00e1ndez, la","og_url":"https:\/\/nbcs.mx\/?p=160858","og_site_name":"NBCS Noticias","article_publisher":"https:\/\/www.facebook.com\/NBCSnoticias","article_author":"https:\/\/www.facebook.com\/NBCSnoticias","article_published_time":"2026-02-05T22:17:09+00:00","og_image":[{"width":1280,"height":853,"url":"https:\/\/nbcs.mx\/wp-content\/uploads\/2026\/02\/FOTO-BOLETIN-ISMUJERES-CDMX.jpeg","type":"image\/jpeg"}],"author":"NBCS Noticias","twitter_card":"summary_large_image","twitter_creator":"@https:\/\/twitter.com\/NBCSnoticias","twitter_site":"@NBCSnoticias","twitter_misc":{"Escrito por":"NBCS Noticias","Tiempo de lectura":"2 minutos"},"schema":{"@context":"https:\/\/schema.org","@graph":[{"@type":"Article","@id":"https:\/\/nbcs.mx\/?p=160858#article","isPartOf":{"@id":"https:\/\/nbcs.mx\/?p=160858"},"author":{"name":"NBCS Noticias","@id":"https:\/\/nbcs.mx\/#\/schema\/person\/ece58bab9a7c1e87a4d28ec9ecd79ff4"},"headline":"ISMUJERES se suma a estrategia nacional para fortalecer la prevenci\u00f3n de las violencias","datePublished":"2026-02-05T22:17:09+00:00","mainEntityOfPage":{"@id":"https:\/\/nbcs.mx\/?p=160858"},"wordCount":355,"commentCount":0,"publisher":{"@id":"https:\/\/nbcs.mx\/#organization"},"image":{"@id":"https:\/\/nbcs.mx\/?p=160858#primaryimage"},"thumbnailUrl":"https:\/\/nbcs.mx\/wp-content\/uploads\/2026\/02\/FOTO-BOLETIN-ISMUJERES-CDMX.jpeg","articleSection":["Noticias"],"inLanguage":"es","potentialAction":[{"@type":"CommentAction","name":"Comment","target":["https:\/\/nbcs.mx\/?p=160858#respond"]}]},{"@type":"WebPage","@id":"https:\/\/nbcs.mx\/?p=160858","url":"https:\/\/nbcs.mx\/?p=160858","name":"ISMUJERES se suma a estrategia nacional para fortalecer la prevenci\u00f3n de las violencias - NBCS Noticias","isPartOf":{"@id":"https:\/\/nbcs.mx\/#website"},"primaryImageOfPage":{"@id":"https:\/\/nbcs.mx\/?p=160858#primaryimage"},"image":{"@id":"https:\/\/nbcs.mx\/?p=160858#primaryimage"},"thumbnailUrl":"https:\/\/nbcs.mx\/wp-content\/uploads\/2026\/02\/FOTO-BOLETIN-ISMUJERES-CDMX.jpeg","datePublished":"2026-02-05T22:17:09+00:00","breadcrumb":{"@id":"https:\/\/nbcs.mx\/?p=160858#breadcrumb"},"inLanguage":"es","potentialAction":[{"@type":"ReadAction","target":["https:\/\/nbcs.mx\/?p=160858"]}]},{"@type":"ImageObject","inLanguage":"es","@id":"https:\/\/nbcs.mx\/?p=160858#primaryimage","url":"https:\/\/nbcs.mx\/wp-content\/uploads\/2026\/02\/FOTO-BOLETIN-ISMUJERES-CDMX.jpeg","contentUrl":"https:\/\/nbcs.mx\/wp-content\/uploads\/2026\/02\/FOTO-BOLETIN-ISMUJERES-CDMX.jpeg","width":1280,"height":853},{"@type":"BreadcrumbList","@id":"https:\/\/nbcs.mx\/?p=160858#breadcrumb","itemListElement":[{"@type":"ListItem","position":1,"name":"Portada","item":"https:\/\/nbcs.mx\/"},{"@type":"ListItem","position":2,"name":"ISMUJERES se suma a estrategia nacional para fortalecer la prevenci\u00f3n de las violencias"}]},{"@type":"WebSite","@id":"https:\/\/nbcs.mx\/#website","url":"https:\/\/nbcs.mx\/","name":"NBCS Noticias","description":"Sitio web de noticias en Baja California Sur","publisher":{"@id":"https:\/\/nbcs.mx\/#organization"},"potentialAction":[{"@type":"SearchAction","target":{"@type":"EntryPoint","urlTemplate":"https:\/\/nbcs.mx\/?s={search_term_string}"},"query-input":{"@type":"PropertyValueSpecification","valueRequired":true,"valueName":"search_term_string"}}],"inLanguage":"es"},{"@type":"Organization","@id":"https:\/\/nbcs.mx\/#organization","name":"NBCS Noticias","url":"https:\/\/nbcs.mx\/","logo":{"@type":"ImageObject","inLanguage":"es","@id":"https:\/\/nbcs.mx\/#\/schema\/logo\/image\/","url":"https:\/\/nbcs.mx\/wp-content\/uploads\/2018\/09\/057b69485e93575a5c2b1c1dde2dd297.jpeg","contentUrl":"https:\/\/nbcs.mx\/wp-content\/uploads\/2018\/09\/057b69485e93575a5c2b1c1dde2dd297.jpeg","width":64,"height":64,"caption":"NBCS Noticias"},"image":{"@id":"https:\/\/nbcs.mx\/#\/schema\/logo\/image\/"},"sameAs":["https:\/\/www.facebook.com\/NBCSnoticias","https:\/\/x.com\/NBCSnoticias"]},{"@type":"Person","@id":"https:\/\/nbcs.mx\/#\/schema\/person\/ece58bab9a7c1e87a4d28ec9ecd79ff4","name":"NBCS Noticias","image":{"@type":"ImageObject","inLanguage":"es","@id":"https:\/\/secure.gravatar.com\/avatar\/4e52110cad1c4054b43271a0d14bbe9e2ea76aecd0e1097edfc670798d9ca1d4?s=96&d=blank&r=g","url":"https:\/\/secure.gravatar.com\/avatar\/4e52110cad1c4054b43271a0d14bbe9e2ea76aecd0e1097edfc670798d9ca1d4?s=96&d=blank&r=g","contentUrl":"https:\/\/secure.gravatar.com\/avatar\/4e52110cad1c4054b43271a0d14bbe9e2ea76aecd0e1097edfc670798d9ca1d4?s=96&d=blank&r=g","caption":"NBCS Noticias"},"description":"\u00bfTienes fotos o video de alg\u00fan acto de posible negligencia, corrupci\u00f3n y abuso de autoridad? M\u00e1ndalo al WhatsApp de NBCS Noticias: 612 141 98 08","sameAs":["https:\/\/www.nbcs.mx","https:\/\/www.facebook.com\/NBCSnoticias","https:\/\/www.instagram.com\/nbcsnoticias\/","https:\/\/x.com\/https:\/\/twitter.com\/NBCSnoticias"]}]}},"jetpack_publicize_connections":[],"jetpack_sharing_enabled":true,"jetpack_featured_media_url":"https:\/\/nbcs.mx\/wp-content\/uploads\/2026\/02\/FOTO-BOLETIN-ISMUJERES-CDMX.jpeg","_links":{"self":[{"href":"https:\/\/nbcs.mx\/index.php?rest_route=\/wp\/v2\/posts\/160858","targetHints":{"allow":["GET"]}}],"collection":[{"href":"https:\/\/nbcs.mx\/index.php?rest_route=\/wp\/v2\/posts"}],"about":[{"href":"https:\/\/nbcs.mx\/index.php?rest_route=\/wp\/v2\/types\/post"}],"author":[{"embeddable":true,"href":"https:\/\/nbcs.mx\/index.php?rest_route=\/wp\/v2\/users\/1"}],"replies":[{"embeddable":true,"href":"https:\/\/nbcs.mx\/index.php?rest_route=%2Fwp%2Fv2%2Fcomments&post=160858"}],"version-history":[{"count":1,"href":"https:\/\/nbcs.mx\/index.php?rest_route=\/wp\/v2\/posts\/160858\/revisions"}],"predecessor-version":[{"id":160860,"href":"https:\/\/nbcs.mx\/index.php?rest_route=\/wp\/v2\/posts\/160858\/revisions\/160860"}],"wp:featuredmedia":[{"embeddable":true,"href":"https:\/\/nbcs.mx\/index.php?rest_route=\/wp\/v2\/media\/160859"}],"wp:attachment":[{"href":"https:\/\/nbcs.mx\/index.php?rest_route=%2Fwp%2Fv2%2Fmedia&parent=160858"}],"wp:term":[{"taxonomy":"category","embeddable":true,"href":"https:\/\/nbcs.mx\/index.php?rest_route=%2Fwp%2Fv2%2Fcategories&post=160858"},{"taxonomy":"post_tag","embeddable":true,"href":"https:\/\/nbcs.mx\/index.php?rest_route=%2Fwp%2Fv2%2Ftags&post=160858"}],"curies":[{"name":"wp","href":"https:\/\/api.w.org\/{rel}","templated":true}]}}