{"id":160885,"date":"2026-02-05T22:34:17","date_gmt":"2026-02-06T05:34:17","guid":{"rendered":"https:\/\/nbcs.mx\/?p=160885"},"modified":"2026-02-05T22:34:17","modified_gmt":"2026-02-06T05:34:17","slug":"descenso-en-la-temperatura-vientos-lluvias-y-mar-de-fondo-el-pronostico-para-el-fin-de-semana-en-bcs","status":"publish","type":"post","link":"https:\/\/nbcs.mx\/?p=160885","title":{"rendered":"Descenso en la temperatura, vientos, lluvias y mar de fondo, el pron\u00f3stico para el fin de semana en BCS"},"content":{"rendered":"<p style=\"text-align: justify;\"><img loading=\"lazy\" decoding=\"async\" class=\" wp-image-160886 alignleft\" src=\"https:\/\/nbcs.mx\/wp-content\/uploads\/2026\/02\/Mar.jpg\" alt=\"\" width=\"363\" height=\"200\" srcset=\"https:\/\/nbcs.mx\/wp-content\/uploads\/2026\/02\/Mar.jpg 725w, https:\/\/nbcs.mx\/wp-content\/uploads\/2026\/02\/Mar-150x83.jpg 150w\" sizes=\"auto, (max-width: 363px) 100vw, 363px\" \/>Un descenso gradual de la temperatura es el que se espera para este fin de semana en Baja California Sur, debido a la presencia de sistemas hidrometeorol\u00f3gicos que adem\u00e1s ocasionar\u00edan lluvias aisladas, vientos y mar de fondo.<\/p>\n<p style=\"text-align: justify;\">Asimismo, a partir del lunes se aproximar\u00eda a la pen\u00ednsula de Baja California un nuevo frente fr\u00edo que har\u00eda descender a\u00fan m\u00e1s la temperatura.<\/p>\n<p style=\"text-align: justify;\">El Servicio Meteorol\u00f3gico Nacional (SMN) reporta que un canal de baja presi\u00f3n en el occidente del pa\u00eds, en interacci\u00f3n con una circulaci\u00f3n cicl\u00f3nica en niveles medios y altos de la atm\u00f3sfera sobre el noroeste, y con el ingreso de humedad del Oc\u00e9ano Pac\u00edfico favorecido por la corriente en chorro subtropical, generar\u00e1n fuertes vientos, lluvias y chubascos en esta regi\u00f3n de M\u00e9xico.<\/p>\n<p style=\"text-align: justify;\">Asimismo, para el s\u00e1bado, la circulaci\u00f3n cicl\u00f3nica en niveles medios y altos de la atm\u00f3sfera se localizar\u00e1 sobre el vecino Estado de Baja California, continuar\u00e1 interaccionando con un canal de baja presi\u00f3n en el noroeste y occidente del pa\u00eds, adem\u00e1s del ingreso de humedad del Oc\u00e9ano Pac\u00edfico, har\u00e1 prevalecer esas condiciones.<\/p>\n<p style=\"text-align: justify;\">Pese a ello, durante viernes y s\u00e1bado, Los Cabos alcanzar\u00eda temperaturas de hasta 34 grados durante el d\u00eda, que ser\u00edan los registros m\u00e1s altos en la entidad, en tanto que La Paz, Todos Santos, y Ciudad Constituci\u00f3n se ubicar\u00edan en los 32, y el resto del Estado se pondr\u00eda por debajo de los 30.<\/p>\n<p style=\"text-align: justify;\">Las m\u00ednimas ir\u00edan de los 13 a los 20, a excepci\u00f3n de El Vizca\u00edno, donde se alcanzar\u00edan los 10 grados o menos, y ya para el domingo las condiciones comenzar\u00edan a ser m\u00e1s frescas, pues las m\u00e1ximas apenas llegar\u00edan a 30 en La Paz, y las dem\u00e1s regiones se pondr\u00edan por debajo de esa marca.<\/p>\n<p style=\"text-align: justify;\">Las lluvias estimadas alcanzar\u00edan los 25 mil\u00edmetros, mientras que las rachas de viento llegar\u00edan a los 60 kil\u00f3metros por hora, en tanto que el mar de fondo ser\u00eda de 4.5 metros durante viernes y s\u00e1bado, con tendencia a disminuir a partir del domingo, aunque de todas maneras se recomienda precauci\u00f3n a la navegaci\u00f3n menor.<\/p>\n<p style=\"text-align: justify;\">Durante el domingo y lunes, la circulaci\u00f3n cicl\u00f3nica en niveles medios y altos de la atm\u00f3sfera se desplazar\u00e1 sobre el noroeste, y en interacci\u00f3n con la corriente en chorro subtropical, ocasionar\u00e1n chubascos y lluvias puntuales fuertes en el noroeste y norte del territorio nacional, as\u00ed como rachas fuertes de viento y descenso de temperatura en ambas regiones, con probabilidad de ca\u00edda de nieve o aguanieve en sierras de Sonora, Chihuahua, Durango y Sinaloa. (Por: Arturo Nieves).<\/p>\n","protected":false},"excerpt":{"rendered":"<p>Un descenso gradual de la temperatura es el que se espera para este fin de semana en Baja California Sur,<\/p>\n","protected":false},"author":1,"featured_media":160886,"comment_status":"open","ping_status":"closed","sticky":false,"template":"","format":"standard","meta":{"colormag_page_container_layout":"default_layout","colormag_page_sidebar_layout":"default_layout","_jetpack_memberships_contains_paid_content":false,"footnotes":"","jetpack_publicize_message":"","jetpack_publicize_feature_enabled":true,"jetpack_social_post_already_shared":true,"jetpack_social_options":{"image_generator_settings":{"template":"highway","default_image_id":0,"font":"","enabled":false},"version":2}},"categories":[30],"tags":[],"class_list":["post-160885","post","type-post","status-publish","format-standard","has-post-thumbnail","hentry","category-clima"],"yoast_head":"<!-- This site is optimized with the Yoast SEO plugin v27.5 - https:\/\/yoast.com\/product\/yoast-seo-wordpress\/ -->\n<title>Descenso en la temperatura, vientos, lluvias y mar de fondo, el pron\u00f3stico para el fin de semana en BCS - NBCS Noticias<\/title>\n<meta name=\"robots\" content=\"index, follow, max-snippet:-1, max-image-preview:large, max-video-preview:-1\" \/>\n<link rel=\"canonical\" href=\"https:\/\/nbcs.mx\/?p=160885\" \/>\n<meta property=\"og:locale\" content=\"es_ES\" \/>\n<meta property=\"og:type\" content=\"article\" \/>\n<meta property=\"og:title\" content=\"Descenso en la temperatura, vientos, lluvias y mar de fondo, el pron\u00f3stico para el fin de semana en BCS - NBCS Noticias\" \/>\n<meta property=\"og:description\" content=\"Un descenso gradual de la temperatura es el que se espera para este fin de semana en Baja California Sur,\" \/>\n<meta property=\"og:url\" content=\"https:\/\/nbcs.mx\/?p=160885\" \/>\n<meta property=\"og:site_name\" content=\"NBCS Noticias\" \/>\n<meta property=\"article:publisher\" content=\"https:\/\/www.facebook.com\/NBCSnoticias\" \/>\n<meta property=\"article:author\" content=\"https:\/\/www.facebook.com\/NBCSnoticias\" \/>\n<meta property=\"article:published_time\" content=\"2026-02-06T05:34:17+00:00\" \/>\n<meta property=\"og:image\" content=\"https:\/\/nbcs.mx\/wp-content\/uploads\/2026\/02\/Mar.jpg\" \/>\n\t<meta property=\"og:image:width\" content=\"725\" \/>\n\t<meta property=\"og:image:height\" content=\"400\" \/>\n\t<meta property=\"og:image:type\" content=\"image\/jpeg\" \/>\n<meta name=\"author\" content=\"NBCS Noticias\" \/>\n<meta name=\"twitter:card\" content=\"summary_large_image\" \/>\n<meta name=\"twitter:creator\" content=\"@https:\/\/twitter.com\/NBCSnoticias\" \/>\n<meta name=\"twitter:site\" content=\"@NBCSnoticias\" \/>\n<meta name=\"twitter:label1\" content=\"Escrito por\" \/>\n\t<meta name=\"twitter:data1\" content=\"NBCS Noticias\" \/>\n\t<meta name=\"twitter:label2\" content=\"Tiempo de lectura\" \/>\n\t<meta name=\"twitter:data2\" content=\"3 minutos\" \/>\n<script type=\"application\/ld+json\" class=\"yoast-schema-graph\">{\"@context\":\"https:\\\/\\\/schema.org\",\"@graph\":[{\"@type\":\"Article\",\"@id\":\"https:\\\/\\\/nbcs.mx\\\/?p=160885#article\",\"isPartOf\":{\"@id\":\"https:\\\/\\\/nbcs.mx\\\/?p=160885\"},\"author\":{\"name\":\"NBCS Noticias\",\"@id\":\"https:\\\/\\\/nbcs.mx\\\/#\\\/schema\\\/person\\\/ece58bab9a7c1e87a4d28ec9ecd79ff4\"},\"headline\":\"Descenso en la temperatura, vientos, lluvias y mar de fondo, el pron\u00f3stico para el fin de semana en BCS\",\"datePublished\":\"2026-02-06T05:34:17+00:00\",\"mainEntityOfPage\":{\"@id\":\"https:\\\/\\\/nbcs.mx\\\/?p=160885\"},\"wordCount\":485,\"commentCount\":0,\"publisher\":{\"@id\":\"https:\\\/\\\/nbcs.mx\\\/#organization\"},\"image\":{\"@id\":\"https:\\\/\\\/nbcs.mx\\\/?p=160885#primaryimage\"},\"thumbnailUrl\":\"https:\\\/\\\/nbcs.mx\\\/wp-content\\\/uploads\\\/2026\\\/02\\\/Mar.jpg\",\"articleSection\":[\"Clima\"],\"inLanguage\":\"es\",\"potentialAction\":[{\"@type\":\"CommentAction\",\"name\":\"Comment\",\"target\":[\"https:\\\/\\\/nbcs.mx\\\/?p=160885#respond\"]}]},{\"@type\":\"WebPage\",\"@id\":\"https:\\\/\\\/nbcs.mx\\\/?p=160885\",\"url\":\"https:\\\/\\\/nbcs.mx\\\/?p=160885\",\"name\":\"Descenso en la temperatura, vientos, lluvias y mar de fondo, el pron\u00f3stico para el fin de semana en BCS - NBCS Noticias\",\"isPartOf\":{\"@id\":\"https:\\\/\\\/nbcs.mx\\\/#website\"},\"primaryImageOfPage\":{\"@id\":\"https:\\\/\\\/nbcs.mx\\\/?p=160885#primaryimage\"},\"image\":{\"@id\":\"https:\\\/\\\/nbcs.mx\\\/?p=160885#primaryimage\"},\"thumbnailUrl\":\"https:\\\/\\\/nbcs.mx\\\/wp-content\\\/uploads\\\/2026\\\/02\\\/Mar.jpg\",\"datePublished\":\"2026-02-06T05:34:17+00:00\",\"breadcrumb\":{\"@id\":\"https:\\\/\\\/nbcs.mx\\\/?p=160885#breadcrumb\"},\"inLanguage\":\"es\",\"potentialAction\":[{\"@type\":\"ReadAction\",\"target\":[\"https:\\\/\\\/nbcs.mx\\\/?p=160885\"]}]},{\"@type\":\"ImageObject\",\"inLanguage\":\"es\",\"@id\":\"https:\\\/\\\/nbcs.mx\\\/?p=160885#primaryimage\",\"url\":\"https:\\\/\\\/nbcs.mx\\\/wp-content\\\/uploads\\\/2026\\\/02\\\/Mar.jpg\",\"contentUrl\":\"https:\\\/\\\/nbcs.mx\\\/wp-content\\\/uploads\\\/2026\\\/02\\\/Mar.jpg\",\"width\":725,\"height\":400},{\"@type\":\"BreadcrumbList\",\"@id\":\"https:\\\/\\\/nbcs.mx\\\/?p=160885#breadcrumb\",\"itemListElement\":[{\"@type\":\"ListItem\",\"position\":1,\"name\":\"Portada\",\"item\":\"https:\\\/\\\/nbcs.mx\\\/\"},{\"@type\":\"ListItem\",\"position\":2,\"name\":\"Descenso en la temperatura, vientos, lluvias y mar de fondo, el pron\u00f3stico para el fin de semana en BCS\"}]},{\"@type\":\"WebSite\",\"@id\":\"https:\\\/\\\/nbcs.mx\\\/#website\",\"url\":\"https:\\\/\\\/nbcs.mx\\\/\",\"name\":\"NBCS Noticias\",\"description\":\"Sitio web de noticias en Baja California Sur\",\"publisher\":{\"@id\":\"https:\\\/\\\/nbcs.mx\\\/#organization\"},\"potentialAction\":[{\"@type\":\"SearchAction\",\"target\":{\"@type\":\"EntryPoint\",\"urlTemplate\":\"https:\\\/\\\/nbcs.mx\\\/?s={search_term_string}\"},\"query-input\":{\"@type\":\"PropertyValueSpecification\",\"valueRequired\":true,\"valueName\":\"search_term_string\"}}],\"inLanguage\":\"es\"},{\"@type\":\"Organization\",\"@id\":\"https:\\\/\\\/nbcs.mx\\\/#organization\",\"name\":\"NBCS Noticias\",\"url\":\"https:\\\/\\\/nbcs.mx\\\/\",\"logo\":{\"@type\":\"ImageObject\",\"inLanguage\":\"es\",\"@id\":\"https:\\\/\\\/nbcs.mx\\\/#\\\/schema\\\/logo\\\/image\\\/\",\"url\":\"https:\\\/\\\/nbcs.mx\\\/wp-content\\\/uploads\\\/2018\\\/09\\\/057b69485e93575a5c2b1c1dde2dd297.jpeg\",\"contentUrl\":\"https:\\\/\\\/nbcs.mx\\\/wp-content\\\/uploads\\\/2018\\\/09\\\/057b69485e93575a5c2b1c1dde2dd297.jpeg\",\"width\":64,\"height\":64,\"caption\":\"NBCS Noticias\"},\"image\":{\"@id\":\"https:\\\/\\\/nbcs.mx\\\/#\\\/schema\\\/logo\\\/image\\\/\"},\"sameAs\":[\"https:\\\/\\\/www.facebook.com\\\/NBCSnoticias\",\"https:\\\/\\\/x.com\\\/NBCSnoticias\"]},{\"@type\":\"Person\",\"@id\":\"https:\\\/\\\/nbcs.mx\\\/#\\\/schema\\\/person\\\/ece58bab9a7c1e87a4d28ec9ecd79ff4\",\"name\":\"NBCS Noticias\",\"image\":{\"@type\":\"ImageObject\",\"inLanguage\":\"es\",\"@id\":\"https:\\\/\\\/secure.gravatar.com\\\/avatar\\\/4e52110cad1c4054b43271a0d14bbe9e2ea76aecd0e1097edfc670798d9ca1d4?s=96&d=blank&r=g\",\"url\":\"https:\\\/\\\/secure.gravatar.com\\\/avatar\\\/4e52110cad1c4054b43271a0d14bbe9e2ea76aecd0e1097edfc670798d9ca1d4?s=96&d=blank&r=g\",\"contentUrl\":\"https:\\\/\\\/secure.gravatar.com\\\/avatar\\\/4e52110cad1c4054b43271a0d14bbe9e2ea76aecd0e1097edfc670798d9ca1d4?s=96&d=blank&r=g\",\"caption\":\"NBCS Noticias\"},\"description\":\"\u00bfTienes fotos o video de alg\u00fan acto de posible negligencia, corrupci\u00f3n y abuso de autoridad? M\u00e1ndalo al WhatsApp de NBCS Noticias: 612 141 98 08\",\"sameAs\":[\"https:\\\/\\\/www.nbcs.mx\",\"https:\\\/\\\/www.facebook.com\\\/NBCSnoticias\",\"https:\\\/\\\/www.instagram.com\\\/nbcsnoticias\\\/\",\"https:\\\/\\\/x.com\\\/https:\\\/\\\/twitter.com\\\/NBCSnoticias\"]}]}<\/script>\n<!-- \/ Yoast SEO plugin. -->","yoast_head_json":{"title":"Descenso en la temperatura, vientos, lluvias y mar de fondo, el pron\u00f3stico para el fin de semana en BCS - NBCS Noticias","robots":{"index":"index","follow":"follow","max-snippet":"max-snippet:-1","max-image-preview":"max-image-preview:large","max-video-preview":"max-video-preview:-1"},"canonical":"https:\/\/nbcs.mx\/?p=160885","og_locale":"es_ES","og_type":"article","og_title":"Descenso en la temperatura, vientos, lluvias y mar de fondo, el pron\u00f3stico para el fin de semana en BCS - NBCS Noticias","og_description":"Un descenso gradual de la temperatura es el que se espera para este fin de semana en Baja California Sur,","og_url":"https:\/\/nbcs.mx\/?p=160885","og_site_name":"NBCS Noticias","article_publisher":"https:\/\/www.facebook.com\/NBCSnoticias","article_author":"https:\/\/www.facebook.com\/NBCSnoticias","article_published_time":"2026-02-06T05:34:17+00:00","og_image":[{"width":725,"height":400,"url":"https:\/\/nbcs.mx\/wp-content\/uploads\/2026\/02\/Mar.jpg","type":"image\/jpeg"}],"author":"NBCS Noticias","twitter_card":"summary_large_image","twitter_creator":"@https:\/\/twitter.com\/NBCSnoticias","twitter_site":"@NBCSnoticias","twitter_misc":{"Escrito por":"NBCS Noticias","Tiempo de lectura":"3 minutos"},"schema":{"@context":"https:\/\/schema.org","@graph":[{"@type":"Article","@id":"https:\/\/nbcs.mx\/?p=160885#article","isPartOf":{"@id":"https:\/\/nbcs.mx\/?p=160885"},"author":{"name":"NBCS Noticias","@id":"https:\/\/nbcs.mx\/#\/schema\/person\/ece58bab9a7c1e87a4d28ec9ecd79ff4"},"headline":"Descenso en la temperatura, vientos, lluvias y mar de fondo, el pron\u00f3stico para el fin de semana en BCS","datePublished":"2026-02-06T05:34:17+00:00","mainEntityOfPage":{"@id":"https:\/\/nbcs.mx\/?p=160885"},"wordCount":485,"commentCount":0,"publisher":{"@id":"https:\/\/nbcs.mx\/#organization"},"image":{"@id":"https:\/\/nbcs.mx\/?p=160885#primaryimage"},"thumbnailUrl":"https:\/\/nbcs.mx\/wp-content\/uploads\/2026\/02\/Mar.jpg","articleSection":["Clima"],"inLanguage":"es","potentialAction":[{"@type":"CommentAction","name":"Comment","target":["https:\/\/nbcs.mx\/?p=160885#respond"]}]},{"@type":"WebPage","@id":"https:\/\/nbcs.mx\/?p=160885","url":"https:\/\/nbcs.mx\/?p=160885","name":"Descenso en la temperatura, vientos, lluvias y mar de fondo, el pron\u00f3stico para el fin de semana en BCS - NBCS Noticias","isPartOf":{"@id":"https:\/\/nbcs.mx\/#website"},"primaryImageOfPage":{"@id":"https:\/\/nbcs.mx\/?p=160885#primaryimage"},"image":{"@id":"https:\/\/nbcs.mx\/?p=160885#primaryimage"},"thumbnailUrl":"https:\/\/nbcs.mx\/wp-content\/uploads\/2026\/02\/Mar.jpg","datePublished":"2026-02-06T05:34:17+00:00","breadcrumb":{"@id":"https:\/\/nbcs.mx\/?p=160885#breadcrumb"},"inLanguage":"es","potentialAction":[{"@type":"ReadAction","target":["https:\/\/nbcs.mx\/?p=160885"]}]},{"@type":"ImageObject","inLanguage":"es","@id":"https:\/\/nbcs.mx\/?p=160885#primaryimage","url":"https:\/\/nbcs.mx\/wp-content\/uploads\/2026\/02\/Mar.jpg","contentUrl":"https:\/\/nbcs.mx\/wp-content\/uploads\/2026\/02\/Mar.jpg","width":725,"height":400},{"@type":"BreadcrumbList","@id":"https:\/\/nbcs.mx\/?p=160885#breadcrumb","itemListElement":[{"@type":"ListItem","position":1,"name":"Portada","item":"https:\/\/nbcs.mx\/"},{"@type":"ListItem","position":2,"name":"Descenso en la temperatura, vientos, lluvias y mar de fondo, el pron\u00f3stico para el fin de semana en BCS"}]},{"@type":"WebSite","@id":"https:\/\/nbcs.mx\/#website","url":"https:\/\/nbcs.mx\/","name":"NBCS Noticias","description":"Sitio web de noticias en Baja California Sur","publisher":{"@id":"https:\/\/nbcs.mx\/#organization"},"potentialAction":[{"@type":"SearchAction","target":{"@type":"EntryPoint","urlTemplate":"https:\/\/nbcs.mx\/?s={search_term_string}"},"query-input":{"@type":"PropertyValueSpecification","valueRequired":true,"valueName":"search_term_string"}}],"inLanguage":"es"},{"@type":"Organization","@id":"https:\/\/nbcs.mx\/#organization","name":"NBCS Noticias","url":"https:\/\/nbcs.mx\/","logo":{"@type":"ImageObject","inLanguage":"es","@id":"https:\/\/nbcs.mx\/#\/schema\/logo\/image\/","url":"https:\/\/nbcs.mx\/wp-content\/uploads\/2018\/09\/057b69485e93575a5c2b1c1dde2dd297.jpeg","contentUrl":"https:\/\/nbcs.mx\/wp-content\/uploads\/2018\/09\/057b69485e93575a5c2b1c1dde2dd297.jpeg","width":64,"height":64,"caption":"NBCS Noticias"},"image":{"@id":"https:\/\/nbcs.mx\/#\/schema\/logo\/image\/"},"sameAs":["https:\/\/www.facebook.com\/NBCSnoticias","https:\/\/x.com\/NBCSnoticias"]},{"@type":"Person","@id":"https:\/\/nbcs.mx\/#\/schema\/person\/ece58bab9a7c1e87a4d28ec9ecd79ff4","name":"NBCS Noticias","image":{"@type":"ImageObject","inLanguage":"es","@id":"https:\/\/secure.gravatar.com\/avatar\/4e52110cad1c4054b43271a0d14bbe9e2ea76aecd0e1097edfc670798d9ca1d4?s=96&d=blank&r=g","url":"https:\/\/secure.gravatar.com\/avatar\/4e52110cad1c4054b43271a0d14bbe9e2ea76aecd0e1097edfc670798d9ca1d4?s=96&d=blank&r=g","contentUrl":"https:\/\/secure.gravatar.com\/avatar\/4e52110cad1c4054b43271a0d14bbe9e2ea76aecd0e1097edfc670798d9ca1d4?s=96&d=blank&r=g","caption":"NBCS Noticias"},"description":"\u00bfTienes fotos o video de alg\u00fan acto de posible negligencia, corrupci\u00f3n y abuso de autoridad? M\u00e1ndalo al WhatsApp de NBCS Noticias: 612 141 98 08","sameAs":["https:\/\/www.nbcs.mx","https:\/\/www.facebook.com\/NBCSnoticias","https:\/\/www.instagram.com\/nbcsnoticias\/","https:\/\/x.com\/https:\/\/twitter.com\/NBCSnoticias"]}]}},"jetpack_publicize_connections":[],"jetpack_featured_media_url":"https:\/\/nbcs.mx\/wp-content\/uploads\/2026\/02\/Mar.jpg","jetpack_sharing_enabled":true,"_links":{"self":[{"href":"https:\/\/nbcs.mx\/index.php?rest_route=\/wp\/v2\/posts\/160885","targetHints":{"allow":["GET"]}}],"collection":[{"href":"https:\/\/nbcs.mx\/index.php?rest_route=\/wp\/v2\/posts"}],"about":[{"href":"https:\/\/nbcs.mx\/index.php?rest_route=\/wp\/v2\/types\/post"}],"author":[{"embeddable":true,"href":"https:\/\/nbcs.mx\/index.php?rest_route=\/wp\/v2\/users\/1"}],"replies":[{"embeddable":true,"href":"https:\/\/nbcs.mx\/index.php?rest_route=%2Fwp%2Fv2%2Fcomments&post=160885"}],"version-history":[{"count":1,"href":"https:\/\/nbcs.mx\/index.php?rest_route=\/wp\/v2\/posts\/160885\/revisions"}],"predecessor-version":[{"id":160887,"href":"https:\/\/nbcs.mx\/index.php?rest_route=\/wp\/v2\/posts\/160885\/revisions\/160887"}],"wp:featuredmedia":[{"embeddable":true,"href":"https:\/\/nbcs.mx\/index.php?rest_route=\/wp\/v2\/media\/160886"}],"wp:attachment":[{"href":"https:\/\/nbcs.mx\/index.php?rest_route=%2Fwp%2Fv2%2Fmedia&parent=160885"}],"wp:term":[{"taxonomy":"category","embeddable":true,"href":"https:\/\/nbcs.mx\/index.php?rest_route=%2Fwp%2Fv2%2Fcategories&post=160885"},{"taxonomy":"post_tag","embeddable":true,"href":"https:\/\/nbcs.mx\/index.php?rest_route=%2Fwp%2Fv2%2Ftags&post=160885"}],"curies":[{"name":"wp","href":"https:\/\/api.w.org\/{rel}","templated":true}]}}