{"id":161274,"date":"2026-02-14T13:31:08","date_gmt":"2026-02-14T20:31:08","guid":{"rendered":"https:\/\/nbcs.mx\/?p=161274"},"modified":"2026-02-14T13:31:08","modified_gmt":"2026-02-14T20:31:08","slug":"glenda-inzunza-brilla-en-el-oro-de-mexico-en-la-copa-del-mundo-de-natacion-artistica","status":"publish","type":"post","link":"https:\/\/nbcs.mx\/?p=161274","title":{"rendered":"Glenda Inzunza brilla en el oro de M\u00e9xico en la Copa del Mundo de Nataci\u00f3n Art\u00edstica"},"content":{"rendered":"<p data-start=\"90\" data-end=\"353\"><img loading=\"lazy\" decoding=\"async\" class=\" wp-image-161275 alignleft\" src=\"https:\/\/nbcs.mx\/wp-content\/uploads\/2026\/02\/f48cbd13-08bd-4a1d-9e7d-d4b6e175ce65-699x492.jpg\" alt=\"\" width=\"391\" height=\"275\" srcset=\"https:\/\/nbcs.mx\/wp-content\/uploads\/2026\/02\/f48cbd13-08bd-4a1d-9e7d-d4b6e175ce65-699x492.jpg 699w, https:\/\/nbcs.mx\/wp-content\/uploads\/2026\/02\/f48cbd13-08bd-4a1d-9e7d-d4b6e175ce65-150x106.jpg 150w, https:\/\/nbcs.mx\/wp-content\/uploads\/2026\/02\/f48cbd13-08bd-4a1d-9e7d-d4b6e175ce65-768x541.jpg 768w, https:\/\/nbcs.mx\/wp-content\/uploads\/2026\/02\/f48cbd13-08bd-4a1d-9e7d-d4b6e175ce65-130x90.jpg 130w, https:\/\/nbcs.mx\/wp-content\/uploads\/2026\/02\/f48cbd13-08bd-4a1d-9e7d-d4b6e175ce65.jpg 1024w\" sizes=\"auto, (max-width: 391px) 100vw, 391px\" \/>El equipo mexicano de nataci\u00f3n art\u00edstica conquist\u00f3 la <strong data-start=\"144\" data-end=\"162\">medalla de oro<\/strong> en la prueba de equipo t\u00e9cnico de la <strong data-start=\"200\" data-end=\"240\">Copa del Mundo de Medell\u00edn, Colombia<\/strong>, haciendo retumbar el himno nacional en su primera competencia internacional del a\u00f1o avalada por World Aquatics.<\/p>\n<p data-start=\"355\" data-end=\"702\">Con una rutina al ritmo de <strong data-start=\"382\" data-end=\"397\">\u201cBollywood\u201d<\/strong>, las sirenas tricolor sumaron <strong data-start=\"428\" data-end=\"447\">263.2375 puntos<\/strong>, superando a <strong data-start=\"461\" data-end=\"479\">Estados Unidos<\/strong>(plata) y <strong data-start=\"490\" data-end=\"500\">Canad\u00e1<\/strong> (bronce). Destac\u00f3 la participaci\u00f3n de <strong data-start=\"539\" data-end=\"557\">Glenda Inzunza<\/strong>, originaria de <strong data-start=\"573\" data-end=\"604\">La Paz, Baja California Sur<\/strong>, quien fue pieza clave en el triunfo y expres\u00f3 su satisfacci\u00f3n por este gran inicio de temporada.<\/p>\n<p data-start=\"704\" data-end=\"838\">\u201cEs el reflejo del trabajo que hemos venido haciendo. Es un gran arranque y nos motiva a seguir mejorando\u201d, se\u00f1al\u00f3 la sudcaliforniana.<\/p>\n<p data-start=\"840\" data-end=\"1061\" data-is-last-node=\"\" data-is-only-node=\"\">El equipo campe\u00f3n lo integraron <strong data-start=\"872\" data-end=\"1004\">Glenda Inzunza, Regina Alferez, Miranda Barrera, Joana Jim\u00e9nez, Pamela Toscano, Carolina Arzate, Citlali Nu\u00f1o y Sof\u00eda Valenzuela<\/strong>, con <strong data-start=\"1010\" data-end=\"1046\">Daniela \u00c1vila y Diego Villalobos<\/strong> como reservas, bajo la direcci\u00f3n de las entrenadoras <strong data-start=\"892\" data-end=\"927\">Adriana Loftus y Ofelia Pedrero<\/strong>.<\/p>\n","protected":false},"excerpt":{"rendered":"<p>El equipo mexicano de nataci\u00f3n art\u00edstica conquist\u00f3 la medalla de oro en la prueba de equipo t\u00e9cnico de la Copa<\/p>\n","protected":false},"author":1,"featured_media":161275,"comment_status":"open","ping_status":"closed","sticky":false,"template":"","format":"standard","meta":{"colormag_page_container_layout":"default_layout","colormag_page_sidebar_layout":"default_layout","_jetpack_memberships_contains_paid_content":false,"footnotes":"","jetpack_publicize_message":"","jetpack_publicize_feature_enabled":true,"jetpack_social_post_already_shared":true,"jetpack_social_options":{"image_generator_settings":{"template":"highway","default_image_id":0,"font":"","enabled":false},"version":2}},"categories":[23],"tags":[],"class_list":["post-161274","post","type-post","status-publish","format-standard","has-post-thumbnail","hentry","category-deportes"],"yoast_head":"<!-- This site is optimized with the Yoast SEO plugin v27.4 - https:\/\/yoast.com\/product\/yoast-seo-wordpress\/ -->\n<title>Glenda Inzunza brilla en el oro de M\u00e9xico en la Copa del Mundo de Nataci\u00f3n Art\u00edstica - NBCS Noticias<\/title>\n<meta name=\"robots\" content=\"index, follow, max-snippet:-1, max-image-preview:large, max-video-preview:-1\" \/>\n<link rel=\"canonical\" href=\"https:\/\/nbcs.mx\/?p=161274\" \/>\n<meta property=\"og:locale\" content=\"es_ES\" \/>\n<meta property=\"og:type\" content=\"article\" \/>\n<meta property=\"og:title\" content=\"Glenda Inzunza brilla en el oro de M\u00e9xico en la Copa del Mundo de Nataci\u00f3n Art\u00edstica - NBCS Noticias\" \/>\n<meta property=\"og:description\" content=\"El equipo mexicano de nataci\u00f3n art\u00edstica conquist\u00f3 la medalla de oro en la prueba de equipo t\u00e9cnico de la Copa\" \/>\n<meta property=\"og:url\" content=\"https:\/\/nbcs.mx\/?p=161274\" \/>\n<meta property=\"og:site_name\" content=\"NBCS Noticias\" \/>\n<meta property=\"article:publisher\" content=\"https:\/\/www.facebook.com\/NBCSnoticias\" \/>\n<meta property=\"article:author\" content=\"https:\/\/www.facebook.com\/NBCSnoticias\" \/>\n<meta property=\"article:published_time\" content=\"2026-02-14T20:31:08+00:00\" \/>\n<meta property=\"og:image\" content=\"https:\/\/nbcs.mx\/wp-content\/uploads\/2026\/02\/f48cbd13-08bd-4a1d-9e7d-d4b6e175ce65.jpg\" \/>\n\t<meta property=\"og:image:width\" content=\"1024\" \/>\n\t<meta property=\"og:image:height\" content=\"721\" \/>\n\t<meta property=\"og:image:type\" content=\"image\/jpeg\" \/>\n<meta name=\"author\" content=\"NBCS Noticias\" \/>\n<meta name=\"twitter:card\" content=\"summary_large_image\" \/>\n<meta name=\"twitter:creator\" content=\"@https:\/\/twitter.com\/NBCSnoticias\" \/>\n<meta name=\"twitter:site\" content=\"@NBCSnoticias\" \/>\n<meta name=\"twitter:label1\" content=\"Escrito por\" \/>\n\t<meta name=\"twitter:data1\" content=\"NBCS Noticias\" \/>\n\t<meta name=\"twitter:label2\" content=\"Tiempo de lectura\" \/>\n\t<meta name=\"twitter:data2\" content=\"1 minuto\" \/>\n<script type=\"application\/ld+json\" class=\"yoast-schema-graph\">{\"@context\":\"https:\\\/\\\/schema.org\",\"@graph\":[{\"@type\":\"Article\",\"@id\":\"https:\\\/\\\/nbcs.mx\\\/?p=161274#article\",\"isPartOf\":{\"@id\":\"https:\\\/\\\/nbcs.mx\\\/?p=161274\"},\"author\":{\"name\":\"NBCS Noticias\",\"@id\":\"https:\\\/\\\/nbcs.mx\\\/#\\\/schema\\\/person\\\/ece58bab9a7c1e87a4d28ec9ecd79ff4\"},\"headline\":\"Glenda Inzunza brilla en el oro de M\u00e9xico en la Copa del Mundo de Nataci\u00f3n Art\u00edstica\",\"datePublished\":\"2026-02-14T20:31:08+00:00\",\"mainEntityOfPage\":{\"@id\":\"https:\\\/\\\/nbcs.mx\\\/?p=161274\"},\"wordCount\":186,\"commentCount\":0,\"publisher\":{\"@id\":\"https:\\\/\\\/nbcs.mx\\\/#organization\"},\"image\":{\"@id\":\"https:\\\/\\\/nbcs.mx\\\/?p=161274#primaryimage\"},\"thumbnailUrl\":\"https:\\\/\\\/nbcs.mx\\\/wp-content\\\/uploads\\\/2026\\\/02\\\/f48cbd13-08bd-4a1d-9e7d-d4b6e175ce65.jpg\",\"articleSection\":[\"Deportes\"],\"inLanguage\":\"es\",\"potentialAction\":[{\"@type\":\"CommentAction\",\"name\":\"Comment\",\"target\":[\"https:\\\/\\\/nbcs.mx\\\/?p=161274#respond\"]}]},{\"@type\":\"WebPage\",\"@id\":\"https:\\\/\\\/nbcs.mx\\\/?p=161274\",\"url\":\"https:\\\/\\\/nbcs.mx\\\/?p=161274\",\"name\":\"Glenda Inzunza brilla en el oro de M\u00e9xico en la Copa del Mundo de Nataci\u00f3n Art\u00edstica - NBCS Noticias\",\"isPartOf\":{\"@id\":\"https:\\\/\\\/nbcs.mx\\\/#website\"},\"primaryImageOfPage\":{\"@id\":\"https:\\\/\\\/nbcs.mx\\\/?p=161274#primaryimage\"},\"image\":{\"@id\":\"https:\\\/\\\/nbcs.mx\\\/?p=161274#primaryimage\"},\"thumbnailUrl\":\"https:\\\/\\\/nbcs.mx\\\/wp-content\\\/uploads\\\/2026\\\/02\\\/f48cbd13-08bd-4a1d-9e7d-d4b6e175ce65.jpg\",\"datePublished\":\"2026-02-14T20:31:08+00:00\",\"breadcrumb\":{\"@id\":\"https:\\\/\\\/nbcs.mx\\\/?p=161274#breadcrumb\"},\"inLanguage\":\"es\",\"potentialAction\":[{\"@type\":\"ReadAction\",\"target\":[\"https:\\\/\\\/nbcs.mx\\\/?p=161274\"]}]},{\"@type\":\"ImageObject\",\"inLanguage\":\"es\",\"@id\":\"https:\\\/\\\/nbcs.mx\\\/?p=161274#primaryimage\",\"url\":\"https:\\\/\\\/nbcs.mx\\\/wp-content\\\/uploads\\\/2026\\\/02\\\/f48cbd13-08bd-4a1d-9e7d-d4b6e175ce65.jpg\",\"contentUrl\":\"https:\\\/\\\/nbcs.mx\\\/wp-content\\\/uploads\\\/2026\\\/02\\\/f48cbd13-08bd-4a1d-9e7d-d4b6e175ce65.jpg\",\"width\":1024,\"height\":721},{\"@type\":\"BreadcrumbList\",\"@id\":\"https:\\\/\\\/nbcs.mx\\\/?p=161274#breadcrumb\",\"itemListElement\":[{\"@type\":\"ListItem\",\"position\":1,\"name\":\"Portada\",\"item\":\"https:\\\/\\\/nbcs.mx\\\/\"},{\"@type\":\"ListItem\",\"position\":2,\"name\":\"Glenda Inzunza brilla en el oro de M\u00e9xico en la Copa del Mundo de Nataci\u00f3n Art\u00edstica\"}]},{\"@type\":\"WebSite\",\"@id\":\"https:\\\/\\\/nbcs.mx\\\/#website\",\"url\":\"https:\\\/\\\/nbcs.mx\\\/\",\"name\":\"NBCS Noticias\",\"description\":\"Sitio web de noticias en Baja California Sur\",\"publisher\":{\"@id\":\"https:\\\/\\\/nbcs.mx\\\/#organization\"},\"potentialAction\":[{\"@type\":\"SearchAction\",\"target\":{\"@type\":\"EntryPoint\",\"urlTemplate\":\"https:\\\/\\\/nbcs.mx\\\/?s={search_term_string}\"},\"query-input\":{\"@type\":\"PropertyValueSpecification\",\"valueRequired\":true,\"valueName\":\"search_term_string\"}}],\"inLanguage\":\"es\"},{\"@type\":\"Organization\",\"@id\":\"https:\\\/\\\/nbcs.mx\\\/#organization\",\"name\":\"NBCS Noticias\",\"url\":\"https:\\\/\\\/nbcs.mx\\\/\",\"logo\":{\"@type\":\"ImageObject\",\"inLanguage\":\"es\",\"@id\":\"https:\\\/\\\/nbcs.mx\\\/#\\\/schema\\\/logo\\\/image\\\/\",\"url\":\"https:\\\/\\\/nbcs.mx\\\/wp-content\\\/uploads\\\/2018\\\/09\\\/057b69485e93575a5c2b1c1dde2dd297.jpeg\",\"contentUrl\":\"https:\\\/\\\/nbcs.mx\\\/wp-content\\\/uploads\\\/2018\\\/09\\\/057b69485e93575a5c2b1c1dde2dd297.jpeg\",\"width\":64,\"height\":64,\"caption\":\"NBCS Noticias\"},\"image\":{\"@id\":\"https:\\\/\\\/nbcs.mx\\\/#\\\/schema\\\/logo\\\/image\\\/\"},\"sameAs\":[\"https:\\\/\\\/www.facebook.com\\\/NBCSnoticias\",\"https:\\\/\\\/x.com\\\/NBCSnoticias\"]},{\"@type\":\"Person\",\"@id\":\"https:\\\/\\\/nbcs.mx\\\/#\\\/schema\\\/person\\\/ece58bab9a7c1e87a4d28ec9ecd79ff4\",\"name\":\"NBCS Noticias\",\"image\":{\"@type\":\"ImageObject\",\"inLanguage\":\"es\",\"@id\":\"https:\\\/\\\/secure.gravatar.com\\\/avatar\\\/4e52110cad1c4054b43271a0d14bbe9e2ea76aecd0e1097edfc670798d9ca1d4?s=96&d=blank&r=g\",\"url\":\"https:\\\/\\\/secure.gravatar.com\\\/avatar\\\/4e52110cad1c4054b43271a0d14bbe9e2ea76aecd0e1097edfc670798d9ca1d4?s=96&d=blank&r=g\",\"contentUrl\":\"https:\\\/\\\/secure.gravatar.com\\\/avatar\\\/4e52110cad1c4054b43271a0d14bbe9e2ea76aecd0e1097edfc670798d9ca1d4?s=96&d=blank&r=g\",\"caption\":\"NBCS Noticias\"},\"description\":\"\u00bfTienes fotos o video de alg\u00fan acto de posible negligencia, corrupci\u00f3n y abuso de autoridad? M\u00e1ndalo al WhatsApp de NBCS Noticias: 612 141 98 08\",\"sameAs\":[\"https:\\\/\\\/www.nbcs.mx\",\"https:\\\/\\\/www.facebook.com\\\/NBCSnoticias\",\"https:\\\/\\\/www.instagram.com\\\/nbcsnoticias\\\/\",\"https:\\\/\\\/x.com\\\/https:\\\/\\\/twitter.com\\\/NBCSnoticias\"]}]}<\/script>\n<!-- \/ Yoast SEO plugin. -->","yoast_head_json":{"title":"Glenda Inzunza brilla en el oro de M\u00e9xico en la Copa del Mundo de Nataci\u00f3n Art\u00edstica - NBCS Noticias","robots":{"index":"index","follow":"follow","max-snippet":"max-snippet:-1","max-image-preview":"max-image-preview:large","max-video-preview":"max-video-preview:-1"},"canonical":"https:\/\/nbcs.mx\/?p=161274","og_locale":"es_ES","og_type":"article","og_title":"Glenda Inzunza brilla en el oro de M\u00e9xico en la Copa del Mundo de Nataci\u00f3n Art\u00edstica - NBCS Noticias","og_description":"El equipo mexicano de nataci\u00f3n art\u00edstica conquist\u00f3 la medalla de oro en la prueba de equipo t\u00e9cnico de la Copa","og_url":"https:\/\/nbcs.mx\/?p=161274","og_site_name":"NBCS Noticias","article_publisher":"https:\/\/www.facebook.com\/NBCSnoticias","article_author":"https:\/\/www.facebook.com\/NBCSnoticias","article_published_time":"2026-02-14T20:31:08+00:00","og_image":[{"width":1024,"height":721,"url":"https:\/\/nbcs.mx\/wp-content\/uploads\/2026\/02\/f48cbd13-08bd-4a1d-9e7d-d4b6e175ce65.jpg","type":"image\/jpeg"}],"author":"NBCS Noticias","twitter_card":"summary_large_image","twitter_creator":"@https:\/\/twitter.com\/NBCSnoticias","twitter_site":"@NBCSnoticias","twitter_misc":{"Escrito por":"NBCS Noticias","Tiempo de lectura":"1 minuto"},"schema":{"@context":"https:\/\/schema.org","@graph":[{"@type":"Article","@id":"https:\/\/nbcs.mx\/?p=161274#article","isPartOf":{"@id":"https:\/\/nbcs.mx\/?p=161274"},"author":{"name":"NBCS Noticias","@id":"https:\/\/nbcs.mx\/#\/schema\/person\/ece58bab9a7c1e87a4d28ec9ecd79ff4"},"headline":"Glenda Inzunza brilla en el oro de M\u00e9xico en la Copa del Mundo de Nataci\u00f3n Art\u00edstica","datePublished":"2026-02-14T20:31:08+00:00","mainEntityOfPage":{"@id":"https:\/\/nbcs.mx\/?p=161274"},"wordCount":186,"commentCount":0,"publisher":{"@id":"https:\/\/nbcs.mx\/#organization"},"image":{"@id":"https:\/\/nbcs.mx\/?p=161274#primaryimage"},"thumbnailUrl":"https:\/\/nbcs.mx\/wp-content\/uploads\/2026\/02\/f48cbd13-08bd-4a1d-9e7d-d4b6e175ce65.jpg","articleSection":["Deportes"],"inLanguage":"es","potentialAction":[{"@type":"CommentAction","name":"Comment","target":["https:\/\/nbcs.mx\/?p=161274#respond"]}]},{"@type":"WebPage","@id":"https:\/\/nbcs.mx\/?p=161274","url":"https:\/\/nbcs.mx\/?p=161274","name":"Glenda Inzunza brilla en el oro de M\u00e9xico en la Copa del Mundo de Nataci\u00f3n Art\u00edstica - NBCS Noticias","isPartOf":{"@id":"https:\/\/nbcs.mx\/#website"},"primaryImageOfPage":{"@id":"https:\/\/nbcs.mx\/?p=161274#primaryimage"},"image":{"@id":"https:\/\/nbcs.mx\/?p=161274#primaryimage"},"thumbnailUrl":"https:\/\/nbcs.mx\/wp-content\/uploads\/2026\/02\/f48cbd13-08bd-4a1d-9e7d-d4b6e175ce65.jpg","datePublished":"2026-02-14T20:31:08+00:00","breadcrumb":{"@id":"https:\/\/nbcs.mx\/?p=161274#breadcrumb"},"inLanguage":"es","potentialAction":[{"@type":"ReadAction","target":["https:\/\/nbcs.mx\/?p=161274"]}]},{"@type":"ImageObject","inLanguage":"es","@id":"https:\/\/nbcs.mx\/?p=161274#primaryimage","url":"https:\/\/nbcs.mx\/wp-content\/uploads\/2026\/02\/f48cbd13-08bd-4a1d-9e7d-d4b6e175ce65.jpg","contentUrl":"https:\/\/nbcs.mx\/wp-content\/uploads\/2026\/02\/f48cbd13-08bd-4a1d-9e7d-d4b6e175ce65.jpg","width":1024,"height":721},{"@type":"BreadcrumbList","@id":"https:\/\/nbcs.mx\/?p=161274#breadcrumb","itemListElement":[{"@type":"ListItem","position":1,"name":"Portada","item":"https:\/\/nbcs.mx\/"},{"@type":"ListItem","position":2,"name":"Glenda Inzunza brilla en el oro de M\u00e9xico en la Copa del Mundo de Nataci\u00f3n Art\u00edstica"}]},{"@type":"WebSite","@id":"https:\/\/nbcs.mx\/#website","url":"https:\/\/nbcs.mx\/","name":"NBCS Noticias","description":"Sitio web de noticias en Baja California Sur","publisher":{"@id":"https:\/\/nbcs.mx\/#organization"},"potentialAction":[{"@type":"SearchAction","target":{"@type":"EntryPoint","urlTemplate":"https:\/\/nbcs.mx\/?s={search_term_string}"},"query-input":{"@type":"PropertyValueSpecification","valueRequired":true,"valueName":"search_term_string"}}],"inLanguage":"es"},{"@type":"Organization","@id":"https:\/\/nbcs.mx\/#organization","name":"NBCS Noticias","url":"https:\/\/nbcs.mx\/","logo":{"@type":"ImageObject","inLanguage":"es","@id":"https:\/\/nbcs.mx\/#\/schema\/logo\/image\/","url":"https:\/\/nbcs.mx\/wp-content\/uploads\/2018\/09\/057b69485e93575a5c2b1c1dde2dd297.jpeg","contentUrl":"https:\/\/nbcs.mx\/wp-content\/uploads\/2018\/09\/057b69485e93575a5c2b1c1dde2dd297.jpeg","width":64,"height":64,"caption":"NBCS Noticias"},"image":{"@id":"https:\/\/nbcs.mx\/#\/schema\/logo\/image\/"},"sameAs":["https:\/\/www.facebook.com\/NBCSnoticias","https:\/\/x.com\/NBCSnoticias"]},{"@type":"Person","@id":"https:\/\/nbcs.mx\/#\/schema\/person\/ece58bab9a7c1e87a4d28ec9ecd79ff4","name":"NBCS Noticias","image":{"@type":"ImageObject","inLanguage":"es","@id":"https:\/\/secure.gravatar.com\/avatar\/4e52110cad1c4054b43271a0d14bbe9e2ea76aecd0e1097edfc670798d9ca1d4?s=96&d=blank&r=g","url":"https:\/\/secure.gravatar.com\/avatar\/4e52110cad1c4054b43271a0d14bbe9e2ea76aecd0e1097edfc670798d9ca1d4?s=96&d=blank&r=g","contentUrl":"https:\/\/secure.gravatar.com\/avatar\/4e52110cad1c4054b43271a0d14bbe9e2ea76aecd0e1097edfc670798d9ca1d4?s=96&d=blank&r=g","caption":"NBCS Noticias"},"description":"\u00bfTienes fotos o video de alg\u00fan acto de posible negligencia, corrupci\u00f3n y abuso de autoridad? M\u00e1ndalo al WhatsApp de NBCS Noticias: 612 141 98 08","sameAs":["https:\/\/www.nbcs.mx","https:\/\/www.facebook.com\/NBCSnoticias","https:\/\/www.instagram.com\/nbcsnoticias\/","https:\/\/x.com\/https:\/\/twitter.com\/NBCSnoticias"]}]}},"jetpack_publicize_connections":[],"jetpack_featured_media_url":"https:\/\/nbcs.mx\/wp-content\/uploads\/2026\/02\/f48cbd13-08bd-4a1d-9e7d-d4b6e175ce65.jpg","jetpack_sharing_enabled":true,"_links":{"self":[{"href":"https:\/\/nbcs.mx\/index.php?rest_route=\/wp\/v2\/posts\/161274","targetHints":{"allow":["GET"]}}],"collection":[{"href":"https:\/\/nbcs.mx\/index.php?rest_route=\/wp\/v2\/posts"}],"about":[{"href":"https:\/\/nbcs.mx\/index.php?rest_route=\/wp\/v2\/types\/post"}],"author":[{"embeddable":true,"href":"https:\/\/nbcs.mx\/index.php?rest_route=\/wp\/v2\/users\/1"}],"replies":[{"embeddable":true,"href":"https:\/\/nbcs.mx\/index.php?rest_route=%2Fwp%2Fv2%2Fcomments&post=161274"}],"version-history":[{"count":1,"href":"https:\/\/nbcs.mx\/index.php?rest_route=\/wp\/v2\/posts\/161274\/revisions"}],"predecessor-version":[{"id":161276,"href":"https:\/\/nbcs.mx\/index.php?rest_route=\/wp\/v2\/posts\/161274\/revisions\/161276"}],"wp:featuredmedia":[{"embeddable":true,"href":"https:\/\/nbcs.mx\/index.php?rest_route=\/wp\/v2\/media\/161275"}],"wp:attachment":[{"href":"https:\/\/nbcs.mx\/index.php?rest_route=%2Fwp%2Fv2%2Fmedia&parent=161274"}],"wp:term":[{"taxonomy":"category","embeddable":true,"href":"https:\/\/nbcs.mx\/index.php?rest_route=%2Fwp%2Fv2%2Fcategories&post=161274"},{"taxonomy":"post_tag","embeddable":true,"href":"https:\/\/nbcs.mx\/index.php?rest_route=%2Fwp%2Fv2%2Ftags&post=161274"}],"curies":[{"name":"wp","href":"https:\/\/api.w.org\/{rel}","templated":true}]}}