{"id":161383,"date":"2026-02-18T08:12:37","date_gmt":"2026-02-18T15:12:37","guid":{"rendered":"https:\/\/nbcs.mx\/?p=161383"},"modified":"2026-02-18T08:12:37","modified_gmt":"2026-02-18T15:12:37","slug":"convoca-ayuntamiento-de-mulege-a-ninas-y-ninos-a-participar-en-presidente-por-un-dia-2026","status":"publish","type":"post","link":"https:\/\/nbcs.mx\/?p=161383","title":{"rendered":"Convoca ayuntamiento de Muleg\u00e9 a ni\u00f1as y ni\u00f1os a participar en \u201cpresidente por un d\u00eda 2026\u201d"},"content":{"rendered":"<p style=\"font-weight: 400; text-align: justify;\"><img loading=\"lazy\" decoding=\"async\" class=\" wp-image-161384 alignleft\" src=\"https:\/\/nbcs.mx\/wp-content\/uploads\/2026\/02\/Foto-1-1-755x421.jpg\" alt=\"\" width=\"405\" height=\"226\" srcset=\"https:\/\/nbcs.mx\/wp-content\/uploads\/2026\/02\/Foto-1-1-755x421.jpg 755w, https:\/\/nbcs.mx\/wp-content\/uploads\/2026\/02\/Foto-1-1-1024x572.jpg 1024w, https:\/\/nbcs.mx\/wp-content\/uploads\/2026\/02\/Foto-1-1-150x84.jpg 150w, https:\/\/nbcs.mx\/wp-content\/uploads\/2026\/02\/Foto-1-1-768x429.jpg 768w, https:\/\/nbcs.mx\/wp-content\/uploads\/2026\/02\/Foto-1-1-800x445.jpg 800w, https:\/\/nbcs.mx\/wp-content\/uploads\/2026\/02\/Foto-1-1.jpg 1245w\" sizes=\"auto, (max-width: 405px) 100vw, 405px\" \/>La presidenta municipal de Muleg\u00e9, Edith Aguilar Villavicencio, dio a conocer la convocatoria del concurso infantil \u201cPresidente por un D\u00eda 2026\u201d, dirigida a estudiantes que cursen el nivel primaria en el municipio, en el marco del D\u00eda de la Ni\u00f1a y el Ni\u00f1o.<\/p>\n<p style=\"font-weight: 400; text-align: justify;\">La alcaldesa destac\u00f3 que este ejercicio busca fomentar la participaci\u00f3n c\u00edvica y acercar a la ni\u00f1ez mulegina al funcionamiento del gobierno municipal. \u201cQueremos que nuestras ni\u00f1as y ni\u00f1os expresen sus ideas y conozcan el trabajo que realiza el Ayuntamiento. Estoy segura de que nos sorprender\u00e1n con propuestas creativas y con una gran visi\u00f3n para el futuro de Muleg\u00e9\u201d, expres\u00f3.<\/p>\n<p style=\"font-weight: 400; text-align: justify;\">El concurso constar\u00e1 de una etapa interna en cada plantel educativo para seleccionar a su representante y una etapa municipal, en la que las y los participantes deber\u00e1n enviar un video, con duraci\u00f3n m\u00e1xima de un minuto, respondiendo a la pregunta: \u201c\u00bfPor qu\u00e9 te gustar\u00eda ser presidente por un d\u00eda?\u201d. El material deber\u00e1 enviarse v\u00eda inbox a la p\u00e1gina oficial del H. XVIII Ayuntamiento de Muleg\u00e9 o al WhatsApp 615 109 0592, a m\u00e1s tardar el lunes 16 de marzo a las 6:00 PM.<\/p>\n<p style=\"font-weight: 400; text-align: justify;\">Un jurado calificador evaluar\u00e1 contenido, creatividad, originalidad, expresi\u00f3n y voz. Las y los ganadores ser\u00e1n nombrados presidente o presidenta municipal; secretario o secretaria general; s\u00edndico o s\u00edndica; presidente o presidenta honor\u00edfica del DIF Muleg\u00e9; as\u00ed como nueve regidoras y regidores por un d\u00eda. El nombramiento oficial se llevar\u00e1 a cabo el martes 21 de abril de 2026.<\/p>\n<p style=\"font-weight: 400; text-align: justify;\">Para mayor informaci\u00f3n sobre las bases y requisitos, las y los interesados pueden consultar la convocatoria completa en la p\u00e1gina oficial de la presidenta municipal, en Facebook.<\/p>\n<p style=\"font-weight: 400; text-align: justify;\">Finalmente, Aguilar Villavicencio reiter\u00f3 la invitaci\u00f3n a todas las primarias del municipio a participar en esta convocatoria que fortalece los valores democr\u00e1ticos y la participaci\u00f3n ciudadana desde la ni\u00f1ez.<\/p>\n","protected":false},"excerpt":{"rendered":"<p>La presidenta municipal de Muleg\u00e9, Edith Aguilar Villavicencio, dio a conocer la convocatoria del concurso infantil \u201cPresidente por un D\u00eda<\/p>\n","protected":false},"author":1,"featured_media":161384,"comment_status":"open","ping_status":"closed","sticky":false,"template":"","format":"standard","meta":{"colormag_page_container_layout":"default_layout","colormag_page_sidebar_layout":"default_layout","_jetpack_memberships_contains_paid_content":false,"footnotes":"","jetpack_publicize_message":"","jetpack_publicize_feature_enabled":true,"jetpack_social_post_already_shared":true,"jetpack_social_options":{"image_generator_settings":{"template":"highway","default_image_id":0,"font":"","enabled":false},"version":2}},"categories":[40],"tags":[],"class_list":["post-161383","post","type-post","status-publish","format-standard","has-post-thumbnail","hentry","category-municipios"],"yoast_head":"<!-- This site is optimized with the Yoast SEO plugin v27.4 - https:\/\/yoast.com\/product\/yoast-seo-wordpress\/ -->\n<title>Convoca ayuntamiento de Muleg\u00e9 a ni\u00f1as y ni\u00f1os a participar en \u201cpresidente por un d\u00eda 2026\u201d - NBCS Noticias<\/title>\n<meta name=\"robots\" content=\"index, follow, max-snippet:-1, max-image-preview:large, max-video-preview:-1\" \/>\n<link rel=\"canonical\" href=\"https:\/\/nbcs.mx\/?p=161383\" \/>\n<meta property=\"og:locale\" content=\"es_ES\" \/>\n<meta property=\"og:type\" content=\"article\" \/>\n<meta property=\"og:title\" content=\"Convoca ayuntamiento de Muleg\u00e9 a ni\u00f1as y ni\u00f1os a participar en \u201cpresidente por un d\u00eda 2026\u201d - NBCS Noticias\" \/>\n<meta property=\"og:description\" content=\"La presidenta municipal de Muleg\u00e9, Edith Aguilar Villavicencio, dio a conocer la convocatoria del concurso infantil \u201cPresidente por un D\u00eda\" \/>\n<meta property=\"og:url\" content=\"https:\/\/nbcs.mx\/?p=161383\" \/>\n<meta property=\"og:site_name\" content=\"NBCS Noticias\" \/>\n<meta property=\"article:publisher\" content=\"https:\/\/www.facebook.com\/NBCSnoticias\" \/>\n<meta property=\"article:author\" content=\"https:\/\/www.facebook.com\/NBCSnoticias\" \/>\n<meta property=\"article:published_time\" content=\"2026-02-18T15:12:37+00:00\" \/>\n<meta property=\"og:image\" content=\"https:\/\/nbcs.mx\/wp-content\/uploads\/2026\/02\/Foto-1-1.jpg\" \/>\n\t<meta property=\"og:image:width\" content=\"1245\" \/>\n\t<meta property=\"og:image:height\" content=\"695\" \/>\n\t<meta property=\"og:image:type\" content=\"image\/jpeg\" \/>\n<meta name=\"author\" content=\"NBCS Noticias\" \/>\n<meta name=\"twitter:card\" content=\"summary_large_image\" \/>\n<meta name=\"twitter:creator\" content=\"@https:\/\/twitter.com\/NBCSnoticias\" \/>\n<meta name=\"twitter:site\" content=\"@NBCSnoticias\" \/>\n<meta name=\"twitter:label1\" content=\"Escrito por\" \/>\n\t<meta name=\"twitter:data1\" content=\"NBCS Noticias\" \/>\n\t<meta name=\"twitter:label2\" content=\"Tiempo de lectura\" \/>\n\t<meta name=\"twitter:data2\" content=\"2 minutos\" \/>\n<script type=\"application\/ld+json\" class=\"yoast-schema-graph\">{\"@context\":\"https:\\\/\\\/schema.org\",\"@graph\":[{\"@type\":\"Article\",\"@id\":\"https:\\\/\\\/nbcs.mx\\\/?p=161383#article\",\"isPartOf\":{\"@id\":\"https:\\\/\\\/nbcs.mx\\\/?p=161383\"},\"author\":{\"name\":\"NBCS Noticias\",\"@id\":\"https:\\\/\\\/nbcs.mx\\\/#\\\/schema\\\/person\\\/ece58bab9a7c1e87a4d28ec9ecd79ff4\"},\"headline\":\"Convoca ayuntamiento de Muleg\u00e9 a ni\u00f1as y ni\u00f1os a participar en \u201cpresidente por un d\u00eda 2026\u201d\",\"datePublished\":\"2026-02-18T15:12:37+00:00\",\"mainEntityOfPage\":{\"@id\":\"https:\\\/\\\/nbcs.mx\\\/?p=161383\"},\"wordCount\":340,\"commentCount\":0,\"publisher\":{\"@id\":\"https:\\\/\\\/nbcs.mx\\\/#organization\"},\"image\":{\"@id\":\"https:\\\/\\\/nbcs.mx\\\/?p=161383#primaryimage\"},\"thumbnailUrl\":\"https:\\\/\\\/nbcs.mx\\\/wp-content\\\/uploads\\\/2026\\\/02\\\/Foto-1-1.jpg\",\"articleSection\":[\"Municipios\"],\"inLanguage\":\"es\",\"potentialAction\":[{\"@type\":\"CommentAction\",\"name\":\"Comment\",\"target\":[\"https:\\\/\\\/nbcs.mx\\\/?p=161383#respond\"]}]},{\"@type\":\"WebPage\",\"@id\":\"https:\\\/\\\/nbcs.mx\\\/?p=161383\",\"url\":\"https:\\\/\\\/nbcs.mx\\\/?p=161383\",\"name\":\"Convoca ayuntamiento de Muleg\u00e9 a ni\u00f1as y ni\u00f1os a participar en \u201cpresidente por un d\u00eda 2026\u201d - NBCS Noticias\",\"isPartOf\":{\"@id\":\"https:\\\/\\\/nbcs.mx\\\/#website\"},\"primaryImageOfPage\":{\"@id\":\"https:\\\/\\\/nbcs.mx\\\/?p=161383#primaryimage\"},\"image\":{\"@id\":\"https:\\\/\\\/nbcs.mx\\\/?p=161383#primaryimage\"},\"thumbnailUrl\":\"https:\\\/\\\/nbcs.mx\\\/wp-content\\\/uploads\\\/2026\\\/02\\\/Foto-1-1.jpg\",\"datePublished\":\"2026-02-18T15:12:37+00:00\",\"breadcrumb\":{\"@id\":\"https:\\\/\\\/nbcs.mx\\\/?p=161383#breadcrumb\"},\"inLanguage\":\"es\",\"potentialAction\":[{\"@type\":\"ReadAction\",\"target\":[\"https:\\\/\\\/nbcs.mx\\\/?p=161383\"]}]},{\"@type\":\"ImageObject\",\"inLanguage\":\"es\",\"@id\":\"https:\\\/\\\/nbcs.mx\\\/?p=161383#primaryimage\",\"url\":\"https:\\\/\\\/nbcs.mx\\\/wp-content\\\/uploads\\\/2026\\\/02\\\/Foto-1-1.jpg\",\"contentUrl\":\"https:\\\/\\\/nbcs.mx\\\/wp-content\\\/uploads\\\/2026\\\/02\\\/Foto-1-1.jpg\",\"width\":1245,\"height\":695},{\"@type\":\"BreadcrumbList\",\"@id\":\"https:\\\/\\\/nbcs.mx\\\/?p=161383#breadcrumb\",\"itemListElement\":[{\"@type\":\"ListItem\",\"position\":1,\"name\":\"Portada\",\"item\":\"https:\\\/\\\/nbcs.mx\\\/\"},{\"@type\":\"ListItem\",\"position\":2,\"name\":\"Convoca ayuntamiento de Muleg\u00e9 a ni\u00f1as y ni\u00f1os a participar en \u201cpresidente por un d\u00eda 2026\u201d\"}]},{\"@type\":\"WebSite\",\"@id\":\"https:\\\/\\\/nbcs.mx\\\/#website\",\"url\":\"https:\\\/\\\/nbcs.mx\\\/\",\"name\":\"NBCS Noticias\",\"description\":\"Sitio web de noticias en Baja California Sur\",\"publisher\":{\"@id\":\"https:\\\/\\\/nbcs.mx\\\/#organization\"},\"potentialAction\":[{\"@type\":\"SearchAction\",\"target\":{\"@type\":\"EntryPoint\",\"urlTemplate\":\"https:\\\/\\\/nbcs.mx\\\/?s={search_term_string}\"},\"query-input\":{\"@type\":\"PropertyValueSpecification\",\"valueRequired\":true,\"valueName\":\"search_term_string\"}}],\"inLanguage\":\"es\"},{\"@type\":\"Organization\",\"@id\":\"https:\\\/\\\/nbcs.mx\\\/#organization\",\"name\":\"NBCS Noticias\",\"url\":\"https:\\\/\\\/nbcs.mx\\\/\",\"logo\":{\"@type\":\"ImageObject\",\"inLanguage\":\"es\",\"@id\":\"https:\\\/\\\/nbcs.mx\\\/#\\\/schema\\\/logo\\\/image\\\/\",\"url\":\"https:\\\/\\\/nbcs.mx\\\/wp-content\\\/uploads\\\/2018\\\/09\\\/057b69485e93575a5c2b1c1dde2dd297.jpeg\",\"contentUrl\":\"https:\\\/\\\/nbcs.mx\\\/wp-content\\\/uploads\\\/2018\\\/09\\\/057b69485e93575a5c2b1c1dde2dd297.jpeg\",\"width\":64,\"height\":64,\"caption\":\"NBCS Noticias\"},\"image\":{\"@id\":\"https:\\\/\\\/nbcs.mx\\\/#\\\/schema\\\/logo\\\/image\\\/\"},\"sameAs\":[\"https:\\\/\\\/www.facebook.com\\\/NBCSnoticias\",\"https:\\\/\\\/x.com\\\/NBCSnoticias\"]},{\"@type\":\"Person\",\"@id\":\"https:\\\/\\\/nbcs.mx\\\/#\\\/schema\\\/person\\\/ece58bab9a7c1e87a4d28ec9ecd79ff4\",\"name\":\"NBCS Noticias\",\"image\":{\"@type\":\"ImageObject\",\"inLanguage\":\"es\",\"@id\":\"https:\\\/\\\/secure.gravatar.com\\\/avatar\\\/4e52110cad1c4054b43271a0d14bbe9e2ea76aecd0e1097edfc670798d9ca1d4?s=96&d=blank&r=g\",\"url\":\"https:\\\/\\\/secure.gravatar.com\\\/avatar\\\/4e52110cad1c4054b43271a0d14bbe9e2ea76aecd0e1097edfc670798d9ca1d4?s=96&d=blank&r=g\",\"contentUrl\":\"https:\\\/\\\/secure.gravatar.com\\\/avatar\\\/4e52110cad1c4054b43271a0d14bbe9e2ea76aecd0e1097edfc670798d9ca1d4?s=96&d=blank&r=g\",\"caption\":\"NBCS Noticias\"},\"description\":\"\u00bfTienes fotos o video de alg\u00fan acto de posible negligencia, corrupci\u00f3n y abuso de autoridad? M\u00e1ndalo al WhatsApp de NBCS Noticias: 612 141 98 08\",\"sameAs\":[\"https:\\\/\\\/www.nbcs.mx\",\"https:\\\/\\\/www.facebook.com\\\/NBCSnoticias\",\"https:\\\/\\\/www.instagram.com\\\/nbcsnoticias\\\/\",\"https:\\\/\\\/x.com\\\/https:\\\/\\\/twitter.com\\\/NBCSnoticias\"]}]}<\/script>\n<!-- \/ Yoast SEO plugin. -->","yoast_head_json":{"title":"Convoca ayuntamiento de Muleg\u00e9 a ni\u00f1as y ni\u00f1os a participar en \u201cpresidente por un d\u00eda 2026\u201d - NBCS Noticias","robots":{"index":"index","follow":"follow","max-snippet":"max-snippet:-1","max-image-preview":"max-image-preview:large","max-video-preview":"max-video-preview:-1"},"canonical":"https:\/\/nbcs.mx\/?p=161383","og_locale":"es_ES","og_type":"article","og_title":"Convoca ayuntamiento de Muleg\u00e9 a ni\u00f1as y ni\u00f1os a participar en \u201cpresidente por un d\u00eda 2026\u201d - NBCS Noticias","og_description":"La presidenta municipal de Muleg\u00e9, Edith Aguilar Villavicencio, dio a conocer la convocatoria del concurso infantil \u201cPresidente por un D\u00eda","og_url":"https:\/\/nbcs.mx\/?p=161383","og_site_name":"NBCS Noticias","article_publisher":"https:\/\/www.facebook.com\/NBCSnoticias","article_author":"https:\/\/www.facebook.com\/NBCSnoticias","article_published_time":"2026-02-18T15:12:37+00:00","og_image":[{"width":1245,"height":695,"url":"https:\/\/nbcs.mx\/wp-content\/uploads\/2026\/02\/Foto-1-1.jpg","type":"image\/jpeg"}],"author":"NBCS Noticias","twitter_card":"summary_large_image","twitter_creator":"@https:\/\/twitter.com\/NBCSnoticias","twitter_site":"@NBCSnoticias","twitter_misc":{"Escrito por":"NBCS Noticias","Tiempo de lectura":"2 minutos"},"schema":{"@context":"https:\/\/schema.org","@graph":[{"@type":"Article","@id":"https:\/\/nbcs.mx\/?p=161383#article","isPartOf":{"@id":"https:\/\/nbcs.mx\/?p=161383"},"author":{"name":"NBCS Noticias","@id":"https:\/\/nbcs.mx\/#\/schema\/person\/ece58bab9a7c1e87a4d28ec9ecd79ff4"},"headline":"Convoca ayuntamiento de Muleg\u00e9 a ni\u00f1as y ni\u00f1os a participar en \u201cpresidente por un d\u00eda 2026\u201d","datePublished":"2026-02-18T15:12:37+00:00","mainEntityOfPage":{"@id":"https:\/\/nbcs.mx\/?p=161383"},"wordCount":340,"commentCount":0,"publisher":{"@id":"https:\/\/nbcs.mx\/#organization"},"image":{"@id":"https:\/\/nbcs.mx\/?p=161383#primaryimage"},"thumbnailUrl":"https:\/\/nbcs.mx\/wp-content\/uploads\/2026\/02\/Foto-1-1.jpg","articleSection":["Municipios"],"inLanguage":"es","potentialAction":[{"@type":"CommentAction","name":"Comment","target":["https:\/\/nbcs.mx\/?p=161383#respond"]}]},{"@type":"WebPage","@id":"https:\/\/nbcs.mx\/?p=161383","url":"https:\/\/nbcs.mx\/?p=161383","name":"Convoca ayuntamiento de Muleg\u00e9 a ni\u00f1as y ni\u00f1os a participar en \u201cpresidente por un d\u00eda 2026\u201d - NBCS Noticias","isPartOf":{"@id":"https:\/\/nbcs.mx\/#website"},"primaryImageOfPage":{"@id":"https:\/\/nbcs.mx\/?p=161383#primaryimage"},"image":{"@id":"https:\/\/nbcs.mx\/?p=161383#primaryimage"},"thumbnailUrl":"https:\/\/nbcs.mx\/wp-content\/uploads\/2026\/02\/Foto-1-1.jpg","datePublished":"2026-02-18T15:12:37+00:00","breadcrumb":{"@id":"https:\/\/nbcs.mx\/?p=161383#breadcrumb"},"inLanguage":"es","potentialAction":[{"@type":"ReadAction","target":["https:\/\/nbcs.mx\/?p=161383"]}]},{"@type":"ImageObject","inLanguage":"es","@id":"https:\/\/nbcs.mx\/?p=161383#primaryimage","url":"https:\/\/nbcs.mx\/wp-content\/uploads\/2026\/02\/Foto-1-1.jpg","contentUrl":"https:\/\/nbcs.mx\/wp-content\/uploads\/2026\/02\/Foto-1-1.jpg","width":1245,"height":695},{"@type":"BreadcrumbList","@id":"https:\/\/nbcs.mx\/?p=161383#breadcrumb","itemListElement":[{"@type":"ListItem","position":1,"name":"Portada","item":"https:\/\/nbcs.mx\/"},{"@type":"ListItem","position":2,"name":"Convoca ayuntamiento de Muleg\u00e9 a ni\u00f1as y ni\u00f1os a participar en \u201cpresidente por un d\u00eda 2026\u201d"}]},{"@type":"WebSite","@id":"https:\/\/nbcs.mx\/#website","url":"https:\/\/nbcs.mx\/","name":"NBCS Noticias","description":"Sitio web de noticias en Baja California Sur","publisher":{"@id":"https:\/\/nbcs.mx\/#organization"},"potentialAction":[{"@type":"SearchAction","target":{"@type":"EntryPoint","urlTemplate":"https:\/\/nbcs.mx\/?s={search_term_string}"},"query-input":{"@type":"PropertyValueSpecification","valueRequired":true,"valueName":"search_term_string"}}],"inLanguage":"es"},{"@type":"Organization","@id":"https:\/\/nbcs.mx\/#organization","name":"NBCS Noticias","url":"https:\/\/nbcs.mx\/","logo":{"@type":"ImageObject","inLanguage":"es","@id":"https:\/\/nbcs.mx\/#\/schema\/logo\/image\/","url":"https:\/\/nbcs.mx\/wp-content\/uploads\/2018\/09\/057b69485e93575a5c2b1c1dde2dd297.jpeg","contentUrl":"https:\/\/nbcs.mx\/wp-content\/uploads\/2018\/09\/057b69485e93575a5c2b1c1dde2dd297.jpeg","width":64,"height":64,"caption":"NBCS Noticias"},"image":{"@id":"https:\/\/nbcs.mx\/#\/schema\/logo\/image\/"},"sameAs":["https:\/\/www.facebook.com\/NBCSnoticias","https:\/\/x.com\/NBCSnoticias"]},{"@type":"Person","@id":"https:\/\/nbcs.mx\/#\/schema\/person\/ece58bab9a7c1e87a4d28ec9ecd79ff4","name":"NBCS Noticias","image":{"@type":"ImageObject","inLanguage":"es","@id":"https:\/\/secure.gravatar.com\/avatar\/4e52110cad1c4054b43271a0d14bbe9e2ea76aecd0e1097edfc670798d9ca1d4?s=96&d=blank&r=g","url":"https:\/\/secure.gravatar.com\/avatar\/4e52110cad1c4054b43271a0d14bbe9e2ea76aecd0e1097edfc670798d9ca1d4?s=96&d=blank&r=g","contentUrl":"https:\/\/secure.gravatar.com\/avatar\/4e52110cad1c4054b43271a0d14bbe9e2ea76aecd0e1097edfc670798d9ca1d4?s=96&d=blank&r=g","caption":"NBCS Noticias"},"description":"\u00bfTienes fotos o video de alg\u00fan acto de posible negligencia, corrupci\u00f3n y abuso de autoridad? M\u00e1ndalo al WhatsApp de NBCS Noticias: 612 141 98 08","sameAs":["https:\/\/www.nbcs.mx","https:\/\/www.facebook.com\/NBCSnoticias","https:\/\/www.instagram.com\/nbcsnoticias\/","https:\/\/x.com\/https:\/\/twitter.com\/NBCSnoticias"]}]}},"jetpack_publicize_connections":[],"jetpack_featured_media_url":"https:\/\/nbcs.mx\/wp-content\/uploads\/2026\/02\/Foto-1-1.jpg","jetpack_sharing_enabled":true,"_links":{"self":[{"href":"https:\/\/nbcs.mx\/index.php?rest_route=\/wp\/v2\/posts\/161383","targetHints":{"allow":["GET"]}}],"collection":[{"href":"https:\/\/nbcs.mx\/index.php?rest_route=\/wp\/v2\/posts"}],"about":[{"href":"https:\/\/nbcs.mx\/index.php?rest_route=\/wp\/v2\/types\/post"}],"author":[{"embeddable":true,"href":"https:\/\/nbcs.mx\/index.php?rest_route=\/wp\/v2\/users\/1"}],"replies":[{"embeddable":true,"href":"https:\/\/nbcs.mx\/index.php?rest_route=%2Fwp%2Fv2%2Fcomments&post=161383"}],"version-history":[{"count":1,"href":"https:\/\/nbcs.mx\/index.php?rest_route=\/wp\/v2\/posts\/161383\/revisions"}],"predecessor-version":[{"id":161385,"href":"https:\/\/nbcs.mx\/index.php?rest_route=\/wp\/v2\/posts\/161383\/revisions\/161385"}],"wp:featuredmedia":[{"embeddable":true,"href":"https:\/\/nbcs.mx\/index.php?rest_route=\/wp\/v2\/media\/161384"}],"wp:attachment":[{"href":"https:\/\/nbcs.mx\/index.php?rest_route=%2Fwp%2Fv2%2Fmedia&parent=161383"}],"wp:term":[{"taxonomy":"category","embeddable":true,"href":"https:\/\/nbcs.mx\/index.php?rest_route=%2Fwp%2Fv2%2Fcategories&post=161383"},{"taxonomy":"post_tag","embeddable":true,"href":"https:\/\/nbcs.mx\/index.php?rest_route=%2Fwp%2Fv2%2Ftags&post=161383"}],"curies":[{"name":"wp","href":"https:\/\/api.w.org\/{rel}","templated":true}]}}