{"id":161452,"date":"2026-02-19T13:18:57","date_gmt":"2026-02-19T20:18:57","guid":{"rendered":"https:\/\/nbcs.mx\/?p=161452"},"modified":"2026-02-19T13:18:57","modified_gmt":"2026-02-19T20:18:57","slug":"presentan-expociencias-sudcaliforniana-2026-para-impulsar-vocaciones-cientificas-en-la-ninez-y-juventud-loretana","status":"publish","type":"post","link":"https:\/\/nbcs.mx\/?p=161452","title":{"rendered":"Presentan Expociencias Sudcaliforniana 2026 para impulsar vocaciones cient\u00edficas en la ni\u00f1ez y juventud loretana"},"content":{"rendered":"<p style=\"font-weight: 400; text-align: justify;\"><img loading=\"lazy\" decoding=\"async\" class=\" wp-image-161453 alignleft\" src=\"https:\/\/nbcs.mx\/wp-content\/uploads\/2026\/02\/EXPOCIENCIAS-755x431.jpeg\" alt=\"\" width=\"391\" height=\"223\" srcset=\"https:\/\/nbcs.mx\/wp-content\/uploads\/2026\/02\/EXPOCIENCIAS-755x431.jpeg 755w, https:\/\/nbcs.mx\/wp-content\/uploads\/2026\/02\/EXPOCIENCIAS-1024x585.jpeg 1024w, https:\/\/nbcs.mx\/wp-content\/uploads\/2026\/02\/EXPOCIENCIAS-150x86.jpeg 150w, https:\/\/nbcs.mx\/wp-content\/uploads\/2026\/02\/EXPOCIENCIAS-768x439.jpeg 768w, https:\/\/nbcs.mx\/wp-content\/uploads\/2026\/02\/EXPOCIENCIAS.jpeg 1311w\" sizes=\"auto, (max-width: 391px) 100vw, 391px\" \/>Durante una reuni\u00f3n de trabajo encabezada por la alcaldesa Paz del Alma Ochoa Amador, este mi\u00e9rcoles se realiz\u00f3 en Loreto la presentaci\u00f3n de la ExpoCiencias Sudcaliforniana 2026, evento anual que se lleva a cabo con el objetivo de fomentar la participaci\u00f3n de ni\u00f1as, ni\u00f1os y j\u00f3venes en proyectos cient\u00edficos y de investigaci\u00f3n.<\/p>\n<p style=\"font-weight: 400; text-align: justify;\">\n<p style=\"font-weight: 400; text-align: justify;\">En el encuentro participaron la titular del Consejo Sudcaliforniano de Humanidades, Ciencias, Tecnolog\u00edas e Innovaci\u00f3n (COSHCYTI), Sara Cecilia D\u00edaz Castro, as\u00ed como Miguel \u00c1ngel D\u00edaz Carballo, representante del \u00e1rea de Difusi\u00f3n, Divulgaci\u00f3n y Ense\u00f1anza de la Ciencia, con quienes se abord\u00f3 la importancia de integrar a la comunidad estudiantil de Loreto en este relevante evento.<\/p>\n<p style=\"font-weight: 400; text-align: justify;\">\n<p style=\"font-weight: 400; text-align: justify;\">Durante la reuni\u00f3n se destac\u00f3 que ExpoCiencias constituye una plataforma fundamental para promover el desarrollo del conocimiento, la investigaci\u00f3n cient\u00edfica, la innovaci\u00f3n tecnol\u00f3gica y las humanidades desde edades tempranas, fortaleciendo as\u00ed una formaci\u00f3n integral de los estudiantes orientada hacia al futuro.<\/p>\n<p style=\"font-weight: 400; text-align: justify;\">Se explic\u00f3 que este a\u00f1o la ExpoCiencias llegar\u00e1 a los cinco municipios de la entidad. La etapa municipal se desarrollar\u00e1 del 26 de mayo al 5 de junio de 2026, con un evento en cada municipio para seleccionar los proyectos que avanzar\u00e1n a la etapa estatal, programada para el 26 de junio en la ciudad de La Paz.<\/p>\n<p style=\"font-weight: 400; text-align: justify;\">\n<p style=\"font-weight: 400; text-align: justify;\">La alcaldesa Paz Ochoa refrend\u00f3 su compromiso de respaldar iniciativas que fortalezcan el desarrollo educativo y despierten vocaciones cient\u00edficas en las nuevas generaciones, reconociendo adem\u00e1s la labor de difusi\u00f3n realizada por la regidora Yanicsa Higuera Fiol. Por \u00faltimo, inform\u00f3 que pr\u00f3ximamente se dar\u00e1 a conocer la convocatoria oficial con los detalles para participar.<\/p>\n","protected":false},"excerpt":{"rendered":"<p>Durante una reuni\u00f3n de trabajo encabezada por la alcaldesa Paz del Alma Ochoa Amador, este mi\u00e9rcoles se realiz\u00f3 en Loreto<\/p>\n","protected":false},"author":1,"featured_media":161453,"comment_status":"open","ping_status":"closed","sticky":false,"template":"","format":"standard","meta":{"colormag_page_container_layout":"default_layout","colormag_page_sidebar_layout":"default_layout","_jetpack_newsletter_access":"","_jetpack_dont_email_post_to_subs":false,"_jetpack_newsletter_tier_id":0,"_jetpack_memberships_contains_paywalled_content":false,"_jetpack_feature_clip_id":0,"_jetpack_memberships_contains_paid_content":false,"footnotes":"","jetpack_publicize_message":"","jetpack_publicize_feature_enabled":true,"jetpack_social_post_already_shared":true,"jetpack_social_options":{"image_generator_settings":{"template":"highway","default_image_id":0,"font":"","enabled":false},"version":2},"jetpack_post_was_ever_published":false},"categories":[40],"tags":[],"class_list":["post-161452","post","type-post","status-publish","format-standard","has-post-thumbnail","hentry","category-municipios"],"yoast_head":"<!-- This site is optimized with the Yoast SEO plugin v28.4 - https:\/\/yoast.com\/product\/yoast-seo-wordpress\/ -->\n<title>Presentan Expociencias Sudcaliforniana 2026 para impulsar vocaciones cient\u00edficas en la ni\u00f1ez y juventud loretana - NBCS Noticias<\/title>\n<meta name=\"robots\" content=\"index, follow, max-snippet:-1, max-image-preview:large, max-video-preview:-1\" \/>\n<link rel=\"canonical\" href=\"https:\/\/nbcs.mx\/?p=161452\" \/>\n<meta property=\"og:locale\" content=\"es_ES\" \/>\n<meta property=\"og:type\" content=\"article\" \/>\n<meta property=\"og:title\" content=\"Presentan Expociencias Sudcaliforniana 2026 para impulsar vocaciones cient\u00edficas en la ni\u00f1ez y juventud loretana - NBCS Noticias\" \/>\n<meta property=\"og:description\" content=\"Durante una reuni\u00f3n de trabajo encabezada por la alcaldesa Paz del Alma Ochoa Amador, este mi\u00e9rcoles se realiz\u00f3 en Loreto\" \/>\n<meta property=\"og:url\" content=\"https:\/\/nbcs.mx\/?p=161452\" \/>\n<meta property=\"og:site_name\" content=\"NBCS Noticias\" \/>\n<meta property=\"article:publisher\" content=\"https:\/\/www.facebook.com\/NBCSnoticias\" \/>\n<meta property=\"article:author\" content=\"https:\/\/www.facebook.com\/NBCSnoticias\" \/>\n<meta property=\"article:published_time\" content=\"2026-02-19T20:18:57+00:00\" \/>\n<meta property=\"og:image\" content=\"https:\/\/nbcs.mx\/wp-content\/uploads\/2026\/02\/EXPOCIENCIAS.jpeg\" \/>\n\t<meta property=\"og:image:width\" content=\"1311\" \/>\n\t<meta property=\"og:image:height\" content=\"749\" \/>\n\t<meta property=\"og:image:type\" content=\"image\/jpeg\" \/>\n<meta name=\"author\" content=\"NBCS Noticias\" \/>\n<meta name=\"twitter:card\" content=\"summary_large_image\" \/>\n<meta name=\"twitter:creator\" content=\"@https:\/\/twitter.com\/NBCSnoticias\" \/>\n<meta name=\"twitter:site\" content=\"@NBCSnoticias\" \/>\n<meta name=\"twitter:label1\" content=\"Escrito por\" \/>\n\t<meta name=\"twitter:data1\" content=\"NBCS Noticias\" \/>\n\t<meta name=\"twitter:label2\" content=\"Tiempo de lectura\" \/>\n\t<meta name=\"twitter:data2\" content=\"2 minutos\" \/>\n<script type=\"application\/ld+json\" class=\"yoast-schema-graph\">{\"@context\":\"https:\\\/\\\/schema.org\",\"@graph\":[{\"@type\":\"Article\",\"@id\":\"https:\\\/\\\/nbcs.mx\\\/?p=161452#article\",\"isPartOf\":{\"@id\":\"https:\\\/\\\/nbcs.mx\\\/?p=161452\"},\"author\":{\"name\":\"NBCS Noticias\",\"@id\":\"https:\\\/\\\/nbcs.mx\\\/#\\\/schema\\\/person\\\/ece58bab9a7c1e87a4d28ec9ecd79ff4\"},\"headline\":\"Presentan Expociencias Sudcaliforniana 2026 para impulsar vocaciones cient\u00edficas en la ni\u00f1ez y juventud loretana\",\"datePublished\":\"2026-02-19T20:18:57+00:00\",\"mainEntityOfPage\":{\"@id\":\"https:\\\/\\\/nbcs.mx\\\/?p=161452\"},\"wordCount\":297,\"commentCount\":0,\"publisher\":{\"@id\":\"https:\\\/\\\/nbcs.mx\\\/#organization\"},\"image\":{\"@id\":\"https:\\\/\\\/nbcs.mx\\\/?p=161452#primaryimage\"},\"thumbnailUrl\":\"https:\\\/\\\/nbcs.mx\\\/wp-content\\\/uploads\\\/2026\\\/02\\\/EXPOCIENCIAS.jpeg\",\"articleSection\":[\"Municipios\"],\"inLanguage\":\"es\",\"potentialAction\":[{\"@type\":\"CommentAction\",\"name\":\"Comment\",\"target\":[\"https:\\\/\\\/nbcs.mx\\\/?p=161452#respond\"]}]},{\"@type\":\"WebPage\",\"@id\":\"https:\\\/\\\/nbcs.mx\\\/?p=161452\",\"url\":\"https:\\\/\\\/nbcs.mx\\\/?p=161452\",\"name\":\"Presentan Expociencias Sudcaliforniana 2026 para impulsar vocaciones cient\u00edficas en la ni\u00f1ez y juventud loretana - NBCS Noticias\",\"isPartOf\":{\"@id\":\"https:\\\/\\\/nbcs.mx\\\/#website\"},\"primaryImageOfPage\":{\"@id\":\"https:\\\/\\\/nbcs.mx\\\/?p=161452#primaryimage\"},\"image\":{\"@id\":\"https:\\\/\\\/nbcs.mx\\\/?p=161452#primaryimage\"},\"thumbnailUrl\":\"https:\\\/\\\/nbcs.mx\\\/wp-content\\\/uploads\\\/2026\\\/02\\\/EXPOCIENCIAS.jpeg\",\"datePublished\":\"2026-02-19T20:18:57+00:00\",\"breadcrumb\":{\"@id\":\"https:\\\/\\\/nbcs.mx\\\/?p=161452#breadcrumb\"},\"inLanguage\":\"es\",\"potentialAction\":[{\"@type\":\"ReadAction\",\"target\":[\"https:\\\/\\\/nbcs.mx\\\/?p=161452\"]}]},{\"@type\":\"ImageObject\",\"inLanguage\":\"es\",\"@id\":\"https:\\\/\\\/nbcs.mx\\\/?p=161452#primaryimage\",\"url\":\"https:\\\/\\\/nbcs.mx\\\/wp-content\\\/uploads\\\/2026\\\/02\\\/EXPOCIENCIAS.jpeg\",\"contentUrl\":\"https:\\\/\\\/nbcs.mx\\\/wp-content\\\/uploads\\\/2026\\\/02\\\/EXPOCIENCIAS.jpeg\",\"width\":1311,\"height\":749},{\"@type\":\"BreadcrumbList\",\"@id\":\"https:\\\/\\\/nbcs.mx\\\/?p=161452#breadcrumb\",\"itemListElement\":[{\"@type\":\"ListItem\",\"position\":1,\"name\":\"Portada\",\"item\":\"https:\\\/\\\/nbcs.mx\\\/\"},{\"@type\":\"ListItem\",\"position\":2,\"name\":\"Presentan Expociencias Sudcaliforniana 2026 para impulsar vocaciones cient\u00edficas en la ni\u00f1ez y juventud loretana\"}]},{\"@type\":\"WebSite\",\"@id\":\"https:\\\/\\\/nbcs.mx\\\/#website\",\"url\":\"https:\\\/\\\/nbcs.mx\\\/\",\"name\":\"NBCS Noticias\",\"description\":\"Sitio web de noticias en Baja California Sur\",\"publisher\":{\"@id\":\"https:\\\/\\\/nbcs.mx\\\/#organization\"},\"potentialAction\":[{\"@type\":\"SearchAction\",\"target\":{\"@type\":\"EntryPoint\",\"urlTemplate\":\"https:\\\/\\\/nbcs.mx\\\/?s={search_term_string}\"},\"query-input\":{\"@type\":\"PropertyValueSpecification\",\"valueRequired\":true,\"valueName\":\"search_term_string\"}}],\"inLanguage\":\"es\"},{\"@type\":\"Organization\",\"@id\":\"https:\\\/\\\/nbcs.mx\\\/#organization\",\"name\":\"NBCS Noticias\",\"url\":\"https:\\\/\\\/nbcs.mx\\\/\",\"logo\":{\"@type\":\"ImageObject\",\"inLanguage\":\"es\",\"@id\":\"https:\\\/\\\/nbcs.mx\\\/#\\\/schema\\\/logo\\\/image\\\/\",\"url\":\"https:\\\/\\\/nbcs.mx\\\/wp-content\\\/uploads\\\/2018\\\/09\\\/057b69485e93575a5c2b1c1dde2dd297.jpeg\",\"contentUrl\":\"https:\\\/\\\/nbcs.mx\\\/wp-content\\\/uploads\\\/2018\\\/09\\\/057b69485e93575a5c2b1c1dde2dd297.jpeg\",\"width\":64,\"height\":64,\"caption\":\"NBCS Noticias\"},\"image\":{\"@id\":\"https:\\\/\\\/nbcs.mx\\\/#\\\/schema\\\/logo\\\/image\\\/\"},\"sameAs\":[\"https:\\\/\\\/www.facebook.com\\\/NBCSnoticias\",\"https:\\\/\\\/x.com\\\/NBCSnoticias\"]},{\"@type\":\"Person\",\"@id\":\"https:\\\/\\\/nbcs.mx\\\/#\\\/schema\\\/person\\\/ece58bab9a7c1e87a4d28ec9ecd79ff4\",\"name\":\"NBCS Noticias\",\"image\":{\"@type\":\"ImageObject\",\"inLanguage\":\"es\",\"@id\":\"https:\\\/\\\/secure.gravatar.com\\\/avatar\\\/4e52110cad1c4054b43271a0d14bbe9e2ea76aecd0e1097edfc670798d9ca1d4?s=96&d=blank&r=g\",\"url\":\"https:\\\/\\\/secure.gravatar.com\\\/avatar\\\/4e52110cad1c4054b43271a0d14bbe9e2ea76aecd0e1097edfc670798d9ca1d4?s=96&d=blank&r=g\",\"contentUrl\":\"https:\\\/\\\/secure.gravatar.com\\\/avatar\\\/4e52110cad1c4054b43271a0d14bbe9e2ea76aecd0e1097edfc670798d9ca1d4?s=96&d=blank&r=g\",\"caption\":\"NBCS Noticias\"},\"description\":\"\u00bfTienes fotos o video de alg\u00fan acto de posible negligencia, corrupci\u00f3n y abuso de autoridad? M\u00e1ndalo al WhatsApp de NBCS Noticias: 612 141 98 08\",\"sameAs\":[\"https:\\\/\\\/www.nbcs.mx\",\"https:\\\/\\\/www.facebook.com\\\/NBCSnoticias\",\"https:\\\/\\\/www.instagram.com\\\/nbcsnoticias\\\/\",\"https:\\\/\\\/x.com\\\/https:\\\/\\\/twitter.com\\\/NBCSnoticias\"]}]}<\/script>\n<!-- \/ Yoast SEO plugin. -->","yoast_head_json":{"title":"Presentan Expociencias Sudcaliforniana 2026 para impulsar vocaciones cient\u00edficas en la ni\u00f1ez y juventud loretana - NBCS Noticias","robots":{"index":"index","follow":"follow","max-snippet":"max-snippet:-1","max-image-preview":"max-image-preview:large","max-video-preview":"max-video-preview:-1"},"canonical":"https:\/\/nbcs.mx\/?p=161452","og_locale":"es_ES","og_type":"article","og_title":"Presentan Expociencias Sudcaliforniana 2026 para impulsar vocaciones cient\u00edficas en la ni\u00f1ez y juventud loretana - NBCS Noticias","og_description":"Durante una reuni\u00f3n de trabajo encabezada por la alcaldesa Paz del Alma Ochoa Amador, este mi\u00e9rcoles se realiz\u00f3 en Loreto","og_url":"https:\/\/nbcs.mx\/?p=161452","og_site_name":"NBCS Noticias","article_publisher":"https:\/\/www.facebook.com\/NBCSnoticias","article_author":"https:\/\/www.facebook.com\/NBCSnoticias","article_published_time":"2026-02-19T20:18:57+00:00","og_image":[{"width":1311,"height":749,"url":"https:\/\/nbcs.mx\/wp-content\/uploads\/2026\/02\/EXPOCIENCIAS.jpeg","type":"image\/jpeg"}],"author":"NBCS Noticias","twitter_card":"summary_large_image","twitter_creator":"@https:\/\/twitter.com\/NBCSnoticias","twitter_site":"@NBCSnoticias","twitter_misc":{"Escrito por":"NBCS Noticias","Tiempo de lectura":"2 minutos"},"schema":{"@context":"https:\/\/schema.org","@graph":[{"@type":"Article","@id":"https:\/\/nbcs.mx\/?p=161452#article","isPartOf":{"@id":"https:\/\/nbcs.mx\/?p=161452"},"author":{"name":"NBCS Noticias","@id":"https:\/\/nbcs.mx\/#\/schema\/person\/ece58bab9a7c1e87a4d28ec9ecd79ff4"},"headline":"Presentan Expociencias Sudcaliforniana 2026 para impulsar vocaciones cient\u00edficas en la ni\u00f1ez y juventud loretana","datePublished":"2026-02-19T20:18:57+00:00","mainEntityOfPage":{"@id":"https:\/\/nbcs.mx\/?p=161452"},"wordCount":297,"commentCount":0,"publisher":{"@id":"https:\/\/nbcs.mx\/#organization"},"image":{"@id":"https:\/\/nbcs.mx\/?p=161452#primaryimage"},"thumbnailUrl":"https:\/\/nbcs.mx\/wp-content\/uploads\/2026\/02\/EXPOCIENCIAS.jpeg","articleSection":["Municipios"],"inLanguage":"es","potentialAction":[{"@type":"CommentAction","name":"Comment","target":["https:\/\/nbcs.mx\/?p=161452#respond"]}]},{"@type":"WebPage","@id":"https:\/\/nbcs.mx\/?p=161452","url":"https:\/\/nbcs.mx\/?p=161452","name":"Presentan Expociencias Sudcaliforniana 2026 para impulsar vocaciones cient\u00edficas en la ni\u00f1ez y juventud loretana - NBCS Noticias","isPartOf":{"@id":"https:\/\/nbcs.mx\/#website"},"primaryImageOfPage":{"@id":"https:\/\/nbcs.mx\/?p=161452#primaryimage"},"image":{"@id":"https:\/\/nbcs.mx\/?p=161452#primaryimage"},"thumbnailUrl":"https:\/\/nbcs.mx\/wp-content\/uploads\/2026\/02\/EXPOCIENCIAS.jpeg","datePublished":"2026-02-19T20:18:57+00:00","breadcrumb":{"@id":"https:\/\/nbcs.mx\/?p=161452#breadcrumb"},"inLanguage":"es","potentialAction":[{"@type":"ReadAction","target":["https:\/\/nbcs.mx\/?p=161452"]}]},{"@type":"ImageObject","inLanguage":"es","@id":"https:\/\/nbcs.mx\/?p=161452#primaryimage","url":"https:\/\/nbcs.mx\/wp-content\/uploads\/2026\/02\/EXPOCIENCIAS.jpeg","contentUrl":"https:\/\/nbcs.mx\/wp-content\/uploads\/2026\/02\/EXPOCIENCIAS.jpeg","width":1311,"height":749},{"@type":"BreadcrumbList","@id":"https:\/\/nbcs.mx\/?p=161452#breadcrumb","itemListElement":[{"@type":"ListItem","position":1,"name":"Portada","item":"https:\/\/nbcs.mx\/"},{"@type":"ListItem","position":2,"name":"Presentan Expociencias Sudcaliforniana 2026 para impulsar vocaciones cient\u00edficas en la ni\u00f1ez y juventud loretana"}]},{"@type":"WebSite","@id":"https:\/\/nbcs.mx\/#website","url":"https:\/\/nbcs.mx\/","name":"NBCS Noticias","description":"Sitio web de noticias en Baja California Sur","publisher":{"@id":"https:\/\/nbcs.mx\/#organization"},"potentialAction":[{"@type":"SearchAction","target":{"@type":"EntryPoint","urlTemplate":"https:\/\/nbcs.mx\/?s={search_term_string}"},"query-input":{"@type":"PropertyValueSpecification","valueRequired":true,"valueName":"search_term_string"}}],"inLanguage":"es"},{"@type":"Organization","@id":"https:\/\/nbcs.mx\/#organization","name":"NBCS Noticias","url":"https:\/\/nbcs.mx\/","logo":{"@type":"ImageObject","inLanguage":"es","@id":"https:\/\/nbcs.mx\/#\/schema\/logo\/image\/","url":"https:\/\/nbcs.mx\/wp-content\/uploads\/2018\/09\/057b69485e93575a5c2b1c1dde2dd297.jpeg","contentUrl":"https:\/\/nbcs.mx\/wp-content\/uploads\/2018\/09\/057b69485e93575a5c2b1c1dde2dd297.jpeg","width":64,"height":64,"caption":"NBCS Noticias"},"image":{"@id":"https:\/\/nbcs.mx\/#\/schema\/logo\/image\/"},"sameAs":["https:\/\/www.facebook.com\/NBCSnoticias","https:\/\/x.com\/NBCSnoticias"]},{"@type":"Person","@id":"https:\/\/nbcs.mx\/#\/schema\/person\/ece58bab9a7c1e87a4d28ec9ecd79ff4","name":"NBCS Noticias","image":{"@type":"ImageObject","inLanguage":"es","@id":"https:\/\/secure.gravatar.com\/avatar\/4e52110cad1c4054b43271a0d14bbe9e2ea76aecd0e1097edfc670798d9ca1d4?s=96&d=blank&r=g","url":"https:\/\/secure.gravatar.com\/avatar\/4e52110cad1c4054b43271a0d14bbe9e2ea76aecd0e1097edfc670798d9ca1d4?s=96&d=blank&r=g","contentUrl":"https:\/\/secure.gravatar.com\/avatar\/4e52110cad1c4054b43271a0d14bbe9e2ea76aecd0e1097edfc670798d9ca1d4?s=96&d=blank&r=g","caption":"NBCS Noticias"},"description":"\u00bfTienes fotos o video de alg\u00fan acto de posible negligencia, corrupci\u00f3n y abuso de autoridad? M\u00e1ndalo al WhatsApp de NBCS Noticias: 612 141 98 08","sameAs":["https:\/\/www.nbcs.mx","https:\/\/www.facebook.com\/NBCSnoticias","https:\/\/www.instagram.com\/nbcsnoticias\/","https:\/\/x.com\/https:\/\/twitter.com\/NBCSnoticias"]}]}},"jetpack_publicize_connections":[],"jetpack_sharing_enabled":true,"jetpack_featured_media_url":"https:\/\/nbcs.mx\/wp-content\/uploads\/2026\/02\/EXPOCIENCIAS.jpeg","_links":{"self":[{"href":"https:\/\/nbcs.mx\/index.php?rest_route=\/wp\/v2\/posts\/161452","targetHints":{"allow":["GET"]}}],"collection":[{"href":"https:\/\/nbcs.mx\/index.php?rest_route=\/wp\/v2\/posts"}],"about":[{"href":"https:\/\/nbcs.mx\/index.php?rest_route=\/wp\/v2\/types\/post"}],"author":[{"embeddable":true,"href":"https:\/\/nbcs.mx\/index.php?rest_route=\/wp\/v2\/users\/1"}],"replies":[{"embeddable":true,"href":"https:\/\/nbcs.mx\/index.php?rest_route=%2Fwp%2Fv2%2Fcomments&post=161452"}],"version-history":[{"count":1,"href":"https:\/\/nbcs.mx\/index.php?rest_route=\/wp\/v2\/posts\/161452\/revisions"}],"predecessor-version":[{"id":161454,"href":"https:\/\/nbcs.mx\/index.php?rest_route=\/wp\/v2\/posts\/161452\/revisions\/161454"}],"wp:featuredmedia":[{"embeddable":true,"href":"https:\/\/nbcs.mx\/index.php?rest_route=\/wp\/v2\/media\/161453"}],"wp:attachment":[{"href":"https:\/\/nbcs.mx\/index.php?rest_route=%2Fwp%2Fv2%2Fmedia&parent=161452"}],"wp:term":[{"taxonomy":"category","embeddable":true,"href":"https:\/\/nbcs.mx\/index.php?rest_route=%2Fwp%2Fv2%2Fcategories&post=161452"},{"taxonomy":"post_tag","embeddable":true,"href":"https:\/\/nbcs.mx\/index.php?rest_route=%2Fwp%2Fv2%2Ftags&post=161452"}],"curies":[{"name":"wp","href":"https:\/\/api.w.org\/{rel}","templated":true}]}}