{"id":161591,"date":"2026-02-23T14:15:59","date_gmt":"2026-02-23T21:15:59","guid":{"rendered":"https:\/\/nbcs.mx\/?p=161591"},"modified":"2026-02-23T14:15:59","modified_gmt":"2026-02-23T21:15:59","slug":"nombran-jefe-del-departamento-academico-de-ciencias-de-la-salud-en-la-uabcs","status":"publish","type":"post","link":"https:\/\/nbcs.mx\/?p=161591","title":{"rendered":"Nombran jefe del Departamento Acad\u00e9mico de Ciencias de la Salud en la UABCS"},"content":{"rendered":"<p style=\"font-weight: 400; text-align: justify;\"><img loading=\"lazy\" decoding=\"async\" class=\" wp-image-161592 alignleft\" src=\"https:\/\/nbcs.mx\/wp-content\/uploads\/2026\/02\/23-02-26-Nombramiento-Ciencias-de-la-Salud-753x492.jpeg\" alt=\"\" width=\"393\" height=\"257\" srcset=\"https:\/\/nbcs.mx\/wp-content\/uploads\/2026\/02\/23-02-26-Nombramiento-Ciencias-de-la-Salud-753x492.jpeg 753w, https:\/\/nbcs.mx\/wp-content\/uploads\/2026\/02\/23-02-26-Nombramiento-Ciencias-de-la-Salud-1024x669.jpeg 1024w, https:\/\/nbcs.mx\/wp-content\/uploads\/2026\/02\/23-02-26-Nombramiento-Ciencias-de-la-Salud-150x98.jpeg 150w, https:\/\/nbcs.mx\/wp-content\/uploads\/2026\/02\/23-02-26-Nombramiento-Ciencias-de-la-Salud-768x502.jpeg 768w, https:\/\/nbcs.mx\/wp-content\/uploads\/2026\/02\/23-02-26-Nombramiento-Ciencias-de-la-Salud.jpeg 1271w\" sizes=\"auto, (max-width: 393px) 100vw, 393px\" \/>En el marco del fortalecimiento institucional que vive la Universidad Aut\u00f3noma de Baja California Sur (UABCS), el rector, Dr. Dante Salgado Gonz\u00e1lez, hizo entrega del nombramiento al Dr. Jaime Ovalle Seraf\u00edn como Jefe Interino del Departamento Acad\u00e9mico de Ciencias de la Salud, un \u00e1rea estrat\u00e9gica en esta etapa de crecimiento.<\/p>\n<p style=\"font-weight: 400; text-align: justify;\">Hasta hace apenas dos a\u00f1os, la UABCS era la \u00fanica universidad p\u00fablica estatal del pa\u00eds que no contaba con programas educativos en el \u00e1mbito de las ciencias de la salud. Hoy, la instituci\u00f3n ofrece ya las licenciaturas en Trabajo Social, Psicolog\u00eda y Enfermer\u00eda, y trabaja de manera decidida en la apertura de nuevas carreras, entre ellas el proyecto de Medicina, que se encuentra en fase de planeaci\u00f3n y gesti\u00f3n, contemplado para desarrollarse, en un primer momento, en el Municipio de Los Cabos.<\/p>\n<p style=\"font-weight: 400; text-align: justify;\">De manera paralela, a finales del a\u00f1o pasado inici\u00f3 en el Campus La Paz la construcci\u00f3n del complejo que albergar\u00e1 estas carreras, infraestructura que en su primera etapa contempla aulas, y que posteriormente integrar\u00e1 laboratorios y espacios especializados acordes a las necesidades de formaci\u00f3n en el \u00e1rea de la salud.<\/p>\n<p style=\"font-weight: 400; text-align: justify;\">Al emitir un mensaje sobre este nuevo nombramiento, el rector reconoci\u00f3 el respaldo que el Departamento Acad\u00e9mico de Humanidades brind\u00f3 en la etapa inicial, al albergar temporalmente estos programas educativos.<\/p>\n<p style=\"font-weight: 400; text-align: justify;\">\u201cMi reconocimiento al Departamento y a las responsables de Psicolog\u00eda, Trabajo Social y Enfermer\u00eda por el acompa\u00f1amiento y compromiso mostrados en este proceso. Viene mucho trabajo para un \u00e1rea que era necesaria no s\u00f3lo para la Universidad, sino para Baja California Sur y para M\u00e9xico\u201d, expres\u00f3 el rector al subrayar la relevancia de este momento.<\/p>\n<p style=\"font-weight: 400; text-align: justify;\">Al referirse al perfil del nuevo Jefe Interino, el rector destac\u00f3 la trayectoria y experiencia institucional del Dr. Jaime Ovalle Seraf\u00edn, quien hasta este momento se desempe\u00f1aba como jefe del Departamento de Servicios M\u00e9dicos de la Universidad.<\/p>\n<p style=\"font-weight: 400; text-align: justify;\">Se\u00f1al\u00f3 que cuenta con una trayectoria impecable, un perfil profesional y humano id\u00f3neo para encabezar esta nueva etapa, y amplio conocimiento de la instituci\u00f3n, siendo un universitario que quiere a la UABCS y que la ha visto desarrollarse y transformarse en los \u00faltimos a\u00f1os.<\/p>\n<p style=\"font-weight: 400; text-align: justify;\">En tanto, el Dr. Jaime Ovalle Seraf\u00edn estableci\u00f3 el compromiso de trabajar incansablemente para consolidar programas educativos alineados al modelo educativo de la UABCS y a sus ejes estrat\u00e9gicos, con un fuerte sentido humanista y \u00e9tico.<\/p>\n<p style=\"font-weight: 400; text-align: justify;\">Refiri\u00f3 que dichos programas estar\u00e1n profundamente ligados a la responsabilidad social universitaria, pero tambi\u00e9n sustentados en un alto esp\u00edritu de servicio, aprendido en las aulas de la Universidad.<\/p>\n<p style=\"font-weight: 400; text-align: justify;\">\u201cQueremos formar profesionales capaces de ejercer con empat\u00eda, con compromiso hacia el bienestar de las personas y de la sociedad en general, promoviendo el desarrollo humano sostenible, la justicia social, el respeto a los derechos humanos y el cuidado del medio ambiente\u201d, a\u00f1adi\u00f3.<\/p>\n<p style=\"font-weight: 400; text-align: justify;\">Dijo que el reto no s\u00f3lo ser\u00e1 atender el da\u00f1o en materia de salud, sino promover activamente el cuidado y la prevenci\u00f3n, como parte esencial del bienestar integral del ser humano, lo cual se har\u00e1 mediante un proyecto que incluir\u00e1 la mejora continua, la capacitaci\u00f3n docente permanente y el fortalecimiento acad\u00e9mico para posicionar a las carreras del \u00e1rea de la salud de la UABCS como un referente nacional.<\/p>\n","protected":false},"excerpt":{"rendered":"<p>En el marco del fortalecimiento institucional que vive la Universidad Aut\u00f3noma de Baja California Sur (UABCS), el rector, Dr. Dante<\/p>\n","protected":false},"author":1,"featured_media":161592,"comment_status":"open","ping_status":"closed","sticky":false,"template":"","format":"standard","meta":{"colormag_page_container_layout":"default_layout","colormag_page_sidebar_layout":"default_layout","_jetpack_memberships_contains_paid_content":false,"footnotes":"","jetpack_publicize_message":"","jetpack_publicize_feature_enabled":true,"jetpack_social_post_already_shared":true,"jetpack_social_options":{"image_generator_settings":{"template":"highway","default_image_id":0,"font":"","enabled":false},"version":2}},"categories":[1],"tags":[],"class_list":["post-161591","post","type-post","status-publish","format-standard","has-post-thumbnail","hentry","category-noticias"],"yoast_head":"<!-- This site is optimized with the Yoast SEO plugin v27.4 - https:\/\/yoast.com\/product\/yoast-seo-wordpress\/ -->\n<title>Nombran jefe del Departamento Acad\u00e9mico de Ciencias de la Salud en la UABCS - NBCS Noticias<\/title>\n<meta name=\"robots\" content=\"index, follow, max-snippet:-1, max-image-preview:large, max-video-preview:-1\" \/>\n<link rel=\"canonical\" href=\"https:\/\/nbcs.mx\/?p=161591\" \/>\n<meta property=\"og:locale\" content=\"es_ES\" \/>\n<meta property=\"og:type\" content=\"article\" \/>\n<meta property=\"og:title\" content=\"Nombran jefe del Departamento Acad\u00e9mico de Ciencias de la Salud en la UABCS - NBCS Noticias\" \/>\n<meta property=\"og:description\" content=\"En el marco del fortalecimiento institucional que vive la Universidad Aut\u00f3noma de Baja California Sur (UABCS), el rector, Dr. Dante\" \/>\n<meta property=\"og:url\" content=\"https:\/\/nbcs.mx\/?p=161591\" \/>\n<meta property=\"og:site_name\" content=\"NBCS Noticias\" \/>\n<meta property=\"article:publisher\" content=\"https:\/\/www.facebook.com\/NBCSnoticias\" \/>\n<meta property=\"article:author\" content=\"https:\/\/www.facebook.com\/NBCSnoticias\" \/>\n<meta property=\"article:published_time\" content=\"2026-02-23T21:15:59+00:00\" \/>\n<meta property=\"og:image\" content=\"https:\/\/nbcs.mx\/wp-content\/uploads\/2026\/02\/23-02-26-Nombramiento-Ciencias-de-la-Salud.jpeg\" \/>\n\t<meta property=\"og:image:width\" content=\"1271\" \/>\n\t<meta property=\"og:image:height\" content=\"830\" \/>\n\t<meta property=\"og:image:type\" content=\"image\/jpeg\" \/>\n<meta name=\"author\" content=\"NBCS Noticias\" \/>\n<meta name=\"twitter:card\" content=\"summary_large_image\" \/>\n<meta name=\"twitter:creator\" content=\"@https:\/\/twitter.com\/NBCSnoticias\" \/>\n<meta name=\"twitter:site\" content=\"@NBCSnoticias\" \/>\n<meta name=\"twitter:label1\" content=\"Escrito por\" \/>\n\t<meta name=\"twitter:data1\" content=\"NBCS Noticias\" \/>\n\t<meta name=\"twitter:label2\" content=\"Tiempo de lectura\" \/>\n\t<meta name=\"twitter:data2\" content=\"3 minutos\" \/>\n<script type=\"application\/ld+json\" class=\"yoast-schema-graph\">{\"@context\":\"https:\\\/\\\/schema.org\",\"@graph\":[{\"@type\":\"Article\",\"@id\":\"https:\\\/\\\/nbcs.mx\\\/?p=161591#article\",\"isPartOf\":{\"@id\":\"https:\\\/\\\/nbcs.mx\\\/?p=161591\"},\"author\":{\"name\":\"NBCS Noticias\",\"@id\":\"https:\\\/\\\/nbcs.mx\\\/#\\\/schema\\\/person\\\/ece58bab9a7c1e87a4d28ec9ecd79ff4\"},\"headline\":\"Nombran jefe del Departamento Acad\u00e9mico de Ciencias de la Salud en la UABCS\",\"datePublished\":\"2026-02-23T21:15:59+00:00\",\"mainEntityOfPage\":{\"@id\":\"https:\\\/\\\/nbcs.mx\\\/?p=161591\"},\"wordCount\":578,\"commentCount\":0,\"publisher\":{\"@id\":\"https:\\\/\\\/nbcs.mx\\\/#organization\"},\"image\":{\"@id\":\"https:\\\/\\\/nbcs.mx\\\/?p=161591#primaryimage\"},\"thumbnailUrl\":\"https:\\\/\\\/nbcs.mx\\\/wp-content\\\/uploads\\\/2026\\\/02\\\/23-02-26-Nombramiento-Ciencias-de-la-Salud.jpeg\",\"articleSection\":[\"Noticias\"],\"inLanguage\":\"es\",\"potentialAction\":[{\"@type\":\"CommentAction\",\"name\":\"Comment\",\"target\":[\"https:\\\/\\\/nbcs.mx\\\/?p=161591#respond\"]}]},{\"@type\":\"WebPage\",\"@id\":\"https:\\\/\\\/nbcs.mx\\\/?p=161591\",\"url\":\"https:\\\/\\\/nbcs.mx\\\/?p=161591\",\"name\":\"Nombran jefe del Departamento Acad\u00e9mico de Ciencias de la Salud en la UABCS - NBCS Noticias\",\"isPartOf\":{\"@id\":\"https:\\\/\\\/nbcs.mx\\\/#website\"},\"primaryImageOfPage\":{\"@id\":\"https:\\\/\\\/nbcs.mx\\\/?p=161591#primaryimage\"},\"image\":{\"@id\":\"https:\\\/\\\/nbcs.mx\\\/?p=161591#primaryimage\"},\"thumbnailUrl\":\"https:\\\/\\\/nbcs.mx\\\/wp-content\\\/uploads\\\/2026\\\/02\\\/23-02-26-Nombramiento-Ciencias-de-la-Salud.jpeg\",\"datePublished\":\"2026-02-23T21:15:59+00:00\",\"breadcrumb\":{\"@id\":\"https:\\\/\\\/nbcs.mx\\\/?p=161591#breadcrumb\"},\"inLanguage\":\"es\",\"potentialAction\":[{\"@type\":\"ReadAction\",\"target\":[\"https:\\\/\\\/nbcs.mx\\\/?p=161591\"]}]},{\"@type\":\"ImageObject\",\"inLanguage\":\"es\",\"@id\":\"https:\\\/\\\/nbcs.mx\\\/?p=161591#primaryimage\",\"url\":\"https:\\\/\\\/nbcs.mx\\\/wp-content\\\/uploads\\\/2026\\\/02\\\/23-02-26-Nombramiento-Ciencias-de-la-Salud.jpeg\",\"contentUrl\":\"https:\\\/\\\/nbcs.mx\\\/wp-content\\\/uploads\\\/2026\\\/02\\\/23-02-26-Nombramiento-Ciencias-de-la-Salud.jpeg\",\"width\":1271,\"height\":830},{\"@type\":\"BreadcrumbList\",\"@id\":\"https:\\\/\\\/nbcs.mx\\\/?p=161591#breadcrumb\",\"itemListElement\":[{\"@type\":\"ListItem\",\"position\":1,\"name\":\"Portada\",\"item\":\"https:\\\/\\\/nbcs.mx\\\/\"},{\"@type\":\"ListItem\",\"position\":2,\"name\":\"Nombran jefe del Departamento Acad\u00e9mico de Ciencias de la Salud en la UABCS\"}]},{\"@type\":\"WebSite\",\"@id\":\"https:\\\/\\\/nbcs.mx\\\/#website\",\"url\":\"https:\\\/\\\/nbcs.mx\\\/\",\"name\":\"NBCS Noticias\",\"description\":\"Sitio web de noticias en Baja California Sur\",\"publisher\":{\"@id\":\"https:\\\/\\\/nbcs.mx\\\/#organization\"},\"potentialAction\":[{\"@type\":\"SearchAction\",\"target\":{\"@type\":\"EntryPoint\",\"urlTemplate\":\"https:\\\/\\\/nbcs.mx\\\/?s={search_term_string}\"},\"query-input\":{\"@type\":\"PropertyValueSpecification\",\"valueRequired\":true,\"valueName\":\"search_term_string\"}}],\"inLanguage\":\"es\"},{\"@type\":\"Organization\",\"@id\":\"https:\\\/\\\/nbcs.mx\\\/#organization\",\"name\":\"NBCS Noticias\",\"url\":\"https:\\\/\\\/nbcs.mx\\\/\",\"logo\":{\"@type\":\"ImageObject\",\"inLanguage\":\"es\",\"@id\":\"https:\\\/\\\/nbcs.mx\\\/#\\\/schema\\\/logo\\\/image\\\/\",\"url\":\"https:\\\/\\\/nbcs.mx\\\/wp-content\\\/uploads\\\/2018\\\/09\\\/057b69485e93575a5c2b1c1dde2dd297.jpeg\",\"contentUrl\":\"https:\\\/\\\/nbcs.mx\\\/wp-content\\\/uploads\\\/2018\\\/09\\\/057b69485e93575a5c2b1c1dde2dd297.jpeg\",\"width\":64,\"height\":64,\"caption\":\"NBCS Noticias\"},\"image\":{\"@id\":\"https:\\\/\\\/nbcs.mx\\\/#\\\/schema\\\/logo\\\/image\\\/\"},\"sameAs\":[\"https:\\\/\\\/www.facebook.com\\\/NBCSnoticias\",\"https:\\\/\\\/x.com\\\/NBCSnoticias\"]},{\"@type\":\"Person\",\"@id\":\"https:\\\/\\\/nbcs.mx\\\/#\\\/schema\\\/person\\\/ece58bab9a7c1e87a4d28ec9ecd79ff4\",\"name\":\"NBCS Noticias\",\"image\":{\"@type\":\"ImageObject\",\"inLanguage\":\"es\",\"@id\":\"https:\\\/\\\/secure.gravatar.com\\\/avatar\\\/4e52110cad1c4054b43271a0d14bbe9e2ea76aecd0e1097edfc670798d9ca1d4?s=96&d=blank&r=g\",\"url\":\"https:\\\/\\\/secure.gravatar.com\\\/avatar\\\/4e52110cad1c4054b43271a0d14bbe9e2ea76aecd0e1097edfc670798d9ca1d4?s=96&d=blank&r=g\",\"contentUrl\":\"https:\\\/\\\/secure.gravatar.com\\\/avatar\\\/4e52110cad1c4054b43271a0d14bbe9e2ea76aecd0e1097edfc670798d9ca1d4?s=96&d=blank&r=g\",\"caption\":\"NBCS Noticias\"},\"description\":\"\u00bfTienes fotos o video de alg\u00fan acto de posible negligencia, corrupci\u00f3n y abuso de autoridad? M\u00e1ndalo al WhatsApp de NBCS Noticias: 612 141 98 08\",\"sameAs\":[\"https:\\\/\\\/www.nbcs.mx\",\"https:\\\/\\\/www.facebook.com\\\/NBCSnoticias\",\"https:\\\/\\\/www.instagram.com\\\/nbcsnoticias\\\/\",\"https:\\\/\\\/x.com\\\/https:\\\/\\\/twitter.com\\\/NBCSnoticias\"]}]}<\/script>\n<!-- \/ Yoast SEO plugin. -->","yoast_head_json":{"title":"Nombran jefe del Departamento Acad\u00e9mico de Ciencias de la Salud en la UABCS - NBCS Noticias","robots":{"index":"index","follow":"follow","max-snippet":"max-snippet:-1","max-image-preview":"max-image-preview:large","max-video-preview":"max-video-preview:-1"},"canonical":"https:\/\/nbcs.mx\/?p=161591","og_locale":"es_ES","og_type":"article","og_title":"Nombran jefe del Departamento Acad\u00e9mico de Ciencias de la Salud en la UABCS - NBCS Noticias","og_description":"En el marco del fortalecimiento institucional que vive la Universidad Aut\u00f3noma de Baja California Sur (UABCS), el rector, Dr. Dante","og_url":"https:\/\/nbcs.mx\/?p=161591","og_site_name":"NBCS Noticias","article_publisher":"https:\/\/www.facebook.com\/NBCSnoticias","article_author":"https:\/\/www.facebook.com\/NBCSnoticias","article_published_time":"2026-02-23T21:15:59+00:00","og_image":[{"width":1271,"height":830,"url":"https:\/\/nbcs.mx\/wp-content\/uploads\/2026\/02\/23-02-26-Nombramiento-Ciencias-de-la-Salud.jpeg","type":"image\/jpeg"}],"author":"NBCS Noticias","twitter_card":"summary_large_image","twitter_creator":"@https:\/\/twitter.com\/NBCSnoticias","twitter_site":"@NBCSnoticias","twitter_misc":{"Escrito por":"NBCS Noticias","Tiempo de lectura":"3 minutos"},"schema":{"@context":"https:\/\/schema.org","@graph":[{"@type":"Article","@id":"https:\/\/nbcs.mx\/?p=161591#article","isPartOf":{"@id":"https:\/\/nbcs.mx\/?p=161591"},"author":{"name":"NBCS Noticias","@id":"https:\/\/nbcs.mx\/#\/schema\/person\/ece58bab9a7c1e87a4d28ec9ecd79ff4"},"headline":"Nombran jefe del Departamento Acad\u00e9mico de Ciencias de la Salud en la UABCS","datePublished":"2026-02-23T21:15:59+00:00","mainEntityOfPage":{"@id":"https:\/\/nbcs.mx\/?p=161591"},"wordCount":578,"commentCount":0,"publisher":{"@id":"https:\/\/nbcs.mx\/#organization"},"image":{"@id":"https:\/\/nbcs.mx\/?p=161591#primaryimage"},"thumbnailUrl":"https:\/\/nbcs.mx\/wp-content\/uploads\/2026\/02\/23-02-26-Nombramiento-Ciencias-de-la-Salud.jpeg","articleSection":["Noticias"],"inLanguage":"es","potentialAction":[{"@type":"CommentAction","name":"Comment","target":["https:\/\/nbcs.mx\/?p=161591#respond"]}]},{"@type":"WebPage","@id":"https:\/\/nbcs.mx\/?p=161591","url":"https:\/\/nbcs.mx\/?p=161591","name":"Nombran jefe del Departamento Acad\u00e9mico de Ciencias de la Salud en la UABCS - NBCS Noticias","isPartOf":{"@id":"https:\/\/nbcs.mx\/#website"},"primaryImageOfPage":{"@id":"https:\/\/nbcs.mx\/?p=161591#primaryimage"},"image":{"@id":"https:\/\/nbcs.mx\/?p=161591#primaryimage"},"thumbnailUrl":"https:\/\/nbcs.mx\/wp-content\/uploads\/2026\/02\/23-02-26-Nombramiento-Ciencias-de-la-Salud.jpeg","datePublished":"2026-02-23T21:15:59+00:00","breadcrumb":{"@id":"https:\/\/nbcs.mx\/?p=161591#breadcrumb"},"inLanguage":"es","potentialAction":[{"@type":"ReadAction","target":["https:\/\/nbcs.mx\/?p=161591"]}]},{"@type":"ImageObject","inLanguage":"es","@id":"https:\/\/nbcs.mx\/?p=161591#primaryimage","url":"https:\/\/nbcs.mx\/wp-content\/uploads\/2026\/02\/23-02-26-Nombramiento-Ciencias-de-la-Salud.jpeg","contentUrl":"https:\/\/nbcs.mx\/wp-content\/uploads\/2026\/02\/23-02-26-Nombramiento-Ciencias-de-la-Salud.jpeg","width":1271,"height":830},{"@type":"BreadcrumbList","@id":"https:\/\/nbcs.mx\/?p=161591#breadcrumb","itemListElement":[{"@type":"ListItem","position":1,"name":"Portada","item":"https:\/\/nbcs.mx\/"},{"@type":"ListItem","position":2,"name":"Nombran jefe del Departamento Acad\u00e9mico de Ciencias de la Salud en la UABCS"}]},{"@type":"WebSite","@id":"https:\/\/nbcs.mx\/#website","url":"https:\/\/nbcs.mx\/","name":"NBCS Noticias","description":"Sitio web de noticias en Baja California Sur","publisher":{"@id":"https:\/\/nbcs.mx\/#organization"},"potentialAction":[{"@type":"SearchAction","target":{"@type":"EntryPoint","urlTemplate":"https:\/\/nbcs.mx\/?s={search_term_string}"},"query-input":{"@type":"PropertyValueSpecification","valueRequired":true,"valueName":"search_term_string"}}],"inLanguage":"es"},{"@type":"Organization","@id":"https:\/\/nbcs.mx\/#organization","name":"NBCS Noticias","url":"https:\/\/nbcs.mx\/","logo":{"@type":"ImageObject","inLanguage":"es","@id":"https:\/\/nbcs.mx\/#\/schema\/logo\/image\/","url":"https:\/\/nbcs.mx\/wp-content\/uploads\/2018\/09\/057b69485e93575a5c2b1c1dde2dd297.jpeg","contentUrl":"https:\/\/nbcs.mx\/wp-content\/uploads\/2018\/09\/057b69485e93575a5c2b1c1dde2dd297.jpeg","width":64,"height":64,"caption":"NBCS Noticias"},"image":{"@id":"https:\/\/nbcs.mx\/#\/schema\/logo\/image\/"},"sameAs":["https:\/\/www.facebook.com\/NBCSnoticias","https:\/\/x.com\/NBCSnoticias"]},{"@type":"Person","@id":"https:\/\/nbcs.mx\/#\/schema\/person\/ece58bab9a7c1e87a4d28ec9ecd79ff4","name":"NBCS Noticias","image":{"@type":"ImageObject","inLanguage":"es","@id":"https:\/\/secure.gravatar.com\/avatar\/4e52110cad1c4054b43271a0d14bbe9e2ea76aecd0e1097edfc670798d9ca1d4?s=96&d=blank&r=g","url":"https:\/\/secure.gravatar.com\/avatar\/4e52110cad1c4054b43271a0d14bbe9e2ea76aecd0e1097edfc670798d9ca1d4?s=96&d=blank&r=g","contentUrl":"https:\/\/secure.gravatar.com\/avatar\/4e52110cad1c4054b43271a0d14bbe9e2ea76aecd0e1097edfc670798d9ca1d4?s=96&d=blank&r=g","caption":"NBCS Noticias"},"description":"\u00bfTienes fotos o video de alg\u00fan acto de posible negligencia, corrupci\u00f3n y abuso de autoridad? M\u00e1ndalo al WhatsApp de NBCS Noticias: 612 141 98 08","sameAs":["https:\/\/www.nbcs.mx","https:\/\/www.facebook.com\/NBCSnoticias","https:\/\/www.instagram.com\/nbcsnoticias\/","https:\/\/x.com\/https:\/\/twitter.com\/NBCSnoticias"]}]}},"jetpack_publicize_connections":[],"jetpack_featured_media_url":"https:\/\/nbcs.mx\/wp-content\/uploads\/2026\/02\/23-02-26-Nombramiento-Ciencias-de-la-Salud.jpeg","jetpack_sharing_enabled":true,"_links":{"self":[{"href":"https:\/\/nbcs.mx\/index.php?rest_route=\/wp\/v2\/posts\/161591","targetHints":{"allow":["GET"]}}],"collection":[{"href":"https:\/\/nbcs.mx\/index.php?rest_route=\/wp\/v2\/posts"}],"about":[{"href":"https:\/\/nbcs.mx\/index.php?rest_route=\/wp\/v2\/types\/post"}],"author":[{"embeddable":true,"href":"https:\/\/nbcs.mx\/index.php?rest_route=\/wp\/v2\/users\/1"}],"replies":[{"embeddable":true,"href":"https:\/\/nbcs.mx\/index.php?rest_route=%2Fwp%2Fv2%2Fcomments&post=161591"}],"version-history":[{"count":1,"href":"https:\/\/nbcs.mx\/index.php?rest_route=\/wp\/v2\/posts\/161591\/revisions"}],"predecessor-version":[{"id":161593,"href":"https:\/\/nbcs.mx\/index.php?rest_route=\/wp\/v2\/posts\/161591\/revisions\/161593"}],"wp:featuredmedia":[{"embeddable":true,"href":"https:\/\/nbcs.mx\/index.php?rest_route=\/wp\/v2\/media\/161592"}],"wp:attachment":[{"href":"https:\/\/nbcs.mx\/index.php?rest_route=%2Fwp%2Fv2%2Fmedia&parent=161591"}],"wp:term":[{"taxonomy":"category","embeddable":true,"href":"https:\/\/nbcs.mx\/index.php?rest_route=%2Fwp%2Fv2%2Fcategories&post=161591"},{"taxonomy":"post_tag","embeddable":true,"href":"https:\/\/nbcs.mx\/index.php?rest_route=%2Fwp%2Fv2%2Ftags&post=161591"}],"curies":[{"name":"wp","href":"https:\/\/api.w.org\/{rel}","templated":true}]}}