{"id":161813,"date":"2026-02-27T13:37:13","date_gmt":"2026-02-27T20:37:13","guid":{"rendered":"https:\/\/nbcs.mx\/?p=161813"},"modified":"2026-02-27T13:37:13","modified_gmt":"2026-02-27T20:37:13","slug":"llega-el-domingo-a-la-paz-la-letape-mexico-by-tour-de-france-participan-950-ciclistas","status":"publish","type":"post","link":"https:\/\/nbcs.mx\/?p=161813","title":{"rendered":"Llega el domingo a La Paz la L\u2019\u00c9tape M\u00e9xico by Tour de France; participan 950 ciclistas"},"content":{"rendered":"<p style=\"text-align: justify;\"><img loading=\"lazy\" decoding=\"async\" class=\" wp-image-161814 alignleft\" src=\"https:\/\/nbcs.mx\/wp-content\/uploads\/2026\/02\/BOLETIN-SETUE-ETAPA1-1024x683-1-738x492.jpg\" alt=\"\" width=\"435\" height=\"290\" srcset=\"https:\/\/nbcs.mx\/wp-content\/uploads\/2026\/02\/BOLETIN-SETUE-ETAPA1-1024x683-1-738x492.jpg 738w, https:\/\/nbcs.mx\/wp-content\/uploads\/2026\/02\/BOLETIN-SETUE-ETAPA1-1024x683-1-150x100.jpg 150w, https:\/\/nbcs.mx\/wp-content\/uploads\/2026\/02\/BOLETIN-SETUE-ETAPA1-1024x683-1-768x512.jpg 768w, https:\/\/nbcs.mx\/wp-content\/uploads\/2026\/02\/BOLETIN-SETUE-ETAPA1-1024x683-1.jpg 1024w\" sizes=\"auto, (max-width: 435px) 100vw, 435px\" \/>Este domingo 1\u00ba de marzo se llevar\u00e1 a cabo en la capital del estado el evento internacional L\u2019\u00c9tape M\u00e9xico by Tour de France, competencia que consolida a Baja California Sur como un destino destacado para el turismo deportivo, inform\u00f3 la titular de la Secretar\u00eda de Turismo y Econom\u00eda (SETUE), Maribel Collins S\u00e1nchez.<\/p>\n<p style=\"text-align: justify;\">Destac\u00f3 que esta ser\u00e1 la sexta edici\u00f3n del evento, que contar\u00e1 con la participaci\u00f3n de m\u00e1s de 950 ciclistas provenientes de M\u00e9xico, Estados Unidos, Canad\u00e1, Espa\u00f1a, Colombia y Alemania, lo que refleja el reconocimiento internacional que ha alcanzado el destino a trav\u00e9s de este tipo de competencias.<\/p>\n<p style=\"text-align: justify;\">Se estima una asistencia superior a las cinco mil personas, entre competidores, acompa\u00f1antes y visitantes, generando una derrama econ\u00f3mica aproximada de 70 millones de pesos para los sectores hotelero, restaurantero, comercial y de servicios tur\u00edsticos.<\/p>\n<p style=\"text-align: justify;\">Collins S\u00e1nchez, subray\u00f3 que eventos de talla internacional no solo proyectan la imagen de Baja California Sur en mercados estrat\u00e9gicos, sino que tambi\u00e9n fortalecen la econom\u00eda local y fomentan un turismo activo, sostenible y de alto valor.<\/p>\n<p style=\"text-align: justify;\">\u201cSeguimos promoviendo el turismo deportivo como una herramienta para diversificar nuestra oferta y atraer visitantes que buscan experiencias \u00fanicas en escenarios naturales extraordinarios como los que ofrece La Paz\u201d, expres\u00f3.<\/p>\n<p style=\"text-align: justify;\">Finalmente, reiter\u00f3 la invitaci\u00f3n a la ciudadan\u00eda y visitantes a disfrutar del evento, cuya salida oficial ser\u00e1 este domingo a las 06:30 de la ma\u00f1ana desde el kiosco del malec\u00f3n, as\u00ed como a seguir las recomendaciones viales y de seguridad para que esta gran fiesta del ciclismo se desarrolle con orden y \u00e9xito.<\/p>\n","protected":false},"excerpt":{"rendered":"<p>Este domingo 1\u00ba de marzo se llevar\u00e1 a cabo en la capital del estado el evento internacional L\u2019\u00c9tape M\u00e9xico by<\/p>\n","protected":false},"author":1,"featured_media":161814,"comment_status":"open","ping_status":"closed","sticky":false,"template":"","format":"standard","meta":{"colormag_page_container_layout":"default_layout","colormag_page_sidebar_layout":"default_layout","_jetpack_memberships_contains_paid_content":false,"footnotes":"","jetpack_publicize_message":"","jetpack_publicize_feature_enabled":true,"jetpack_social_post_already_shared":true,"jetpack_social_options":{"image_generator_settings":{"template":"highway","default_image_id":0,"font":"","enabled":false},"version":2}},"categories":[23],"tags":[],"class_list":["post-161813","post","type-post","status-publish","format-standard","has-post-thumbnail","hentry","category-deportes"],"yoast_head":"<!-- This site is optimized with the Yoast SEO plugin v27.4 - https:\/\/yoast.com\/product\/yoast-seo-wordpress\/ -->\n<title>Llega el domingo a La Paz la L\u2019\u00c9tape M\u00e9xico by Tour de France; participan 950 ciclistas - NBCS Noticias<\/title>\n<meta name=\"robots\" content=\"index, follow, max-snippet:-1, max-image-preview:large, max-video-preview:-1\" \/>\n<link rel=\"canonical\" href=\"https:\/\/nbcs.mx\/?p=161813\" \/>\n<meta property=\"og:locale\" content=\"es_ES\" \/>\n<meta property=\"og:type\" content=\"article\" \/>\n<meta property=\"og:title\" content=\"Llega el domingo a La Paz la L\u2019\u00c9tape M\u00e9xico by Tour de France; participan 950 ciclistas - NBCS Noticias\" \/>\n<meta property=\"og:description\" content=\"Este domingo 1\u00ba de marzo se llevar\u00e1 a cabo en la capital del estado el evento internacional L\u2019\u00c9tape M\u00e9xico by\" \/>\n<meta property=\"og:url\" content=\"https:\/\/nbcs.mx\/?p=161813\" \/>\n<meta property=\"og:site_name\" content=\"NBCS Noticias\" \/>\n<meta property=\"article:publisher\" content=\"https:\/\/www.facebook.com\/NBCSnoticias\" \/>\n<meta property=\"article:author\" content=\"https:\/\/www.facebook.com\/NBCSnoticias\" \/>\n<meta property=\"article:published_time\" content=\"2026-02-27T20:37:13+00:00\" \/>\n<meta property=\"og:image\" content=\"https:\/\/nbcs.mx\/wp-content\/uploads\/2026\/02\/BOLETIN-SETUE-ETAPA1-1024x683-1.jpg\" \/>\n\t<meta property=\"og:image:width\" content=\"1024\" \/>\n\t<meta property=\"og:image:height\" content=\"683\" \/>\n\t<meta property=\"og:image:type\" content=\"image\/jpeg\" \/>\n<meta name=\"author\" content=\"NBCS Noticias\" \/>\n<meta name=\"twitter:card\" content=\"summary_large_image\" \/>\n<meta name=\"twitter:creator\" content=\"@https:\/\/twitter.com\/NBCSnoticias\" \/>\n<meta name=\"twitter:site\" content=\"@NBCSnoticias\" \/>\n<meta name=\"twitter:label1\" content=\"Escrito por\" \/>\n\t<meta name=\"twitter:data1\" content=\"NBCS Noticias\" \/>\n\t<meta name=\"twitter:label2\" content=\"Tiempo de lectura\" \/>\n\t<meta name=\"twitter:data2\" content=\"2 minutos\" \/>\n<script type=\"application\/ld+json\" class=\"yoast-schema-graph\">{\"@context\":\"https:\\\/\\\/schema.org\",\"@graph\":[{\"@type\":\"Article\",\"@id\":\"https:\\\/\\\/nbcs.mx\\\/?p=161813#article\",\"isPartOf\":{\"@id\":\"https:\\\/\\\/nbcs.mx\\\/?p=161813\"},\"author\":{\"name\":\"NBCS Noticias\",\"@id\":\"https:\\\/\\\/nbcs.mx\\\/#\\\/schema\\\/person\\\/ece58bab9a7c1e87a4d28ec9ecd79ff4\"},\"headline\":\"Llega el domingo a La Paz la L\u2019\u00c9tape M\u00e9xico by Tour de France; participan 950 ciclistas\",\"datePublished\":\"2026-02-27T20:37:13+00:00\",\"mainEntityOfPage\":{\"@id\":\"https:\\\/\\\/nbcs.mx\\\/?p=161813\"},\"wordCount\":289,\"commentCount\":0,\"publisher\":{\"@id\":\"https:\\\/\\\/nbcs.mx\\\/#organization\"},\"image\":{\"@id\":\"https:\\\/\\\/nbcs.mx\\\/?p=161813#primaryimage\"},\"thumbnailUrl\":\"https:\\\/\\\/nbcs.mx\\\/wp-content\\\/uploads\\\/2026\\\/02\\\/BOLETIN-SETUE-ETAPA1-1024x683-1.jpg\",\"articleSection\":[\"Deportes\"],\"inLanguage\":\"es\",\"potentialAction\":[{\"@type\":\"CommentAction\",\"name\":\"Comment\",\"target\":[\"https:\\\/\\\/nbcs.mx\\\/?p=161813#respond\"]}]},{\"@type\":\"WebPage\",\"@id\":\"https:\\\/\\\/nbcs.mx\\\/?p=161813\",\"url\":\"https:\\\/\\\/nbcs.mx\\\/?p=161813\",\"name\":\"Llega el domingo a La Paz la L\u2019\u00c9tape M\u00e9xico by Tour de France; participan 950 ciclistas - NBCS Noticias\",\"isPartOf\":{\"@id\":\"https:\\\/\\\/nbcs.mx\\\/#website\"},\"primaryImageOfPage\":{\"@id\":\"https:\\\/\\\/nbcs.mx\\\/?p=161813#primaryimage\"},\"image\":{\"@id\":\"https:\\\/\\\/nbcs.mx\\\/?p=161813#primaryimage\"},\"thumbnailUrl\":\"https:\\\/\\\/nbcs.mx\\\/wp-content\\\/uploads\\\/2026\\\/02\\\/BOLETIN-SETUE-ETAPA1-1024x683-1.jpg\",\"datePublished\":\"2026-02-27T20:37:13+00:00\",\"breadcrumb\":{\"@id\":\"https:\\\/\\\/nbcs.mx\\\/?p=161813#breadcrumb\"},\"inLanguage\":\"es\",\"potentialAction\":[{\"@type\":\"ReadAction\",\"target\":[\"https:\\\/\\\/nbcs.mx\\\/?p=161813\"]}]},{\"@type\":\"ImageObject\",\"inLanguage\":\"es\",\"@id\":\"https:\\\/\\\/nbcs.mx\\\/?p=161813#primaryimage\",\"url\":\"https:\\\/\\\/nbcs.mx\\\/wp-content\\\/uploads\\\/2026\\\/02\\\/BOLETIN-SETUE-ETAPA1-1024x683-1.jpg\",\"contentUrl\":\"https:\\\/\\\/nbcs.mx\\\/wp-content\\\/uploads\\\/2026\\\/02\\\/BOLETIN-SETUE-ETAPA1-1024x683-1.jpg\",\"width\":1024,\"height\":683},{\"@type\":\"BreadcrumbList\",\"@id\":\"https:\\\/\\\/nbcs.mx\\\/?p=161813#breadcrumb\",\"itemListElement\":[{\"@type\":\"ListItem\",\"position\":1,\"name\":\"Portada\",\"item\":\"https:\\\/\\\/nbcs.mx\\\/\"},{\"@type\":\"ListItem\",\"position\":2,\"name\":\"Llega el domingo a La Paz la L\u2019\u00c9tape M\u00e9xico by Tour de France; participan 950 ciclistas\"}]},{\"@type\":\"WebSite\",\"@id\":\"https:\\\/\\\/nbcs.mx\\\/#website\",\"url\":\"https:\\\/\\\/nbcs.mx\\\/\",\"name\":\"NBCS Noticias\",\"description\":\"Sitio web de noticias en Baja California Sur\",\"publisher\":{\"@id\":\"https:\\\/\\\/nbcs.mx\\\/#organization\"},\"potentialAction\":[{\"@type\":\"SearchAction\",\"target\":{\"@type\":\"EntryPoint\",\"urlTemplate\":\"https:\\\/\\\/nbcs.mx\\\/?s={search_term_string}\"},\"query-input\":{\"@type\":\"PropertyValueSpecification\",\"valueRequired\":true,\"valueName\":\"search_term_string\"}}],\"inLanguage\":\"es\"},{\"@type\":\"Organization\",\"@id\":\"https:\\\/\\\/nbcs.mx\\\/#organization\",\"name\":\"NBCS Noticias\",\"url\":\"https:\\\/\\\/nbcs.mx\\\/\",\"logo\":{\"@type\":\"ImageObject\",\"inLanguage\":\"es\",\"@id\":\"https:\\\/\\\/nbcs.mx\\\/#\\\/schema\\\/logo\\\/image\\\/\",\"url\":\"https:\\\/\\\/nbcs.mx\\\/wp-content\\\/uploads\\\/2018\\\/09\\\/057b69485e93575a5c2b1c1dde2dd297.jpeg\",\"contentUrl\":\"https:\\\/\\\/nbcs.mx\\\/wp-content\\\/uploads\\\/2018\\\/09\\\/057b69485e93575a5c2b1c1dde2dd297.jpeg\",\"width\":64,\"height\":64,\"caption\":\"NBCS Noticias\"},\"image\":{\"@id\":\"https:\\\/\\\/nbcs.mx\\\/#\\\/schema\\\/logo\\\/image\\\/\"},\"sameAs\":[\"https:\\\/\\\/www.facebook.com\\\/NBCSnoticias\",\"https:\\\/\\\/x.com\\\/NBCSnoticias\"]},{\"@type\":\"Person\",\"@id\":\"https:\\\/\\\/nbcs.mx\\\/#\\\/schema\\\/person\\\/ece58bab9a7c1e87a4d28ec9ecd79ff4\",\"name\":\"NBCS Noticias\",\"image\":{\"@type\":\"ImageObject\",\"inLanguage\":\"es\",\"@id\":\"https:\\\/\\\/secure.gravatar.com\\\/avatar\\\/4e52110cad1c4054b43271a0d14bbe9e2ea76aecd0e1097edfc670798d9ca1d4?s=96&d=blank&r=g\",\"url\":\"https:\\\/\\\/secure.gravatar.com\\\/avatar\\\/4e52110cad1c4054b43271a0d14bbe9e2ea76aecd0e1097edfc670798d9ca1d4?s=96&d=blank&r=g\",\"contentUrl\":\"https:\\\/\\\/secure.gravatar.com\\\/avatar\\\/4e52110cad1c4054b43271a0d14bbe9e2ea76aecd0e1097edfc670798d9ca1d4?s=96&d=blank&r=g\",\"caption\":\"NBCS Noticias\"},\"description\":\"\u00bfTienes fotos o video de alg\u00fan acto de posible negligencia, corrupci\u00f3n y abuso de autoridad? M\u00e1ndalo al WhatsApp de NBCS Noticias: 612 141 98 08\",\"sameAs\":[\"https:\\\/\\\/www.nbcs.mx\",\"https:\\\/\\\/www.facebook.com\\\/NBCSnoticias\",\"https:\\\/\\\/www.instagram.com\\\/nbcsnoticias\\\/\",\"https:\\\/\\\/x.com\\\/https:\\\/\\\/twitter.com\\\/NBCSnoticias\"]}]}<\/script>\n<!-- \/ Yoast SEO plugin. -->","yoast_head_json":{"title":"Llega el domingo a La Paz la L\u2019\u00c9tape M\u00e9xico by Tour de France; participan 950 ciclistas - NBCS Noticias","robots":{"index":"index","follow":"follow","max-snippet":"max-snippet:-1","max-image-preview":"max-image-preview:large","max-video-preview":"max-video-preview:-1"},"canonical":"https:\/\/nbcs.mx\/?p=161813","og_locale":"es_ES","og_type":"article","og_title":"Llega el domingo a La Paz la L\u2019\u00c9tape M\u00e9xico by Tour de France; participan 950 ciclistas - NBCS Noticias","og_description":"Este domingo 1\u00ba de marzo se llevar\u00e1 a cabo en la capital del estado el evento internacional L\u2019\u00c9tape M\u00e9xico by","og_url":"https:\/\/nbcs.mx\/?p=161813","og_site_name":"NBCS Noticias","article_publisher":"https:\/\/www.facebook.com\/NBCSnoticias","article_author":"https:\/\/www.facebook.com\/NBCSnoticias","article_published_time":"2026-02-27T20:37:13+00:00","og_image":[{"width":1024,"height":683,"url":"https:\/\/nbcs.mx\/wp-content\/uploads\/2026\/02\/BOLETIN-SETUE-ETAPA1-1024x683-1.jpg","type":"image\/jpeg"}],"author":"NBCS Noticias","twitter_card":"summary_large_image","twitter_creator":"@https:\/\/twitter.com\/NBCSnoticias","twitter_site":"@NBCSnoticias","twitter_misc":{"Escrito por":"NBCS Noticias","Tiempo de lectura":"2 minutos"},"schema":{"@context":"https:\/\/schema.org","@graph":[{"@type":"Article","@id":"https:\/\/nbcs.mx\/?p=161813#article","isPartOf":{"@id":"https:\/\/nbcs.mx\/?p=161813"},"author":{"name":"NBCS Noticias","@id":"https:\/\/nbcs.mx\/#\/schema\/person\/ece58bab9a7c1e87a4d28ec9ecd79ff4"},"headline":"Llega el domingo a La Paz la L\u2019\u00c9tape M\u00e9xico by Tour de France; participan 950 ciclistas","datePublished":"2026-02-27T20:37:13+00:00","mainEntityOfPage":{"@id":"https:\/\/nbcs.mx\/?p=161813"},"wordCount":289,"commentCount":0,"publisher":{"@id":"https:\/\/nbcs.mx\/#organization"},"image":{"@id":"https:\/\/nbcs.mx\/?p=161813#primaryimage"},"thumbnailUrl":"https:\/\/nbcs.mx\/wp-content\/uploads\/2026\/02\/BOLETIN-SETUE-ETAPA1-1024x683-1.jpg","articleSection":["Deportes"],"inLanguage":"es","potentialAction":[{"@type":"CommentAction","name":"Comment","target":["https:\/\/nbcs.mx\/?p=161813#respond"]}]},{"@type":"WebPage","@id":"https:\/\/nbcs.mx\/?p=161813","url":"https:\/\/nbcs.mx\/?p=161813","name":"Llega el domingo a La Paz la L\u2019\u00c9tape M\u00e9xico by Tour de France; participan 950 ciclistas - NBCS Noticias","isPartOf":{"@id":"https:\/\/nbcs.mx\/#website"},"primaryImageOfPage":{"@id":"https:\/\/nbcs.mx\/?p=161813#primaryimage"},"image":{"@id":"https:\/\/nbcs.mx\/?p=161813#primaryimage"},"thumbnailUrl":"https:\/\/nbcs.mx\/wp-content\/uploads\/2026\/02\/BOLETIN-SETUE-ETAPA1-1024x683-1.jpg","datePublished":"2026-02-27T20:37:13+00:00","breadcrumb":{"@id":"https:\/\/nbcs.mx\/?p=161813#breadcrumb"},"inLanguage":"es","potentialAction":[{"@type":"ReadAction","target":["https:\/\/nbcs.mx\/?p=161813"]}]},{"@type":"ImageObject","inLanguage":"es","@id":"https:\/\/nbcs.mx\/?p=161813#primaryimage","url":"https:\/\/nbcs.mx\/wp-content\/uploads\/2026\/02\/BOLETIN-SETUE-ETAPA1-1024x683-1.jpg","contentUrl":"https:\/\/nbcs.mx\/wp-content\/uploads\/2026\/02\/BOLETIN-SETUE-ETAPA1-1024x683-1.jpg","width":1024,"height":683},{"@type":"BreadcrumbList","@id":"https:\/\/nbcs.mx\/?p=161813#breadcrumb","itemListElement":[{"@type":"ListItem","position":1,"name":"Portada","item":"https:\/\/nbcs.mx\/"},{"@type":"ListItem","position":2,"name":"Llega el domingo a La Paz la L\u2019\u00c9tape M\u00e9xico by Tour de France; participan 950 ciclistas"}]},{"@type":"WebSite","@id":"https:\/\/nbcs.mx\/#website","url":"https:\/\/nbcs.mx\/","name":"NBCS Noticias","description":"Sitio web de noticias en Baja California Sur","publisher":{"@id":"https:\/\/nbcs.mx\/#organization"},"potentialAction":[{"@type":"SearchAction","target":{"@type":"EntryPoint","urlTemplate":"https:\/\/nbcs.mx\/?s={search_term_string}"},"query-input":{"@type":"PropertyValueSpecification","valueRequired":true,"valueName":"search_term_string"}}],"inLanguage":"es"},{"@type":"Organization","@id":"https:\/\/nbcs.mx\/#organization","name":"NBCS Noticias","url":"https:\/\/nbcs.mx\/","logo":{"@type":"ImageObject","inLanguage":"es","@id":"https:\/\/nbcs.mx\/#\/schema\/logo\/image\/","url":"https:\/\/nbcs.mx\/wp-content\/uploads\/2018\/09\/057b69485e93575a5c2b1c1dde2dd297.jpeg","contentUrl":"https:\/\/nbcs.mx\/wp-content\/uploads\/2018\/09\/057b69485e93575a5c2b1c1dde2dd297.jpeg","width":64,"height":64,"caption":"NBCS Noticias"},"image":{"@id":"https:\/\/nbcs.mx\/#\/schema\/logo\/image\/"},"sameAs":["https:\/\/www.facebook.com\/NBCSnoticias","https:\/\/x.com\/NBCSnoticias"]},{"@type":"Person","@id":"https:\/\/nbcs.mx\/#\/schema\/person\/ece58bab9a7c1e87a4d28ec9ecd79ff4","name":"NBCS Noticias","image":{"@type":"ImageObject","inLanguage":"es","@id":"https:\/\/secure.gravatar.com\/avatar\/4e52110cad1c4054b43271a0d14bbe9e2ea76aecd0e1097edfc670798d9ca1d4?s=96&d=blank&r=g","url":"https:\/\/secure.gravatar.com\/avatar\/4e52110cad1c4054b43271a0d14bbe9e2ea76aecd0e1097edfc670798d9ca1d4?s=96&d=blank&r=g","contentUrl":"https:\/\/secure.gravatar.com\/avatar\/4e52110cad1c4054b43271a0d14bbe9e2ea76aecd0e1097edfc670798d9ca1d4?s=96&d=blank&r=g","caption":"NBCS Noticias"},"description":"\u00bfTienes fotos o video de alg\u00fan acto de posible negligencia, corrupci\u00f3n y abuso de autoridad? M\u00e1ndalo al WhatsApp de NBCS Noticias: 612 141 98 08","sameAs":["https:\/\/www.nbcs.mx","https:\/\/www.facebook.com\/NBCSnoticias","https:\/\/www.instagram.com\/nbcsnoticias\/","https:\/\/x.com\/https:\/\/twitter.com\/NBCSnoticias"]}]}},"jetpack_publicize_connections":[],"jetpack_featured_media_url":"https:\/\/nbcs.mx\/wp-content\/uploads\/2026\/02\/BOLETIN-SETUE-ETAPA1-1024x683-1.jpg","jetpack_sharing_enabled":true,"_links":{"self":[{"href":"https:\/\/nbcs.mx\/index.php?rest_route=\/wp\/v2\/posts\/161813","targetHints":{"allow":["GET"]}}],"collection":[{"href":"https:\/\/nbcs.mx\/index.php?rest_route=\/wp\/v2\/posts"}],"about":[{"href":"https:\/\/nbcs.mx\/index.php?rest_route=\/wp\/v2\/types\/post"}],"author":[{"embeddable":true,"href":"https:\/\/nbcs.mx\/index.php?rest_route=\/wp\/v2\/users\/1"}],"replies":[{"embeddable":true,"href":"https:\/\/nbcs.mx\/index.php?rest_route=%2Fwp%2Fv2%2Fcomments&post=161813"}],"version-history":[{"count":1,"href":"https:\/\/nbcs.mx\/index.php?rest_route=\/wp\/v2\/posts\/161813\/revisions"}],"predecessor-version":[{"id":161815,"href":"https:\/\/nbcs.mx\/index.php?rest_route=\/wp\/v2\/posts\/161813\/revisions\/161815"}],"wp:featuredmedia":[{"embeddable":true,"href":"https:\/\/nbcs.mx\/index.php?rest_route=\/wp\/v2\/media\/161814"}],"wp:attachment":[{"href":"https:\/\/nbcs.mx\/index.php?rest_route=%2Fwp%2Fv2%2Fmedia&parent=161813"}],"wp:term":[{"taxonomy":"category","embeddable":true,"href":"https:\/\/nbcs.mx\/index.php?rest_route=%2Fwp%2Fv2%2Fcategories&post=161813"},{"taxonomy":"post_tag","embeddable":true,"href":"https:\/\/nbcs.mx\/index.php?rest_route=%2Fwp%2Fv2%2Ftags&post=161813"}],"curies":[{"name":"wp","href":"https:\/\/api.w.org\/{rel}","templated":true}]}}