{"id":161856,"date":"2026-02-28T20:05:45","date_gmt":"2026-03-01T03:05:45","guid":{"rendered":"https:\/\/nbcs.mx\/?p=161856"},"modified":"2026-02-28T20:05:45","modified_gmt":"2026-03-01T03:05:45","slug":"supervisan-gobernador-victor-manuel-castro-cosio-y-la-presidenta-claudia-sheinbaum-avances-de-la-presa-el-novillo","status":"publish","type":"post","link":"https:\/\/nbcs.mx\/?p=161856","title":{"rendered":"Supervisan Gobernador V\u00edctor Manuel Castro Cos\u00edo y la Presidenta Claudia Sheinbaum avances de la Presa El Novillo"},"content":{"rendered":"<p style=\"text-align: justify;\"><img loading=\"lazy\" decoding=\"async\" class=\" wp-image-161857 alignleft\" src=\"https:\/\/nbcs.mx\/wp-content\/uploads\/2026\/02\/Captura-de-pantalla-2026-02-28-a-las-8.05.15-p.m-755x457.png\" alt=\"\" width=\"387\" height=\"234\" srcset=\"https:\/\/nbcs.mx\/wp-content\/uploads\/2026\/02\/Captura-de-pantalla-2026-02-28-a-las-8.05.15-p.m-755x457.png 755w, https:\/\/nbcs.mx\/wp-content\/uploads\/2026\/02\/Captura-de-pantalla-2026-02-28-a-las-8.05.15-p.m-1024x620.png 1024w, https:\/\/nbcs.mx\/wp-content\/uploads\/2026\/02\/Captura-de-pantalla-2026-02-28-a-las-8.05.15-p.m-150x91.png 150w, https:\/\/nbcs.mx\/wp-content\/uploads\/2026\/02\/Captura-de-pantalla-2026-02-28-a-las-8.05.15-p.m-768x465.png 768w, https:\/\/nbcs.mx\/wp-content\/uploads\/2026\/02\/Captura-de-pantalla-2026-02-28-a-las-8.05.15-p.m-1536x930.png 1536w, https:\/\/nbcs.mx\/wp-content\/uploads\/2026\/02\/Captura-de-pantalla-2026-02-28-a-las-8.05.15-p.m.png 1750w\" sizes=\"auto, (max-width: 387px) 100vw, 387px\" \/>Como parte de una gira de trabajo por Baja California Sur, el gobernador V\u00edctor Manuel Castro Cos\u00edo y la Presidenta de M\u00e9xico, Claudia Sheinbaum Pardo, supervisaron los avances y procesos estructurales de la construcci\u00f3n de la Presa El Novillo, una obra estrat\u00e9gica que garantizar\u00e1 el abasto de agua potable para m\u00e1s de 250 mil habitantes del municipio de La Paz.<\/p>\n<p style=\"text-align: justify;\">Durante el recorrido, el mandatario estatal destac\u00f3 que se trata de la obra hidr\u00e1ulica m\u00e1s importante de los \u00faltimos a\u00f1os para la capital del estado, resultado de las gestiones de la alcaldesa Milena Quiroga Romero y de la voluntad pol\u00edtica de la Presidenta de la Rep\u00fablica para atender una de las demandas m\u00e1s sentidas de la poblaci\u00f3n sudcaliforniana.<\/p>\n<p style=\"text-align: justify;\">\u201cEsta es la obra m\u00e1s importante en los \u00faltimos a\u00f1os para el municipio de La Paz. Gracias al respaldo del Gobierno de M\u00e9xico y al compromiso de la Presidenta Claudia Sheinbaum, avanzamos en una soluci\u00f3n integral al problema del agua, un tema prioritario para mejorar las condiciones de vida de nuestra gente\u201d, subray\u00f3.<\/p>\n<p style=\"text-align: justify;\">Castro Cos\u00edo inform\u00f3 que el proyecto contempla una inversi\u00f3n cercana a los 2 mil 400 millones de pesos, e incluye la construcci\u00f3n de la presa, acueductos, una planta potabilizadora y la interconexi\u00f3n a diversas colonias de la ciudad, consolidando as\u00ed una infraestructura moderna y sustentable para el presente y el futuro de La Paz.<\/p>\n<p style=\"text-align: justify;\">Finalmente, el Gobernador refrend\u00f3 el compromiso y la coordinaci\u00f3n permanente entre los gobiernos de la Cuarta Transformaci\u00f3n, sumando esfuerzos para impulsar el desarrollo con justicia social y garantizar el bienestar de las y los habitantes de Baja California Sur.<\/p>\n","protected":false},"excerpt":{"rendered":"<p>Como parte de una gira de trabajo por Baja California Sur, el gobernador V\u00edctor Manuel Castro Cos\u00edo y la Presidenta<\/p>\n","protected":false},"author":1,"featured_media":161857,"comment_status":"open","ping_status":"closed","sticky":false,"template":"","format":"standard","meta":{"colormag_page_container_layout":"default_layout","colormag_page_sidebar_layout":"default_layout","_jetpack_memberships_contains_paid_content":false,"footnotes":"","jetpack_publicize_message":"","jetpack_publicize_feature_enabled":true,"jetpack_social_post_already_shared":true,"jetpack_social_options":{"image_generator_settings":{"template":"highway","default_image_id":0,"font":"","enabled":false},"version":2}},"categories":[1],"tags":[],"class_list":["post-161856","post","type-post","status-publish","format-standard","has-post-thumbnail","hentry","category-noticias"],"yoast_head":"<!-- This site is optimized with the Yoast SEO plugin v27.5 - https:\/\/yoast.com\/product\/yoast-seo-wordpress\/ -->\n<title>Supervisan Gobernador V\u00edctor Manuel Castro Cos\u00edo y la Presidenta Claudia Sheinbaum avances de la Presa El Novillo - NBCS Noticias<\/title>\n<meta name=\"robots\" content=\"index, follow, max-snippet:-1, max-image-preview:large, max-video-preview:-1\" \/>\n<link rel=\"canonical\" href=\"https:\/\/nbcs.mx\/?p=161856\" \/>\n<meta property=\"og:locale\" content=\"es_ES\" \/>\n<meta property=\"og:type\" content=\"article\" \/>\n<meta property=\"og:title\" content=\"Supervisan Gobernador V\u00edctor Manuel Castro Cos\u00edo y la Presidenta Claudia Sheinbaum avances de la Presa El Novillo - NBCS Noticias\" \/>\n<meta property=\"og:description\" content=\"Como parte de una gira de trabajo por Baja California Sur, el gobernador V\u00edctor Manuel Castro Cos\u00edo y la Presidenta\" \/>\n<meta property=\"og:url\" content=\"https:\/\/nbcs.mx\/?p=161856\" \/>\n<meta property=\"og:site_name\" content=\"NBCS Noticias\" \/>\n<meta property=\"article:publisher\" content=\"https:\/\/www.facebook.com\/NBCSnoticias\" \/>\n<meta property=\"article:author\" content=\"https:\/\/www.facebook.com\/NBCSnoticias\" \/>\n<meta property=\"article:published_time\" content=\"2026-03-01T03:05:45+00:00\" \/>\n<meta property=\"og:image\" content=\"https:\/\/nbcs.mx\/wp-content\/uploads\/2026\/02\/Captura-de-pantalla-2026-02-28-a-las-8.05.15-p.m-1024x620.png\" \/>\n\t<meta property=\"og:image:width\" content=\"1024\" \/>\n\t<meta property=\"og:image:height\" content=\"620\" \/>\n\t<meta property=\"og:image:type\" content=\"image\/png\" \/>\n<meta name=\"author\" content=\"NBCS Noticias\" \/>\n<meta name=\"twitter:card\" content=\"summary_large_image\" \/>\n<meta name=\"twitter:creator\" content=\"@https:\/\/twitter.com\/NBCSnoticias\" \/>\n<meta name=\"twitter:site\" content=\"@NBCSnoticias\" \/>\n<meta name=\"twitter:label1\" content=\"Escrito por\" \/>\n\t<meta name=\"twitter:data1\" content=\"NBCS Noticias\" \/>\n\t<meta name=\"twitter:label2\" content=\"Tiempo de lectura\" \/>\n\t<meta name=\"twitter:data2\" content=\"2 minutos\" \/>\n<script type=\"application\/ld+json\" class=\"yoast-schema-graph\">{\"@context\":\"https:\\\/\\\/schema.org\",\"@graph\":[{\"@type\":\"Article\",\"@id\":\"https:\\\/\\\/nbcs.mx\\\/?p=161856#article\",\"isPartOf\":{\"@id\":\"https:\\\/\\\/nbcs.mx\\\/?p=161856\"},\"author\":{\"name\":\"NBCS Noticias\",\"@id\":\"https:\\\/\\\/nbcs.mx\\\/#\\\/schema\\\/person\\\/ece58bab9a7c1e87a4d28ec9ecd79ff4\"},\"headline\":\"Supervisan Gobernador V\u00edctor Manuel Castro Cos\u00edo y la Presidenta Claudia Sheinbaum avances de la Presa El Novillo\",\"datePublished\":\"2026-03-01T03:05:45+00:00\",\"mainEntityOfPage\":{\"@id\":\"https:\\\/\\\/nbcs.mx\\\/?p=161856\"},\"wordCount\":303,\"commentCount\":0,\"publisher\":{\"@id\":\"https:\\\/\\\/nbcs.mx\\\/#organization\"},\"image\":{\"@id\":\"https:\\\/\\\/nbcs.mx\\\/?p=161856#primaryimage\"},\"thumbnailUrl\":\"https:\\\/\\\/nbcs.mx\\\/wp-content\\\/uploads\\\/2026\\\/02\\\/Captura-de-pantalla-2026-02-28-a-las-8.05.15-p.m.png\",\"articleSection\":[\"Noticias\"],\"inLanguage\":\"es\",\"potentialAction\":[{\"@type\":\"CommentAction\",\"name\":\"Comment\",\"target\":[\"https:\\\/\\\/nbcs.mx\\\/?p=161856#respond\"]}]},{\"@type\":\"WebPage\",\"@id\":\"https:\\\/\\\/nbcs.mx\\\/?p=161856\",\"url\":\"https:\\\/\\\/nbcs.mx\\\/?p=161856\",\"name\":\"Supervisan Gobernador V\u00edctor Manuel Castro Cos\u00edo y la Presidenta Claudia Sheinbaum avances de la Presa El Novillo - NBCS Noticias\",\"isPartOf\":{\"@id\":\"https:\\\/\\\/nbcs.mx\\\/#website\"},\"primaryImageOfPage\":{\"@id\":\"https:\\\/\\\/nbcs.mx\\\/?p=161856#primaryimage\"},\"image\":{\"@id\":\"https:\\\/\\\/nbcs.mx\\\/?p=161856#primaryimage\"},\"thumbnailUrl\":\"https:\\\/\\\/nbcs.mx\\\/wp-content\\\/uploads\\\/2026\\\/02\\\/Captura-de-pantalla-2026-02-28-a-las-8.05.15-p.m.png\",\"datePublished\":\"2026-03-01T03:05:45+00:00\",\"breadcrumb\":{\"@id\":\"https:\\\/\\\/nbcs.mx\\\/?p=161856#breadcrumb\"},\"inLanguage\":\"es\",\"potentialAction\":[{\"@type\":\"ReadAction\",\"target\":[\"https:\\\/\\\/nbcs.mx\\\/?p=161856\"]}]},{\"@type\":\"ImageObject\",\"inLanguage\":\"es\",\"@id\":\"https:\\\/\\\/nbcs.mx\\\/?p=161856#primaryimage\",\"url\":\"https:\\\/\\\/nbcs.mx\\\/wp-content\\\/uploads\\\/2026\\\/02\\\/Captura-de-pantalla-2026-02-28-a-las-8.05.15-p.m.png\",\"contentUrl\":\"https:\\\/\\\/nbcs.mx\\\/wp-content\\\/uploads\\\/2026\\\/02\\\/Captura-de-pantalla-2026-02-28-a-las-8.05.15-p.m.png\",\"width\":1750,\"height\":1060},{\"@type\":\"BreadcrumbList\",\"@id\":\"https:\\\/\\\/nbcs.mx\\\/?p=161856#breadcrumb\",\"itemListElement\":[{\"@type\":\"ListItem\",\"position\":1,\"name\":\"Portada\",\"item\":\"https:\\\/\\\/nbcs.mx\\\/\"},{\"@type\":\"ListItem\",\"position\":2,\"name\":\"Supervisan Gobernador V\u00edctor Manuel Castro Cos\u00edo y la Presidenta Claudia Sheinbaum avances de la Presa El Novillo\"}]},{\"@type\":\"WebSite\",\"@id\":\"https:\\\/\\\/nbcs.mx\\\/#website\",\"url\":\"https:\\\/\\\/nbcs.mx\\\/\",\"name\":\"NBCS Noticias\",\"description\":\"Sitio web de noticias en Baja California Sur\",\"publisher\":{\"@id\":\"https:\\\/\\\/nbcs.mx\\\/#organization\"},\"potentialAction\":[{\"@type\":\"SearchAction\",\"target\":{\"@type\":\"EntryPoint\",\"urlTemplate\":\"https:\\\/\\\/nbcs.mx\\\/?s={search_term_string}\"},\"query-input\":{\"@type\":\"PropertyValueSpecification\",\"valueRequired\":true,\"valueName\":\"search_term_string\"}}],\"inLanguage\":\"es\"},{\"@type\":\"Organization\",\"@id\":\"https:\\\/\\\/nbcs.mx\\\/#organization\",\"name\":\"NBCS Noticias\",\"url\":\"https:\\\/\\\/nbcs.mx\\\/\",\"logo\":{\"@type\":\"ImageObject\",\"inLanguage\":\"es\",\"@id\":\"https:\\\/\\\/nbcs.mx\\\/#\\\/schema\\\/logo\\\/image\\\/\",\"url\":\"https:\\\/\\\/nbcs.mx\\\/wp-content\\\/uploads\\\/2018\\\/09\\\/057b69485e93575a5c2b1c1dde2dd297.jpeg\",\"contentUrl\":\"https:\\\/\\\/nbcs.mx\\\/wp-content\\\/uploads\\\/2018\\\/09\\\/057b69485e93575a5c2b1c1dde2dd297.jpeg\",\"width\":64,\"height\":64,\"caption\":\"NBCS Noticias\"},\"image\":{\"@id\":\"https:\\\/\\\/nbcs.mx\\\/#\\\/schema\\\/logo\\\/image\\\/\"},\"sameAs\":[\"https:\\\/\\\/www.facebook.com\\\/NBCSnoticias\",\"https:\\\/\\\/x.com\\\/NBCSnoticias\"]},{\"@type\":\"Person\",\"@id\":\"https:\\\/\\\/nbcs.mx\\\/#\\\/schema\\\/person\\\/ece58bab9a7c1e87a4d28ec9ecd79ff4\",\"name\":\"NBCS Noticias\",\"image\":{\"@type\":\"ImageObject\",\"inLanguage\":\"es\",\"@id\":\"https:\\\/\\\/secure.gravatar.com\\\/avatar\\\/4e52110cad1c4054b43271a0d14bbe9e2ea76aecd0e1097edfc670798d9ca1d4?s=96&d=blank&r=g\",\"url\":\"https:\\\/\\\/secure.gravatar.com\\\/avatar\\\/4e52110cad1c4054b43271a0d14bbe9e2ea76aecd0e1097edfc670798d9ca1d4?s=96&d=blank&r=g\",\"contentUrl\":\"https:\\\/\\\/secure.gravatar.com\\\/avatar\\\/4e52110cad1c4054b43271a0d14bbe9e2ea76aecd0e1097edfc670798d9ca1d4?s=96&d=blank&r=g\",\"caption\":\"NBCS Noticias\"},\"description\":\"\u00bfTienes fotos o video de alg\u00fan acto de posible negligencia, corrupci\u00f3n y abuso de autoridad? M\u00e1ndalo al WhatsApp de NBCS Noticias: 612 141 98 08\",\"sameAs\":[\"https:\\\/\\\/www.nbcs.mx\",\"https:\\\/\\\/www.facebook.com\\\/NBCSnoticias\",\"https:\\\/\\\/www.instagram.com\\\/nbcsnoticias\\\/\",\"https:\\\/\\\/x.com\\\/https:\\\/\\\/twitter.com\\\/NBCSnoticias\"]}]}<\/script>\n<!-- \/ Yoast SEO plugin. -->","yoast_head_json":{"title":"Supervisan Gobernador V\u00edctor Manuel Castro Cos\u00edo y la Presidenta Claudia Sheinbaum avances de la Presa El Novillo - NBCS Noticias","robots":{"index":"index","follow":"follow","max-snippet":"max-snippet:-1","max-image-preview":"max-image-preview:large","max-video-preview":"max-video-preview:-1"},"canonical":"https:\/\/nbcs.mx\/?p=161856","og_locale":"es_ES","og_type":"article","og_title":"Supervisan Gobernador V\u00edctor Manuel Castro Cos\u00edo y la Presidenta Claudia Sheinbaum avances de la Presa El Novillo - NBCS Noticias","og_description":"Como parte de una gira de trabajo por Baja California Sur, el gobernador V\u00edctor Manuel Castro Cos\u00edo y la Presidenta","og_url":"https:\/\/nbcs.mx\/?p=161856","og_site_name":"NBCS Noticias","article_publisher":"https:\/\/www.facebook.com\/NBCSnoticias","article_author":"https:\/\/www.facebook.com\/NBCSnoticias","article_published_time":"2026-03-01T03:05:45+00:00","og_image":[{"width":1024,"height":620,"url":"https:\/\/nbcs.mx\/wp-content\/uploads\/2026\/02\/Captura-de-pantalla-2026-02-28-a-las-8.05.15-p.m-1024x620.png","type":"image\/png"}],"author":"NBCS Noticias","twitter_card":"summary_large_image","twitter_creator":"@https:\/\/twitter.com\/NBCSnoticias","twitter_site":"@NBCSnoticias","twitter_misc":{"Escrito por":"NBCS Noticias","Tiempo de lectura":"2 minutos"},"schema":{"@context":"https:\/\/schema.org","@graph":[{"@type":"Article","@id":"https:\/\/nbcs.mx\/?p=161856#article","isPartOf":{"@id":"https:\/\/nbcs.mx\/?p=161856"},"author":{"name":"NBCS Noticias","@id":"https:\/\/nbcs.mx\/#\/schema\/person\/ece58bab9a7c1e87a4d28ec9ecd79ff4"},"headline":"Supervisan Gobernador V\u00edctor Manuel Castro Cos\u00edo y la Presidenta Claudia Sheinbaum avances de la Presa El Novillo","datePublished":"2026-03-01T03:05:45+00:00","mainEntityOfPage":{"@id":"https:\/\/nbcs.mx\/?p=161856"},"wordCount":303,"commentCount":0,"publisher":{"@id":"https:\/\/nbcs.mx\/#organization"},"image":{"@id":"https:\/\/nbcs.mx\/?p=161856#primaryimage"},"thumbnailUrl":"https:\/\/nbcs.mx\/wp-content\/uploads\/2026\/02\/Captura-de-pantalla-2026-02-28-a-las-8.05.15-p.m.png","articleSection":["Noticias"],"inLanguage":"es","potentialAction":[{"@type":"CommentAction","name":"Comment","target":["https:\/\/nbcs.mx\/?p=161856#respond"]}]},{"@type":"WebPage","@id":"https:\/\/nbcs.mx\/?p=161856","url":"https:\/\/nbcs.mx\/?p=161856","name":"Supervisan Gobernador V\u00edctor Manuel Castro Cos\u00edo y la Presidenta Claudia Sheinbaum avances de la Presa El Novillo - NBCS Noticias","isPartOf":{"@id":"https:\/\/nbcs.mx\/#website"},"primaryImageOfPage":{"@id":"https:\/\/nbcs.mx\/?p=161856#primaryimage"},"image":{"@id":"https:\/\/nbcs.mx\/?p=161856#primaryimage"},"thumbnailUrl":"https:\/\/nbcs.mx\/wp-content\/uploads\/2026\/02\/Captura-de-pantalla-2026-02-28-a-las-8.05.15-p.m.png","datePublished":"2026-03-01T03:05:45+00:00","breadcrumb":{"@id":"https:\/\/nbcs.mx\/?p=161856#breadcrumb"},"inLanguage":"es","potentialAction":[{"@type":"ReadAction","target":["https:\/\/nbcs.mx\/?p=161856"]}]},{"@type":"ImageObject","inLanguage":"es","@id":"https:\/\/nbcs.mx\/?p=161856#primaryimage","url":"https:\/\/nbcs.mx\/wp-content\/uploads\/2026\/02\/Captura-de-pantalla-2026-02-28-a-las-8.05.15-p.m.png","contentUrl":"https:\/\/nbcs.mx\/wp-content\/uploads\/2026\/02\/Captura-de-pantalla-2026-02-28-a-las-8.05.15-p.m.png","width":1750,"height":1060},{"@type":"BreadcrumbList","@id":"https:\/\/nbcs.mx\/?p=161856#breadcrumb","itemListElement":[{"@type":"ListItem","position":1,"name":"Portada","item":"https:\/\/nbcs.mx\/"},{"@type":"ListItem","position":2,"name":"Supervisan Gobernador V\u00edctor Manuel Castro Cos\u00edo y la Presidenta Claudia Sheinbaum avances de la Presa El Novillo"}]},{"@type":"WebSite","@id":"https:\/\/nbcs.mx\/#website","url":"https:\/\/nbcs.mx\/","name":"NBCS Noticias","description":"Sitio web de noticias en Baja California Sur","publisher":{"@id":"https:\/\/nbcs.mx\/#organization"},"potentialAction":[{"@type":"SearchAction","target":{"@type":"EntryPoint","urlTemplate":"https:\/\/nbcs.mx\/?s={search_term_string}"},"query-input":{"@type":"PropertyValueSpecification","valueRequired":true,"valueName":"search_term_string"}}],"inLanguage":"es"},{"@type":"Organization","@id":"https:\/\/nbcs.mx\/#organization","name":"NBCS Noticias","url":"https:\/\/nbcs.mx\/","logo":{"@type":"ImageObject","inLanguage":"es","@id":"https:\/\/nbcs.mx\/#\/schema\/logo\/image\/","url":"https:\/\/nbcs.mx\/wp-content\/uploads\/2018\/09\/057b69485e93575a5c2b1c1dde2dd297.jpeg","contentUrl":"https:\/\/nbcs.mx\/wp-content\/uploads\/2018\/09\/057b69485e93575a5c2b1c1dde2dd297.jpeg","width":64,"height":64,"caption":"NBCS Noticias"},"image":{"@id":"https:\/\/nbcs.mx\/#\/schema\/logo\/image\/"},"sameAs":["https:\/\/www.facebook.com\/NBCSnoticias","https:\/\/x.com\/NBCSnoticias"]},{"@type":"Person","@id":"https:\/\/nbcs.mx\/#\/schema\/person\/ece58bab9a7c1e87a4d28ec9ecd79ff4","name":"NBCS Noticias","image":{"@type":"ImageObject","inLanguage":"es","@id":"https:\/\/secure.gravatar.com\/avatar\/4e52110cad1c4054b43271a0d14bbe9e2ea76aecd0e1097edfc670798d9ca1d4?s=96&d=blank&r=g","url":"https:\/\/secure.gravatar.com\/avatar\/4e52110cad1c4054b43271a0d14bbe9e2ea76aecd0e1097edfc670798d9ca1d4?s=96&d=blank&r=g","contentUrl":"https:\/\/secure.gravatar.com\/avatar\/4e52110cad1c4054b43271a0d14bbe9e2ea76aecd0e1097edfc670798d9ca1d4?s=96&d=blank&r=g","caption":"NBCS Noticias"},"description":"\u00bfTienes fotos o video de alg\u00fan acto de posible negligencia, corrupci\u00f3n y abuso de autoridad? M\u00e1ndalo al WhatsApp de NBCS Noticias: 612 141 98 08","sameAs":["https:\/\/www.nbcs.mx","https:\/\/www.facebook.com\/NBCSnoticias","https:\/\/www.instagram.com\/nbcsnoticias\/","https:\/\/x.com\/https:\/\/twitter.com\/NBCSnoticias"]}]}},"jetpack_publicize_connections":[],"jetpack_featured_media_url":"https:\/\/nbcs.mx\/wp-content\/uploads\/2026\/02\/Captura-de-pantalla-2026-02-28-a-las-8.05.15-p.m.png","jetpack_sharing_enabled":true,"_links":{"self":[{"href":"https:\/\/nbcs.mx\/index.php?rest_route=\/wp\/v2\/posts\/161856","targetHints":{"allow":["GET"]}}],"collection":[{"href":"https:\/\/nbcs.mx\/index.php?rest_route=\/wp\/v2\/posts"}],"about":[{"href":"https:\/\/nbcs.mx\/index.php?rest_route=\/wp\/v2\/types\/post"}],"author":[{"embeddable":true,"href":"https:\/\/nbcs.mx\/index.php?rest_route=\/wp\/v2\/users\/1"}],"replies":[{"embeddable":true,"href":"https:\/\/nbcs.mx\/index.php?rest_route=%2Fwp%2Fv2%2Fcomments&post=161856"}],"version-history":[{"count":1,"href":"https:\/\/nbcs.mx\/index.php?rest_route=\/wp\/v2\/posts\/161856\/revisions"}],"predecessor-version":[{"id":161858,"href":"https:\/\/nbcs.mx\/index.php?rest_route=\/wp\/v2\/posts\/161856\/revisions\/161858"}],"wp:featuredmedia":[{"embeddable":true,"href":"https:\/\/nbcs.mx\/index.php?rest_route=\/wp\/v2\/media\/161857"}],"wp:attachment":[{"href":"https:\/\/nbcs.mx\/index.php?rest_route=%2Fwp%2Fv2%2Fmedia&parent=161856"}],"wp:term":[{"taxonomy":"category","embeddable":true,"href":"https:\/\/nbcs.mx\/index.php?rest_route=%2Fwp%2Fv2%2Fcategories&post=161856"},{"taxonomy":"post_tag","embeddable":true,"href":"https:\/\/nbcs.mx\/index.php?rest_route=%2Fwp%2Fv2%2Ftags&post=161856"}],"curies":[{"name":"wp","href":"https:\/\/api.w.org\/{rel}","templated":true}]}}