{"id":162075,"date":"2026-03-05T06:34:15","date_gmt":"2026-03-05T13:34:15","guid":{"rendered":"https:\/\/nbcs.mx\/?p=162075"},"modified":"2026-03-05T06:34:15","modified_gmt":"2026-03-05T13:34:15","slug":"impulsa-ayuntamiento-de-loreto-participacion-de-la-comunidad-indigena-en-integracion-de-su-consejo-estatal","status":"publish","type":"post","link":"https:\/\/nbcs.mx\/?p=162075","title":{"rendered":"Impulsa ayuntamiento de Loreto participaci\u00f3n de la comunidad indigena en integraci\u00f3n de su consejo estatal"},"content":{"rendered":"<p style=\"font-weight: 400; text-align: justify;\"><img loading=\"lazy\" decoding=\"async\" class=\"size-medium wp-image-162076 alignleft\" src=\"https:\/\/nbcs.mx\/wp-content\/uploads\/2026\/03\/PUEBLOS-IND-2-469x492.jpeg\" alt=\"\" width=\"469\" height=\"492\" srcset=\"https:\/\/nbcs.mx\/wp-content\/uploads\/2026\/03\/PUEBLOS-IND-2-469x492.jpeg 469w, https:\/\/nbcs.mx\/wp-content\/uploads\/2026\/03\/PUEBLOS-IND-2-976x1024.jpeg 976w, https:\/\/nbcs.mx\/wp-content\/uploads\/2026\/03\/PUEBLOS-IND-2-143x150.jpeg 143w, https:\/\/nbcs.mx\/wp-content\/uploads\/2026\/03\/PUEBLOS-IND-2-768x806.jpeg 768w, https:\/\/nbcs.mx\/wp-content\/uploads\/2026\/03\/PUEBLOS-IND-2.jpeg 1200w\" sizes=\"auto, (max-width: 469px) 100vw, 469px\" \/>El XI Ayuntamiento de Loreto, a trav\u00e9s de la Coordinaci\u00f3n para la Atenci\u00f3n de Asuntos de la Comunidad Ind\u00edgena y Afromexicana, realiz\u00f3 este martes una reuni\u00f3n informativa con l\u00edderes de los distintos grupos \u00e9tnicos que residen en el municipio, con el prop\u00f3sito de organizar su participaci\u00f3n en la integraci\u00f3n del Consejo Estatal Ind\u00edgena, a celebrarse el pr\u00f3ximo 21 de marzo en la ciudad de La Paz.<\/p>\n<p style=\"font-weight: 400; text-align: justify;\">\n<p style=\"font-weight: 400; text-align: justify;\">Lo anterior, en atenci\u00f3n a la invitaci\u00f3n emitida por la oficina de enlace del Instituto Nacional de los Pueblos Ind\u00edgenas (INPI) en Baja California Sur, para asistir a la asamblea de elecci\u00f3n de las y los consejeros que conformar\u00e1n dicho \u00f3rgano en la entidad, inform\u00f3 el titular de la coordinaci\u00f3n de asuntos ind\u00edgenas en Loreto, Alfredo Reyes Cruz.<\/p>\n<p style=\"font-weight: 400; text-align: justify;\">\n<p style=\"font-weight: 400; text-align: justify;\">Agreg\u00f3 que este proceso tiene como finalidad garantizar la representaci\u00f3n de los pueblos nativos y comunidades migrantes en la vida p\u00fablica, fortaleciendo su participaci\u00f3n en la toma de decisiones y asegurando el respeto pleno a los derechos establecidos en la Constituci\u00f3n.<\/p>\n<p style=\"font-weight: 400; text-align: justify;\">Reyes Cruz agradeci\u00f3 el respaldo de la alcaldesa Paz Ochoa Amador por su compromiso permanente con la inclusi\u00f3n y la participaci\u00f3n activa de la comunidad ind\u00edgena en la vida p\u00fablica del municipio y en la entidad, as\u00ed como el acompa\u00f1amiento de la regidora comisionada a Inclusi\u00f3n y Asuntos Ind\u00edgenas, Guadalupe Villalobos Drew.<\/p>\n<p style=\"font-weight: 400; text-align: justify;\">\n<p style=\"font-weight: 400; text-align: justify;\">Finalmente, subray\u00f3 que la decimoprimera administraci\u00f3n ha consolidado una pol\u00edtica de puertas abiertas y respeto a la diversidad cultural, impulsando acciones que fortalecen la representaci\u00f3n, preservan los usos y costumbres de los pueblos originarios y promueven su integraci\u00f3n plena en el desarrollo social y econ\u00f3mico de Loreto<\/p>\n<p style=\"font-weight: 400; text-align: justify;\"><strong>\u00a0<\/strong><\/p>\n","protected":false},"excerpt":{"rendered":"<p>El XI Ayuntamiento de Loreto, a trav\u00e9s de la Coordinaci\u00f3n para la Atenci\u00f3n de Asuntos de la Comunidad Ind\u00edgena y<\/p>\n","protected":false},"author":1,"featured_media":162076,"comment_status":"open","ping_status":"closed","sticky":false,"template":"","format":"standard","meta":{"colormag_page_container_layout":"default_layout","colormag_page_sidebar_layout":"default_layout","_jetpack_memberships_contains_paid_content":false,"footnotes":"","jetpack_publicize_message":"","jetpack_publicize_feature_enabled":true,"jetpack_social_post_already_shared":true,"jetpack_social_options":{"image_generator_settings":{"template":"highway","default_image_id":0,"font":"","enabled":false},"version":2}},"categories":[40],"tags":[],"class_list":["post-162075","post","type-post","status-publish","format-standard","has-post-thumbnail","hentry","category-municipios"],"yoast_head":"<!-- This site is optimized with the Yoast SEO plugin v27.5 - https:\/\/yoast.com\/product\/yoast-seo-wordpress\/ -->\n<title>Impulsa ayuntamiento de Loreto participaci\u00f3n de la comunidad indigena en integraci\u00f3n de su consejo estatal - NBCS Noticias<\/title>\n<meta name=\"robots\" content=\"index, follow, max-snippet:-1, max-image-preview:large, max-video-preview:-1\" \/>\n<link rel=\"canonical\" href=\"https:\/\/nbcs.mx\/?p=162075\" \/>\n<meta property=\"og:locale\" content=\"es_ES\" \/>\n<meta property=\"og:type\" content=\"article\" \/>\n<meta property=\"og:title\" content=\"Impulsa ayuntamiento de Loreto participaci\u00f3n de la comunidad indigena en integraci\u00f3n de su consejo estatal - NBCS Noticias\" \/>\n<meta property=\"og:description\" content=\"El XI Ayuntamiento de Loreto, a trav\u00e9s de la Coordinaci\u00f3n para la Atenci\u00f3n de Asuntos de la Comunidad Ind\u00edgena y\" \/>\n<meta property=\"og:url\" content=\"https:\/\/nbcs.mx\/?p=162075\" \/>\n<meta property=\"og:site_name\" content=\"NBCS Noticias\" \/>\n<meta property=\"article:publisher\" content=\"https:\/\/www.facebook.com\/NBCSnoticias\" \/>\n<meta property=\"article:author\" content=\"https:\/\/www.facebook.com\/NBCSnoticias\" \/>\n<meta property=\"article:published_time\" content=\"2026-03-05T13:34:15+00:00\" \/>\n<meta property=\"og:image\" content=\"https:\/\/nbcs.mx\/wp-content\/uploads\/2026\/03\/PUEBLOS-IND-2.jpeg\" \/>\n\t<meta property=\"og:image:width\" content=\"1200\" \/>\n\t<meta property=\"og:image:height\" content=\"1259\" \/>\n\t<meta property=\"og:image:type\" content=\"image\/jpeg\" \/>\n<meta name=\"author\" content=\"NBCS Noticias\" \/>\n<meta name=\"twitter:card\" content=\"summary_large_image\" \/>\n<meta name=\"twitter:creator\" content=\"@https:\/\/twitter.com\/NBCSnoticias\" \/>\n<meta name=\"twitter:site\" content=\"@NBCSnoticias\" \/>\n<meta name=\"twitter:label1\" content=\"Escrito por\" \/>\n\t<meta name=\"twitter:data1\" content=\"NBCS Noticias\" \/>\n\t<meta name=\"twitter:label2\" content=\"Tiempo de lectura\" \/>\n\t<meta name=\"twitter:data2\" content=\"2 minutos\" \/>\n<script type=\"application\/ld+json\" class=\"yoast-schema-graph\">{\"@context\":\"https:\\\/\\\/schema.org\",\"@graph\":[{\"@type\":\"Article\",\"@id\":\"https:\\\/\\\/nbcs.mx\\\/?p=162075#article\",\"isPartOf\":{\"@id\":\"https:\\\/\\\/nbcs.mx\\\/?p=162075\"},\"author\":{\"name\":\"NBCS Noticias\",\"@id\":\"https:\\\/\\\/nbcs.mx\\\/#\\\/schema\\\/person\\\/ece58bab9a7c1e87a4d28ec9ecd79ff4\"},\"headline\":\"Impulsa ayuntamiento de Loreto participaci\u00f3n de la comunidad indigena en integraci\u00f3n de su consejo estatal\",\"datePublished\":\"2026-03-05T13:34:15+00:00\",\"mainEntityOfPage\":{\"@id\":\"https:\\\/\\\/nbcs.mx\\\/?p=162075\"},\"wordCount\":314,\"commentCount\":0,\"publisher\":{\"@id\":\"https:\\\/\\\/nbcs.mx\\\/#organization\"},\"image\":{\"@id\":\"https:\\\/\\\/nbcs.mx\\\/?p=162075#primaryimage\"},\"thumbnailUrl\":\"https:\\\/\\\/nbcs.mx\\\/wp-content\\\/uploads\\\/2026\\\/03\\\/PUEBLOS-IND-2.jpeg\",\"articleSection\":[\"Municipios\"],\"inLanguage\":\"es\",\"potentialAction\":[{\"@type\":\"CommentAction\",\"name\":\"Comment\",\"target\":[\"https:\\\/\\\/nbcs.mx\\\/?p=162075#respond\"]}]},{\"@type\":\"WebPage\",\"@id\":\"https:\\\/\\\/nbcs.mx\\\/?p=162075\",\"url\":\"https:\\\/\\\/nbcs.mx\\\/?p=162075\",\"name\":\"Impulsa ayuntamiento de Loreto participaci\u00f3n de la comunidad indigena en integraci\u00f3n de su consejo estatal - NBCS Noticias\",\"isPartOf\":{\"@id\":\"https:\\\/\\\/nbcs.mx\\\/#website\"},\"primaryImageOfPage\":{\"@id\":\"https:\\\/\\\/nbcs.mx\\\/?p=162075#primaryimage\"},\"image\":{\"@id\":\"https:\\\/\\\/nbcs.mx\\\/?p=162075#primaryimage\"},\"thumbnailUrl\":\"https:\\\/\\\/nbcs.mx\\\/wp-content\\\/uploads\\\/2026\\\/03\\\/PUEBLOS-IND-2.jpeg\",\"datePublished\":\"2026-03-05T13:34:15+00:00\",\"breadcrumb\":{\"@id\":\"https:\\\/\\\/nbcs.mx\\\/?p=162075#breadcrumb\"},\"inLanguage\":\"es\",\"potentialAction\":[{\"@type\":\"ReadAction\",\"target\":[\"https:\\\/\\\/nbcs.mx\\\/?p=162075\"]}]},{\"@type\":\"ImageObject\",\"inLanguage\":\"es\",\"@id\":\"https:\\\/\\\/nbcs.mx\\\/?p=162075#primaryimage\",\"url\":\"https:\\\/\\\/nbcs.mx\\\/wp-content\\\/uploads\\\/2026\\\/03\\\/PUEBLOS-IND-2.jpeg\",\"contentUrl\":\"https:\\\/\\\/nbcs.mx\\\/wp-content\\\/uploads\\\/2026\\\/03\\\/PUEBLOS-IND-2.jpeg\",\"width\":1200,\"height\":1259},{\"@type\":\"BreadcrumbList\",\"@id\":\"https:\\\/\\\/nbcs.mx\\\/?p=162075#breadcrumb\",\"itemListElement\":[{\"@type\":\"ListItem\",\"position\":1,\"name\":\"Portada\",\"item\":\"https:\\\/\\\/nbcs.mx\\\/\"},{\"@type\":\"ListItem\",\"position\":2,\"name\":\"Impulsa ayuntamiento de Loreto participaci\u00f3n de la comunidad indigena en integraci\u00f3n de su consejo estatal\"}]},{\"@type\":\"WebSite\",\"@id\":\"https:\\\/\\\/nbcs.mx\\\/#website\",\"url\":\"https:\\\/\\\/nbcs.mx\\\/\",\"name\":\"NBCS Noticias\",\"description\":\"Sitio web de noticias en Baja California Sur\",\"publisher\":{\"@id\":\"https:\\\/\\\/nbcs.mx\\\/#organization\"},\"potentialAction\":[{\"@type\":\"SearchAction\",\"target\":{\"@type\":\"EntryPoint\",\"urlTemplate\":\"https:\\\/\\\/nbcs.mx\\\/?s={search_term_string}\"},\"query-input\":{\"@type\":\"PropertyValueSpecification\",\"valueRequired\":true,\"valueName\":\"search_term_string\"}}],\"inLanguage\":\"es\"},{\"@type\":\"Organization\",\"@id\":\"https:\\\/\\\/nbcs.mx\\\/#organization\",\"name\":\"NBCS Noticias\",\"url\":\"https:\\\/\\\/nbcs.mx\\\/\",\"logo\":{\"@type\":\"ImageObject\",\"inLanguage\":\"es\",\"@id\":\"https:\\\/\\\/nbcs.mx\\\/#\\\/schema\\\/logo\\\/image\\\/\",\"url\":\"https:\\\/\\\/nbcs.mx\\\/wp-content\\\/uploads\\\/2018\\\/09\\\/057b69485e93575a5c2b1c1dde2dd297.jpeg\",\"contentUrl\":\"https:\\\/\\\/nbcs.mx\\\/wp-content\\\/uploads\\\/2018\\\/09\\\/057b69485e93575a5c2b1c1dde2dd297.jpeg\",\"width\":64,\"height\":64,\"caption\":\"NBCS Noticias\"},\"image\":{\"@id\":\"https:\\\/\\\/nbcs.mx\\\/#\\\/schema\\\/logo\\\/image\\\/\"},\"sameAs\":[\"https:\\\/\\\/www.facebook.com\\\/NBCSnoticias\",\"https:\\\/\\\/x.com\\\/NBCSnoticias\"]},{\"@type\":\"Person\",\"@id\":\"https:\\\/\\\/nbcs.mx\\\/#\\\/schema\\\/person\\\/ece58bab9a7c1e87a4d28ec9ecd79ff4\",\"name\":\"NBCS Noticias\",\"image\":{\"@type\":\"ImageObject\",\"inLanguage\":\"es\",\"@id\":\"https:\\\/\\\/secure.gravatar.com\\\/avatar\\\/4e52110cad1c4054b43271a0d14bbe9e2ea76aecd0e1097edfc670798d9ca1d4?s=96&d=blank&r=g\",\"url\":\"https:\\\/\\\/secure.gravatar.com\\\/avatar\\\/4e52110cad1c4054b43271a0d14bbe9e2ea76aecd0e1097edfc670798d9ca1d4?s=96&d=blank&r=g\",\"contentUrl\":\"https:\\\/\\\/secure.gravatar.com\\\/avatar\\\/4e52110cad1c4054b43271a0d14bbe9e2ea76aecd0e1097edfc670798d9ca1d4?s=96&d=blank&r=g\",\"caption\":\"NBCS Noticias\"},\"description\":\"\u00bfTienes fotos o video de alg\u00fan acto de posible negligencia, corrupci\u00f3n y abuso de autoridad? M\u00e1ndalo al WhatsApp de NBCS Noticias: 612 141 98 08\",\"sameAs\":[\"https:\\\/\\\/www.nbcs.mx\",\"https:\\\/\\\/www.facebook.com\\\/NBCSnoticias\",\"https:\\\/\\\/www.instagram.com\\\/nbcsnoticias\\\/\",\"https:\\\/\\\/x.com\\\/https:\\\/\\\/twitter.com\\\/NBCSnoticias\"]}]}<\/script>\n<!-- \/ Yoast SEO plugin. -->","yoast_head_json":{"title":"Impulsa ayuntamiento de Loreto participaci\u00f3n de la comunidad indigena en integraci\u00f3n de su consejo estatal - NBCS Noticias","robots":{"index":"index","follow":"follow","max-snippet":"max-snippet:-1","max-image-preview":"max-image-preview:large","max-video-preview":"max-video-preview:-1"},"canonical":"https:\/\/nbcs.mx\/?p=162075","og_locale":"es_ES","og_type":"article","og_title":"Impulsa ayuntamiento de Loreto participaci\u00f3n de la comunidad indigena en integraci\u00f3n de su consejo estatal - NBCS Noticias","og_description":"El XI Ayuntamiento de Loreto, a trav\u00e9s de la Coordinaci\u00f3n para la Atenci\u00f3n de Asuntos de la Comunidad Ind\u00edgena y","og_url":"https:\/\/nbcs.mx\/?p=162075","og_site_name":"NBCS Noticias","article_publisher":"https:\/\/www.facebook.com\/NBCSnoticias","article_author":"https:\/\/www.facebook.com\/NBCSnoticias","article_published_time":"2026-03-05T13:34:15+00:00","og_image":[{"width":1200,"height":1259,"url":"https:\/\/nbcs.mx\/wp-content\/uploads\/2026\/03\/PUEBLOS-IND-2.jpeg","type":"image\/jpeg"}],"author":"NBCS Noticias","twitter_card":"summary_large_image","twitter_creator":"@https:\/\/twitter.com\/NBCSnoticias","twitter_site":"@NBCSnoticias","twitter_misc":{"Escrito por":"NBCS Noticias","Tiempo de lectura":"2 minutos"},"schema":{"@context":"https:\/\/schema.org","@graph":[{"@type":"Article","@id":"https:\/\/nbcs.mx\/?p=162075#article","isPartOf":{"@id":"https:\/\/nbcs.mx\/?p=162075"},"author":{"name":"NBCS Noticias","@id":"https:\/\/nbcs.mx\/#\/schema\/person\/ece58bab9a7c1e87a4d28ec9ecd79ff4"},"headline":"Impulsa ayuntamiento de Loreto participaci\u00f3n de la comunidad indigena en integraci\u00f3n de su consejo estatal","datePublished":"2026-03-05T13:34:15+00:00","mainEntityOfPage":{"@id":"https:\/\/nbcs.mx\/?p=162075"},"wordCount":314,"commentCount":0,"publisher":{"@id":"https:\/\/nbcs.mx\/#organization"},"image":{"@id":"https:\/\/nbcs.mx\/?p=162075#primaryimage"},"thumbnailUrl":"https:\/\/nbcs.mx\/wp-content\/uploads\/2026\/03\/PUEBLOS-IND-2.jpeg","articleSection":["Municipios"],"inLanguage":"es","potentialAction":[{"@type":"CommentAction","name":"Comment","target":["https:\/\/nbcs.mx\/?p=162075#respond"]}]},{"@type":"WebPage","@id":"https:\/\/nbcs.mx\/?p=162075","url":"https:\/\/nbcs.mx\/?p=162075","name":"Impulsa ayuntamiento de Loreto participaci\u00f3n de la comunidad indigena en integraci\u00f3n de su consejo estatal - NBCS Noticias","isPartOf":{"@id":"https:\/\/nbcs.mx\/#website"},"primaryImageOfPage":{"@id":"https:\/\/nbcs.mx\/?p=162075#primaryimage"},"image":{"@id":"https:\/\/nbcs.mx\/?p=162075#primaryimage"},"thumbnailUrl":"https:\/\/nbcs.mx\/wp-content\/uploads\/2026\/03\/PUEBLOS-IND-2.jpeg","datePublished":"2026-03-05T13:34:15+00:00","breadcrumb":{"@id":"https:\/\/nbcs.mx\/?p=162075#breadcrumb"},"inLanguage":"es","potentialAction":[{"@type":"ReadAction","target":["https:\/\/nbcs.mx\/?p=162075"]}]},{"@type":"ImageObject","inLanguage":"es","@id":"https:\/\/nbcs.mx\/?p=162075#primaryimage","url":"https:\/\/nbcs.mx\/wp-content\/uploads\/2026\/03\/PUEBLOS-IND-2.jpeg","contentUrl":"https:\/\/nbcs.mx\/wp-content\/uploads\/2026\/03\/PUEBLOS-IND-2.jpeg","width":1200,"height":1259},{"@type":"BreadcrumbList","@id":"https:\/\/nbcs.mx\/?p=162075#breadcrumb","itemListElement":[{"@type":"ListItem","position":1,"name":"Portada","item":"https:\/\/nbcs.mx\/"},{"@type":"ListItem","position":2,"name":"Impulsa ayuntamiento de Loreto participaci\u00f3n de la comunidad indigena en integraci\u00f3n de su consejo estatal"}]},{"@type":"WebSite","@id":"https:\/\/nbcs.mx\/#website","url":"https:\/\/nbcs.mx\/","name":"NBCS Noticias","description":"Sitio web de noticias en Baja California Sur","publisher":{"@id":"https:\/\/nbcs.mx\/#organization"},"potentialAction":[{"@type":"SearchAction","target":{"@type":"EntryPoint","urlTemplate":"https:\/\/nbcs.mx\/?s={search_term_string}"},"query-input":{"@type":"PropertyValueSpecification","valueRequired":true,"valueName":"search_term_string"}}],"inLanguage":"es"},{"@type":"Organization","@id":"https:\/\/nbcs.mx\/#organization","name":"NBCS Noticias","url":"https:\/\/nbcs.mx\/","logo":{"@type":"ImageObject","inLanguage":"es","@id":"https:\/\/nbcs.mx\/#\/schema\/logo\/image\/","url":"https:\/\/nbcs.mx\/wp-content\/uploads\/2018\/09\/057b69485e93575a5c2b1c1dde2dd297.jpeg","contentUrl":"https:\/\/nbcs.mx\/wp-content\/uploads\/2018\/09\/057b69485e93575a5c2b1c1dde2dd297.jpeg","width":64,"height":64,"caption":"NBCS Noticias"},"image":{"@id":"https:\/\/nbcs.mx\/#\/schema\/logo\/image\/"},"sameAs":["https:\/\/www.facebook.com\/NBCSnoticias","https:\/\/x.com\/NBCSnoticias"]},{"@type":"Person","@id":"https:\/\/nbcs.mx\/#\/schema\/person\/ece58bab9a7c1e87a4d28ec9ecd79ff4","name":"NBCS Noticias","image":{"@type":"ImageObject","inLanguage":"es","@id":"https:\/\/secure.gravatar.com\/avatar\/4e52110cad1c4054b43271a0d14bbe9e2ea76aecd0e1097edfc670798d9ca1d4?s=96&d=blank&r=g","url":"https:\/\/secure.gravatar.com\/avatar\/4e52110cad1c4054b43271a0d14bbe9e2ea76aecd0e1097edfc670798d9ca1d4?s=96&d=blank&r=g","contentUrl":"https:\/\/secure.gravatar.com\/avatar\/4e52110cad1c4054b43271a0d14bbe9e2ea76aecd0e1097edfc670798d9ca1d4?s=96&d=blank&r=g","caption":"NBCS Noticias"},"description":"\u00bfTienes fotos o video de alg\u00fan acto de posible negligencia, corrupci\u00f3n y abuso de autoridad? M\u00e1ndalo al WhatsApp de NBCS Noticias: 612 141 98 08","sameAs":["https:\/\/www.nbcs.mx","https:\/\/www.facebook.com\/NBCSnoticias","https:\/\/www.instagram.com\/nbcsnoticias\/","https:\/\/x.com\/https:\/\/twitter.com\/NBCSnoticias"]}]}},"jetpack_publicize_connections":[],"jetpack_featured_media_url":"https:\/\/nbcs.mx\/wp-content\/uploads\/2026\/03\/PUEBLOS-IND-2.jpeg","jetpack_sharing_enabled":true,"_links":{"self":[{"href":"https:\/\/nbcs.mx\/index.php?rest_route=\/wp\/v2\/posts\/162075","targetHints":{"allow":["GET"]}}],"collection":[{"href":"https:\/\/nbcs.mx\/index.php?rest_route=\/wp\/v2\/posts"}],"about":[{"href":"https:\/\/nbcs.mx\/index.php?rest_route=\/wp\/v2\/types\/post"}],"author":[{"embeddable":true,"href":"https:\/\/nbcs.mx\/index.php?rest_route=\/wp\/v2\/users\/1"}],"replies":[{"embeddable":true,"href":"https:\/\/nbcs.mx\/index.php?rest_route=%2Fwp%2Fv2%2Fcomments&post=162075"}],"version-history":[{"count":1,"href":"https:\/\/nbcs.mx\/index.php?rest_route=\/wp\/v2\/posts\/162075\/revisions"}],"predecessor-version":[{"id":162077,"href":"https:\/\/nbcs.mx\/index.php?rest_route=\/wp\/v2\/posts\/162075\/revisions\/162077"}],"wp:featuredmedia":[{"embeddable":true,"href":"https:\/\/nbcs.mx\/index.php?rest_route=\/wp\/v2\/media\/162076"}],"wp:attachment":[{"href":"https:\/\/nbcs.mx\/index.php?rest_route=%2Fwp%2Fv2%2Fmedia&parent=162075"}],"wp:term":[{"taxonomy":"category","embeddable":true,"href":"https:\/\/nbcs.mx\/index.php?rest_route=%2Fwp%2Fv2%2Fcategories&post=162075"},{"taxonomy":"post_tag","embeddable":true,"href":"https:\/\/nbcs.mx\/index.php?rest_route=%2Fwp%2Fv2%2Ftags&post=162075"}],"curies":[{"name":"wp","href":"https:\/\/api.w.org\/{rel}","templated":true}]}}