{"id":162091,"date":"2026-03-05T20:22:49","date_gmt":"2026-03-06T03:22:49","guid":{"rendered":"https:\/\/nbcs.mx\/?p=162091"},"modified":"2026-03-05T20:22:49","modified_gmt":"2026-03-06T03:22:49","slug":"se-prepara-los-cabos-para-el-regreso-del-ironman-70-3-con-mas-de-1500-atletas","status":"publish","type":"post","link":"https:\/\/nbcs.mx\/?p=162091","title":{"rendered":"Se prepara Los Cabos para el regreso del Ironman 70.3 con m\u00e1s de 1,500 atletas"},"content":{"rendered":"<p style=\"text-align: justify;\"><img loading=\"lazy\" decoding=\"async\" class=\" wp-image-56465 alignleft\" src=\"https:\/\/nbcs.mx\/wp-content\/uploads\/2019\/11\/03-Ironman-70.3-2019-pone-a-Los-Cabos-en-los-ojos-del-mundo-deportivo-Castro-Perpuli--738x492.jpeg\" alt=\"\" width=\"389\" height=\"259\" srcset=\"https:\/\/nbcs.mx\/wp-content\/uploads\/2019\/11\/03-Ironman-70.3-2019-pone-a-Los-Cabos-en-los-ojos-del-mundo-deportivo-Castro-Perpuli--738x492.jpeg 738w, https:\/\/nbcs.mx\/wp-content\/uploads\/2019\/11\/03-Ironman-70.3-2019-pone-a-Los-Cabos-en-los-ojos-del-mundo-deportivo-Castro-Perpuli--150x100.jpeg 150w, https:\/\/nbcs.mx\/wp-content\/uploads\/2019\/11\/03-Ironman-70.3-2019-pone-a-Los-Cabos-en-los-ojos-del-mundo-deportivo-Castro-Perpuli--768x512.jpeg 768w, https:\/\/nbcs.mx\/wp-content\/uploads\/2019\/11\/03-Ironman-70.3-2019-pone-a-Los-Cabos-en-los-ojos-del-mundo-deportivo-Castro-Perpuli--1024x682.jpeg 1024w, https:\/\/nbcs.mx\/wp-content\/uploads\/2019\/11\/03-Ironman-70.3-2019-pone-a-Los-Cabos-en-los-ojos-del-mundo-deportivo-Castro-Perpuli-.jpeg 1280w\" sizes=\"auto, (max-width: 389px) 100vw, 389px\" \/>El XV Ayuntamiento de Los Cabos inici\u00f3 los preparativos para el regreso del triatl\u00f3n internacional Ironman 70.3, programado para el pr\u00f3ximo 24 de abril, evento que se espera re\u00fana a m\u00e1s de mil 500 atletas de distintos pa\u00edses.<\/p>\n<p style=\"text-align: justify;\">La directora general de Fomento Econ\u00f3mico, Abril Urueta Mart\u00ednez, destac\u00f3 que tras tres a\u00f1os de ausencia, el municipio trabaja en la coordinaci\u00f3n operativa para recibir nuevamente esta competencia de talla internacional, considerada una de las m\u00e1s importantes del triatl\u00f3n de media distancia.<\/p>\n<p style=\"text-align: justify;\">\u201cEste importante evento es muy esperado. Gracias a la gesti\u00f3n de la Administraci\u00f3n municipal estamos retomando esta competencia internacional. Durante una reciente promoci\u00f3n en Monterrey pudimos constatar el inter\u00e9s de atletas por participar en Los Cabos. Esperamos m\u00e1s de 1,500 participantes y hacemos una invitaci\u00f3n a la ciudadan\u00eda a sumarse y apoyar este evento deportivo y familiar\u201d, expres\u00f3.<\/p>\n<p style=\"text-align: justify;\">El Ironman 70.3 contempla tres disciplinas consecutivas que suman 113 kil\u00f3metros: 1.9 kil\u00f3metros de nataci\u00f3n, 90 kil\u00f3metros de ciclismo y 21.1 kil\u00f3metros de carrera a pie, lo que lo convierte en uno de los retos deportivos m\u00e1s exigentes del calendario internacional.<\/p>\n<p style=\"text-align: justify;\">Adem\u00e1s de su impacto deportivo, el evento representa una importante derrama econ\u00f3mica para el destino, ya que atletas y acompa\u00f1antes suelen extender su estancia, beneficiando a sectores como la hoteler\u00eda, restaurantes, comercio y servicios tur\u00edsticos.<\/p>\n<p style=\"text-align: justify;\">Con el regreso de esta competencia, el Ayuntamiento de Los Cabos busca fortalecer la proyecci\u00f3n del municipio como sede de eventos deportivos internacionales y consolidar su posicionamiento en el turismo deportivo.<\/p>\n<div class=\"addtoany_share_save_container addtoany_content addtoany_content_bottom\">\n<div class=\"a2a_kit a2a_kit_size_32 addtoany_list\" style=\"text-align: justify;\" data-a2a-url=\"https:\/\/www.palabrabcs.com\/municipios\/los-cabos\/se-prepara-los-cabos-para-el-regreso-del-ironman-70-3-con-mas-de-1500-atletas\/\" data-a2a-title=\"Se prepara Los Cabos para el regreso del Ironman 70.3 con m\u00e1s de 1,500 atletas\"><\/div>\n<\/div>\n","protected":false},"excerpt":{"rendered":"<p>El XV Ayuntamiento de Los Cabos inici\u00f3 los preparativos para el regreso del triatl\u00f3n internacional Ironman 70.3, programado para el<\/p>\n","protected":false},"author":1,"featured_media":56465,"comment_status":"open","ping_status":"closed","sticky":false,"template":"","format":"standard","meta":{"colormag_page_container_layout":"default_layout","colormag_page_sidebar_layout":"default_layout","_jetpack_memberships_contains_paid_content":false,"footnotes":"","jetpack_publicize_message":"","jetpack_publicize_feature_enabled":true,"jetpack_social_post_already_shared":true,"jetpack_social_options":{"image_generator_settings":{"template":"highway","default_image_id":0,"font":"","enabled":false},"version":2}},"categories":[23],"tags":[],"class_list":["post-162091","post","type-post","status-publish","format-standard","has-post-thumbnail","hentry","category-deportes"],"yoast_head":"<!-- This site is optimized with the Yoast SEO plugin v27.5 - https:\/\/yoast.com\/product\/yoast-seo-wordpress\/ -->\n<title>Se prepara Los Cabos para el regreso del Ironman 70.3 con m\u00e1s de 1,500 atletas - NBCS Noticias<\/title>\n<meta name=\"robots\" content=\"index, follow, max-snippet:-1, max-image-preview:large, max-video-preview:-1\" \/>\n<link rel=\"canonical\" href=\"https:\/\/nbcs.mx\/?p=162091\" \/>\n<meta property=\"og:locale\" content=\"es_ES\" \/>\n<meta property=\"og:type\" content=\"article\" \/>\n<meta property=\"og:title\" content=\"Se prepara Los Cabos para el regreso del Ironman 70.3 con m\u00e1s de 1,500 atletas - NBCS Noticias\" \/>\n<meta property=\"og:description\" content=\"El XV Ayuntamiento de Los Cabos inici\u00f3 los preparativos para el regreso del triatl\u00f3n internacional Ironman 70.3, programado para el\" \/>\n<meta property=\"og:url\" content=\"https:\/\/nbcs.mx\/?p=162091\" \/>\n<meta property=\"og:site_name\" content=\"NBCS Noticias\" \/>\n<meta property=\"article:publisher\" content=\"https:\/\/www.facebook.com\/NBCSnoticias\" \/>\n<meta property=\"article:author\" content=\"https:\/\/www.facebook.com\/NBCSnoticias\" \/>\n<meta property=\"article:published_time\" content=\"2026-03-06T03:22:49+00:00\" \/>\n<meta property=\"og:image\" content=\"https:\/\/nbcs.mx\/wp-content\/uploads\/2019\/11\/03-Ironman-70.3-2019-pone-a-Los-Cabos-en-los-ojos-del-mundo-deportivo-Castro-Perpuli-.jpeg\" \/>\n\t<meta property=\"og:image:width\" content=\"1280\" \/>\n\t<meta property=\"og:image:height\" content=\"853\" \/>\n\t<meta property=\"og:image:type\" content=\"image\/jpeg\" \/>\n<meta name=\"author\" content=\"NBCS Noticias\" \/>\n<meta name=\"twitter:card\" content=\"summary_large_image\" \/>\n<meta name=\"twitter:creator\" content=\"@https:\/\/twitter.com\/NBCSnoticias\" \/>\n<meta name=\"twitter:site\" content=\"@NBCSnoticias\" \/>\n<meta name=\"twitter:label1\" content=\"Escrito por\" \/>\n\t<meta name=\"twitter:data1\" content=\"NBCS Noticias\" \/>\n\t<meta name=\"twitter:label2\" content=\"Tiempo de lectura\" \/>\n\t<meta name=\"twitter:data2\" content=\"2 minutos\" \/>\n<script type=\"application\/ld+json\" class=\"yoast-schema-graph\">{\"@context\":\"https:\\\/\\\/schema.org\",\"@graph\":[{\"@type\":\"Article\",\"@id\":\"https:\\\/\\\/nbcs.mx\\\/?p=162091#article\",\"isPartOf\":{\"@id\":\"https:\\\/\\\/nbcs.mx\\\/?p=162091\"},\"author\":{\"name\":\"NBCS Noticias\",\"@id\":\"https:\\\/\\\/nbcs.mx\\\/#\\\/schema\\\/person\\\/ece58bab9a7c1e87a4d28ec9ecd79ff4\"},\"headline\":\"Se prepara Los Cabos para el regreso del Ironman 70.3 con m\u00e1s de 1,500 atletas\",\"datePublished\":\"2026-03-06T03:22:49+00:00\",\"mainEntityOfPage\":{\"@id\":\"https:\\\/\\\/nbcs.mx\\\/?p=162091\"},\"wordCount\":280,\"commentCount\":0,\"publisher\":{\"@id\":\"https:\\\/\\\/nbcs.mx\\\/#organization\"},\"image\":{\"@id\":\"https:\\\/\\\/nbcs.mx\\\/?p=162091#primaryimage\"},\"thumbnailUrl\":\"https:\\\/\\\/nbcs.mx\\\/wp-content\\\/uploads\\\/2019\\\/11\\\/03-Ironman-70.3-2019-pone-a-Los-Cabos-en-los-ojos-del-mundo-deportivo-Castro-Perpuli-.jpeg\",\"articleSection\":[\"Deportes\"],\"inLanguage\":\"es\",\"potentialAction\":[{\"@type\":\"CommentAction\",\"name\":\"Comment\",\"target\":[\"https:\\\/\\\/nbcs.mx\\\/?p=162091#respond\"]}]},{\"@type\":\"WebPage\",\"@id\":\"https:\\\/\\\/nbcs.mx\\\/?p=162091\",\"url\":\"https:\\\/\\\/nbcs.mx\\\/?p=162091\",\"name\":\"Se prepara Los Cabos para el regreso del Ironman 70.3 con m\u00e1s de 1,500 atletas - NBCS Noticias\",\"isPartOf\":{\"@id\":\"https:\\\/\\\/nbcs.mx\\\/#website\"},\"primaryImageOfPage\":{\"@id\":\"https:\\\/\\\/nbcs.mx\\\/?p=162091#primaryimage\"},\"image\":{\"@id\":\"https:\\\/\\\/nbcs.mx\\\/?p=162091#primaryimage\"},\"thumbnailUrl\":\"https:\\\/\\\/nbcs.mx\\\/wp-content\\\/uploads\\\/2019\\\/11\\\/03-Ironman-70.3-2019-pone-a-Los-Cabos-en-los-ojos-del-mundo-deportivo-Castro-Perpuli-.jpeg\",\"datePublished\":\"2026-03-06T03:22:49+00:00\",\"breadcrumb\":{\"@id\":\"https:\\\/\\\/nbcs.mx\\\/?p=162091#breadcrumb\"},\"inLanguage\":\"es\",\"potentialAction\":[{\"@type\":\"ReadAction\",\"target\":[\"https:\\\/\\\/nbcs.mx\\\/?p=162091\"]}]},{\"@type\":\"ImageObject\",\"inLanguage\":\"es\",\"@id\":\"https:\\\/\\\/nbcs.mx\\\/?p=162091#primaryimage\",\"url\":\"https:\\\/\\\/nbcs.mx\\\/wp-content\\\/uploads\\\/2019\\\/11\\\/03-Ironman-70.3-2019-pone-a-Los-Cabos-en-los-ojos-del-mundo-deportivo-Castro-Perpuli-.jpeg\",\"contentUrl\":\"https:\\\/\\\/nbcs.mx\\\/wp-content\\\/uploads\\\/2019\\\/11\\\/03-Ironman-70.3-2019-pone-a-Los-Cabos-en-los-ojos-del-mundo-deportivo-Castro-Perpuli-.jpeg\",\"width\":1280,\"height\":853},{\"@type\":\"BreadcrumbList\",\"@id\":\"https:\\\/\\\/nbcs.mx\\\/?p=162091#breadcrumb\",\"itemListElement\":[{\"@type\":\"ListItem\",\"position\":1,\"name\":\"Portada\",\"item\":\"https:\\\/\\\/nbcs.mx\\\/\"},{\"@type\":\"ListItem\",\"position\":2,\"name\":\"Se prepara Los Cabos para el regreso del Ironman 70.3 con m\u00e1s de 1,500 atletas\"}]},{\"@type\":\"WebSite\",\"@id\":\"https:\\\/\\\/nbcs.mx\\\/#website\",\"url\":\"https:\\\/\\\/nbcs.mx\\\/\",\"name\":\"NBCS Noticias\",\"description\":\"Sitio web de noticias en Baja California Sur\",\"publisher\":{\"@id\":\"https:\\\/\\\/nbcs.mx\\\/#organization\"},\"potentialAction\":[{\"@type\":\"SearchAction\",\"target\":{\"@type\":\"EntryPoint\",\"urlTemplate\":\"https:\\\/\\\/nbcs.mx\\\/?s={search_term_string}\"},\"query-input\":{\"@type\":\"PropertyValueSpecification\",\"valueRequired\":true,\"valueName\":\"search_term_string\"}}],\"inLanguage\":\"es\"},{\"@type\":\"Organization\",\"@id\":\"https:\\\/\\\/nbcs.mx\\\/#organization\",\"name\":\"NBCS Noticias\",\"url\":\"https:\\\/\\\/nbcs.mx\\\/\",\"logo\":{\"@type\":\"ImageObject\",\"inLanguage\":\"es\",\"@id\":\"https:\\\/\\\/nbcs.mx\\\/#\\\/schema\\\/logo\\\/image\\\/\",\"url\":\"https:\\\/\\\/nbcs.mx\\\/wp-content\\\/uploads\\\/2018\\\/09\\\/057b69485e93575a5c2b1c1dde2dd297.jpeg\",\"contentUrl\":\"https:\\\/\\\/nbcs.mx\\\/wp-content\\\/uploads\\\/2018\\\/09\\\/057b69485e93575a5c2b1c1dde2dd297.jpeg\",\"width\":64,\"height\":64,\"caption\":\"NBCS Noticias\"},\"image\":{\"@id\":\"https:\\\/\\\/nbcs.mx\\\/#\\\/schema\\\/logo\\\/image\\\/\"},\"sameAs\":[\"https:\\\/\\\/www.facebook.com\\\/NBCSnoticias\",\"https:\\\/\\\/x.com\\\/NBCSnoticias\"]},{\"@type\":\"Person\",\"@id\":\"https:\\\/\\\/nbcs.mx\\\/#\\\/schema\\\/person\\\/ece58bab9a7c1e87a4d28ec9ecd79ff4\",\"name\":\"NBCS Noticias\",\"image\":{\"@type\":\"ImageObject\",\"inLanguage\":\"es\",\"@id\":\"https:\\\/\\\/secure.gravatar.com\\\/avatar\\\/4e52110cad1c4054b43271a0d14bbe9e2ea76aecd0e1097edfc670798d9ca1d4?s=96&d=blank&r=g\",\"url\":\"https:\\\/\\\/secure.gravatar.com\\\/avatar\\\/4e52110cad1c4054b43271a0d14bbe9e2ea76aecd0e1097edfc670798d9ca1d4?s=96&d=blank&r=g\",\"contentUrl\":\"https:\\\/\\\/secure.gravatar.com\\\/avatar\\\/4e52110cad1c4054b43271a0d14bbe9e2ea76aecd0e1097edfc670798d9ca1d4?s=96&d=blank&r=g\",\"caption\":\"NBCS Noticias\"},\"description\":\"\u00bfTienes fotos o video de alg\u00fan acto de posible negligencia, corrupci\u00f3n y abuso de autoridad? M\u00e1ndalo al WhatsApp de NBCS Noticias: 612 141 98 08\",\"sameAs\":[\"https:\\\/\\\/www.nbcs.mx\",\"https:\\\/\\\/www.facebook.com\\\/NBCSnoticias\",\"https:\\\/\\\/www.instagram.com\\\/nbcsnoticias\\\/\",\"https:\\\/\\\/x.com\\\/https:\\\/\\\/twitter.com\\\/NBCSnoticias\"]}]}<\/script>\n<!-- \/ Yoast SEO plugin. -->","yoast_head_json":{"title":"Se prepara Los Cabos para el regreso del Ironman 70.3 con m\u00e1s de 1,500 atletas - NBCS Noticias","robots":{"index":"index","follow":"follow","max-snippet":"max-snippet:-1","max-image-preview":"max-image-preview:large","max-video-preview":"max-video-preview:-1"},"canonical":"https:\/\/nbcs.mx\/?p=162091","og_locale":"es_ES","og_type":"article","og_title":"Se prepara Los Cabos para el regreso del Ironman 70.3 con m\u00e1s de 1,500 atletas - NBCS Noticias","og_description":"El XV Ayuntamiento de Los Cabos inici\u00f3 los preparativos para el regreso del triatl\u00f3n internacional Ironman 70.3, programado para el","og_url":"https:\/\/nbcs.mx\/?p=162091","og_site_name":"NBCS Noticias","article_publisher":"https:\/\/www.facebook.com\/NBCSnoticias","article_author":"https:\/\/www.facebook.com\/NBCSnoticias","article_published_time":"2026-03-06T03:22:49+00:00","og_image":[{"width":1280,"height":853,"url":"https:\/\/nbcs.mx\/wp-content\/uploads\/2019\/11\/03-Ironman-70.3-2019-pone-a-Los-Cabos-en-los-ojos-del-mundo-deportivo-Castro-Perpuli-.jpeg","type":"image\/jpeg"}],"author":"NBCS Noticias","twitter_card":"summary_large_image","twitter_creator":"@https:\/\/twitter.com\/NBCSnoticias","twitter_site":"@NBCSnoticias","twitter_misc":{"Escrito por":"NBCS Noticias","Tiempo de lectura":"2 minutos"},"schema":{"@context":"https:\/\/schema.org","@graph":[{"@type":"Article","@id":"https:\/\/nbcs.mx\/?p=162091#article","isPartOf":{"@id":"https:\/\/nbcs.mx\/?p=162091"},"author":{"name":"NBCS Noticias","@id":"https:\/\/nbcs.mx\/#\/schema\/person\/ece58bab9a7c1e87a4d28ec9ecd79ff4"},"headline":"Se prepara Los Cabos para el regreso del Ironman 70.3 con m\u00e1s de 1,500 atletas","datePublished":"2026-03-06T03:22:49+00:00","mainEntityOfPage":{"@id":"https:\/\/nbcs.mx\/?p=162091"},"wordCount":280,"commentCount":0,"publisher":{"@id":"https:\/\/nbcs.mx\/#organization"},"image":{"@id":"https:\/\/nbcs.mx\/?p=162091#primaryimage"},"thumbnailUrl":"https:\/\/nbcs.mx\/wp-content\/uploads\/2019\/11\/03-Ironman-70.3-2019-pone-a-Los-Cabos-en-los-ojos-del-mundo-deportivo-Castro-Perpuli-.jpeg","articleSection":["Deportes"],"inLanguage":"es","potentialAction":[{"@type":"CommentAction","name":"Comment","target":["https:\/\/nbcs.mx\/?p=162091#respond"]}]},{"@type":"WebPage","@id":"https:\/\/nbcs.mx\/?p=162091","url":"https:\/\/nbcs.mx\/?p=162091","name":"Se prepara Los Cabos para el regreso del Ironman 70.3 con m\u00e1s de 1,500 atletas - NBCS Noticias","isPartOf":{"@id":"https:\/\/nbcs.mx\/#website"},"primaryImageOfPage":{"@id":"https:\/\/nbcs.mx\/?p=162091#primaryimage"},"image":{"@id":"https:\/\/nbcs.mx\/?p=162091#primaryimage"},"thumbnailUrl":"https:\/\/nbcs.mx\/wp-content\/uploads\/2019\/11\/03-Ironman-70.3-2019-pone-a-Los-Cabos-en-los-ojos-del-mundo-deportivo-Castro-Perpuli-.jpeg","datePublished":"2026-03-06T03:22:49+00:00","breadcrumb":{"@id":"https:\/\/nbcs.mx\/?p=162091#breadcrumb"},"inLanguage":"es","potentialAction":[{"@type":"ReadAction","target":["https:\/\/nbcs.mx\/?p=162091"]}]},{"@type":"ImageObject","inLanguage":"es","@id":"https:\/\/nbcs.mx\/?p=162091#primaryimage","url":"https:\/\/nbcs.mx\/wp-content\/uploads\/2019\/11\/03-Ironman-70.3-2019-pone-a-Los-Cabos-en-los-ojos-del-mundo-deportivo-Castro-Perpuli-.jpeg","contentUrl":"https:\/\/nbcs.mx\/wp-content\/uploads\/2019\/11\/03-Ironman-70.3-2019-pone-a-Los-Cabos-en-los-ojos-del-mundo-deportivo-Castro-Perpuli-.jpeg","width":1280,"height":853},{"@type":"BreadcrumbList","@id":"https:\/\/nbcs.mx\/?p=162091#breadcrumb","itemListElement":[{"@type":"ListItem","position":1,"name":"Portada","item":"https:\/\/nbcs.mx\/"},{"@type":"ListItem","position":2,"name":"Se prepara Los Cabos para el regreso del Ironman 70.3 con m\u00e1s de 1,500 atletas"}]},{"@type":"WebSite","@id":"https:\/\/nbcs.mx\/#website","url":"https:\/\/nbcs.mx\/","name":"NBCS Noticias","description":"Sitio web de noticias en Baja California Sur","publisher":{"@id":"https:\/\/nbcs.mx\/#organization"},"potentialAction":[{"@type":"SearchAction","target":{"@type":"EntryPoint","urlTemplate":"https:\/\/nbcs.mx\/?s={search_term_string}"},"query-input":{"@type":"PropertyValueSpecification","valueRequired":true,"valueName":"search_term_string"}}],"inLanguage":"es"},{"@type":"Organization","@id":"https:\/\/nbcs.mx\/#organization","name":"NBCS Noticias","url":"https:\/\/nbcs.mx\/","logo":{"@type":"ImageObject","inLanguage":"es","@id":"https:\/\/nbcs.mx\/#\/schema\/logo\/image\/","url":"https:\/\/nbcs.mx\/wp-content\/uploads\/2018\/09\/057b69485e93575a5c2b1c1dde2dd297.jpeg","contentUrl":"https:\/\/nbcs.mx\/wp-content\/uploads\/2018\/09\/057b69485e93575a5c2b1c1dde2dd297.jpeg","width":64,"height":64,"caption":"NBCS Noticias"},"image":{"@id":"https:\/\/nbcs.mx\/#\/schema\/logo\/image\/"},"sameAs":["https:\/\/www.facebook.com\/NBCSnoticias","https:\/\/x.com\/NBCSnoticias"]},{"@type":"Person","@id":"https:\/\/nbcs.mx\/#\/schema\/person\/ece58bab9a7c1e87a4d28ec9ecd79ff4","name":"NBCS Noticias","image":{"@type":"ImageObject","inLanguage":"es","@id":"https:\/\/secure.gravatar.com\/avatar\/4e52110cad1c4054b43271a0d14bbe9e2ea76aecd0e1097edfc670798d9ca1d4?s=96&d=blank&r=g","url":"https:\/\/secure.gravatar.com\/avatar\/4e52110cad1c4054b43271a0d14bbe9e2ea76aecd0e1097edfc670798d9ca1d4?s=96&d=blank&r=g","contentUrl":"https:\/\/secure.gravatar.com\/avatar\/4e52110cad1c4054b43271a0d14bbe9e2ea76aecd0e1097edfc670798d9ca1d4?s=96&d=blank&r=g","caption":"NBCS Noticias"},"description":"\u00bfTienes fotos o video de alg\u00fan acto de posible negligencia, corrupci\u00f3n y abuso de autoridad? M\u00e1ndalo al WhatsApp de NBCS Noticias: 612 141 98 08","sameAs":["https:\/\/www.nbcs.mx","https:\/\/www.facebook.com\/NBCSnoticias","https:\/\/www.instagram.com\/nbcsnoticias\/","https:\/\/x.com\/https:\/\/twitter.com\/NBCSnoticias"]}]}},"jetpack_publicize_connections":[],"jetpack_featured_media_url":"https:\/\/nbcs.mx\/wp-content\/uploads\/2019\/11\/03-Ironman-70.3-2019-pone-a-Los-Cabos-en-los-ojos-del-mundo-deportivo-Castro-Perpuli-.jpeg","jetpack_sharing_enabled":true,"_links":{"self":[{"href":"https:\/\/nbcs.mx\/index.php?rest_route=\/wp\/v2\/posts\/162091","targetHints":{"allow":["GET"]}}],"collection":[{"href":"https:\/\/nbcs.mx\/index.php?rest_route=\/wp\/v2\/posts"}],"about":[{"href":"https:\/\/nbcs.mx\/index.php?rest_route=\/wp\/v2\/types\/post"}],"author":[{"embeddable":true,"href":"https:\/\/nbcs.mx\/index.php?rest_route=\/wp\/v2\/users\/1"}],"replies":[{"embeddable":true,"href":"https:\/\/nbcs.mx\/index.php?rest_route=%2Fwp%2Fv2%2Fcomments&post=162091"}],"version-history":[{"count":1,"href":"https:\/\/nbcs.mx\/index.php?rest_route=\/wp\/v2\/posts\/162091\/revisions"}],"predecessor-version":[{"id":162092,"href":"https:\/\/nbcs.mx\/index.php?rest_route=\/wp\/v2\/posts\/162091\/revisions\/162092"}],"wp:featuredmedia":[{"embeddable":true,"href":"https:\/\/nbcs.mx\/index.php?rest_route=\/wp\/v2\/media\/56465"}],"wp:attachment":[{"href":"https:\/\/nbcs.mx\/index.php?rest_route=%2Fwp%2Fv2%2Fmedia&parent=162091"}],"wp:term":[{"taxonomy":"category","embeddable":true,"href":"https:\/\/nbcs.mx\/index.php?rest_route=%2Fwp%2Fv2%2Fcategories&post=162091"},{"taxonomy":"post_tag","embeddable":true,"href":"https:\/\/nbcs.mx\/index.php?rest_route=%2Fwp%2Fv2%2Ftags&post=162091"}],"curies":[{"name":"wp","href":"https:\/\/api.w.org\/{rel}","templated":true}]}}