{"id":162146,"date":"2026-03-07T12:42:47","date_gmt":"2026-03-07T19:42:47","guid":{"rendered":"https:\/\/nbcs.mx\/?p=162146"},"modified":"2026-03-07T12:42:47","modified_gmt":"2026-03-07T19:42:47","slug":"avistan-en-loreto-una-ballena-azul-albina","status":"publish","type":"post","link":"https:\/\/nbcs.mx\/?p=162146","title":{"rendered":"Avistan en Loreto una ballena azul albina"},"content":{"rendered":"<p style=\"text-align: justify;\"><img loading=\"lazy\" decoding=\"async\" class=\" wp-image-162147 alignleft\" src=\"https:\/\/nbcs.mx\/wp-content\/uploads\/2026\/03\/Blanca.jpg\" alt=\"\" width=\"379\" height=\"209\" srcset=\"https:\/\/nbcs.mx\/wp-content\/uploads\/2026\/03\/Blanca.jpg 725w, https:\/\/nbcs.mx\/wp-content\/uploads\/2026\/03\/Blanca-150x83.jpg 150w\" sizes=\"auto, (max-width: 379px) 100vw, 379px\" \/>La Comisi\u00f3n Nacional de \u00c1reas Naturales Protegidas (Conanp), a trav\u00e9s de la Direcci\u00f3n Regional Pen\u00ednsula de Baja California y Pac\u00edfico Norte y del Parque Nacional Bah\u00eda de Loreto, da a conocer el avistamiento de una ballena azul (<em>Balaenoptera musculus)<\/em>\u00a0con albinismo, en aguas del Parque Nacional Bah\u00eda de Loreto (PNBL); esto representa un hecho sin precedentes para la biolog\u00eda marina y la conservaci\u00f3n de este cet\u00e1ceo en M\u00e9xico.<\/p>\n<p style=\"text-align: justify;\">La temporada actual en el PNBL ha superado expectativas cient\u00edficas y tur\u00edsticas, se ha logrado identificar al menos 30 ejemplares distintos de ballena azul en el \u00c1rea Natural Protegida (ANP). Entre estos avistamientos, destaca la presencia de una madre con su cr\u00eda, lo que subraya la importancia cr\u00edtica de Loreto como una zona vital para la crianza y refugio de esta especie. Una de las caracter\u00edsticas m\u00e1s notables de esta temporada es el comportamiento de las ballenas, que, a diferencia de a\u00f1os anteriores, est\u00e1n navegando y aliment\u00e1ndose a distancias cortas de la costa.<\/p>\n<p style=\"text-align: justify;\">Este fen\u00f3meno se atribuye a una surgencia masiva de nutrientes que ha generado una disponibilidad extraordinaria de krill, el alimento principal de la ballena azul, que requiere consumir hasta cuatro toneladas diarias para subsistir.<\/p>\n<p style=\"text-align: justify;\">Esta abundancia de alimento cerca de la orilla no solo facilita la observaci\u00f3n, sino que tambi\u00e9n indica un ecosistema marino saludable y productivo. Adem\u00e1s de las ballenas azules, se reporta una presencia constante y abundante de ballenas jorobadas y ballenas de aleta, enriqueciendo la diversidad de cet\u00e1ceos observables en el parque y consolidando a Loreto como un punto de referencia global para el avistamiento de fauna marina.<\/p>\n<p style=\"text-align: justify;\">La ballena azul est\u00e1 catalogada a nivel internacional como \u201cEn Peligro\u201d (Endangered \u2013 EN) en la Lista Roja de Especies Amenazadas de la Uni\u00f3n Internacional para la Conservaci\u00f3n de la Naturaleza (UICN), mientras que a nivel nacional en M\u00e9xico se encuentra incluida en la NOM-059-Semarnat-2010 bajo la categor\u00eda \u201cPr\u201d (Sujeta a Protecci\u00f3n Especial).<\/p>\n<p style=\"text-align: justify;\">El albinismo es una condici\u00f3n gen\u00e9tica hereditaria que resulta en la ausencia total o parcial de melanina, el pigmento responsable del color en la piel, ojos y pelo. En el reino de los cet\u00e1ceos, esta condici\u00f3n es extremadamente rara, con una incidencia estimada en algunas especies de apenas el 0.0025 por ciento para ballenas jorobadas.<\/p>\n<p style=\"text-align: justify;\">Los registros m\u00e1s famosos de ballenas blancas se limitaban a otras especies, como la ic\u00f3nica ballena jorobada Migaloo, avistada por primera vez en 1991 frente a las costas de Australia o el de \u201cGal\u00f3n de Leche\u201d, una ballena gris albina observada y filmada desde 2008 en Baja California Sur, e incluso fue vista nadando con su cr\u00eda de color normal en 2016.<\/p>\n<p style=\"text-align: justify;\">El PNBL, en colaboraci\u00f3n con instituciones acad\u00e9micas, ha intensificado sus esfuerzos de fotoidentificaci\u00f3n y monitoreo, labor fundamental para fortalecer el conocimiento sobre la presencia y movimientos de estos ejemplares, as\u00ed como para procurar que la actividad de observaci\u00f3n de ballenas se realice bajo estrictos est\u00e1ndares de sustentabilidad, permitiendo que la investigaci\u00f3n cient\u00edfica avance sin perturbar los ciclos naturales de estos majestuosos mam\u00edferos marinos.<\/p>\n<p style=\"text-align: justify;\">Asimismo, se reconoce el compromiso de los prestadores de servicios tur\u00edsticos organizados, quienes han impulsado la coordinaci\u00f3n entre actores locales para promover buenas pr\u00e1cticas de avistamiento, contribuyendo a que esta actividad se desarrolle de manera responsable y contin\u00fae generando registros y observaciones relevantes en la regi\u00f3n.<\/p>\n","protected":false},"excerpt":{"rendered":"<p>La Comisi\u00f3n Nacional de \u00c1reas Naturales Protegidas (Conanp), a trav\u00e9s de la Direcci\u00f3n Regional Pen\u00ednsula de Baja California y Pac\u00edfico<\/p>\n","protected":false},"author":1,"featured_media":162147,"comment_status":"open","ping_status":"closed","sticky":false,"template":"","format":"standard","meta":{"colormag_page_container_layout":"default_layout","colormag_page_sidebar_layout":"default_layout","_jetpack_memberships_contains_paid_content":false,"footnotes":"","jetpack_publicize_message":"","jetpack_publicize_feature_enabled":true,"jetpack_social_post_already_shared":true,"jetpack_social_options":{"image_generator_settings":{"template":"highway","default_image_id":0,"font":"","enabled":false},"version":2}},"categories":[1],"tags":[],"class_list":["post-162146","post","type-post","status-publish","format-standard","has-post-thumbnail","hentry","category-noticias"],"yoast_head":"<!-- This site is optimized with the Yoast SEO plugin v27.5 - https:\/\/yoast.com\/product\/yoast-seo-wordpress\/ -->\n<title>Avistan en Loreto una ballena azul albina - NBCS Noticias<\/title>\n<meta name=\"robots\" content=\"index, follow, max-snippet:-1, max-image-preview:large, max-video-preview:-1\" \/>\n<link rel=\"canonical\" href=\"https:\/\/nbcs.mx\/?p=162146\" \/>\n<meta property=\"og:locale\" content=\"es_ES\" \/>\n<meta property=\"og:type\" content=\"article\" \/>\n<meta property=\"og:title\" content=\"Avistan en Loreto una ballena azul albina - NBCS Noticias\" \/>\n<meta property=\"og:description\" content=\"La Comisi\u00f3n Nacional de \u00c1reas Naturales Protegidas (Conanp), a trav\u00e9s de la Direcci\u00f3n Regional Pen\u00ednsula de Baja California y Pac\u00edfico\" \/>\n<meta property=\"og:url\" content=\"https:\/\/nbcs.mx\/?p=162146\" \/>\n<meta property=\"og:site_name\" content=\"NBCS Noticias\" \/>\n<meta property=\"article:publisher\" content=\"https:\/\/www.facebook.com\/NBCSnoticias\" \/>\n<meta property=\"article:author\" content=\"https:\/\/www.facebook.com\/NBCSnoticias\" \/>\n<meta property=\"article:published_time\" content=\"2026-03-07T19:42:47+00:00\" \/>\n<meta property=\"og:image\" content=\"https:\/\/nbcs.mx\/wp-content\/uploads\/2026\/03\/Blanca.jpg\" \/>\n\t<meta property=\"og:image:width\" content=\"725\" \/>\n\t<meta property=\"og:image:height\" content=\"400\" \/>\n\t<meta property=\"og:image:type\" content=\"image\/jpeg\" \/>\n<meta name=\"author\" content=\"NBCS Noticias\" \/>\n<meta name=\"twitter:card\" content=\"summary_large_image\" \/>\n<meta name=\"twitter:creator\" content=\"@https:\/\/twitter.com\/NBCSnoticias\" \/>\n<meta name=\"twitter:site\" content=\"@NBCSnoticias\" \/>\n<meta name=\"twitter:label1\" content=\"Escrito por\" \/>\n\t<meta name=\"twitter:data1\" content=\"NBCS Noticias\" \/>\n\t<meta name=\"twitter:label2\" content=\"Tiempo de lectura\" \/>\n\t<meta name=\"twitter:data2\" content=\"3 minutos\" \/>\n<script type=\"application\/ld+json\" class=\"yoast-schema-graph\">{\"@context\":\"https:\\\/\\\/schema.org\",\"@graph\":[{\"@type\":\"Article\",\"@id\":\"https:\\\/\\\/nbcs.mx\\\/?p=162146#article\",\"isPartOf\":{\"@id\":\"https:\\\/\\\/nbcs.mx\\\/?p=162146\"},\"author\":{\"name\":\"NBCS Noticias\",\"@id\":\"https:\\\/\\\/nbcs.mx\\\/#\\\/schema\\\/person\\\/ece58bab9a7c1e87a4d28ec9ecd79ff4\"},\"headline\":\"Avistan en Loreto una ballena azul albina\",\"datePublished\":\"2026-03-07T19:42:47+00:00\",\"mainEntityOfPage\":{\"@id\":\"https:\\\/\\\/nbcs.mx\\\/?p=162146\"},\"wordCount\":594,\"commentCount\":0,\"publisher\":{\"@id\":\"https:\\\/\\\/nbcs.mx\\\/#organization\"},\"image\":{\"@id\":\"https:\\\/\\\/nbcs.mx\\\/?p=162146#primaryimage\"},\"thumbnailUrl\":\"https:\\\/\\\/nbcs.mx\\\/wp-content\\\/uploads\\\/2026\\\/03\\\/Blanca.jpg\",\"articleSection\":[\"Noticias\"],\"inLanguage\":\"es\",\"potentialAction\":[{\"@type\":\"CommentAction\",\"name\":\"Comment\",\"target\":[\"https:\\\/\\\/nbcs.mx\\\/?p=162146#respond\"]}]},{\"@type\":\"WebPage\",\"@id\":\"https:\\\/\\\/nbcs.mx\\\/?p=162146\",\"url\":\"https:\\\/\\\/nbcs.mx\\\/?p=162146\",\"name\":\"Avistan en Loreto una ballena azul albina - NBCS Noticias\",\"isPartOf\":{\"@id\":\"https:\\\/\\\/nbcs.mx\\\/#website\"},\"primaryImageOfPage\":{\"@id\":\"https:\\\/\\\/nbcs.mx\\\/?p=162146#primaryimage\"},\"image\":{\"@id\":\"https:\\\/\\\/nbcs.mx\\\/?p=162146#primaryimage\"},\"thumbnailUrl\":\"https:\\\/\\\/nbcs.mx\\\/wp-content\\\/uploads\\\/2026\\\/03\\\/Blanca.jpg\",\"datePublished\":\"2026-03-07T19:42:47+00:00\",\"breadcrumb\":{\"@id\":\"https:\\\/\\\/nbcs.mx\\\/?p=162146#breadcrumb\"},\"inLanguage\":\"es\",\"potentialAction\":[{\"@type\":\"ReadAction\",\"target\":[\"https:\\\/\\\/nbcs.mx\\\/?p=162146\"]}]},{\"@type\":\"ImageObject\",\"inLanguage\":\"es\",\"@id\":\"https:\\\/\\\/nbcs.mx\\\/?p=162146#primaryimage\",\"url\":\"https:\\\/\\\/nbcs.mx\\\/wp-content\\\/uploads\\\/2026\\\/03\\\/Blanca.jpg\",\"contentUrl\":\"https:\\\/\\\/nbcs.mx\\\/wp-content\\\/uploads\\\/2026\\\/03\\\/Blanca.jpg\",\"width\":725,\"height\":400},{\"@type\":\"BreadcrumbList\",\"@id\":\"https:\\\/\\\/nbcs.mx\\\/?p=162146#breadcrumb\",\"itemListElement\":[{\"@type\":\"ListItem\",\"position\":1,\"name\":\"Portada\",\"item\":\"https:\\\/\\\/nbcs.mx\\\/\"},{\"@type\":\"ListItem\",\"position\":2,\"name\":\"Avistan en Loreto una ballena azul albina\"}]},{\"@type\":\"WebSite\",\"@id\":\"https:\\\/\\\/nbcs.mx\\\/#website\",\"url\":\"https:\\\/\\\/nbcs.mx\\\/\",\"name\":\"NBCS Noticias\",\"description\":\"Sitio web de noticias en Baja California Sur\",\"publisher\":{\"@id\":\"https:\\\/\\\/nbcs.mx\\\/#organization\"},\"potentialAction\":[{\"@type\":\"SearchAction\",\"target\":{\"@type\":\"EntryPoint\",\"urlTemplate\":\"https:\\\/\\\/nbcs.mx\\\/?s={search_term_string}\"},\"query-input\":{\"@type\":\"PropertyValueSpecification\",\"valueRequired\":true,\"valueName\":\"search_term_string\"}}],\"inLanguage\":\"es\"},{\"@type\":\"Organization\",\"@id\":\"https:\\\/\\\/nbcs.mx\\\/#organization\",\"name\":\"NBCS Noticias\",\"url\":\"https:\\\/\\\/nbcs.mx\\\/\",\"logo\":{\"@type\":\"ImageObject\",\"inLanguage\":\"es\",\"@id\":\"https:\\\/\\\/nbcs.mx\\\/#\\\/schema\\\/logo\\\/image\\\/\",\"url\":\"https:\\\/\\\/nbcs.mx\\\/wp-content\\\/uploads\\\/2018\\\/09\\\/057b69485e93575a5c2b1c1dde2dd297.jpeg\",\"contentUrl\":\"https:\\\/\\\/nbcs.mx\\\/wp-content\\\/uploads\\\/2018\\\/09\\\/057b69485e93575a5c2b1c1dde2dd297.jpeg\",\"width\":64,\"height\":64,\"caption\":\"NBCS Noticias\"},\"image\":{\"@id\":\"https:\\\/\\\/nbcs.mx\\\/#\\\/schema\\\/logo\\\/image\\\/\"},\"sameAs\":[\"https:\\\/\\\/www.facebook.com\\\/NBCSnoticias\",\"https:\\\/\\\/x.com\\\/NBCSnoticias\"]},{\"@type\":\"Person\",\"@id\":\"https:\\\/\\\/nbcs.mx\\\/#\\\/schema\\\/person\\\/ece58bab9a7c1e87a4d28ec9ecd79ff4\",\"name\":\"NBCS Noticias\",\"image\":{\"@type\":\"ImageObject\",\"inLanguage\":\"es\",\"@id\":\"https:\\\/\\\/secure.gravatar.com\\\/avatar\\\/4e52110cad1c4054b43271a0d14bbe9e2ea76aecd0e1097edfc670798d9ca1d4?s=96&d=blank&r=g\",\"url\":\"https:\\\/\\\/secure.gravatar.com\\\/avatar\\\/4e52110cad1c4054b43271a0d14bbe9e2ea76aecd0e1097edfc670798d9ca1d4?s=96&d=blank&r=g\",\"contentUrl\":\"https:\\\/\\\/secure.gravatar.com\\\/avatar\\\/4e52110cad1c4054b43271a0d14bbe9e2ea76aecd0e1097edfc670798d9ca1d4?s=96&d=blank&r=g\",\"caption\":\"NBCS Noticias\"},\"description\":\"\u00bfTienes fotos o video de alg\u00fan acto de posible negligencia, corrupci\u00f3n y abuso de autoridad? M\u00e1ndalo al WhatsApp de NBCS Noticias: 612 141 98 08\",\"sameAs\":[\"https:\\\/\\\/www.nbcs.mx\",\"https:\\\/\\\/www.facebook.com\\\/NBCSnoticias\",\"https:\\\/\\\/www.instagram.com\\\/nbcsnoticias\\\/\",\"https:\\\/\\\/x.com\\\/https:\\\/\\\/twitter.com\\\/NBCSnoticias\"]}]}<\/script>\n<!-- \/ Yoast SEO plugin. -->","yoast_head_json":{"title":"Avistan en Loreto una ballena azul albina - NBCS Noticias","robots":{"index":"index","follow":"follow","max-snippet":"max-snippet:-1","max-image-preview":"max-image-preview:large","max-video-preview":"max-video-preview:-1"},"canonical":"https:\/\/nbcs.mx\/?p=162146","og_locale":"es_ES","og_type":"article","og_title":"Avistan en Loreto una ballena azul albina - NBCS Noticias","og_description":"La Comisi\u00f3n Nacional de \u00c1reas Naturales Protegidas (Conanp), a trav\u00e9s de la Direcci\u00f3n Regional Pen\u00ednsula de Baja California y Pac\u00edfico","og_url":"https:\/\/nbcs.mx\/?p=162146","og_site_name":"NBCS Noticias","article_publisher":"https:\/\/www.facebook.com\/NBCSnoticias","article_author":"https:\/\/www.facebook.com\/NBCSnoticias","article_published_time":"2026-03-07T19:42:47+00:00","og_image":[{"width":725,"height":400,"url":"https:\/\/nbcs.mx\/wp-content\/uploads\/2026\/03\/Blanca.jpg","type":"image\/jpeg"}],"author":"NBCS Noticias","twitter_card":"summary_large_image","twitter_creator":"@https:\/\/twitter.com\/NBCSnoticias","twitter_site":"@NBCSnoticias","twitter_misc":{"Escrito por":"NBCS Noticias","Tiempo de lectura":"3 minutos"},"schema":{"@context":"https:\/\/schema.org","@graph":[{"@type":"Article","@id":"https:\/\/nbcs.mx\/?p=162146#article","isPartOf":{"@id":"https:\/\/nbcs.mx\/?p=162146"},"author":{"name":"NBCS Noticias","@id":"https:\/\/nbcs.mx\/#\/schema\/person\/ece58bab9a7c1e87a4d28ec9ecd79ff4"},"headline":"Avistan en Loreto una ballena azul albina","datePublished":"2026-03-07T19:42:47+00:00","mainEntityOfPage":{"@id":"https:\/\/nbcs.mx\/?p=162146"},"wordCount":594,"commentCount":0,"publisher":{"@id":"https:\/\/nbcs.mx\/#organization"},"image":{"@id":"https:\/\/nbcs.mx\/?p=162146#primaryimage"},"thumbnailUrl":"https:\/\/nbcs.mx\/wp-content\/uploads\/2026\/03\/Blanca.jpg","articleSection":["Noticias"],"inLanguage":"es","potentialAction":[{"@type":"CommentAction","name":"Comment","target":["https:\/\/nbcs.mx\/?p=162146#respond"]}]},{"@type":"WebPage","@id":"https:\/\/nbcs.mx\/?p=162146","url":"https:\/\/nbcs.mx\/?p=162146","name":"Avistan en Loreto una ballena azul albina - NBCS Noticias","isPartOf":{"@id":"https:\/\/nbcs.mx\/#website"},"primaryImageOfPage":{"@id":"https:\/\/nbcs.mx\/?p=162146#primaryimage"},"image":{"@id":"https:\/\/nbcs.mx\/?p=162146#primaryimage"},"thumbnailUrl":"https:\/\/nbcs.mx\/wp-content\/uploads\/2026\/03\/Blanca.jpg","datePublished":"2026-03-07T19:42:47+00:00","breadcrumb":{"@id":"https:\/\/nbcs.mx\/?p=162146#breadcrumb"},"inLanguage":"es","potentialAction":[{"@type":"ReadAction","target":["https:\/\/nbcs.mx\/?p=162146"]}]},{"@type":"ImageObject","inLanguage":"es","@id":"https:\/\/nbcs.mx\/?p=162146#primaryimage","url":"https:\/\/nbcs.mx\/wp-content\/uploads\/2026\/03\/Blanca.jpg","contentUrl":"https:\/\/nbcs.mx\/wp-content\/uploads\/2026\/03\/Blanca.jpg","width":725,"height":400},{"@type":"BreadcrumbList","@id":"https:\/\/nbcs.mx\/?p=162146#breadcrumb","itemListElement":[{"@type":"ListItem","position":1,"name":"Portada","item":"https:\/\/nbcs.mx\/"},{"@type":"ListItem","position":2,"name":"Avistan en Loreto una ballena azul albina"}]},{"@type":"WebSite","@id":"https:\/\/nbcs.mx\/#website","url":"https:\/\/nbcs.mx\/","name":"NBCS Noticias","description":"Sitio web de noticias en Baja California Sur","publisher":{"@id":"https:\/\/nbcs.mx\/#organization"},"potentialAction":[{"@type":"SearchAction","target":{"@type":"EntryPoint","urlTemplate":"https:\/\/nbcs.mx\/?s={search_term_string}"},"query-input":{"@type":"PropertyValueSpecification","valueRequired":true,"valueName":"search_term_string"}}],"inLanguage":"es"},{"@type":"Organization","@id":"https:\/\/nbcs.mx\/#organization","name":"NBCS Noticias","url":"https:\/\/nbcs.mx\/","logo":{"@type":"ImageObject","inLanguage":"es","@id":"https:\/\/nbcs.mx\/#\/schema\/logo\/image\/","url":"https:\/\/nbcs.mx\/wp-content\/uploads\/2018\/09\/057b69485e93575a5c2b1c1dde2dd297.jpeg","contentUrl":"https:\/\/nbcs.mx\/wp-content\/uploads\/2018\/09\/057b69485e93575a5c2b1c1dde2dd297.jpeg","width":64,"height":64,"caption":"NBCS Noticias"},"image":{"@id":"https:\/\/nbcs.mx\/#\/schema\/logo\/image\/"},"sameAs":["https:\/\/www.facebook.com\/NBCSnoticias","https:\/\/x.com\/NBCSnoticias"]},{"@type":"Person","@id":"https:\/\/nbcs.mx\/#\/schema\/person\/ece58bab9a7c1e87a4d28ec9ecd79ff4","name":"NBCS Noticias","image":{"@type":"ImageObject","inLanguage":"es","@id":"https:\/\/secure.gravatar.com\/avatar\/4e52110cad1c4054b43271a0d14bbe9e2ea76aecd0e1097edfc670798d9ca1d4?s=96&d=blank&r=g","url":"https:\/\/secure.gravatar.com\/avatar\/4e52110cad1c4054b43271a0d14bbe9e2ea76aecd0e1097edfc670798d9ca1d4?s=96&d=blank&r=g","contentUrl":"https:\/\/secure.gravatar.com\/avatar\/4e52110cad1c4054b43271a0d14bbe9e2ea76aecd0e1097edfc670798d9ca1d4?s=96&d=blank&r=g","caption":"NBCS Noticias"},"description":"\u00bfTienes fotos o video de alg\u00fan acto de posible negligencia, corrupci\u00f3n y abuso de autoridad? M\u00e1ndalo al WhatsApp de NBCS Noticias: 612 141 98 08","sameAs":["https:\/\/www.nbcs.mx","https:\/\/www.facebook.com\/NBCSnoticias","https:\/\/www.instagram.com\/nbcsnoticias\/","https:\/\/x.com\/https:\/\/twitter.com\/NBCSnoticias"]}]}},"jetpack_publicize_connections":[],"jetpack_featured_media_url":"https:\/\/nbcs.mx\/wp-content\/uploads\/2026\/03\/Blanca.jpg","jetpack_sharing_enabled":true,"_links":{"self":[{"href":"https:\/\/nbcs.mx\/index.php?rest_route=\/wp\/v2\/posts\/162146","targetHints":{"allow":["GET"]}}],"collection":[{"href":"https:\/\/nbcs.mx\/index.php?rest_route=\/wp\/v2\/posts"}],"about":[{"href":"https:\/\/nbcs.mx\/index.php?rest_route=\/wp\/v2\/types\/post"}],"author":[{"embeddable":true,"href":"https:\/\/nbcs.mx\/index.php?rest_route=\/wp\/v2\/users\/1"}],"replies":[{"embeddable":true,"href":"https:\/\/nbcs.mx\/index.php?rest_route=%2Fwp%2Fv2%2Fcomments&post=162146"}],"version-history":[{"count":1,"href":"https:\/\/nbcs.mx\/index.php?rest_route=\/wp\/v2\/posts\/162146\/revisions"}],"predecessor-version":[{"id":162148,"href":"https:\/\/nbcs.mx\/index.php?rest_route=\/wp\/v2\/posts\/162146\/revisions\/162148"}],"wp:featuredmedia":[{"embeddable":true,"href":"https:\/\/nbcs.mx\/index.php?rest_route=\/wp\/v2\/media\/162147"}],"wp:attachment":[{"href":"https:\/\/nbcs.mx\/index.php?rest_route=%2Fwp%2Fv2%2Fmedia&parent=162146"}],"wp:term":[{"taxonomy":"category","embeddable":true,"href":"https:\/\/nbcs.mx\/index.php?rest_route=%2Fwp%2Fv2%2Fcategories&post=162146"},{"taxonomy":"post_tag","embeddable":true,"href":"https:\/\/nbcs.mx\/index.php?rest_route=%2Fwp%2Fv2%2Ftags&post=162146"}],"curies":[{"name":"wp","href":"https:\/\/api.w.org\/{rel}","templated":true}]}}