{"id":162149,"date":"2026-03-07T12:44:52","date_gmt":"2026-03-07T19:44:52","guid":{"rendered":"https:\/\/nbcs.mx\/?p=162149"},"modified":"2026-03-07T12:44:52","modified_gmt":"2026-03-07T19:44:52","slug":"vuelven-a-diferir-audiencia-en-contra-de-ex-directora-del-invi-por-mas-actos-de-investigacion","status":"publish","type":"post","link":"https:\/\/nbcs.mx\/?p=162149","title":{"rendered":"Vuelven a diferir audiencia en contra de ex Directora del INVI por m\u00e1s actos de investigaci\u00f3n"},"content":{"rendered":"<p style=\"text-align: justify;\"><img loading=\"lazy\" decoding=\"async\" class=\" wp-image-162150 alignleft\" src=\"https:\/\/nbcs.mx\/wp-content\/uploads\/2026\/03\/Centro-de-Justicia-Penal-1.jpg\" alt=\"\" width=\"359\" height=\"198\" srcset=\"https:\/\/nbcs.mx\/wp-content\/uploads\/2026\/03\/Centro-de-Justicia-Penal-1.jpg 725w, https:\/\/nbcs.mx\/wp-content\/uploads\/2026\/03\/Centro-de-Justicia-Penal-1-150x83.jpg 150w\" sizes=\"auto, (max-width: 359px) 100vw, 359px\" \/>Nuevamente fue diferida la audiencia en que habr\u00eda de comparecer la ex directora del Instituto de Vivienda (INVI) de Baja California Sur, Fernanda \u201cN\u201d y otras personas, en el caso del presunto fraude cometido en contra de la instituci\u00f3n por casi 55 millones de pesos.<\/p>\n<p style=\"text-align: justify;\">La decisi\u00f3n tomada por la Juez de la causa, se debi\u00f3 a que acaban de integrarse m\u00e1s actos de investigaci\u00f3n, de los cuales las personas se\u00f1aladas apenas fueron notificadas el mi\u00e9rcoles 4 de marzo.<\/p>\n<p style=\"text-align: justify;\">\u201cSon m\u00e1s de 300 fojas; incluyen informaci\u00f3n financiera que nos resulta aqu\u00ed indispensable analizar porque la informaci\u00f3n de la que nos est\u00e1n dando cuenta, es informaci\u00f3n que va a pretender utilizar la Fiscal\u00eda para comunicar los hechos\u201d, apunt\u00f3 la abogada defensora de Fernanda \u201cN\u201d.<\/p>\n<p style=\"text-align: justify;\">Asimismo, aclar\u00f3 que esta solicitud de diferimiento no fue por parte de ella y su clienta, y aunque no mencion\u00f3 qui\u00e9n lo hizo, apunt\u00f3 que iban dispuestas a comparecer, pero abund\u00f3 que hay otras personas se\u00f1aladas en el caso, que tambi\u00e9n hab\u00edan sido notificadas de esta nueva informaci\u00f3n, casi de \u00faltimo momento.<\/p>\n<p style=\"text-align: justify;\">La abogada mencion\u00f3 adem\u00e1s, que no pueden hablar sobre el supuesto desv\u00edo de los recursos a favor de la precampa\u00f1a de Ad\u00e1n Augusto L\u00f3pez, ya que hasta el momento, \u201cno conocemos siquiera los hechos por los cuales a la se\u00f1ora Fernanda se le est\u00e1 acusando o se le est\u00e1 se\u00f1alando\u201d.<\/p>\n<p style=\"text-align: justify;\">Por su parte Fernanda \u201cN\u201d reafirm\u00f3 lo dicho en el primer citatorio, en el sentido de que estaba ah\u00ed dando la cara, y que es la primera interesada en que se esclarezca el caso.<\/p>\n<p style=\"text-align: justify;\">El pasado 5 de febrero ya se hab\u00eda diferido la fecha de la audiencia inicial en torno a este caso para este 5 de marzo, y la nueva fecha establecida qued\u00f3 para el pr\u00f3ximo 19 de marzo, fecha en la que podr\u00eda definirse si la ex Directora de INVI y otros ex funcionarios, son o no vinculados a proceso. (Por: Arturo Nieves).<\/p>\n","protected":false},"excerpt":{"rendered":"<p>Nuevamente fue diferida la audiencia en que habr\u00eda de comparecer la ex directora del Instituto de Vivienda (INVI) de Baja<\/p>\n","protected":false},"author":1,"featured_media":162150,"comment_status":"open","ping_status":"closed","sticky":false,"template":"","format":"standard","meta":{"colormag_page_container_layout":"default_layout","colormag_page_sidebar_layout":"default_layout","_jetpack_memberships_contains_paid_content":false,"footnotes":"","jetpack_publicize_message":"","jetpack_publicize_feature_enabled":true,"jetpack_social_post_already_shared":true,"jetpack_social_options":{"image_generator_settings":{"template":"highway","default_image_id":0,"font":"","enabled":false},"version":2}},"categories":[1],"tags":[],"class_list":["post-162149","post","type-post","status-publish","format-standard","has-post-thumbnail","hentry","category-noticias"],"yoast_head":"<!-- This site is optimized with the Yoast SEO plugin v27.5 - https:\/\/yoast.com\/product\/yoast-seo-wordpress\/ -->\n<title>Vuelven a diferir audiencia en contra de ex Directora del INVI por m\u00e1s actos de investigaci\u00f3n - NBCS Noticias<\/title>\n<meta name=\"robots\" content=\"index, follow, max-snippet:-1, max-image-preview:large, max-video-preview:-1\" \/>\n<link rel=\"canonical\" href=\"https:\/\/nbcs.mx\/?p=162149\" \/>\n<meta property=\"og:locale\" content=\"es_ES\" \/>\n<meta property=\"og:type\" content=\"article\" \/>\n<meta property=\"og:title\" content=\"Vuelven a diferir audiencia en contra de ex Directora del INVI por m\u00e1s actos de investigaci\u00f3n - NBCS Noticias\" \/>\n<meta property=\"og:description\" content=\"Nuevamente fue diferida la audiencia en que habr\u00eda de comparecer la ex directora del Instituto de Vivienda (INVI) de Baja\" \/>\n<meta property=\"og:url\" content=\"https:\/\/nbcs.mx\/?p=162149\" \/>\n<meta property=\"og:site_name\" content=\"NBCS Noticias\" \/>\n<meta property=\"article:publisher\" content=\"https:\/\/www.facebook.com\/NBCSnoticias\" \/>\n<meta property=\"article:author\" content=\"https:\/\/www.facebook.com\/NBCSnoticias\" \/>\n<meta property=\"article:published_time\" content=\"2026-03-07T19:44:52+00:00\" \/>\n<meta property=\"og:image\" content=\"https:\/\/nbcs.mx\/wp-content\/uploads\/2026\/03\/Centro-de-Justicia-Penal-1.jpg\" \/>\n\t<meta property=\"og:image:width\" content=\"725\" \/>\n\t<meta property=\"og:image:height\" content=\"400\" \/>\n\t<meta property=\"og:image:type\" content=\"image\/jpeg\" \/>\n<meta name=\"author\" content=\"NBCS Noticias\" \/>\n<meta name=\"twitter:card\" content=\"summary_large_image\" \/>\n<meta name=\"twitter:creator\" content=\"@https:\/\/twitter.com\/NBCSnoticias\" \/>\n<meta name=\"twitter:site\" content=\"@NBCSnoticias\" \/>\n<meta name=\"twitter:label1\" content=\"Escrito por\" \/>\n\t<meta name=\"twitter:data1\" content=\"NBCS Noticias\" \/>\n\t<meta name=\"twitter:label2\" content=\"Tiempo de lectura\" \/>\n\t<meta name=\"twitter:data2\" content=\"2 minutos\" \/>\n<script type=\"application\/ld+json\" class=\"yoast-schema-graph\">{\"@context\":\"https:\\\/\\\/schema.org\",\"@graph\":[{\"@type\":\"Article\",\"@id\":\"https:\\\/\\\/nbcs.mx\\\/?p=162149#article\",\"isPartOf\":{\"@id\":\"https:\\\/\\\/nbcs.mx\\\/?p=162149\"},\"author\":{\"name\":\"NBCS Noticias\",\"@id\":\"https:\\\/\\\/nbcs.mx\\\/#\\\/schema\\\/person\\\/ece58bab9a7c1e87a4d28ec9ecd79ff4\"},\"headline\":\"Vuelven a diferir audiencia en contra de ex Directora del INVI por m\u00e1s actos de investigaci\u00f3n\",\"datePublished\":\"2026-03-07T19:44:52+00:00\",\"mainEntityOfPage\":{\"@id\":\"https:\\\/\\\/nbcs.mx\\\/?p=162149\"},\"wordCount\":361,\"commentCount\":0,\"publisher\":{\"@id\":\"https:\\\/\\\/nbcs.mx\\\/#organization\"},\"image\":{\"@id\":\"https:\\\/\\\/nbcs.mx\\\/?p=162149#primaryimage\"},\"thumbnailUrl\":\"https:\\\/\\\/nbcs.mx\\\/wp-content\\\/uploads\\\/2026\\\/03\\\/Centro-de-Justicia-Penal-1.jpg\",\"articleSection\":[\"Noticias\"],\"inLanguage\":\"es\",\"potentialAction\":[{\"@type\":\"CommentAction\",\"name\":\"Comment\",\"target\":[\"https:\\\/\\\/nbcs.mx\\\/?p=162149#respond\"]}]},{\"@type\":\"WebPage\",\"@id\":\"https:\\\/\\\/nbcs.mx\\\/?p=162149\",\"url\":\"https:\\\/\\\/nbcs.mx\\\/?p=162149\",\"name\":\"Vuelven a diferir audiencia en contra de ex Directora del INVI por m\u00e1s actos de investigaci\u00f3n - NBCS Noticias\",\"isPartOf\":{\"@id\":\"https:\\\/\\\/nbcs.mx\\\/#website\"},\"primaryImageOfPage\":{\"@id\":\"https:\\\/\\\/nbcs.mx\\\/?p=162149#primaryimage\"},\"image\":{\"@id\":\"https:\\\/\\\/nbcs.mx\\\/?p=162149#primaryimage\"},\"thumbnailUrl\":\"https:\\\/\\\/nbcs.mx\\\/wp-content\\\/uploads\\\/2026\\\/03\\\/Centro-de-Justicia-Penal-1.jpg\",\"datePublished\":\"2026-03-07T19:44:52+00:00\",\"breadcrumb\":{\"@id\":\"https:\\\/\\\/nbcs.mx\\\/?p=162149#breadcrumb\"},\"inLanguage\":\"es\",\"potentialAction\":[{\"@type\":\"ReadAction\",\"target\":[\"https:\\\/\\\/nbcs.mx\\\/?p=162149\"]}]},{\"@type\":\"ImageObject\",\"inLanguage\":\"es\",\"@id\":\"https:\\\/\\\/nbcs.mx\\\/?p=162149#primaryimage\",\"url\":\"https:\\\/\\\/nbcs.mx\\\/wp-content\\\/uploads\\\/2026\\\/03\\\/Centro-de-Justicia-Penal-1.jpg\",\"contentUrl\":\"https:\\\/\\\/nbcs.mx\\\/wp-content\\\/uploads\\\/2026\\\/03\\\/Centro-de-Justicia-Penal-1.jpg\",\"width\":725,\"height\":400},{\"@type\":\"BreadcrumbList\",\"@id\":\"https:\\\/\\\/nbcs.mx\\\/?p=162149#breadcrumb\",\"itemListElement\":[{\"@type\":\"ListItem\",\"position\":1,\"name\":\"Portada\",\"item\":\"https:\\\/\\\/nbcs.mx\\\/\"},{\"@type\":\"ListItem\",\"position\":2,\"name\":\"Vuelven a diferir audiencia en contra de ex Directora del INVI por m\u00e1s actos de investigaci\u00f3n\"}]},{\"@type\":\"WebSite\",\"@id\":\"https:\\\/\\\/nbcs.mx\\\/#website\",\"url\":\"https:\\\/\\\/nbcs.mx\\\/\",\"name\":\"NBCS Noticias\",\"description\":\"Sitio web de noticias en Baja California Sur\",\"publisher\":{\"@id\":\"https:\\\/\\\/nbcs.mx\\\/#organization\"},\"potentialAction\":[{\"@type\":\"SearchAction\",\"target\":{\"@type\":\"EntryPoint\",\"urlTemplate\":\"https:\\\/\\\/nbcs.mx\\\/?s={search_term_string}\"},\"query-input\":{\"@type\":\"PropertyValueSpecification\",\"valueRequired\":true,\"valueName\":\"search_term_string\"}}],\"inLanguage\":\"es\"},{\"@type\":\"Organization\",\"@id\":\"https:\\\/\\\/nbcs.mx\\\/#organization\",\"name\":\"NBCS Noticias\",\"url\":\"https:\\\/\\\/nbcs.mx\\\/\",\"logo\":{\"@type\":\"ImageObject\",\"inLanguage\":\"es\",\"@id\":\"https:\\\/\\\/nbcs.mx\\\/#\\\/schema\\\/logo\\\/image\\\/\",\"url\":\"https:\\\/\\\/nbcs.mx\\\/wp-content\\\/uploads\\\/2018\\\/09\\\/057b69485e93575a5c2b1c1dde2dd297.jpeg\",\"contentUrl\":\"https:\\\/\\\/nbcs.mx\\\/wp-content\\\/uploads\\\/2018\\\/09\\\/057b69485e93575a5c2b1c1dde2dd297.jpeg\",\"width\":64,\"height\":64,\"caption\":\"NBCS Noticias\"},\"image\":{\"@id\":\"https:\\\/\\\/nbcs.mx\\\/#\\\/schema\\\/logo\\\/image\\\/\"},\"sameAs\":[\"https:\\\/\\\/www.facebook.com\\\/NBCSnoticias\",\"https:\\\/\\\/x.com\\\/NBCSnoticias\"]},{\"@type\":\"Person\",\"@id\":\"https:\\\/\\\/nbcs.mx\\\/#\\\/schema\\\/person\\\/ece58bab9a7c1e87a4d28ec9ecd79ff4\",\"name\":\"NBCS Noticias\",\"image\":{\"@type\":\"ImageObject\",\"inLanguage\":\"es\",\"@id\":\"https:\\\/\\\/secure.gravatar.com\\\/avatar\\\/4e52110cad1c4054b43271a0d14bbe9e2ea76aecd0e1097edfc670798d9ca1d4?s=96&d=blank&r=g\",\"url\":\"https:\\\/\\\/secure.gravatar.com\\\/avatar\\\/4e52110cad1c4054b43271a0d14bbe9e2ea76aecd0e1097edfc670798d9ca1d4?s=96&d=blank&r=g\",\"contentUrl\":\"https:\\\/\\\/secure.gravatar.com\\\/avatar\\\/4e52110cad1c4054b43271a0d14bbe9e2ea76aecd0e1097edfc670798d9ca1d4?s=96&d=blank&r=g\",\"caption\":\"NBCS Noticias\"},\"description\":\"\u00bfTienes fotos o video de alg\u00fan acto de posible negligencia, corrupci\u00f3n y abuso de autoridad? M\u00e1ndalo al WhatsApp de NBCS Noticias: 612 141 98 08\",\"sameAs\":[\"https:\\\/\\\/www.nbcs.mx\",\"https:\\\/\\\/www.facebook.com\\\/NBCSnoticias\",\"https:\\\/\\\/www.instagram.com\\\/nbcsnoticias\\\/\",\"https:\\\/\\\/x.com\\\/https:\\\/\\\/twitter.com\\\/NBCSnoticias\"]}]}<\/script>\n<!-- \/ Yoast SEO plugin. -->","yoast_head_json":{"title":"Vuelven a diferir audiencia en contra de ex Directora del INVI por m\u00e1s actos de investigaci\u00f3n - NBCS Noticias","robots":{"index":"index","follow":"follow","max-snippet":"max-snippet:-1","max-image-preview":"max-image-preview:large","max-video-preview":"max-video-preview:-1"},"canonical":"https:\/\/nbcs.mx\/?p=162149","og_locale":"es_ES","og_type":"article","og_title":"Vuelven a diferir audiencia en contra de ex Directora del INVI por m\u00e1s actos de investigaci\u00f3n - NBCS Noticias","og_description":"Nuevamente fue diferida la audiencia en que habr\u00eda de comparecer la ex directora del Instituto de Vivienda (INVI) de Baja","og_url":"https:\/\/nbcs.mx\/?p=162149","og_site_name":"NBCS Noticias","article_publisher":"https:\/\/www.facebook.com\/NBCSnoticias","article_author":"https:\/\/www.facebook.com\/NBCSnoticias","article_published_time":"2026-03-07T19:44:52+00:00","og_image":[{"width":725,"height":400,"url":"https:\/\/nbcs.mx\/wp-content\/uploads\/2026\/03\/Centro-de-Justicia-Penal-1.jpg","type":"image\/jpeg"}],"author":"NBCS Noticias","twitter_card":"summary_large_image","twitter_creator":"@https:\/\/twitter.com\/NBCSnoticias","twitter_site":"@NBCSnoticias","twitter_misc":{"Escrito por":"NBCS Noticias","Tiempo de lectura":"2 minutos"},"schema":{"@context":"https:\/\/schema.org","@graph":[{"@type":"Article","@id":"https:\/\/nbcs.mx\/?p=162149#article","isPartOf":{"@id":"https:\/\/nbcs.mx\/?p=162149"},"author":{"name":"NBCS Noticias","@id":"https:\/\/nbcs.mx\/#\/schema\/person\/ece58bab9a7c1e87a4d28ec9ecd79ff4"},"headline":"Vuelven a diferir audiencia en contra de ex Directora del INVI por m\u00e1s actos de investigaci\u00f3n","datePublished":"2026-03-07T19:44:52+00:00","mainEntityOfPage":{"@id":"https:\/\/nbcs.mx\/?p=162149"},"wordCount":361,"commentCount":0,"publisher":{"@id":"https:\/\/nbcs.mx\/#organization"},"image":{"@id":"https:\/\/nbcs.mx\/?p=162149#primaryimage"},"thumbnailUrl":"https:\/\/nbcs.mx\/wp-content\/uploads\/2026\/03\/Centro-de-Justicia-Penal-1.jpg","articleSection":["Noticias"],"inLanguage":"es","potentialAction":[{"@type":"CommentAction","name":"Comment","target":["https:\/\/nbcs.mx\/?p=162149#respond"]}]},{"@type":"WebPage","@id":"https:\/\/nbcs.mx\/?p=162149","url":"https:\/\/nbcs.mx\/?p=162149","name":"Vuelven a diferir audiencia en contra de ex Directora del INVI por m\u00e1s actos de investigaci\u00f3n - NBCS Noticias","isPartOf":{"@id":"https:\/\/nbcs.mx\/#website"},"primaryImageOfPage":{"@id":"https:\/\/nbcs.mx\/?p=162149#primaryimage"},"image":{"@id":"https:\/\/nbcs.mx\/?p=162149#primaryimage"},"thumbnailUrl":"https:\/\/nbcs.mx\/wp-content\/uploads\/2026\/03\/Centro-de-Justicia-Penal-1.jpg","datePublished":"2026-03-07T19:44:52+00:00","breadcrumb":{"@id":"https:\/\/nbcs.mx\/?p=162149#breadcrumb"},"inLanguage":"es","potentialAction":[{"@type":"ReadAction","target":["https:\/\/nbcs.mx\/?p=162149"]}]},{"@type":"ImageObject","inLanguage":"es","@id":"https:\/\/nbcs.mx\/?p=162149#primaryimage","url":"https:\/\/nbcs.mx\/wp-content\/uploads\/2026\/03\/Centro-de-Justicia-Penal-1.jpg","contentUrl":"https:\/\/nbcs.mx\/wp-content\/uploads\/2026\/03\/Centro-de-Justicia-Penal-1.jpg","width":725,"height":400},{"@type":"BreadcrumbList","@id":"https:\/\/nbcs.mx\/?p=162149#breadcrumb","itemListElement":[{"@type":"ListItem","position":1,"name":"Portada","item":"https:\/\/nbcs.mx\/"},{"@type":"ListItem","position":2,"name":"Vuelven a diferir audiencia en contra de ex Directora del INVI por m\u00e1s actos de investigaci\u00f3n"}]},{"@type":"WebSite","@id":"https:\/\/nbcs.mx\/#website","url":"https:\/\/nbcs.mx\/","name":"NBCS Noticias","description":"Sitio web de noticias en Baja California Sur","publisher":{"@id":"https:\/\/nbcs.mx\/#organization"},"potentialAction":[{"@type":"SearchAction","target":{"@type":"EntryPoint","urlTemplate":"https:\/\/nbcs.mx\/?s={search_term_string}"},"query-input":{"@type":"PropertyValueSpecification","valueRequired":true,"valueName":"search_term_string"}}],"inLanguage":"es"},{"@type":"Organization","@id":"https:\/\/nbcs.mx\/#organization","name":"NBCS Noticias","url":"https:\/\/nbcs.mx\/","logo":{"@type":"ImageObject","inLanguage":"es","@id":"https:\/\/nbcs.mx\/#\/schema\/logo\/image\/","url":"https:\/\/nbcs.mx\/wp-content\/uploads\/2018\/09\/057b69485e93575a5c2b1c1dde2dd297.jpeg","contentUrl":"https:\/\/nbcs.mx\/wp-content\/uploads\/2018\/09\/057b69485e93575a5c2b1c1dde2dd297.jpeg","width":64,"height":64,"caption":"NBCS Noticias"},"image":{"@id":"https:\/\/nbcs.mx\/#\/schema\/logo\/image\/"},"sameAs":["https:\/\/www.facebook.com\/NBCSnoticias","https:\/\/x.com\/NBCSnoticias"]},{"@type":"Person","@id":"https:\/\/nbcs.mx\/#\/schema\/person\/ece58bab9a7c1e87a4d28ec9ecd79ff4","name":"NBCS Noticias","image":{"@type":"ImageObject","inLanguage":"es","@id":"https:\/\/secure.gravatar.com\/avatar\/4e52110cad1c4054b43271a0d14bbe9e2ea76aecd0e1097edfc670798d9ca1d4?s=96&d=blank&r=g","url":"https:\/\/secure.gravatar.com\/avatar\/4e52110cad1c4054b43271a0d14bbe9e2ea76aecd0e1097edfc670798d9ca1d4?s=96&d=blank&r=g","contentUrl":"https:\/\/secure.gravatar.com\/avatar\/4e52110cad1c4054b43271a0d14bbe9e2ea76aecd0e1097edfc670798d9ca1d4?s=96&d=blank&r=g","caption":"NBCS Noticias"},"description":"\u00bfTienes fotos o video de alg\u00fan acto de posible negligencia, corrupci\u00f3n y abuso de autoridad? M\u00e1ndalo al WhatsApp de NBCS Noticias: 612 141 98 08","sameAs":["https:\/\/www.nbcs.mx","https:\/\/www.facebook.com\/NBCSnoticias","https:\/\/www.instagram.com\/nbcsnoticias\/","https:\/\/x.com\/https:\/\/twitter.com\/NBCSnoticias"]}]}},"jetpack_publicize_connections":[],"jetpack_featured_media_url":"https:\/\/nbcs.mx\/wp-content\/uploads\/2026\/03\/Centro-de-Justicia-Penal-1.jpg","jetpack_sharing_enabled":true,"_links":{"self":[{"href":"https:\/\/nbcs.mx\/index.php?rest_route=\/wp\/v2\/posts\/162149","targetHints":{"allow":["GET"]}}],"collection":[{"href":"https:\/\/nbcs.mx\/index.php?rest_route=\/wp\/v2\/posts"}],"about":[{"href":"https:\/\/nbcs.mx\/index.php?rest_route=\/wp\/v2\/types\/post"}],"author":[{"embeddable":true,"href":"https:\/\/nbcs.mx\/index.php?rest_route=\/wp\/v2\/users\/1"}],"replies":[{"embeddable":true,"href":"https:\/\/nbcs.mx\/index.php?rest_route=%2Fwp%2Fv2%2Fcomments&post=162149"}],"version-history":[{"count":1,"href":"https:\/\/nbcs.mx\/index.php?rest_route=\/wp\/v2\/posts\/162149\/revisions"}],"predecessor-version":[{"id":162151,"href":"https:\/\/nbcs.mx\/index.php?rest_route=\/wp\/v2\/posts\/162149\/revisions\/162151"}],"wp:featuredmedia":[{"embeddable":true,"href":"https:\/\/nbcs.mx\/index.php?rest_route=\/wp\/v2\/media\/162150"}],"wp:attachment":[{"href":"https:\/\/nbcs.mx\/index.php?rest_route=%2Fwp%2Fv2%2Fmedia&parent=162149"}],"wp:term":[{"taxonomy":"category","embeddable":true,"href":"https:\/\/nbcs.mx\/index.php?rest_route=%2Fwp%2Fv2%2Fcategories&post=162149"},{"taxonomy":"post_tag","embeddable":true,"href":"https:\/\/nbcs.mx\/index.php?rest_route=%2Fwp%2Fv2%2Ftags&post=162149"}],"curies":[{"name":"wp","href":"https:\/\/api.w.org\/{rel}","templated":true}]}}