{"id":162153,"date":"2026-03-08T17:00:05","date_gmt":"2026-03-09T00:00:05","guid":{"rendered":"https:\/\/nbcs.mx\/?p=162153"},"modified":"2026-03-08T17:00:05","modified_gmt":"2026-03-09T00:00:05","slug":"uabcs-entrega-una-generacion-mas-de-egresados-y-egresadas-de-su-extension-academica-ciudad-insurgentes","status":"publish","type":"post","link":"https:\/\/nbcs.mx\/?p=162153","title":{"rendered":"UABCS entrega una generaci\u00f3n m\u00e1s de egresados y egresadas de su Extensi\u00f3n Acad\u00e9mica Ciudad Insurgentes"},"content":{"rendered":"<p style=\"font-weight: 400; text-align: justify;\"><img loading=\"lazy\" decoding=\"async\" class=\" wp-image-162154 alignleft\" src=\"https:\/\/nbcs.mx\/wp-content\/uploads\/2026\/03\/08-03-26-Graduacion-Ciudad-Insurgentes-2026-3-738x492.jpeg\" alt=\"\" width=\"392\" height=\"261\" srcset=\"https:\/\/nbcs.mx\/wp-content\/uploads\/2026\/03\/08-03-26-Graduacion-Ciudad-Insurgentes-2026-3-738x492.jpeg 738w, https:\/\/nbcs.mx\/wp-content\/uploads\/2026\/03\/08-03-26-Graduacion-Ciudad-Insurgentes-2026-3-1024x682.jpeg 1024w, https:\/\/nbcs.mx\/wp-content\/uploads\/2026\/03\/08-03-26-Graduacion-Ciudad-Insurgentes-2026-3-150x100.jpeg 150w, https:\/\/nbcs.mx\/wp-content\/uploads\/2026\/03\/08-03-26-Graduacion-Ciudad-Insurgentes-2026-3-768x512.jpeg 768w, https:\/\/nbcs.mx\/wp-content\/uploads\/2026\/03\/08-03-26-Graduacion-Ciudad-Insurgentes-2026-3-1536x1024.jpeg 1536w, https:\/\/nbcs.mx\/wp-content\/uploads\/2026\/03\/08-03-26-Graduacion-Ciudad-Insurgentes-2026-3-2048x1365.jpeg 2048w\" sizes=\"auto, (max-width: 392px) 100vw, 392px\" \/>Con un emotivo acto acad\u00e9mico, la Universidad Aut\u00f3noma de Baja California Sur (UABCS) celebr\u00f3 la Ceremonia de Graduaci\u00f3n de la Licenciatura en Gesti\u00f3n de la Producci\u00f3n Agropecuaria, Generaci\u00f3n 2021\u20132025, donde 14 estudiantes de la Extensi\u00f3n Acad\u00e9mica Ciudad Insurgentes culminaron su formaci\u00f3n profesional, marcando el inicio de una nueva etapa en su vida personal y laboral.<\/p>\n<p style=\"font-weight: 400; text-align: justify;\">El evento fue encabezado por el rector de la UABCS, Dante Salgado Gonz\u00e1lez, y el alcalde de Comond\u00fa, Roberto Pantoja Castro, quienes estuvieron acompa\u00f1ados por la responsable de la extensi\u00f3n acad\u00e9mica en el municipio, as\u00ed como por autoridades universitarias, familiares y amistades de las y los egresados.<\/p>\n<p style=\"font-weight: 400; text-align: justify;\">Durante su mensaje, el rector Dante Salgado destac\u00f3 el apoyo decidido del Ayuntamiento de Comond\u00fa para fortalecer las actividades acad\u00e9micas y de formaci\u00f3n integral de la universidad en la regi\u00f3n. Asimismo, reconoci\u00f3 el esfuerzo de las distintas generaciones de personas que han contribuido a consolidar la presencia de la UABCS en el municipio.<\/p>\n<p style=\"font-weight: 400; text-align: justify;\">A lo largo de estos a\u00f1os, dijo, la Universidad ha logrado posicionarse en Comond\u00fa gracias al impulso de su gente y, recientemente, pudo contar finalmente con instalaciones propias, resultado del empuje de la sociedad y de quienes creen en la educaci\u00f3n como motor de desarrollo.<\/p>\n<p style=\"font-weight: 400; text-align: justify;\">Dirigi\u00e9ndose a las y los egresados, el rector subray\u00f3 que culminar una carrera universitaria representa formar parte de una estad\u00edstica positiva en M\u00e9xico, por lo que les exhort\u00f3 a poner en pr\u00e1ctica los conocimientos adquiridos para construir un futuro prometedor.<\/p>\n<p style=\"font-weight: 400; text-align: justify;\">\u201cHoy cuentan con herramientas para forjarse un futuro lleno de oportunidades. Sean profesionistas responsables, pero tambi\u00e9n ciudadanos agradecidos con la sociedad que hizo posible su formaci\u00f3n\u201d, puntualiz\u00f3.<\/p>\n<p style=\"font-weight: 400; text-align: justify;\">Por su parte, el alcalde Roberto Pantoja Castro reiter\u00f3 el compromiso del Ayuntamiento de continuar colaborando con la UABCS, convencido de que la educaci\u00f3n superior es clave para el bienestar de las familias comunde\u00f1as.<\/p>\n<p style=\"font-weight: 400; text-align: justify;\">\u201cSeguiremos trabajando de la mano con la Universidad por el bienestar de nuestras comunidades, especialmente de las juventudes, que poseen un enorme talento y representan el presente y futuro de nuestro municipio\u201d, manifest\u00f3.<\/p>\n<p style=\"font-weight: 400; text-align: justify;\">En su intervenci\u00f3n, la responsable de la extensi\u00f3n acad\u00e9mica, Ver\u00f3nica Medina, agradeci\u00f3 la presencia de autoridades universitarias y municipales, as\u00ed como de todas las personas que acompa\u00f1aron a las y los graduados en este momento significativo.<\/p>\n<p style=\"font-weight: 400; text-align: justify;\">Felicit\u00f3 con orgullo a las y los egresados, dese\u00e1ndoles el mayor de los \u00e9xitos en esta nueva etapa que reci\u00e9n comienzan, reconociendo tambi\u00e9n a sus familias por el apoyo incondicional brindado a lo largo de su formaci\u00f3n profesional.<\/p>\n","protected":false},"excerpt":{"rendered":"<p>Con un emotivo acto acad\u00e9mico, la Universidad Aut\u00f3noma de Baja California Sur (UABCS) celebr\u00f3 la Ceremonia de Graduaci\u00f3n de la<\/p>\n","protected":false},"author":1,"featured_media":162154,"comment_status":"open","ping_status":"closed","sticky":false,"template":"","format":"standard","meta":{"colormag_page_container_layout":"default_layout","colormag_page_sidebar_layout":"default_layout","_jetpack_memberships_contains_paid_content":false,"footnotes":"","jetpack_publicize_message":"","jetpack_publicize_feature_enabled":true,"jetpack_social_post_already_shared":true,"jetpack_social_options":{"image_generator_settings":{"template":"highway","default_image_id":0,"font":"","enabled":false},"version":2}},"categories":[1],"tags":[],"class_list":["post-162153","post","type-post","status-publish","format-standard","has-post-thumbnail","hentry","category-noticias"],"yoast_head":"<!-- This site is optimized with the Yoast SEO plugin v27.5 - https:\/\/yoast.com\/product\/yoast-seo-wordpress\/ -->\n<title>UABCS entrega una generaci\u00f3n m\u00e1s de egresados y egresadas de su Extensi\u00f3n Acad\u00e9mica Ciudad Insurgentes - NBCS Noticias<\/title>\n<meta name=\"robots\" content=\"index, follow, max-snippet:-1, max-image-preview:large, max-video-preview:-1\" \/>\n<link rel=\"canonical\" href=\"https:\/\/nbcs.mx\/?p=162153\" \/>\n<meta property=\"og:locale\" content=\"es_ES\" \/>\n<meta property=\"og:type\" content=\"article\" \/>\n<meta property=\"og:title\" content=\"UABCS entrega una generaci\u00f3n m\u00e1s de egresados y egresadas de su Extensi\u00f3n Acad\u00e9mica Ciudad Insurgentes - NBCS Noticias\" \/>\n<meta property=\"og:description\" content=\"Con un emotivo acto acad\u00e9mico, la Universidad Aut\u00f3noma de Baja California Sur (UABCS) celebr\u00f3 la Ceremonia de Graduaci\u00f3n de la\" \/>\n<meta property=\"og:url\" content=\"https:\/\/nbcs.mx\/?p=162153\" \/>\n<meta property=\"og:site_name\" content=\"NBCS Noticias\" \/>\n<meta property=\"article:publisher\" content=\"https:\/\/www.facebook.com\/NBCSnoticias\" \/>\n<meta property=\"article:author\" content=\"https:\/\/www.facebook.com\/NBCSnoticias\" \/>\n<meta property=\"article:published_time\" content=\"2026-03-09T00:00:05+00:00\" \/>\n<meta property=\"og:image\" content=\"https:\/\/nbcs.mx\/wp-content\/uploads\/2026\/03\/08-03-26-Graduacion-Ciudad-Insurgentes-2026-3.jpeg\" \/>\n\t<meta property=\"og:image:width\" content=\"2560\" \/>\n\t<meta property=\"og:image:height\" content=\"1706\" \/>\n\t<meta property=\"og:image:type\" content=\"image\/jpeg\" \/>\n<meta name=\"author\" content=\"NBCS Noticias\" \/>\n<meta name=\"twitter:card\" content=\"summary_large_image\" \/>\n<meta name=\"twitter:creator\" content=\"@https:\/\/twitter.com\/NBCSnoticias\" \/>\n<meta name=\"twitter:site\" content=\"@NBCSnoticias\" \/>\n<meta name=\"twitter:label1\" content=\"Escrito por\" \/>\n\t<meta name=\"twitter:data1\" content=\"NBCS Noticias\" \/>\n\t<meta name=\"twitter:label2\" content=\"Tiempo de lectura\" \/>\n\t<meta name=\"twitter:data2\" content=\"3 minutos\" \/>\n<script type=\"application\/ld+json\" class=\"yoast-schema-graph\">{\"@context\":\"https:\\\/\\\/schema.org\",\"@graph\":[{\"@type\":\"Article\",\"@id\":\"https:\\\/\\\/nbcs.mx\\\/?p=162153#article\",\"isPartOf\":{\"@id\":\"https:\\\/\\\/nbcs.mx\\\/?p=162153\"},\"author\":{\"name\":\"NBCS Noticias\",\"@id\":\"https:\\\/\\\/nbcs.mx\\\/#\\\/schema\\\/person\\\/ece58bab9a7c1e87a4d28ec9ecd79ff4\"},\"headline\":\"UABCS entrega una generaci\u00f3n m\u00e1s de egresados y egresadas de su Extensi\u00f3n Acad\u00e9mica Ciudad Insurgentes\",\"datePublished\":\"2026-03-09T00:00:05+00:00\",\"mainEntityOfPage\":{\"@id\":\"https:\\\/\\\/nbcs.mx\\\/?p=162153\"},\"wordCount\":460,\"commentCount\":0,\"publisher\":{\"@id\":\"https:\\\/\\\/nbcs.mx\\\/#organization\"},\"image\":{\"@id\":\"https:\\\/\\\/nbcs.mx\\\/?p=162153#primaryimage\"},\"thumbnailUrl\":\"https:\\\/\\\/nbcs.mx\\\/wp-content\\\/uploads\\\/2026\\\/03\\\/08-03-26-Graduacion-Ciudad-Insurgentes-2026-3.jpeg\",\"articleSection\":[\"Noticias\"],\"inLanguage\":\"es\",\"potentialAction\":[{\"@type\":\"CommentAction\",\"name\":\"Comment\",\"target\":[\"https:\\\/\\\/nbcs.mx\\\/?p=162153#respond\"]}]},{\"@type\":\"WebPage\",\"@id\":\"https:\\\/\\\/nbcs.mx\\\/?p=162153\",\"url\":\"https:\\\/\\\/nbcs.mx\\\/?p=162153\",\"name\":\"UABCS entrega una generaci\u00f3n m\u00e1s de egresados y egresadas de su Extensi\u00f3n Acad\u00e9mica Ciudad Insurgentes - NBCS Noticias\",\"isPartOf\":{\"@id\":\"https:\\\/\\\/nbcs.mx\\\/#website\"},\"primaryImageOfPage\":{\"@id\":\"https:\\\/\\\/nbcs.mx\\\/?p=162153#primaryimage\"},\"image\":{\"@id\":\"https:\\\/\\\/nbcs.mx\\\/?p=162153#primaryimage\"},\"thumbnailUrl\":\"https:\\\/\\\/nbcs.mx\\\/wp-content\\\/uploads\\\/2026\\\/03\\\/08-03-26-Graduacion-Ciudad-Insurgentes-2026-3.jpeg\",\"datePublished\":\"2026-03-09T00:00:05+00:00\",\"breadcrumb\":{\"@id\":\"https:\\\/\\\/nbcs.mx\\\/?p=162153#breadcrumb\"},\"inLanguage\":\"es\",\"potentialAction\":[{\"@type\":\"ReadAction\",\"target\":[\"https:\\\/\\\/nbcs.mx\\\/?p=162153\"]}]},{\"@type\":\"ImageObject\",\"inLanguage\":\"es\",\"@id\":\"https:\\\/\\\/nbcs.mx\\\/?p=162153#primaryimage\",\"url\":\"https:\\\/\\\/nbcs.mx\\\/wp-content\\\/uploads\\\/2026\\\/03\\\/08-03-26-Graduacion-Ciudad-Insurgentes-2026-3.jpeg\",\"contentUrl\":\"https:\\\/\\\/nbcs.mx\\\/wp-content\\\/uploads\\\/2026\\\/03\\\/08-03-26-Graduacion-Ciudad-Insurgentes-2026-3.jpeg\",\"width\":2560,\"height\":1706},{\"@type\":\"BreadcrumbList\",\"@id\":\"https:\\\/\\\/nbcs.mx\\\/?p=162153#breadcrumb\",\"itemListElement\":[{\"@type\":\"ListItem\",\"position\":1,\"name\":\"Portada\",\"item\":\"https:\\\/\\\/nbcs.mx\\\/\"},{\"@type\":\"ListItem\",\"position\":2,\"name\":\"UABCS entrega una generaci\u00f3n m\u00e1s de egresados y egresadas de su Extensi\u00f3n Acad\u00e9mica Ciudad Insurgentes\"}]},{\"@type\":\"WebSite\",\"@id\":\"https:\\\/\\\/nbcs.mx\\\/#website\",\"url\":\"https:\\\/\\\/nbcs.mx\\\/\",\"name\":\"NBCS Noticias\",\"description\":\"Sitio web de noticias en Baja California Sur\",\"publisher\":{\"@id\":\"https:\\\/\\\/nbcs.mx\\\/#organization\"},\"potentialAction\":[{\"@type\":\"SearchAction\",\"target\":{\"@type\":\"EntryPoint\",\"urlTemplate\":\"https:\\\/\\\/nbcs.mx\\\/?s={search_term_string}\"},\"query-input\":{\"@type\":\"PropertyValueSpecification\",\"valueRequired\":true,\"valueName\":\"search_term_string\"}}],\"inLanguage\":\"es\"},{\"@type\":\"Organization\",\"@id\":\"https:\\\/\\\/nbcs.mx\\\/#organization\",\"name\":\"NBCS Noticias\",\"url\":\"https:\\\/\\\/nbcs.mx\\\/\",\"logo\":{\"@type\":\"ImageObject\",\"inLanguage\":\"es\",\"@id\":\"https:\\\/\\\/nbcs.mx\\\/#\\\/schema\\\/logo\\\/image\\\/\",\"url\":\"https:\\\/\\\/nbcs.mx\\\/wp-content\\\/uploads\\\/2018\\\/09\\\/057b69485e93575a5c2b1c1dde2dd297.jpeg\",\"contentUrl\":\"https:\\\/\\\/nbcs.mx\\\/wp-content\\\/uploads\\\/2018\\\/09\\\/057b69485e93575a5c2b1c1dde2dd297.jpeg\",\"width\":64,\"height\":64,\"caption\":\"NBCS Noticias\"},\"image\":{\"@id\":\"https:\\\/\\\/nbcs.mx\\\/#\\\/schema\\\/logo\\\/image\\\/\"},\"sameAs\":[\"https:\\\/\\\/www.facebook.com\\\/NBCSnoticias\",\"https:\\\/\\\/x.com\\\/NBCSnoticias\"]},{\"@type\":\"Person\",\"@id\":\"https:\\\/\\\/nbcs.mx\\\/#\\\/schema\\\/person\\\/ece58bab9a7c1e87a4d28ec9ecd79ff4\",\"name\":\"NBCS Noticias\",\"image\":{\"@type\":\"ImageObject\",\"inLanguage\":\"es\",\"@id\":\"https:\\\/\\\/secure.gravatar.com\\\/avatar\\\/4e52110cad1c4054b43271a0d14bbe9e2ea76aecd0e1097edfc670798d9ca1d4?s=96&d=blank&r=g\",\"url\":\"https:\\\/\\\/secure.gravatar.com\\\/avatar\\\/4e52110cad1c4054b43271a0d14bbe9e2ea76aecd0e1097edfc670798d9ca1d4?s=96&d=blank&r=g\",\"contentUrl\":\"https:\\\/\\\/secure.gravatar.com\\\/avatar\\\/4e52110cad1c4054b43271a0d14bbe9e2ea76aecd0e1097edfc670798d9ca1d4?s=96&d=blank&r=g\",\"caption\":\"NBCS Noticias\"},\"description\":\"\u00bfTienes fotos o video de alg\u00fan acto de posible negligencia, corrupci\u00f3n y abuso de autoridad? M\u00e1ndalo al WhatsApp de NBCS Noticias: 612 141 98 08\",\"sameAs\":[\"https:\\\/\\\/www.nbcs.mx\",\"https:\\\/\\\/www.facebook.com\\\/NBCSnoticias\",\"https:\\\/\\\/www.instagram.com\\\/nbcsnoticias\\\/\",\"https:\\\/\\\/x.com\\\/https:\\\/\\\/twitter.com\\\/NBCSnoticias\"]}]}<\/script>\n<!-- \/ Yoast SEO plugin. -->","yoast_head_json":{"title":"UABCS entrega una generaci\u00f3n m\u00e1s de egresados y egresadas de su Extensi\u00f3n Acad\u00e9mica Ciudad Insurgentes - NBCS Noticias","robots":{"index":"index","follow":"follow","max-snippet":"max-snippet:-1","max-image-preview":"max-image-preview:large","max-video-preview":"max-video-preview:-1"},"canonical":"https:\/\/nbcs.mx\/?p=162153","og_locale":"es_ES","og_type":"article","og_title":"UABCS entrega una generaci\u00f3n m\u00e1s de egresados y egresadas de su Extensi\u00f3n Acad\u00e9mica Ciudad Insurgentes - NBCS Noticias","og_description":"Con un emotivo acto acad\u00e9mico, la Universidad Aut\u00f3noma de Baja California Sur (UABCS) celebr\u00f3 la Ceremonia de Graduaci\u00f3n de la","og_url":"https:\/\/nbcs.mx\/?p=162153","og_site_name":"NBCS Noticias","article_publisher":"https:\/\/www.facebook.com\/NBCSnoticias","article_author":"https:\/\/www.facebook.com\/NBCSnoticias","article_published_time":"2026-03-09T00:00:05+00:00","og_image":[{"width":2560,"height":1706,"url":"https:\/\/nbcs.mx\/wp-content\/uploads\/2026\/03\/08-03-26-Graduacion-Ciudad-Insurgentes-2026-3.jpeg","type":"image\/jpeg"}],"author":"NBCS Noticias","twitter_card":"summary_large_image","twitter_creator":"@https:\/\/twitter.com\/NBCSnoticias","twitter_site":"@NBCSnoticias","twitter_misc":{"Escrito por":"NBCS Noticias","Tiempo de lectura":"3 minutos"},"schema":{"@context":"https:\/\/schema.org","@graph":[{"@type":"Article","@id":"https:\/\/nbcs.mx\/?p=162153#article","isPartOf":{"@id":"https:\/\/nbcs.mx\/?p=162153"},"author":{"name":"NBCS Noticias","@id":"https:\/\/nbcs.mx\/#\/schema\/person\/ece58bab9a7c1e87a4d28ec9ecd79ff4"},"headline":"UABCS entrega una generaci\u00f3n m\u00e1s de egresados y egresadas de su Extensi\u00f3n Acad\u00e9mica Ciudad Insurgentes","datePublished":"2026-03-09T00:00:05+00:00","mainEntityOfPage":{"@id":"https:\/\/nbcs.mx\/?p=162153"},"wordCount":460,"commentCount":0,"publisher":{"@id":"https:\/\/nbcs.mx\/#organization"},"image":{"@id":"https:\/\/nbcs.mx\/?p=162153#primaryimage"},"thumbnailUrl":"https:\/\/nbcs.mx\/wp-content\/uploads\/2026\/03\/08-03-26-Graduacion-Ciudad-Insurgentes-2026-3.jpeg","articleSection":["Noticias"],"inLanguage":"es","potentialAction":[{"@type":"CommentAction","name":"Comment","target":["https:\/\/nbcs.mx\/?p=162153#respond"]}]},{"@type":"WebPage","@id":"https:\/\/nbcs.mx\/?p=162153","url":"https:\/\/nbcs.mx\/?p=162153","name":"UABCS entrega una generaci\u00f3n m\u00e1s de egresados y egresadas de su Extensi\u00f3n Acad\u00e9mica Ciudad Insurgentes - NBCS Noticias","isPartOf":{"@id":"https:\/\/nbcs.mx\/#website"},"primaryImageOfPage":{"@id":"https:\/\/nbcs.mx\/?p=162153#primaryimage"},"image":{"@id":"https:\/\/nbcs.mx\/?p=162153#primaryimage"},"thumbnailUrl":"https:\/\/nbcs.mx\/wp-content\/uploads\/2026\/03\/08-03-26-Graduacion-Ciudad-Insurgentes-2026-3.jpeg","datePublished":"2026-03-09T00:00:05+00:00","breadcrumb":{"@id":"https:\/\/nbcs.mx\/?p=162153#breadcrumb"},"inLanguage":"es","potentialAction":[{"@type":"ReadAction","target":["https:\/\/nbcs.mx\/?p=162153"]}]},{"@type":"ImageObject","inLanguage":"es","@id":"https:\/\/nbcs.mx\/?p=162153#primaryimage","url":"https:\/\/nbcs.mx\/wp-content\/uploads\/2026\/03\/08-03-26-Graduacion-Ciudad-Insurgentes-2026-3.jpeg","contentUrl":"https:\/\/nbcs.mx\/wp-content\/uploads\/2026\/03\/08-03-26-Graduacion-Ciudad-Insurgentes-2026-3.jpeg","width":2560,"height":1706},{"@type":"BreadcrumbList","@id":"https:\/\/nbcs.mx\/?p=162153#breadcrumb","itemListElement":[{"@type":"ListItem","position":1,"name":"Portada","item":"https:\/\/nbcs.mx\/"},{"@type":"ListItem","position":2,"name":"UABCS entrega una generaci\u00f3n m\u00e1s de egresados y egresadas de su Extensi\u00f3n Acad\u00e9mica Ciudad Insurgentes"}]},{"@type":"WebSite","@id":"https:\/\/nbcs.mx\/#website","url":"https:\/\/nbcs.mx\/","name":"NBCS Noticias","description":"Sitio web de noticias en Baja California Sur","publisher":{"@id":"https:\/\/nbcs.mx\/#organization"},"potentialAction":[{"@type":"SearchAction","target":{"@type":"EntryPoint","urlTemplate":"https:\/\/nbcs.mx\/?s={search_term_string}"},"query-input":{"@type":"PropertyValueSpecification","valueRequired":true,"valueName":"search_term_string"}}],"inLanguage":"es"},{"@type":"Organization","@id":"https:\/\/nbcs.mx\/#organization","name":"NBCS Noticias","url":"https:\/\/nbcs.mx\/","logo":{"@type":"ImageObject","inLanguage":"es","@id":"https:\/\/nbcs.mx\/#\/schema\/logo\/image\/","url":"https:\/\/nbcs.mx\/wp-content\/uploads\/2018\/09\/057b69485e93575a5c2b1c1dde2dd297.jpeg","contentUrl":"https:\/\/nbcs.mx\/wp-content\/uploads\/2018\/09\/057b69485e93575a5c2b1c1dde2dd297.jpeg","width":64,"height":64,"caption":"NBCS Noticias"},"image":{"@id":"https:\/\/nbcs.mx\/#\/schema\/logo\/image\/"},"sameAs":["https:\/\/www.facebook.com\/NBCSnoticias","https:\/\/x.com\/NBCSnoticias"]},{"@type":"Person","@id":"https:\/\/nbcs.mx\/#\/schema\/person\/ece58bab9a7c1e87a4d28ec9ecd79ff4","name":"NBCS Noticias","image":{"@type":"ImageObject","inLanguage":"es","@id":"https:\/\/secure.gravatar.com\/avatar\/4e52110cad1c4054b43271a0d14bbe9e2ea76aecd0e1097edfc670798d9ca1d4?s=96&d=blank&r=g","url":"https:\/\/secure.gravatar.com\/avatar\/4e52110cad1c4054b43271a0d14bbe9e2ea76aecd0e1097edfc670798d9ca1d4?s=96&d=blank&r=g","contentUrl":"https:\/\/secure.gravatar.com\/avatar\/4e52110cad1c4054b43271a0d14bbe9e2ea76aecd0e1097edfc670798d9ca1d4?s=96&d=blank&r=g","caption":"NBCS Noticias"},"description":"\u00bfTienes fotos o video de alg\u00fan acto de posible negligencia, corrupci\u00f3n y abuso de autoridad? M\u00e1ndalo al WhatsApp de NBCS Noticias: 612 141 98 08","sameAs":["https:\/\/www.nbcs.mx","https:\/\/www.facebook.com\/NBCSnoticias","https:\/\/www.instagram.com\/nbcsnoticias\/","https:\/\/x.com\/https:\/\/twitter.com\/NBCSnoticias"]}]}},"jetpack_publicize_connections":[],"jetpack_featured_media_url":"https:\/\/nbcs.mx\/wp-content\/uploads\/2026\/03\/08-03-26-Graduacion-Ciudad-Insurgentes-2026-3.jpeg","jetpack_sharing_enabled":true,"_links":{"self":[{"href":"https:\/\/nbcs.mx\/index.php?rest_route=\/wp\/v2\/posts\/162153","targetHints":{"allow":["GET"]}}],"collection":[{"href":"https:\/\/nbcs.mx\/index.php?rest_route=\/wp\/v2\/posts"}],"about":[{"href":"https:\/\/nbcs.mx\/index.php?rest_route=\/wp\/v2\/types\/post"}],"author":[{"embeddable":true,"href":"https:\/\/nbcs.mx\/index.php?rest_route=\/wp\/v2\/users\/1"}],"replies":[{"embeddable":true,"href":"https:\/\/nbcs.mx\/index.php?rest_route=%2Fwp%2Fv2%2Fcomments&post=162153"}],"version-history":[{"count":1,"href":"https:\/\/nbcs.mx\/index.php?rest_route=\/wp\/v2\/posts\/162153\/revisions"}],"predecessor-version":[{"id":162155,"href":"https:\/\/nbcs.mx\/index.php?rest_route=\/wp\/v2\/posts\/162153\/revisions\/162155"}],"wp:featuredmedia":[{"embeddable":true,"href":"https:\/\/nbcs.mx\/index.php?rest_route=\/wp\/v2\/media\/162154"}],"wp:attachment":[{"href":"https:\/\/nbcs.mx\/index.php?rest_route=%2Fwp%2Fv2%2Fmedia&parent=162153"}],"wp:term":[{"taxonomy":"category","embeddable":true,"href":"https:\/\/nbcs.mx\/index.php?rest_route=%2Fwp%2Fv2%2Fcategories&post=162153"},{"taxonomy":"post_tag","embeddable":true,"href":"https:\/\/nbcs.mx\/index.php?rest_route=%2Fwp%2Fv2%2Ftags&post=162153"}],"curies":[{"name":"wp","href":"https:\/\/api.w.org\/{rel}","templated":true}]}}