{"id":162248,"date":"2026-03-10T13:41:59","date_gmt":"2026-03-10T20:41:59","guid":{"rendered":"https:\/\/nbcs.mx\/?p=162248"},"modified":"2026-03-10T13:41:59","modified_gmt":"2026-03-10T20:41:59","slug":"impulsa-ayuntamiento-de-mulege-acciones-conjuntas-con-crit-bcs-para-fortalecer-la-rehabilitacion-infantil","status":"publish","type":"post","link":"https:\/\/nbcs.mx\/?p=162248","title":{"rendered":"Impulsa Ayuntamiento de Muleg\u00e9 acciones conjuntas con CRIT BCS para fortalecer la rehabilitaci\u00f3n infantil"},"content":{"rendered":"<p style=\"font-weight: 400; text-align: justify;\"><img loading=\"lazy\" decoding=\"async\" class=\" wp-image-162249 alignleft\" src=\"https:\/\/nbcs.mx\/wp-content\/uploads\/2026\/03\/Foto-1-738x492.jpg\" alt=\"\" width=\"419\" height=\"279\" srcset=\"https:\/\/nbcs.mx\/wp-content\/uploads\/2026\/03\/Foto-1-738x492.jpg 738w, https:\/\/nbcs.mx\/wp-content\/uploads\/2026\/03\/Foto-1-150x100.jpg 150w, https:\/\/nbcs.mx\/wp-content\/uploads\/2026\/03\/Foto-1-768x512.jpg 768w, https:\/\/nbcs.mx\/wp-content\/uploads\/2026\/03\/Foto-1.jpg 960w\" sizes=\"auto, (max-width: 419px) 100vw, 419px\" \/>En el marco de la conmemoraci\u00f3n por los 15 a\u00f1os del Telet\u00f3n en Baja California Sur, el Centro de Rehabilitaci\u00f3n e Inclusi\u00f3n Infantil Telet\u00f3n (CRIT) Baja California Sur entreg\u00f3 un reconocimiento a la presidenta honor\u00edfica del Sistema DIF Muleg\u00e9, Gyselle Edith Hern\u00e1ndez Aguilar, as\u00ed como al equipo de la instituci\u00f3n, por el trabajo que realizan en coordinaci\u00f3n para acercar atenci\u00f3n especializada a las familias del municipio.<\/p>\n<p style=\"font-weight: 400; text-align: justify;\">Durante el acto, encabezado por el Director General del CRIT BCS, Lic. Israel Mart\u00ednez Gonz\u00e1lez, se destac\u00f3 la colaboraci\u00f3n que mantiene el Sistema DIF Muleg\u00e9 con esta instituci\u00f3n, la cual ha permitido fortalecer la atenci\u00f3n a personas con discapacidad y a ni\u00f1as y ni\u00f1os que requieren terapias y servicios especializados.<\/p>\n<p style=\"font-weight: 400; text-align: justify;\">Actualmente, alrededor de 140 pacientes del municipio de Muleg\u00e9 acuden mensualmente a la ciudad de La Paz para recibir terapias en el CRIT Baja California Sur, situaci\u00f3n que evidencia la necesidad de continuar acercando servicios especializados al municipio mediante herramientas como la telemedicina, particularmente en comunidades con mayor grado de marginaci\u00f3n y lejan\u00eda geogr\u00e1fica, como las del Valle de Vizca\u00edno.<\/p>\n<p style=\"font-weight: 400; text-align: justify;\">Asimismo, como parte de esta relaci\u00f3n de colaboraci\u00f3n, el CRIT BCS ha realizado jornadas extramuros en el municipio, mediante las cuales personal especializado se traslada para brindar terapias a personas que requieren atenci\u00f3n. De igual forma, se destac\u00f3 la donaci\u00f3n de m\u00e1s de 100 sillas de ruedas que han beneficiado a habitantes de Muleg\u00e9.<\/p>\n<p style=\"font-weight: 400; text-align: justify;\">De manera paralela, el Sistema DIF Muleg\u00e9 mantiene pl\u00e1ticas con la direcci\u00f3n del CRIT Baja California Sur para explorar la posibilidad de acercar servicios especializados de telemedicina al municipio, lo que permitir\u00eda que ni\u00f1as y ni\u00f1os puedan recibir consultas sin necesidad de trasladarse hasta la capital del estado.<\/p>\n<p style=\"font-weight: 400; text-align: justify;\">Al respecto, la presidenta municipal Edith Aguilar Villavicencio reconoci\u00f3 la importancia de fortalecer estas alianzas institucionales en beneficio de la poblaci\u00f3n.<\/p>\n<p style=\"font-weight: 400; text-align: justify;\">\n<p style=\"font-weight: 400; text-align: justify;\">\u201cLa coordinaci\u00f3n con instituciones como el CRIT Baja California Sur es fundamental para seguir ampliando las oportunidades de atenci\u00f3n y rehabilitaci\u00f3n para nuestras ni\u00f1as, ni\u00f1os y familias. Desde el Gobierno de Muleg\u00e9 continuaremos impulsando acciones que acerquen estos servicios y mejoren la calidad de vida de nuestra comunidad\u201d, expres\u00f3.<\/p>\n<p style=\"font-weight: 400; text-align: justify;\">Finalmente, el H. XVIII Ayuntamiento de Muleg\u00e9, a trav\u00e9s del Sistema DIF Municipal, reiter\u00f3 su compromiso de seguir trabajando en conjunto con instituciones y organizaciones para fortalecer la atenci\u00f3n y rehabilitaci\u00f3n infantil en el municipio, en beneficio de quienes m\u00e1s lo necesitan.<\/p>\n","protected":false},"excerpt":{"rendered":"<p>En el marco de la conmemoraci\u00f3n por los 15 a\u00f1os del Telet\u00f3n en Baja California Sur, el Centro de Rehabilitaci\u00f3n<\/p>\n","protected":false},"author":1,"featured_media":162249,"comment_status":"open","ping_status":"closed","sticky":false,"template":"","format":"standard","meta":{"colormag_page_container_layout":"default_layout","colormag_page_sidebar_layout":"default_layout","_jetpack_memberships_contains_paid_content":false,"footnotes":"","jetpack_publicize_message":"","jetpack_publicize_feature_enabled":true,"jetpack_social_post_already_shared":true,"jetpack_social_options":{"image_generator_settings":{"template":"highway","default_image_id":0,"font":"","enabled":false},"version":2}},"categories":[40],"tags":[],"class_list":["post-162248","post","type-post","status-publish","format-standard","has-post-thumbnail","hentry","category-municipios"],"yoast_head":"<!-- This site is optimized with the Yoast SEO plugin v27.5 - https:\/\/yoast.com\/product\/yoast-seo-wordpress\/ -->\n<title>Impulsa Ayuntamiento de Muleg\u00e9 acciones conjuntas con CRIT BCS para fortalecer la rehabilitaci\u00f3n infantil - NBCS Noticias<\/title>\n<meta name=\"robots\" content=\"index, follow, max-snippet:-1, max-image-preview:large, max-video-preview:-1\" \/>\n<link rel=\"canonical\" href=\"https:\/\/nbcs.mx\/?p=162248\" \/>\n<meta property=\"og:locale\" content=\"es_ES\" \/>\n<meta property=\"og:type\" content=\"article\" \/>\n<meta property=\"og:title\" content=\"Impulsa Ayuntamiento de Muleg\u00e9 acciones conjuntas con CRIT BCS para fortalecer la rehabilitaci\u00f3n infantil - NBCS Noticias\" \/>\n<meta property=\"og:description\" content=\"En el marco de la conmemoraci\u00f3n por los 15 a\u00f1os del Telet\u00f3n en Baja California Sur, el Centro de Rehabilitaci\u00f3n\" \/>\n<meta property=\"og:url\" content=\"https:\/\/nbcs.mx\/?p=162248\" \/>\n<meta property=\"og:site_name\" content=\"NBCS Noticias\" \/>\n<meta property=\"article:publisher\" content=\"https:\/\/www.facebook.com\/NBCSnoticias\" \/>\n<meta property=\"article:author\" content=\"https:\/\/www.facebook.com\/NBCSnoticias\" \/>\n<meta property=\"article:published_time\" content=\"2026-03-10T20:41:59+00:00\" \/>\n<meta property=\"og:image\" content=\"https:\/\/nbcs.mx\/wp-content\/uploads\/2026\/03\/Foto-1.jpg\" \/>\n\t<meta property=\"og:image:width\" content=\"960\" \/>\n\t<meta property=\"og:image:height\" content=\"640\" \/>\n\t<meta property=\"og:image:type\" content=\"image\/jpeg\" \/>\n<meta name=\"author\" content=\"NBCS Noticias\" \/>\n<meta name=\"twitter:card\" content=\"summary_large_image\" \/>\n<meta name=\"twitter:creator\" content=\"@https:\/\/twitter.com\/NBCSnoticias\" \/>\n<meta name=\"twitter:site\" content=\"@NBCSnoticias\" \/>\n<meta name=\"twitter:label1\" content=\"Escrito por\" \/>\n\t<meta name=\"twitter:data1\" content=\"NBCS Noticias\" \/>\n\t<meta name=\"twitter:label2\" content=\"Tiempo de lectura\" \/>\n\t<meta name=\"twitter:data2\" content=\"3 minutos\" \/>\n<script type=\"application\/ld+json\" class=\"yoast-schema-graph\">{\"@context\":\"https:\\\/\\\/schema.org\",\"@graph\":[{\"@type\":\"Article\",\"@id\":\"https:\\\/\\\/nbcs.mx\\\/?p=162248#article\",\"isPartOf\":{\"@id\":\"https:\\\/\\\/nbcs.mx\\\/?p=162248\"},\"author\":{\"name\":\"NBCS Noticias\",\"@id\":\"https:\\\/\\\/nbcs.mx\\\/#\\\/schema\\\/person\\\/ece58bab9a7c1e87a4d28ec9ecd79ff4\"},\"headline\":\"Impulsa Ayuntamiento de Muleg\u00e9 acciones conjuntas con CRIT BCS para fortalecer la rehabilitaci\u00f3n infantil\",\"datePublished\":\"2026-03-10T20:41:59+00:00\",\"mainEntityOfPage\":{\"@id\":\"https:\\\/\\\/nbcs.mx\\\/?p=162248\"},\"wordCount\":445,\"commentCount\":0,\"publisher\":{\"@id\":\"https:\\\/\\\/nbcs.mx\\\/#organization\"},\"image\":{\"@id\":\"https:\\\/\\\/nbcs.mx\\\/?p=162248#primaryimage\"},\"thumbnailUrl\":\"https:\\\/\\\/nbcs.mx\\\/wp-content\\\/uploads\\\/2026\\\/03\\\/Foto-1.jpg\",\"articleSection\":[\"Municipios\"],\"inLanguage\":\"es\",\"potentialAction\":[{\"@type\":\"CommentAction\",\"name\":\"Comment\",\"target\":[\"https:\\\/\\\/nbcs.mx\\\/?p=162248#respond\"]}]},{\"@type\":\"WebPage\",\"@id\":\"https:\\\/\\\/nbcs.mx\\\/?p=162248\",\"url\":\"https:\\\/\\\/nbcs.mx\\\/?p=162248\",\"name\":\"Impulsa Ayuntamiento de Muleg\u00e9 acciones conjuntas con CRIT BCS para fortalecer la rehabilitaci\u00f3n infantil - NBCS Noticias\",\"isPartOf\":{\"@id\":\"https:\\\/\\\/nbcs.mx\\\/#website\"},\"primaryImageOfPage\":{\"@id\":\"https:\\\/\\\/nbcs.mx\\\/?p=162248#primaryimage\"},\"image\":{\"@id\":\"https:\\\/\\\/nbcs.mx\\\/?p=162248#primaryimage\"},\"thumbnailUrl\":\"https:\\\/\\\/nbcs.mx\\\/wp-content\\\/uploads\\\/2026\\\/03\\\/Foto-1.jpg\",\"datePublished\":\"2026-03-10T20:41:59+00:00\",\"breadcrumb\":{\"@id\":\"https:\\\/\\\/nbcs.mx\\\/?p=162248#breadcrumb\"},\"inLanguage\":\"es\",\"potentialAction\":[{\"@type\":\"ReadAction\",\"target\":[\"https:\\\/\\\/nbcs.mx\\\/?p=162248\"]}]},{\"@type\":\"ImageObject\",\"inLanguage\":\"es\",\"@id\":\"https:\\\/\\\/nbcs.mx\\\/?p=162248#primaryimage\",\"url\":\"https:\\\/\\\/nbcs.mx\\\/wp-content\\\/uploads\\\/2026\\\/03\\\/Foto-1.jpg\",\"contentUrl\":\"https:\\\/\\\/nbcs.mx\\\/wp-content\\\/uploads\\\/2026\\\/03\\\/Foto-1.jpg\",\"width\":960,\"height\":640},{\"@type\":\"BreadcrumbList\",\"@id\":\"https:\\\/\\\/nbcs.mx\\\/?p=162248#breadcrumb\",\"itemListElement\":[{\"@type\":\"ListItem\",\"position\":1,\"name\":\"Portada\",\"item\":\"https:\\\/\\\/nbcs.mx\\\/\"},{\"@type\":\"ListItem\",\"position\":2,\"name\":\"Impulsa Ayuntamiento de Muleg\u00e9 acciones conjuntas con CRIT BCS para fortalecer la rehabilitaci\u00f3n infantil\"}]},{\"@type\":\"WebSite\",\"@id\":\"https:\\\/\\\/nbcs.mx\\\/#website\",\"url\":\"https:\\\/\\\/nbcs.mx\\\/\",\"name\":\"NBCS Noticias\",\"description\":\"Sitio web de noticias en Baja California Sur\",\"publisher\":{\"@id\":\"https:\\\/\\\/nbcs.mx\\\/#organization\"},\"potentialAction\":[{\"@type\":\"SearchAction\",\"target\":{\"@type\":\"EntryPoint\",\"urlTemplate\":\"https:\\\/\\\/nbcs.mx\\\/?s={search_term_string}\"},\"query-input\":{\"@type\":\"PropertyValueSpecification\",\"valueRequired\":true,\"valueName\":\"search_term_string\"}}],\"inLanguage\":\"es\"},{\"@type\":\"Organization\",\"@id\":\"https:\\\/\\\/nbcs.mx\\\/#organization\",\"name\":\"NBCS Noticias\",\"url\":\"https:\\\/\\\/nbcs.mx\\\/\",\"logo\":{\"@type\":\"ImageObject\",\"inLanguage\":\"es\",\"@id\":\"https:\\\/\\\/nbcs.mx\\\/#\\\/schema\\\/logo\\\/image\\\/\",\"url\":\"https:\\\/\\\/nbcs.mx\\\/wp-content\\\/uploads\\\/2018\\\/09\\\/057b69485e93575a5c2b1c1dde2dd297.jpeg\",\"contentUrl\":\"https:\\\/\\\/nbcs.mx\\\/wp-content\\\/uploads\\\/2018\\\/09\\\/057b69485e93575a5c2b1c1dde2dd297.jpeg\",\"width\":64,\"height\":64,\"caption\":\"NBCS Noticias\"},\"image\":{\"@id\":\"https:\\\/\\\/nbcs.mx\\\/#\\\/schema\\\/logo\\\/image\\\/\"},\"sameAs\":[\"https:\\\/\\\/www.facebook.com\\\/NBCSnoticias\",\"https:\\\/\\\/x.com\\\/NBCSnoticias\"]},{\"@type\":\"Person\",\"@id\":\"https:\\\/\\\/nbcs.mx\\\/#\\\/schema\\\/person\\\/ece58bab9a7c1e87a4d28ec9ecd79ff4\",\"name\":\"NBCS Noticias\",\"image\":{\"@type\":\"ImageObject\",\"inLanguage\":\"es\",\"@id\":\"https:\\\/\\\/secure.gravatar.com\\\/avatar\\\/4e52110cad1c4054b43271a0d14bbe9e2ea76aecd0e1097edfc670798d9ca1d4?s=96&d=blank&r=g\",\"url\":\"https:\\\/\\\/secure.gravatar.com\\\/avatar\\\/4e52110cad1c4054b43271a0d14bbe9e2ea76aecd0e1097edfc670798d9ca1d4?s=96&d=blank&r=g\",\"contentUrl\":\"https:\\\/\\\/secure.gravatar.com\\\/avatar\\\/4e52110cad1c4054b43271a0d14bbe9e2ea76aecd0e1097edfc670798d9ca1d4?s=96&d=blank&r=g\",\"caption\":\"NBCS Noticias\"},\"description\":\"\u00bfTienes fotos o video de alg\u00fan acto de posible negligencia, corrupci\u00f3n y abuso de autoridad? M\u00e1ndalo al WhatsApp de NBCS Noticias: 612 141 98 08\",\"sameAs\":[\"https:\\\/\\\/www.nbcs.mx\",\"https:\\\/\\\/www.facebook.com\\\/NBCSnoticias\",\"https:\\\/\\\/www.instagram.com\\\/nbcsnoticias\\\/\",\"https:\\\/\\\/x.com\\\/https:\\\/\\\/twitter.com\\\/NBCSnoticias\"]}]}<\/script>\n<!-- \/ Yoast SEO plugin. -->","yoast_head_json":{"title":"Impulsa Ayuntamiento de Muleg\u00e9 acciones conjuntas con CRIT BCS para fortalecer la rehabilitaci\u00f3n infantil - NBCS Noticias","robots":{"index":"index","follow":"follow","max-snippet":"max-snippet:-1","max-image-preview":"max-image-preview:large","max-video-preview":"max-video-preview:-1"},"canonical":"https:\/\/nbcs.mx\/?p=162248","og_locale":"es_ES","og_type":"article","og_title":"Impulsa Ayuntamiento de Muleg\u00e9 acciones conjuntas con CRIT BCS para fortalecer la rehabilitaci\u00f3n infantil - NBCS Noticias","og_description":"En el marco de la conmemoraci\u00f3n por los 15 a\u00f1os del Telet\u00f3n en Baja California Sur, el Centro de Rehabilitaci\u00f3n","og_url":"https:\/\/nbcs.mx\/?p=162248","og_site_name":"NBCS Noticias","article_publisher":"https:\/\/www.facebook.com\/NBCSnoticias","article_author":"https:\/\/www.facebook.com\/NBCSnoticias","article_published_time":"2026-03-10T20:41:59+00:00","og_image":[{"width":960,"height":640,"url":"https:\/\/nbcs.mx\/wp-content\/uploads\/2026\/03\/Foto-1.jpg","type":"image\/jpeg"}],"author":"NBCS Noticias","twitter_card":"summary_large_image","twitter_creator":"@https:\/\/twitter.com\/NBCSnoticias","twitter_site":"@NBCSnoticias","twitter_misc":{"Escrito por":"NBCS Noticias","Tiempo de lectura":"3 minutos"},"schema":{"@context":"https:\/\/schema.org","@graph":[{"@type":"Article","@id":"https:\/\/nbcs.mx\/?p=162248#article","isPartOf":{"@id":"https:\/\/nbcs.mx\/?p=162248"},"author":{"name":"NBCS Noticias","@id":"https:\/\/nbcs.mx\/#\/schema\/person\/ece58bab9a7c1e87a4d28ec9ecd79ff4"},"headline":"Impulsa Ayuntamiento de Muleg\u00e9 acciones conjuntas con CRIT BCS para fortalecer la rehabilitaci\u00f3n infantil","datePublished":"2026-03-10T20:41:59+00:00","mainEntityOfPage":{"@id":"https:\/\/nbcs.mx\/?p=162248"},"wordCount":445,"commentCount":0,"publisher":{"@id":"https:\/\/nbcs.mx\/#organization"},"image":{"@id":"https:\/\/nbcs.mx\/?p=162248#primaryimage"},"thumbnailUrl":"https:\/\/nbcs.mx\/wp-content\/uploads\/2026\/03\/Foto-1.jpg","articleSection":["Municipios"],"inLanguage":"es","potentialAction":[{"@type":"CommentAction","name":"Comment","target":["https:\/\/nbcs.mx\/?p=162248#respond"]}]},{"@type":"WebPage","@id":"https:\/\/nbcs.mx\/?p=162248","url":"https:\/\/nbcs.mx\/?p=162248","name":"Impulsa Ayuntamiento de Muleg\u00e9 acciones conjuntas con CRIT BCS para fortalecer la rehabilitaci\u00f3n infantil - NBCS Noticias","isPartOf":{"@id":"https:\/\/nbcs.mx\/#website"},"primaryImageOfPage":{"@id":"https:\/\/nbcs.mx\/?p=162248#primaryimage"},"image":{"@id":"https:\/\/nbcs.mx\/?p=162248#primaryimage"},"thumbnailUrl":"https:\/\/nbcs.mx\/wp-content\/uploads\/2026\/03\/Foto-1.jpg","datePublished":"2026-03-10T20:41:59+00:00","breadcrumb":{"@id":"https:\/\/nbcs.mx\/?p=162248#breadcrumb"},"inLanguage":"es","potentialAction":[{"@type":"ReadAction","target":["https:\/\/nbcs.mx\/?p=162248"]}]},{"@type":"ImageObject","inLanguage":"es","@id":"https:\/\/nbcs.mx\/?p=162248#primaryimage","url":"https:\/\/nbcs.mx\/wp-content\/uploads\/2026\/03\/Foto-1.jpg","contentUrl":"https:\/\/nbcs.mx\/wp-content\/uploads\/2026\/03\/Foto-1.jpg","width":960,"height":640},{"@type":"BreadcrumbList","@id":"https:\/\/nbcs.mx\/?p=162248#breadcrumb","itemListElement":[{"@type":"ListItem","position":1,"name":"Portada","item":"https:\/\/nbcs.mx\/"},{"@type":"ListItem","position":2,"name":"Impulsa Ayuntamiento de Muleg\u00e9 acciones conjuntas con CRIT BCS para fortalecer la rehabilitaci\u00f3n infantil"}]},{"@type":"WebSite","@id":"https:\/\/nbcs.mx\/#website","url":"https:\/\/nbcs.mx\/","name":"NBCS Noticias","description":"Sitio web de noticias en Baja California Sur","publisher":{"@id":"https:\/\/nbcs.mx\/#organization"},"potentialAction":[{"@type":"SearchAction","target":{"@type":"EntryPoint","urlTemplate":"https:\/\/nbcs.mx\/?s={search_term_string}"},"query-input":{"@type":"PropertyValueSpecification","valueRequired":true,"valueName":"search_term_string"}}],"inLanguage":"es"},{"@type":"Organization","@id":"https:\/\/nbcs.mx\/#organization","name":"NBCS Noticias","url":"https:\/\/nbcs.mx\/","logo":{"@type":"ImageObject","inLanguage":"es","@id":"https:\/\/nbcs.mx\/#\/schema\/logo\/image\/","url":"https:\/\/nbcs.mx\/wp-content\/uploads\/2018\/09\/057b69485e93575a5c2b1c1dde2dd297.jpeg","contentUrl":"https:\/\/nbcs.mx\/wp-content\/uploads\/2018\/09\/057b69485e93575a5c2b1c1dde2dd297.jpeg","width":64,"height":64,"caption":"NBCS Noticias"},"image":{"@id":"https:\/\/nbcs.mx\/#\/schema\/logo\/image\/"},"sameAs":["https:\/\/www.facebook.com\/NBCSnoticias","https:\/\/x.com\/NBCSnoticias"]},{"@type":"Person","@id":"https:\/\/nbcs.mx\/#\/schema\/person\/ece58bab9a7c1e87a4d28ec9ecd79ff4","name":"NBCS Noticias","image":{"@type":"ImageObject","inLanguage":"es","@id":"https:\/\/secure.gravatar.com\/avatar\/4e52110cad1c4054b43271a0d14bbe9e2ea76aecd0e1097edfc670798d9ca1d4?s=96&d=blank&r=g","url":"https:\/\/secure.gravatar.com\/avatar\/4e52110cad1c4054b43271a0d14bbe9e2ea76aecd0e1097edfc670798d9ca1d4?s=96&d=blank&r=g","contentUrl":"https:\/\/secure.gravatar.com\/avatar\/4e52110cad1c4054b43271a0d14bbe9e2ea76aecd0e1097edfc670798d9ca1d4?s=96&d=blank&r=g","caption":"NBCS Noticias"},"description":"\u00bfTienes fotos o video de alg\u00fan acto de posible negligencia, corrupci\u00f3n y abuso de autoridad? M\u00e1ndalo al WhatsApp de NBCS Noticias: 612 141 98 08","sameAs":["https:\/\/www.nbcs.mx","https:\/\/www.facebook.com\/NBCSnoticias","https:\/\/www.instagram.com\/nbcsnoticias\/","https:\/\/x.com\/https:\/\/twitter.com\/NBCSnoticias"]}]}},"jetpack_publicize_connections":[],"jetpack_featured_media_url":"https:\/\/nbcs.mx\/wp-content\/uploads\/2026\/03\/Foto-1.jpg","jetpack_sharing_enabled":true,"_links":{"self":[{"href":"https:\/\/nbcs.mx\/index.php?rest_route=\/wp\/v2\/posts\/162248","targetHints":{"allow":["GET"]}}],"collection":[{"href":"https:\/\/nbcs.mx\/index.php?rest_route=\/wp\/v2\/posts"}],"about":[{"href":"https:\/\/nbcs.mx\/index.php?rest_route=\/wp\/v2\/types\/post"}],"author":[{"embeddable":true,"href":"https:\/\/nbcs.mx\/index.php?rest_route=\/wp\/v2\/users\/1"}],"replies":[{"embeddable":true,"href":"https:\/\/nbcs.mx\/index.php?rest_route=%2Fwp%2Fv2%2Fcomments&post=162248"}],"version-history":[{"count":1,"href":"https:\/\/nbcs.mx\/index.php?rest_route=\/wp\/v2\/posts\/162248\/revisions"}],"predecessor-version":[{"id":162250,"href":"https:\/\/nbcs.mx\/index.php?rest_route=\/wp\/v2\/posts\/162248\/revisions\/162250"}],"wp:featuredmedia":[{"embeddable":true,"href":"https:\/\/nbcs.mx\/index.php?rest_route=\/wp\/v2\/media\/162249"}],"wp:attachment":[{"href":"https:\/\/nbcs.mx\/index.php?rest_route=%2Fwp%2Fv2%2Fmedia&parent=162248"}],"wp:term":[{"taxonomy":"category","embeddable":true,"href":"https:\/\/nbcs.mx\/index.php?rest_route=%2Fwp%2Fv2%2Fcategories&post=162248"},{"taxonomy":"post_tag","embeddable":true,"href":"https:\/\/nbcs.mx\/index.php?rest_route=%2Fwp%2Fv2%2Ftags&post=162248"}],"curies":[{"name":"wp","href":"https:\/\/api.w.org\/{rel}","templated":true}]}}