{"id":162278,"date":"2026-03-11T07:43:08","date_gmt":"2026-03-11T14:43:08","guid":{"rendered":"https:\/\/nbcs.mx\/?p=162278"},"modified":"2026-03-11T07:43:08","modified_gmt":"2026-03-11T14:43:08","slug":"propone-erick-ivan-agundez-ajustes-a-la-constitucion-para-fortalecer-la-reforma-judicial-en-bcs","status":"publish","type":"post","link":"https:\/\/nbcs.mx\/?p=162278","title":{"rendered":"Propone Erick Ivan Agundez ajustes a la Constituci\u00f3n para fortalecer la reforma judicial en BCS"},"content":{"rendered":"<p style=\"text-align: justify;\"><img loading=\"lazy\" decoding=\"async\" class=\" wp-image-162279 alignleft\" src=\"https:\/\/nbcs.mx\/wp-content\/uploads\/2026\/03\/Captura-de-pantalla-2026-03-11-a-las-7.42.38-a.m-755x489.png\" alt=\"\" width=\"384\" height=\"249\" srcset=\"https:\/\/nbcs.mx\/wp-content\/uploads\/2026\/03\/Captura-de-pantalla-2026-03-11-a-las-7.42.38-a.m-755x489.png 755w, https:\/\/nbcs.mx\/wp-content\/uploads\/2026\/03\/Captura-de-pantalla-2026-03-11-a-las-7.42.38-a.m-1024x663.png 1024w, https:\/\/nbcs.mx\/wp-content\/uploads\/2026\/03\/Captura-de-pantalla-2026-03-11-a-las-7.42.38-a.m-150x97.png 150w, https:\/\/nbcs.mx\/wp-content\/uploads\/2026\/03\/Captura-de-pantalla-2026-03-11-a-las-7.42.38-a.m-768x497.png 768w, https:\/\/nbcs.mx\/wp-content\/uploads\/2026\/03\/Captura-de-pantalla-2026-03-11-a-las-7.42.38-a.m.png 1390w\" sizes=\"auto, (max-width: 384px) 100vw, 384px\" \/>El diputado Erick Ivan Agundez Cervantes present\u00f3 ante el Congreso del Estado una iniciativa con proyecto de decreto para reformar y adicionar diversas disposiciones de la Constituci\u00f3n Pol\u00edtica de Baja California Sur, con el objetivo de continuar la armonizaci\u00f3n legislativa con la reforma al Poder Judicial de la Federaci\u00f3n publicada el 15 de septiembre de 2024 en el Diario Oficial de la Federaci\u00f3n.<\/p>\n<p style=\"text-align: justify;\">La propuesta tambi\u00e9n plantea modificar diversos art\u00edculos transitorios del Decreto 3140, publicado el 14 de marzo de 2025 en el Bolet\u00edn Oficial del Gobierno del Estado, mediante el cual se realizaron adecuaciones constitucionales en la entidad para alinearse con la reforma judicial federal.<\/p>\n<p style=\"text-align: justify;\">El legislador explic\u00f3 que la iniciativa deriva de un trabajo interinstitucional entre el Poder Legislativo y el Poder Judicial del Estado, a partir de un an\u00e1lisis conjunto para revisar y ajustar algunos aspectos de la reforma constitucional previamente aprobada, considerando las particularidades laborales, territoriales, poblacionales e institucionales de Baja California Sur.<\/p>\n<p style=\"text-align: justify;\">Entre los principales planteamientos se propone que el Tribunal Superior de Justicia funcione mediante Salas Unitarias Especializadas por Materia, con el objetivo de fortalecer su operatividad y agilizar la impartici\u00f3n de justicia.<\/p>\n<p style=\"text-align: justify;\">Asimismo, se establece que cualquier persona o autoridad podr\u00e1 denunciar ante el Tribunal de Disciplina Judicial posibles faltas administrativas o penales cometidas por personas servidoras p\u00fablicas del Poder Judicial, fortaleciendo los mecanismos de rendici\u00f3n de cuentas.<br \/>\nLa iniciativa tambi\u00e9n se\u00f1ala que ninguna persona servidora p\u00fablica del Poder Judicial podr\u00e1 percibir una remuneraci\u00f3n mayor a la del Presidente de la Rep\u00fablica, en apego a lo dispuesto en la reforma constitucional federal.<\/p>\n<p style=\"text-align: justify;\">De igual forma, se considera la implementaci\u00f3n del C\u00f3digo Nacional de Procedimientos Civiles y Familiares, cuyo plazo m\u00e1ximo de entrada en vigor en las entidades federativas es el 1 de abril de 2027.<\/p>\n<p style=\"text-align: justify;\">En este contexto, se prev\u00e9 que, por \u00fanica ocasi\u00f3n, el Consejo de la Judicatura del Estado pueda designar juezas y jueces en materia de oralidad civil y familiar, quienes permanecer\u00e1n en el cargo hasta que su elecci\u00f3n se realice mediante voto popular en el proceso electoral ordinario de 2027.<\/p>\n<p style=\"text-align: justify;\">La iniciativa tambi\u00e9n incorpora adecuaciones en materia de lenguaje incluyente y perspectiva de g\u00e9nero, con el objetivo de armonizar el texto constitucional con los principios de igualdad.<\/p>\n<p style=\"text-align: justify;\">Finalmente, la propuesta fue turnada a la Comisi\u00f3n Permanente de Puntos Constitucionales y de Justicia, para su an\u00e1lisis y dictaminaci\u00f3n.<\/p>\n","protected":false},"excerpt":{"rendered":"<p>El diputado Erick Ivan Agundez Cervantes present\u00f3 ante el Congreso del Estado una iniciativa con proyecto de decreto para reformar<\/p>\n","protected":false},"author":1,"featured_media":162279,"comment_status":"open","ping_status":"closed","sticky":false,"template":"","format":"standard","meta":{"colormag_page_container_layout":"default_layout","colormag_page_sidebar_layout":"default_layout","_jetpack_memberships_contains_paid_content":false,"footnotes":"","jetpack_publicize_message":"","jetpack_publicize_feature_enabled":true,"jetpack_social_post_already_shared":true,"jetpack_social_options":{"image_generator_settings":{"template":"highway","default_image_id":0,"font":"","enabled":false},"version":2}},"categories":[48],"tags":[],"class_list":["post-162278","post","type-post","status-publish","format-standard","has-post-thumbnail","hentry","category-congreso-de-bcs"],"yoast_head":"<!-- This site is optimized with the Yoast SEO plugin v27.5 - https:\/\/yoast.com\/product\/yoast-seo-wordpress\/ -->\n<title>Propone Erick Ivan Agundez ajustes a la Constituci\u00f3n para fortalecer la reforma judicial en BCS - NBCS Noticias<\/title>\n<meta name=\"robots\" content=\"index, follow, max-snippet:-1, max-image-preview:large, max-video-preview:-1\" \/>\n<link rel=\"canonical\" href=\"https:\/\/nbcs.mx\/?p=162278\" \/>\n<meta property=\"og:locale\" content=\"es_ES\" \/>\n<meta property=\"og:type\" content=\"article\" \/>\n<meta property=\"og:title\" content=\"Propone Erick Ivan Agundez ajustes a la Constituci\u00f3n para fortalecer la reforma judicial en BCS - NBCS Noticias\" \/>\n<meta property=\"og:description\" content=\"El diputado Erick Ivan Agundez Cervantes present\u00f3 ante el Congreso del Estado una iniciativa con proyecto de decreto para reformar\" \/>\n<meta property=\"og:url\" content=\"https:\/\/nbcs.mx\/?p=162278\" \/>\n<meta property=\"og:site_name\" content=\"NBCS Noticias\" \/>\n<meta property=\"article:publisher\" content=\"https:\/\/www.facebook.com\/NBCSnoticias\" \/>\n<meta property=\"article:author\" content=\"https:\/\/www.facebook.com\/NBCSnoticias\" \/>\n<meta property=\"article:published_time\" content=\"2026-03-11T14:43:08+00:00\" \/>\n<meta property=\"og:image\" content=\"https:\/\/nbcs.mx\/wp-content\/uploads\/2026\/03\/Captura-de-pantalla-2026-03-11-a-las-7.42.38-a.m.png\" \/>\n\t<meta property=\"og:image:width\" content=\"1390\" \/>\n\t<meta property=\"og:image:height\" content=\"900\" \/>\n\t<meta property=\"og:image:type\" content=\"image\/png\" \/>\n<meta name=\"author\" content=\"NBCS Noticias\" \/>\n<meta name=\"twitter:card\" content=\"summary_large_image\" \/>\n<meta name=\"twitter:creator\" content=\"@https:\/\/twitter.com\/NBCSnoticias\" \/>\n<meta name=\"twitter:site\" content=\"@NBCSnoticias\" \/>\n<meta name=\"twitter:label1\" content=\"Escrito por\" \/>\n\t<meta name=\"twitter:data1\" content=\"NBCS Noticias\" \/>\n\t<meta name=\"twitter:label2\" content=\"Tiempo de lectura\" \/>\n\t<meta name=\"twitter:data2\" content=\"3 minutos\" \/>\n<script type=\"application\/ld+json\" class=\"yoast-schema-graph\">{\"@context\":\"https:\\\/\\\/schema.org\",\"@graph\":[{\"@type\":\"Article\",\"@id\":\"https:\\\/\\\/nbcs.mx\\\/?p=162278#article\",\"isPartOf\":{\"@id\":\"https:\\\/\\\/nbcs.mx\\\/?p=162278\"},\"author\":{\"name\":\"NBCS Noticias\",\"@id\":\"https:\\\/\\\/nbcs.mx\\\/#\\\/schema\\\/person\\\/ece58bab9a7c1e87a4d28ec9ecd79ff4\"},\"headline\":\"Propone Erick Ivan Agundez ajustes a la Constituci\u00f3n para fortalecer la reforma judicial en BCS\",\"datePublished\":\"2026-03-11T14:43:08+00:00\",\"mainEntityOfPage\":{\"@id\":\"https:\\\/\\\/nbcs.mx\\\/?p=162278\"},\"wordCount\":424,\"commentCount\":0,\"publisher\":{\"@id\":\"https:\\\/\\\/nbcs.mx\\\/#organization\"},\"image\":{\"@id\":\"https:\\\/\\\/nbcs.mx\\\/?p=162278#primaryimage\"},\"thumbnailUrl\":\"https:\\\/\\\/nbcs.mx\\\/wp-content\\\/uploads\\\/2026\\\/03\\\/Captura-de-pantalla-2026-03-11-a-las-7.42.38-a.m.png\",\"articleSection\":[\"Congreso de BCS\"],\"inLanguage\":\"es\",\"potentialAction\":[{\"@type\":\"CommentAction\",\"name\":\"Comment\",\"target\":[\"https:\\\/\\\/nbcs.mx\\\/?p=162278#respond\"]}]},{\"@type\":\"WebPage\",\"@id\":\"https:\\\/\\\/nbcs.mx\\\/?p=162278\",\"url\":\"https:\\\/\\\/nbcs.mx\\\/?p=162278\",\"name\":\"Propone Erick Ivan Agundez ajustes a la Constituci\u00f3n para fortalecer la reforma judicial en BCS - NBCS Noticias\",\"isPartOf\":{\"@id\":\"https:\\\/\\\/nbcs.mx\\\/#website\"},\"primaryImageOfPage\":{\"@id\":\"https:\\\/\\\/nbcs.mx\\\/?p=162278#primaryimage\"},\"image\":{\"@id\":\"https:\\\/\\\/nbcs.mx\\\/?p=162278#primaryimage\"},\"thumbnailUrl\":\"https:\\\/\\\/nbcs.mx\\\/wp-content\\\/uploads\\\/2026\\\/03\\\/Captura-de-pantalla-2026-03-11-a-las-7.42.38-a.m.png\",\"datePublished\":\"2026-03-11T14:43:08+00:00\",\"breadcrumb\":{\"@id\":\"https:\\\/\\\/nbcs.mx\\\/?p=162278#breadcrumb\"},\"inLanguage\":\"es\",\"potentialAction\":[{\"@type\":\"ReadAction\",\"target\":[\"https:\\\/\\\/nbcs.mx\\\/?p=162278\"]}]},{\"@type\":\"ImageObject\",\"inLanguage\":\"es\",\"@id\":\"https:\\\/\\\/nbcs.mx\\\/?p=162278#primaryimage\",\"url\":\"https:\\\/\\\/nbcs.mx\\\/wp-content\\\/uploads\\\/2026\\\/03\\\/Captura-de-pantalla-2026-03-11-a-las-7.42.38-a.m.png\",\"contentUrl\":\"https:\\\/\\\/nbcs.mx\\\/wp-content\\\/uploads\\\/2026\\\/03\\\/Captura-de-pantalla-2026-03-11-a-las-7.42.38-a.m.png\",\"width\":1390,\"height\":900},{\"@type\":\"BreadcrumbList\",\"@id\":\"https:\\\/\\\/nbcs.mx\\\/?p=162278#breadcrumb\",\"itemListElement\":[{\"@type\":\"ListItem\",\"position\":1,\"name\":\"Portada\",\"item\":\"https:\\\/\\\/nbcs.mx\\\/\"},{\"@type\":\"ListItem\",\"position\":2,\"name\":\"Propone Erick Ivan Agundez ajustes a la Constituci\u00f3n para fortalecer la reforma judicial en BCS\"}]},{\"@type\":\"WebSite\",\"@id\":\"https:\\\/\\\/nbcs.mx\\\/#website\",\"url\":\"https:\\\/\\\/nbcs.mx\\\/\",\"name\":\"NBCS Noticias\",\"description\":\"Sitio web de noticias en Baja California Sur\",\"publisher\":{\"@id\":\"https:\\\/\\\/nbcs.mx\\\/#organization\"},\"potentialAction\":[{\"@type\":\"SearchAction\",\"target\":{\"@type\":\"EntryPoint\",\"urlTemplate\":\"https:\\\/\\\/nbcs.mx\\\/?s={search_term_string}\"},\"query-input\":{\"@type\":\"PropertyValueSpecification\",\"valueRequired\":true,\"valueName\":\"search_term_string\"}}],\"inLanguage\":\"es\"},{\"@type\":\"Organization\",\"@id\":\"https:\\\/\\\/nbcs.mx\\\/#organization\",\"name\":\"NBCS Noticias\",\"url\":\"https:\\\/\\\/nbcs.mx\\\/\",\"logo\":{\"@type\":\"ImageObject\",\"inLanguage\":\"es\",\"@id\":\"https:\\\/\\\/nbcs.mx\\\/#\\\/schema\\\/logo\\\/image\\\/\",\"url\":\"https:\\\/\\\/nbcs.mx\\\/wp-content\\\/uploads\\\/2018\\\/09\\\/057b69485e93575a5c2b1c1dde2dd297.jpeg\",\"contentUrl\":\"https:\\\/\\\/nbcs.mx\\\/wp-content\\\/uploads\\\/2018\\\/09\\\/057b69485e93575a5c2b1c1dde2dd297.jpeg\",\"width\":64,\"height\":64,\"caption\":\"NBCS Noticias\"},\"image\":{\"@id\":\"https:\\\/\\\/nbcs.mx\\\/#\\\/schema\\\/logo\\\/image\\\/\"},\"sameAs\":[\"https:\\\/\\\/www.facebook.com\\\/NBCSnoticias\",\"https:\\\/\\\/x.com\\\/NBCSnoticias\"]},{\"@type\":\"Person\",\"@id\":\"https:\\\/\\\/nbcs.mx\\\/#\\\/schema\\\/person\\\/ece58bab9a7c1e87a4d28ec9ecd79ff4\",\"name\":\"NBCS Noticias\",\"image\":{\"@type\":\"ImageObject\",\"inLanguage\":\"es\",\"@id\":\"https:\\\/\\\/secure.gravatar.com\\\/avatar\\\/4e52110cad1c4054b43271a0d14bbe9e2ea76aecd0e1097edfc670798d9ca1d4?s=96&d=blank&r=g\",\"url\":\"https:\\\/\\\/secure.gravatar.com\\\/avatar\\\/4e52110cad1c4054b43271a0d14bbe9e2ea76aecd0e1097edfc670798d9ca1d4?s=96&d=blank&r=g\",\"contentUrl\":\"https:\\\/\\\/secure.gravatar.com\\\/avatar\\\/4e52110cad1c4054b43271a0d14bbe9e2ea76aecd0e1097edfc670798d9ca1d4?s=96&d=blank&r=g\",\"caption\":\"NBCS Noticias\"},\"description\":\"\u00bfTienes fotos o video de alg\u00fan acto de posible negligencia, corrupci\u00f3n y abuso de autoridad? M\u00e1ndalo al WhatsApp de NBCS Noticias: 612 141 98 08\",\"sameAs\":[\"https:\\\/\\\/www.nbcs.mx\",\"https:\\\/\\\/www.facebook.com\\\/NBCSnoticias\",\"https:\\\/\\\/www.instagram.com\\\/nbcsnoticias\\\/\",\"https:\\\/\\\/x.com\\\/https:\\\/\\\/twitter.com\\\/NBCSnoticias\"]}]}<\/script>\n<!-- \/ Yoast SEO plugin. -->","yoast_head_json":{"title":"Propone Erick Ivan Agundez ajustes a la Constituci\u00f3n para fortalecer la reforma judicial en BCS - NBCS Noticias","robots":{"index":"index","follow":"follow","max-snippet":"max-snippet:-1","max-image-preview":"max-image-preview:large","max-video-preview":"max-video-preview:-1"},"canonical":"https:\/\/nbcs.mx\/?p=162278","og_locale":"es_ES","og_type":"article","og_title":"Propone Erick Ivan Agundez ajustes a la Constituci\u00f3n para fortalecer la reforma judicial en BCS - NBCS Noticias","og_description":"El diputado Erick Ivan Agundez Cervantes present\u00f3 ante el Congreso del Estado una iniciativa con proyecto de decreto para reformar","og_url":"https:\/\/nbcs.mx\/?p=162278","og_site_name":"NBCS Noticias","article_publisher":"https:\/\/www.facebook.com\/NBCSnoticias","article_author":"https:\/\/www.facebook.com\/NBCSnoticias","article_published_time":"2026-03-11T14:43:08+00:00","og_image":[{"width":1390,"height":900,"url":"https:\/\/nbcs.mx\/wp-content\/uploads\/2026\/03\/Captura-de-pantalla-2026-03-11-a-las-7.42.38-a.m.png","type":"image\/png"}],"author":"NBCS Noticias","twitter_card":"summary_large_image","twitter_creator":"@https:\/\/twitter.com\/NBCSnoticias","twitter_site":"@NBCSnoticias","twitter_misc":{"Escrito por":"NBCS Noticias","Tiempo de lectura":"3 minutos"},"schema":{"@context":"https:\/\/schema.org","@graph":[{"@type":"Article","@id":"https:\/\/nbcs.mx\/?p=162278#article","isPartOf":{"@id":"https:\/\/nbcs.mx\/?p=162278"},"author":{"name":"NBCS Noticias","@id":"https:\/\/nbcs.mx\/#\/schema\/person\/ece58bab9a7c1e87a4d28ec9ecd79ff4"},"headline":"Propone Erick Ivan Agundez ajustes a la Constituci\u00f3n para fortalecer la reforma judicial en BCS","datePublished":"2026-03-11T14:43:08+00:00","mainEntityOfPage":{"@id":"https:\/\/nbcs.mx\/?p=162278"},"wordCount":424,"commentCount":0,"publisher":{"@id":"https:\/\/nbcs.mx\/#organization"},"image":{"@id":"https:\/\/nbcs.mx\/?p=162278#primaryimage"},"thumbnailUrl":"https:\/\/nbcs.mx\/wp-content\/uploads\/2026\/03\/Captura-de-pantalla-2026-03-11-a-las-7.42.38-a.m.png","articleSection":["Congreso de BCS"],"inLanguage":"es","potentialAction":[{"@type":"CommentAction","name":"Comment","target":["https:\/\/nbcs.mx\/?p=162278#respond"]}]},{"@type":"WebPage","@id":"https:\/\/nbcs.mx\/?p=162278","url":"https:\/\/nbcs.mx\/?p=162278","name":"Propone Erick Ivan Agundez ajustes a la Constituci\u00f3n para fortalecer la reforma judicial en BCS - NBCS Noticias","isPartOf":{"@id":"https:\/\/nbcs.mx\/#website"},"primaryImageOfPage":{"@id":"https:\/\/nbcs.mx\/?p=162278#primaryimage"},"image":{"@id":"https:\/\/nbcs.mx\/?p=162278#primaryimage"},"thumbnailUrl":"https:\/\/nbcs.mx\/wp-content\/uploads\/2026\/03\/Captura-de-pantalla-2026-03-11-a-las-7.42.38-a.m.png","datePublished":"2026-03-11T14:43:08+00:00","breadcrumb":{"@id":"https:\/\/nbcs.mx\/?p=162278#breadcrumb"},"inLanguage":"es","potentialAction":[{"@type":"ReadAction","target":["https:\/\/nbcs.mx\/?p=162278"]}]},{"@type":"ImageObject","inLanguage":"es","@id":"https:\/\/nbcs.mx\/?p=162278#primaryimage","url":"https:\/\/nbcs.mx\/wp-content\/uploads\/2026\/03\/Captura-de-pantalla-2026-03-11-a-las-7.42.38-a.m.png","contentUrl":"https:\/\/nbcs.mx\/wp-content\/uploads\/2026\/03\/Captura-de-pantalla-2026-03-11-a-las-7.42.38-a.m.png","width":1390,"height":900},{"@type":"BreadcrumbList","@id":"https:\/\/nbcs.mx\/?p=162278#breadcrumb","itemListElement":[{"@type":"ListItem","position":1,"name":"Portada","item":"https:\/\/nbcs.mx\/"},{"@type":"ListItem","position":2,"name":"Propone Erick Ivan Agundez ajustes a la Constituci\u00f3n para fortalecer la reforma judicial en BCS"}]},{"@type":"WebSite","@id":"https:\/\/nbcs.mx\/#website","url":"https:\/\/nbcs.mx\/","name":"NBCS Noticias","description":"Sitio web de noticias en Baja California Sur","publisher":{"@id":"https:\/\/nbcs.mx\/#organization"},"potentialAction":[{"@type":"SearchAction","target":{"@type":"EntryPoint","urlTemplate":"https:\/\/nbcs.mx\/?s={search_term_string}"},"query-input":{"@type":"PropertyValueSpecification","valueRequired":true,"valueName":"search_term_string"}}],"inLanguage":"es"},{"@type":"Organization","@id":"https:\/\/nbcs.mx\/#organization","name":"NBCS Noticias","url":"https:\/\/nbcs.mx\/","logo":{"@type":"ImageObject","inLanguage":"es","@id":"https:\/\/nbcs.mx\/#\/schema\/logo\/image\/","url":"https:\/\/nbcs.mx\/wp-content\/uploads\/2018\/09\/057b69485e93575a5c2b1c1dde2dd297.jpeg","contentUrl":"https:\/\/nbcs.mx\/wp-content\/uploads\/2018\/09\/057b69485e93575a5c2b1c1dde2dd297.jpeg","width":64,"height":64,"caption":"NBCS Noticias"},"image":{"@id":"https:\/\/nbcs.mx\/#\/schema\/logo\/image\/"},"sameAs":["https:\/\/www.facebook.com\/NBCSnoticias","https:\/\/x.com\/NBCSnoticias"]},{"@type":"Person","@id":"https:\/\/nbcs.mx\/#\/schema\/person\/ece58bab9a7c1e87a4d28ec9ecd79ff4","name":"NBCS Noticias","image":{"@type":"ImageObject","inLanguage":"es","@id":"https:\/\/secure.gravatar.com\/avatar\/4e52110cad1c4054b43271a0d14bbe9e2ea76aecd0e1097edfc670798d9ca1d4?s=96&d=blank&r=g","url":"https:\/\/secure.gravatar.com\/avatar\/4e52110cad1c4054b43271a0d14bbe9e2ea76aecd0e1097edfc670798d9ca1d4?s=96&d=blank&r=g","contentUrl":"https:\/\/secure.gravatar.com\/avatar\/4e52110cad1c4054b43271a0d14bbe9e2ea76aecd0e1097edfc670798d9ca1d4?s=96&d=blank&r=g","caption":"NBCS Noticias"},"description":"\u00bfTienes fotos o video de alg\u00fan acto de posible negligencia, corrupci\u00f3n y abuso de autoridad? M\u00e1ndalo al WhatsApp de NBCS Noticias: 612 141 98 08","sameAs":["https:\/\/www.nbcs.mx","https:\/\/www.facebook.com\/NBCSnoticias","https:\/\/www.instagram.com\/nbcsnoticias\/","https:\/\/x.com\/https:\/\/twitter.com\/NBCSnoticias"]}]}},"jetpack_publicize_connections":[],"jetpack_featured_media_url":"https:\/\/nbcs.mx\/wp-content\/uploads\/2026\/03\/Captura-de-pantalla-2026-03-11-a-las-7.42.38-a.m.png","jetpack_sharing_enabled":true,"_links":{"self":[{"href":"https:\/\/nbcs.mx\/index.php?rest_route=\/wp\/v2\/posts\/162278","targetHints":{"allow":["GET"]}}],"collection":[{"href":"https:\/\/nbcs.mx\/index.php?rest_route=\/wp\/v2\/posts"}],"about":[{"href":"https:\/\/nbcs.mx\/index.php?rest_route=\/wp\/v2\/types\/post"}],"author":[{"embeddable":true,"href":"https:\/\/nbcs.mx\/index.php?rest_route=\/wp\/v2\/users\/1"}],"replies":[{"embeddable":true,"href":"https:\/\/nbcs.mx\/index.php?rest_route=%2Fwp%2Fv2%2Fcomments&post=162278"}],"version-history":[{"count":1,"href":"https:\/\/nbcs.mx\/index.php?rest_route=\/wp\/v2\/posts\/162278\/revisions"}],"predecessor-version":[{"id":162280,"href":"https:\/\/nbcs.mx\/index.php?rest_route=\/wp\/v2\/posts\/162278\/revisions\/162280"}],"wp:featuredmedia":[{"embeddable":true,"href":"https:\/\/nbcs.mx\/index.php?rest_route=\/wp\/v2\/media\/162279"}],"wp:attachment":[{"href":"https:\/\/nbcs.mx\/index.php?rest_route=%2Fwp%2Fv2%2Fmedia&parent=162278"}],"wp:term":[{"taxonomy":"category","embeddable":true,"href":"https:\/\/nbcs.mx\/index.php?rest_route=%2Fwp%2Fv2%2Fcategories&post=162278"},{"taxonomy":"post_tag","embeddable":true,"href":"https:\/\/nbcs.mx\/index.php?rest_route=%2Fwp%2Fv2%2Ftags&post=162278"}],"curies":[{"name":"wp","href":"https:\/\/api.w.org\/{rel}","templated":true}]}}