{"id":162302,"date":"2026-03-11T13:01:29","date_gmt":"2026-03-11T20:01:29","guid":{"rendered":"https:\/\/nbcs.mx\/?p=162302"},"modified":"2026-03-11T13:01:29","modified_gmt":"2026-03-11T20:01:29","slug":"socializan-la-iniciativa-de-ley-de-fomento-cooperativo-de-bcs","status":"publish","type":"post","link":"https:\/\/nbcs.mx\/?p=162302","title":{"rendered":"Socializan la iniciativa de Ley de Fomento Cooperativo de BCS"},"content":{"rendered":"<p style=\"font-weight: 400; text-align: justify;\"><img loading=\"lazy\" decoding=\"async\" class=\" wp-image-162303 alignleft\" src=\"https:\/\/nbcs.mx\/wp-content\/uploads\/2026\/03\/FORO-SUMANDO-LEY-FOMENTO-COOPERATIVO-DIP-SERGIO-POLANCO-260311-5-727x492.jpg\" alt=\"\" width=\"400\" height=\"271\" srcset=\"https:\/\/nbcs.mx\/wp-content\/uploads\/2026\/03\/FORO-SUMANDO-LEY-FOMENTO-COOPERATIVO-DIP-SERGIO-POLANCO-260311-5-727x492.jpg 727w, https:\/\/nbcs.mx\/wp-content\/uploads\/2026\/03\/FORO-SUMANDO-LEY-FOMENTO-COOPERATIVO-DIP-SERGIO-POLANCO-260311-5-150x102.jpg 150w, https:\/\/nbcs.mx\/wp-content\/uploads\/2026\/03\/FORO-SUMANDO-LEY-FOMENTO-COOPERATIVO-DIP-SERGIO-POLANCO-260311-5-768x520.jpg 768w, https:\/\/nbcs.mx\/wp-content\/uploads\/2026\/03\/FORO-SUMANDO-LEY-FOMENTO-COOPERATIVO-DIP-SERGIO-POLANCO-260311-5.jpg 1024w\" sizes=\"auto, (max-width: 400px) 100vw, 400px\" \/>Representantes del sector pesquero, autoridades del ramo como SEPADA, SETUES, Ayuntamiento de La Paz y ciudadan\u00eda presentaron sus opiniones a la iniciativa de Ley de Fomento Cooperativo de Baja California Sur que fue socializada por el diputado Sergio Polanco Salaices, presidente de la Comisi\u00f3n de Pesca y Acuacultura en la XVII Legislatura de BCS, mediante el evento \u201cSumando esfuerzos: Foro Cooperativo Baja California Sur 2026\u201d.<\/p>\n<p style=\"font-weight: 400; text-align: justify;\">\n<p style=\"font-weight: 400; text-align: justify;\">La iniciativa ser\u00e1 presentada en el siguiente periodo ordinario de sesiones y tiene como objetivos el regular, promover y apoyar a las sociedades cooperativas del estado.<\/p>\n<p style=\"font-weight: 400; text-align: justify;\">El iniciador inform\u00f3 que la ley en construcci\u00f3n contempla el impulso local, seguridad jur\u00eddica, apoyo fiscal, financiamiento, capacitaci\u00f3n, preferencia comercial e inclusi\u00f3n. De igual manera ser\u00e1 socializada en otros municipios del estado.<\/p>\n<p style=\"font-weight: 400; text-align: justify;\">\n<p style=\"font-weight: 400; text-align: justify;\">Mediante mesas de trabajo, destacaron propuestas a los siete cap\u00edtulos de la ley referentes a las\u00a0 facultades y atribuciones de fomento cooperativo, de la formaci\u00f3n cooperativa, formaci\u00f3n de pol\u00edticas y programa de fomento cooperativo y de financiamiento.<\/p>\n<p style=\"font-weight: 400; text-align: justify;\">\n<p style=\"font-weight: 400; text-align: justify;\">Por su parte, la Coordinadora de la EXPOCOOP del Noroeste para BCS (instituci\u00f3n referente en la legislaci\u00f3n de los estados del noroeste), Maestra Norma Mart\u00edn del Campo, invit\u00f3 a los sectores y ciudadan\u00eda a sumarse, ya que la iniciativa de ley fortalecer\u00e1 la econom\u00eda de las familias sudcalifornianas.<\/p>\n<p style=\"font-weight: 400; text-align: justify;\">\n<p style=\"font-weight: 400; text-align: justify;\">Destacaron las participaciones y opiniones de Guadalupe Acu\u00f1a (Parlamento Nacional de Profesionistas PANAPROAC Ensenada B.C.) ya que en el a\u00f1o 2027 Baja California Sur ser\u00e1 sede de la Gran Expo Cooperativa del Noroeste.<\/p>\n<p style=\"font-weight: 400; text-align: justify;\">As\u00ed como las participaciones de la Sociedad Cooperativa Guardianas del Conchalito y de la Federaci\u00f3n de Sociedades Cooperativas Pesqueras Zona Centro BCS.<\/p>\n<p style=\"font-weight: 400; text-align: justify;\">\n<p style=\"font-weight: 400; text-align: justify;\">Cabe precisar que en 2027 BCS ser\u00e1 sede de la EXPOCOOP del Noroeste, que re\u00fane al sector pesquero de esta zona del pa\u00eds.<\/p>\n<p style=\"font-weight: 400; text-align: justify;\">\n<p style=\"font-weight: 400; text-align: justify;\">\n<p style=\"font-weight: 400; text-align: justify;\">\n<p style=\"font-weight: 400; text-align: justify;\">\n","protected":false},"excerpt":{"rendered":"<p>Representantes del sector pesquero, autoridades del ramo como SEPADA, SETUES, Ayuntamiento de La Paz y ciudadan\u00eda presentaron sus opiniones a<\/p>\n","protected":false},"author":1,"featured_media":162303,"comment_status":"open","ping_status":"closed","sticky":false,"template":"","format":"standard","meta":{"colormag_page_container_layout":"default_layout","colormag_page_sidebar_layout":"default_layout","_jetpack_memberships_contains_paid_content":false,"footnotes":"","jetpack_publicize_message":"","jetpack_publicize_feature_enabled":true,"jetpack_social_post_already_shared":true,"jetpack_social_options":{"image_generator_settings":{"template":"highway","default_image_id":0,"font":"","enabled":false},"version":2}},"categories":[48],"tags":[],"class_list":["post-162302","post","type-post","status-publish","format-standard","has-post-thumbnail","hentry","category-congreso-de-bcs"],"yoast_head":"<!-- This site is optimized with the Yoast SEO plugin v27.5 - https:\/\/yoast.com\/product\/yoast-seo-wordpress\/ -->\n<title>Socializan la iniciativa de Ley de Fomento Cooperativo de BCS - NBCS Noticias<\/title>\n<meta name=\"robots\" content=\"index, follow, max-snippet:-1, max-image-preview:large, max-video-preview:-1\" \/>\n<link rel=\"canonical\" href=\"https:\/\/nbcs.mx\/?p=162302\" \/>\n<meta property=\"og:locale\" content=\"es_ES\" \/>\n<meta property=\"og:type\" content=\"article\" \/>\n<meta property=\"og:title\" content=\"Socializan la iniciativa de Ley de Fomento Cooperativo de BCS - NBCS Noticias\" \/>\n<meta property=\"og:description\" content=\"Representantes del sector pesquero, autoridades del ramo como SEPADA, SETUES, Ayuntamiento de La Paz y ciudadan\u00eda presentaron sus opiniones a\" \/>\n<meta property=\"og:url\" content=\"https:\/\/nbcs.mx\/?p=162302\" \/>\n<meta property=\"og:site_name\" content=\"NBCS Noticias\" \/>\n<meta property=\"article:publisher\" content=\"https:\/\/www.facebook.com\/NBCSnoticias\" \/>\n<meta property=\"article:author\" content=\"https:\/\/www.facebook.com\/NBCSnoticias\" \/>\n<meta property=\"article:published_time\" content=\"2026-03-11T20:01:29+00:00\" \/>\n<meta property=\"og:image\" content=\"https:\/\/nbcs.mx\/wp-content\/uploads\/2026\/03\/FORO-SUMANDO-LEY-FOMENTO-COOPERATIVO-DIP-SERGIO-POLANCO-260311-5.jpg\" \/>\n\t<meta property=\"og:image:width\" content=\"1024\" \/>\n\t<meta property=\"og:image:height\" content=\"693\" \/>\n\t<meta property=\"og:image:type\" content=\"image\/jpeg\" \/>\n<meta name=\"author\" content=\"NBCS Noticias\" \/>\n<meta name=\"twitter:card\" content=\"summary_large_image\" \/>\n<meta name=\"twitter:creator\" content=\"@https:\/\/twitter.com\/NBCSnoticias\" \/>\n<meta name=\"twitter:site\" content=\"@NBCSnoticias\" \/>\n<meta name=\"twitter:label1\" content=\"Escrito por\" \/>\n\t<meta name=\"twitter:data1\" content=\"NBCS Noticias\" \/>\n\t<meta name=\"twitter:label2\" content=\"Tiempo de lectura\" \/>\n\t<meta name=\"twitter:data2\" content=\"2 minutos\" \/>\n<script type=\"application\/ld+json\" class=\"yoast-schema-graph\">{\"@context\":\"https:\\\/\\\/schema.org\",\"@graph\":[{\"@type\":\"Article\",\"@id\":\"https:\\\/\\\/nbcs.mx\\\/?p=162302#article\",\"isPartOf\":{\"@id\":\"https:\\\/\\\/nbcs.mx\\\/?p=162302\"},\"author\":{\"name\":\"NBCS Noticias\",\"@id\":\"https:\\\/\\\/nbcs.mx\\\/#\\\/schema\\\/person\\\/ece58bab9a7c1e87a4d28ec9ecd79ff4\"},\"headline\":\"Socializan la iniciativa de Ley de Fomento Cooperativo de BCS\",\"datePublished\":\"2026-03-11T20:01:29+00:00\",\"mainEntityOfPage\":{\"@id\":\"https:\\\/\\\/nbcs.mx\\\/?p=162302\"},\"wordCount\":314,\"commentCount\":0,\"publisher\":{\"@id\":\"https:\\\/\\\/nbcs.mx\\\/#organization\"},\"image\":{\"@id\":\"https:\\\/\\\/nbcs.mx\\\/?p=162302#primaryimage\"},\"thumbnailUrl\":\"https:\\\/\\\/nbcs.mx\\\/wp-content\\\/uploads\\\/2026\\\/03\\\/FORO-SUMANDO-LEY-FOMENTO-COOPERATIVO-DIP-SERGIO-POLANCO-260311-5.jpg\",\"articleSection\":[\"Congreso de BCS\"],\"inLanguage\":\"es\",\"potentialAction\":[{\"@type\":\"CommentAction\",\"name\":\"Comment\",\"target\":[\"https:\\\/\\\/nbcs.mx\\\/?p=162302#respond\"]}]},{\"@type\":\"WebPage\",\"@id\":\"https:\\\/\\\/nbcs.mx\\\/?p=162302\",\"url\":\"https:\\\/\\\/nbcs.mx\\\/?p=162302\",\"name\":\"Socializan la iniciativa de Ley de Fomento Cooperativo de BCS - NBCS Noticias\",\"isPartOf\":{\"@id\":\"https:\\\/\\\/nbcs.mx\\\/#website\"},\"primaryImageOfPage\":{\"@id\":\"https:\\\/\\\/nbcs.mx\\\/?p=162302#primaryimage\"},\"image\":{\"@id\":\"https:\\\/\\\/nbcs.mx\\\/?p=162302#primaryimage\"},\"thumbnailUrl\":\"https:\\\/\\\/nbcs.mx\\\/wp-content\\\/uploads\\\/2026\\\/03\\\/FORO-SUMANDO-LEY-FOMENTO-COOPERATIVO-DIP-SERGIO-POLANCO-260311-5.jpg\",\"datePublished\":\"2026-03-11T20:01:29+00:00\",\"breadcrumb\":{\"@id\":\"https:\\\/\\\/nbcs.mx\\\/?p=162302#breadcrumb\"},\"inLanguage\":\"es\",\"potentialAction\":[{\"@type\":\"ReadAction\",\"target\":[\"https:\\\/\\\/nbcs.mx\\\/?p=162302\"]}]},{\"@type\":\"ImageObject\",\"inLanguage\":\"es\",\"@id\":\"https:\\\/\\\/nbcs.mx\\\/?p=162302#primaryimage\",\"url\":\"https:\\\/\\\/nbcs.mx\\\/wp-content\\\/uploads\\\/2026\\\/03\\\/FORO-SUMANDO-LEY-FOMENTO-COOPERATIVO-DIP-SERGIO-POLANCO-260311-5.jpg\",\"contentUrl\":\"https:\\\/\\\/nbcs.mx\\\/wp-content\\\/uploads\\\/2026\\\/03\\\/FORO-SUMANDO-LEY-FOMENTO-COOPERATIVO-DIP-SERGIO-POLANCO-260311-5.jpg\",\"width\":1024,\"height\":693},{\"@type\":\"BreadcrumbList\",\"@id\":\"https:\\\/\\\/nbcs.mx\\\/?p=162302#breadcrumb\",\"itemListElement\":[{\"@type\":\"ListItem\",\"position\":1,\"name\":\"Portada\",\"item\":\"https:\\\/\\\/nbcs.mx\\\/\"},{\"@type\":\"ListItem\",\"position\":2,\"name\":\"Socializan la iniciativa de Ley de Fomento Cooperativo de BCS\"}]},{\"@type\":\"WebSite\",\"@id\":\"https:\\\/\\\/nbcs.mx\\\/#website\",\"url\":\"https:\\\/\\\/nbcs.mx\\\/\",\"name\":\"NBCS Noticias\",\"description\":\"Sitio web de noticias en Baja California Sur\",\"publisher\":{\"@id\":\"https:\\\/\\\/nbcs.mx\\\/#organization\"},\"potentialAction\":[{\"@type\":\"SearchAction\",\"target\":{\"@type\":\"EntryPoint\",\"urlTemplate\":\"https:\\\/\\\/nbcs.mx\\\/?s={search_term_string}\"},\"query-input\":{\"@type\":\"PropertyValueSpecification\",\"valueRequired\":true,\"valueName\":\"search_term_string\"}}],\"inLanguage\":\"es\"},{\"@type\":\"Organization\",\"@id\":\"https:\\\/\\\/nbcs.mx\\\/#organization\",\"name\":\"NBCS Noticias\",\"url\":\"https:\\\/\\\/nbcs.mx\\\/\",\"logo\":{\"@type\":\"ImageObject\",\"inLanguage\":\"es\",\"@id\":\"https:\\\/\\\/nbcs.mx\\\/#\\\/schema\\\/logo\\\/image\\\/\",\"url\":\"https:\\\/\\\/nbcs.mx\\\/wp-content\\\/uploads\\\/2018\\\/09\\\/057b69485e93575a5c2b1c1dde2dd297.jpeg\",\"contentUrl\":\"https:\\\/\\\/nbcs.mx\\\/wp-content\\\/uploads\\\/2018\\\/09\\\/057b69485e93575a5c2b1c1dde2dd297.jpeg\",\"width\":64,\"height\":64,\"caption\":\"NBCS Noticias\"},\"image\":{\"@id\":\"https:\\\/\\\/nbcs.mx\\\/#\\\/schema\\\/logo\\\/image\\\/\"},\"sameAs\":[\"https:\\\/\\\/www.facebook.com\\\/NBCSnoticias\",\"https:\\\/\\\/x.com\\\/NBCSnoticias\"]},{\"@type\":\"Person\",\"@id\":\"https:\\\/\\\/nbcs.mx\\\/#\\\/schema\\\/person\\\/ece58bab9a7c1e87a4d28ec9ecd79ff4\",\"name\":\"NBCS Noticias\",\"image\":{\"@type\":\"ImageObject\",\"inLanguage\":\"es\",\"@id\":\"https:\\\/\\\/secure.gravatar.com\\\/avatar\\\/4e52110cad1c4054b43271a0d14bbe9e2ea76aecd0e1097edfc670798d9ca1d4?s=96&d=blank&r=g\",\"url\":\"https:\\\/\\\/secure.gravatar.com\\\/avatar\\\/4e52110cad1c4054b43271a0d14bbe9e2ea76aecd0e1097edfc670798d9ca1d4?s=96&d=blank&r=g\",\"contentUrl\":\"https:\\\/\\\/secure.gravatar.com\\\/avatar\\\/4e52110cad1c4054b43271a0d14bbe9e2ea76aecd0e1097edfc670798d9ca1d4?s=96&d=blank&r=g\",\"caption\":\"NBCS Noticias\"},\"description\":\"\u00bfTienes fotos o video de alg\u00fan acto de posible negligencia, corrupci\u00f3n y abuso de autoridad? M\u00e1ndalo al WhatsApp de NBCS Noticias: 612 141 98 08\",\"sameAs\":[\"https:\\\/\\\/www.nbcs.mx\",\"https:\\\/\\\/www.facebook.com\\\/NBCSnoticias\",\"https:\\\/\\\/www.instagram.com\\\/nbcsnoticias\\\/\",\"https:\\\/\\\/x.com\\\/https:\\\/\\\/twitter.com\\\/NBCSnoticias\"]}]}<\/script>\n<!-- \/ Yoast SEO plugin. -->","yoast_head_json":{"title":"Socializan la iniciativa de Ley de Fomento Cooperativo de BCS - NBCS Noticias","robots":{"index":"index","follow":"follow","max-snippet":"max-snippet:-1","max-image-preview":"max-image-preview:large","max-video-preview":"max-video-preview:-1"},"canonical":"https:\/\/nbcs.mx\/?p=162302","og_locale":"es_ES","og_type":"article","og_title":"Socializan la iniciativa de Ley de Fomento Cooperativo de BCS - NBCS Noticias","og_description":"Representantes del sector pesquero, autoridades del ramo como SEPADA, SETUES, Ayuntamiento de La Paz y ciudadan\u00eda presentaron sus opiniones a","og_url":"https:\/\/nbcs.mx\/?p=162302","og_site_name":"NBCS Noticias","article_publisher":"https:\/\/www.facebook.com\/NBCSnoticias","article_author":"https:\/\/www.facebook.com\/NBCSnoticias","article_published_time":"2026-03-11T20:01:29+00:00","og_image":[{"width":1024,"height":693,"url":"https:\/\/nbcs.mx\/wp-content\/uploads\/2026\/03\/FORO-SUMANDO-LEY-FOMENTO-COOPERATIVO-DIP-SERGIO-POLANCO-260311-5.jpg","type":"image\/jpeg"}],"author":"NBCS Noticias","twitter_card":"summary_large_image","twitter_creator":"@https:\/\/twitter.com\/NBCSnoticias","twitter_site":"@NBCSnoticias","twitter_misc":{"Escrito por":"NBCS Noticias","Tiempo de lectura":"2 minutos"},"schema":{"@context":"https:\/\/schema.org","@graph":[{"@type":"Article","@id":"https:\/\/nbcs.mx\/?p=162302#article","isPartOf":{"@id":"https:\/\/nbcs.mx\/?p=162302"},"author":{"name":"NBCS Noticias","@id":"https:\/\/nbcs.mx\/#\/schema\/person\/ece58bab9a7c1e87a4d28ec9ecd79ff4"},"headline":"Socializan la iniciativa de Ley de Fomento Cooperativo de BCS","datePublished":"2026-03-11T20:01:29+00:00","mainEntityOfPage":{"@id":"https:\/\/nbcs.mx\/?p=162302"},"wordCount":314,"commentCount":0,"publisher":{"@id":"https:\/\/nbcs.mx\/#organization"},"image":{"@id":"https:\/\/nbcs.mx\/?p=162302#primaryimage"},"thumbnailUrl":"https:\/\/nbcs.mx\/wp-content\/uploads\/2026\/03\/FORO-SUMANDO-LEY-FOMENTO-COOPERATIVO-DIP-SERGIO-POLANCO-260311-5.jpg","articleSection":["Congreso de BCS"],"inLanguage":"es","potentialAction":[{"@type":"CommentAction","name":"Comment","target":["https:\/\/nbcs.mx\/?p=162302#respond"]}]},{"@type":"WebPage","@id":"https:\/\/nbcs.mx\/?p=162302","url":"https:\/\/nbcs.mx\/?p=162302","name":"Socializan la iniciativa de Ley de Fomento Cooperativo de BCS - NBCS Noticias","isPartOf":{"@id":"https:\/\/nbcs.mx\/#website"},"primaryImageOfPage":{"@id":"https:\/\/nbcs.mx\/?p=162302#primaryimage"},"image":{"@id":"https:\/\/nbcs.mx\/?p=162302#primaryimage"},"thumbnailUrl":"https:\/\/nbcs.mx\/wp-content\/uploads\/2026\/03\/FORO-SUMANDO-LEY-FOMENTO-COOPERATIVO-DIP-SERGIO-POLANCO-260311-5.jpg","datePublished":"2026-03-11T20:01:29+00:00","breadcrumb":{"@id":"https:\/\/nbcs.mx\/?p=162302#breadcrumb"},"inLanguage":"es","potentialAction":[{"@type":"ReadAction","target":["https:\/\/nbcs.mx\/?p=162302"]}]},{"@type":"ImageObject","inLanguage":"es","@id":"https:\/\/nbcs.mx\/?p=162302#primaryimage","url":"https:\/\/nbcs.mx\/wp-content\/uploads\/2026\/03\/FORO-SUMANDO-LEY-FOMENTO-COOPERATIVO-DIP-SERGIO-POLANCO-260311-5.jpg","contentUrl":"https:\/\/nbcs.mx\/wp-content\/uploads\/2026\/03\/FORO-SUMANDO-LEY-FOMENTO-COOPERATIVO-DIP-SERGIO-POLANCO-260311-5.jpg","width":1024,"height":693},{"@type":"BreadcrumbList","@id":"https:\/\/nbcs.mx\/?p=162302#breadcrumb","itemListElement":[{"@type":"ListItem","position":1,"name":"Portada","item":"https:\/\/nbcs.mx\/"},{"@type":"ListItem","position":2,"name":"Socializan la iniciativa de Ley de Fomento Cooperativo de BCS"}]},{"@type":"WebSite","@id":"https:\/\/nbcs.mx\/#website","url":"https:\/\/nbcs.mx\/","name":"NBCS Noticias","description":"Sitio web de noticias en Baja California Sur","publisher":{"@id":"https:\/\/nbcs.mx\/#organization"},"potentialAction":[{"@type":"SearchAction","target":{"@type":"EntryPoint","urlTemplate":"https:\/\/nbcs.mx\/?s={search_term_string}"},"query-input":{"@type":"PropertyValueSpecification","valueRequired":true,"valueName":"search_term_string"}}],"inLanguage":"es"},{"@type":"Organization","@id":"https:\/\/nbcs.mx\/#organization","name":"NBCS Noticias","url":"https:\/\/nbcs.mx\/","logo":{"@type":"ImageObject","inLanguage":"es","@id":"https:\/\/nbcs.mx\/#\/schema\/logo\/image\/","url":"https:\/\/nbcs.mx\/wp-content\/uploads\/2018\/09\/057b69485e93575a5c2b1c1dde2dd297.jpeg","contentUrl":"https:\/\/nbcs.mx\/wp-content\/uploads\/2018\/09\/057b69485e93575a5c2b1c1dde2dd297.jpeg","width":64,"height":64,"caption":"NBCS Noticias"},"image":{"@id":"https:\/\/nbcs.mx\/#\/schema\/logo\/image\/"},"sameAs":["https:\/\/www.facebook.com\/NBCSnoticias","https:\/\/x.com\/NBCSnoticias"]},{"@type":"Person","@id":"https:\/\/nbcs.mx\/#\/schema\/person\/ece58bab9a7c1e87a4d28ec9ecd79ff4","name":"NBCS Noticias","image":{"@type":"ImageObject","inLanguage":"es","@id":"https:\/\/secure.gravatar.com\/avatar\/4e52110cad1c4054b43271a0d14bbe9e2ea76aecd0e1097edfc670798d9ca1d4?s=96&d=blank&r=g","url":"https:\/\/secure.gravatar.com\/avatar\/4e52110cad1c4054b43271a0d14bbe9e2ea76aecd0e1097edfc670798d9ca1d4?s=96&d=blank&r=g","contentUrl":"https:\/\/secure.gravatar.com\/avatar\/4e52110cad1c4054b43271a0d14bbe9e2ea76aecd0e1097edfc670798d9ca1d4?s=96&d=blank&r=g","caption":"NBCS Noticias"},"description":"\u00bfTienes fotos o video de alg\u00fan acto de posible negligencia, corrupci\u00f3n y abuso de autoridad? M\u00e1ndalo al WhatsApp de NBCS Noticias: 612 141 98 08","sameAs":["https:\/\/www.nbcs.mx","https:\/\/www.facebook.com\/NBCSnoticias","https:\/\/www.instagram.com\/nbcsnoticias\/","https:\/\/x.com\/https:\/\/twitter.com\/NBCSnoticias"]}]}},"jetpack_publicize_connections":[],"jetpack_featured_media_url":"https:\/\/nbcs.mx\/wp-content\/uploads\/2026\/03\/FORO-SUMANDO-LEY-FOMENTO-COOPERATIVO-DIP-SERGIO-POLANCO-260311-5.jpg","jetpack_sharing_enabled":true,"_links":{"self":[{"href":"https:\/\/nbcs.mx\/index.php?rest_route=\/wp\/v2\/posts\/162302","targetHints":{"allow":["GET"]}}],"collection":[{"href":"https:\/\/nbcs.mx\/index.php?rest_route=\/wp\/v2\/posts"}],"about":[{"href":"https:\/\/nbcs.mx\/index.php?rest_route=\/wp\/v2\/types\/post"}],"author":[{"embeddable":true,"href":"https:\/\/nbcs.mx\/index.php?rest_route=\/wp\/v2\/users\/1"}],"replies":[{"embeddable":true,"href":"https:\/\/nbcs.mx\/index.php?rest_route=%2Fwp%2Fv2%2Fcomments&post=162302"}],"version-history":[{"count":1,"href":"https:\/\/nbcs.mx\/index.php?rest_route=\/wp\/v2\/posts\/162302\/revisions"}],"predecessor-version":[{"id":162304,"href":"https:\/\/nbcs.mx\/index.php?rest_route=\/wp\/v2\/posts\/162302\/revisions\/162304"}],"wp:featuredmedia":[{"embeddable":true,"href":"https:\/\/nbcs.mx\/index.php?rest_route=\/wp\/v2\/media\/162303"}],"wp:attachment":[{"href":"https:\/\/nbcs.mx\/index.php?rest_route=%2Fwp%2Fv2%2Fmedia&parent=162302"}],"wp:term":[{"taxonomy":"category","embeddable":true,"href":"https:\/\/nbcs.mx\/index.php?rest_route=%2Fwp%2Fv2%2Fcategories&post=162302"},{"taxonomy":"post_tag","embeddable":true,"href":"https:\/\/nbcs.mx\/index.php?rest_route=%2Fwp%2Fv2%2Ftags&post=162302"}],"curies":[{"name":"wp","href":"https:\/\/api.w.org\/{rel}","templated":true}]}}