{"id":162324,"date":"2026-03-11T21:39:24","date_gmt":"2026-03-12T04:39:24","guid":{"rendered":"https:\/\/nbcs.mx\/?p=162324"},"modified":"2026-03-11T21:39:24","modified_gmt":"2026-03-12T04:39:24","slug":"entrega-gobernador-obras-de-riego-en-comondu-destaca-inversion-historica-en-infraestructura-hidrica-en-bcs","status":"publish","type":"post","link":"https:\/\/nbcs.mx\/?p=162324","title":{"rendered":"Entrega Gobernador obras de riego en Comond\u00fa; destaca inversi\u00f3n hist\u00f3rica en infraestructura h\u00eddrica en BCS"},"content":{"rendered":"<p style=\"font-weight: 400; text-align: justify;\"><img loading=\"lazy\" decoding=\"async\" class=\" wp-image-162325 alignleft\" src=\"https:\/\/nbcs.mx\/wp-content\/uploads\/2026\/03\/FOTO1-BOLETIN-068-VMCC-ENTREGA-755x411.jpg\" alt=\"\" width=\"378\" height=\"206\" srcset=\"https:\/\/nbcs.mx\/wp-content\/uploads\/2026\/03\/FOTO1-BOLETIN-068-VMCC-ENTREGA-755x411.jpg 755w, https:\/\/nbcs.mx\/wp-content\/uploads\/2026\/03\/FOTO1-BOLETIN-068-VMCC-ENTREGA-1024x558.jpg 1024w, https:\/\/nbcs.mx\/wp-content\/uploads\/2026\/03\/FOTO1-BOLETIN-068-VMCC-ENTREGA-150x82.jpg 150w, https:\/\/nbcs.mx\/wp-content\/uploads\/2026\/03\/FOTO1-BOLETIN-068-VMCC-ENTREGA-768x418.jpg 768w, https:\/\/nbcs.mx\/wp-content\/uploads\/2026\/03\/FOTO1-BOLETIN-068-VMCC-ENTREGA-1536x836.jpg 1536w, https:\/\/nbcs.mx\/wp-content\/uploads\/2026\/03\/FOTO1-BOLETIN-068-VMCC-ENTREGA.jpg 2009w\" sizes=\"auto, (max-width: 378px) 100vw, 378px\" \/>En gira de trabajo por el municipio de Comond\u00fa, el gobernador V\u00edctor Manuel Castro Cos\u00edo, acompa\u00f1ado de Efra\u00edn Morales L\u00f3pez, director general de la Comisi\u00f3n Nacional del Agua (CONAGUA), entreg\u00f3 16 finiquitos de obras para unidades y distritos de riego, con una inversi\u00f3n de 20.4 millones de pesos en beneficio de 84 productores agr\u00edcolas.<\/p>\n<p style=\"font-weight: 400; text-align: justify;\">\n<p style=\"font-weight: 400; text-align: justify;\">Durante el encuentro, el mandatario estatal destac\u00f3 que en Baja California Sur se impulsa una inversi\u00f3n hist\u00f3rica superior a los 2 mil 800 millones de pesos destinada a fortalecer el sistema hidr\u00e1ulico, enfrentar los efectos de la sequ\u00eda y garantizar el derecho humano al agua.<\/p>\n<p style=\"font-weight: 400; text-align: justify;\">\n<p style=\"font-weight: 400; text-align: justify;\">En este marco, se plante\u00f3 al titular de CONAGUA la construcci\u00f3n de ocho obras de recarga del acu\u00edfero del Valle de Santo Domingo, con base en estudios topogr\u00e1ficos y geol\u00f3gicos: dos en el arroyo Quer\u00e9taro y seis en el arroyo Las Bramonas. Dichas estructuras permitir\u00e1n almacenar entre 240 mil y 700 mil metros c\u00fabicos.<\/p>\n<p style=\"font-weight: 400; text-align: justify;\">\n<p style=\"font-weight: 400; text-align: justify;\">El costo estimado de estas acciones es cercano a los 300 millones de pesos, lo que permitir\u00e1 fortalecer la disponibilidad del recurso h\u00eddrico para la actividad agr\u00edcola y contribuir al aprovechamiento sustentable en la regi\u00f3n.<\/p>\n<p style=\"font-weight: 400; text-align: justify;\">\n<p style=\"font-weight: 400; text-align: justify;\">Castro Cos\u00edo confirm\u00f3 que durante este mismo a\u00f1o iniciar\u00e1 la construcci\u00f3n de dos de las seis obras de retenci\u00f3n e infiltraci\u00f3n proyectadas para el acu\u00edfero del valle, acci\u00f3n que representa un paso importante para productores que por d\u00e9cadas han buscado asegurar la disponibilidad del vital l\u00edquido.<\/p>\n<p style=\"font-weight: 400; text-align: justify;\">\n<p style=\"font-weight: 400; text-align: justify;\">Por su parte, Morales L\u00f3pez inform\u00f3 que durante 2025 se desarrollaron 95 proyectos prioritarios de infraestructura h\u00eddrica en la entidad, como parte de las acciones impulsadas por el Gobierno de M\u00e9xico, en el marco del Acuerdo Nacional por el Derecho Humano al Agua y la Sustentabilidad.<\/p>\n<p style=\"font-weight: 400; text-align: justify;\">\n<p style=\"font-weight: 400; text-align: justify;\">Finalmente, el Gobernador indic\u00f3 que estas acciones forman parte de una estrategia integral para fortalecer el abasto en la entidad, mediante obras compatibles con el medio ambiente que permiten aprovechar el agua de lluvia y favorecer la recarga de los acu\u00edferos.<\/p>\n","protected":false},"excerpt":{"rendered":"<p>En gira de trabajo por el municipio de Comond\u00fa, el gobernador V\u00edctor Manuel Castro Cos\u00edo, acompa\u00f1ado de Efra\u00edn Morales L\u00f3pez,<\/p>\n","protected":false},"author":1,"featured_media":162325,"comment_status":"open","ping_status":"closed","sticky":false,"template":"","format":"standard","meta":{"colormag_page_container_layout":"default_layout","colormag_page_sidebar_layout":"default_layout","_jetpack_memberships_contains_paid_content":false,"footnotes":"","jetpack_publicize_message":"","jetpack_publicize_feature_enabled":true,"jetpack_social_post_already_shared":true,"jetpack_social_options":{"image_generator_settings":{"template":"highway","default_image_id":0,"font":"","enabled":false},"version":2}},"categories":[1],"tags":[],"class_list":["post-162324","post","type-post","status-publish","format-standard","has-post-thumbnail","hentry","category-noticias"],"yoast_head":"<!-- This site is optimized with the Yoast SEO plugin v27.5 - https:\/\/yoast.com\/product\/yoast-seo-wordpress\/ -->\n<title>Entrega Gobernador obras de riego en Comond\u00fa; destaca inversi\u00f3n hist\u00f3rica en infraestructura h\u00eddrica en BCS - NBCS Noticias<\/title>\n<meta name=\"robots\" content=\"index, follow, max-snippet:-1, max-image-preview:large, max-video-preview:-1\" \/>\n<link rel=\"canonical\" href=\"https:\/\/nbcs.mx\/?p=162324\" \/>\n<meta property=\"og:locale\" content=\"es_ES\" \/>\n<meta property=\"og:type\" content=\"article\" \/>\n<meta property=\"og:title\" content=\"Entrega Gobernador obras de riego en Comond\u00fa; destaca inversi\u00f3n hist\u00f3rica en infraestructura h\u00eddrica en BCS - NBCS Noticias\" \/>\n<meta property=\"og:description\" content=\"En gira de trabajo por el municipio de Comond\u00fa, el gobernador V\u00edctor Manuel Castro Cos\u00edo, acompa\u00f1ado de Efra\u00edn Morales L\u00f3pez,\" \/>\n<meta property=\"og:url\" content=\"https:\/\/nbcs.mx\/?p=162324\" \/>\n<meta property=\"og:site_name\" content=\"NBCS Noticias\" \/>\n<meta property=\"article:publisher\" content=\"https:\/\/www.facebook.com\/NBCSnoticias\" \/>\n<meta property=\"article:author\" content=\"https:\/\/www.facebook.com\/NBCSnoticias\" \/>\n<meta property=\"article:published_time\" content=\"2026-03-12T04:39:24+00:00\" \/>\n<meta property=\"og:image\" content=\"https:\/\/nbcs.mx\/wp-content\/uploads\/2026\/03\/FOTO1-BOLETIN-068-VMCC-ENTREGA.jpg\" \/>\n\t<meta property=\"og:image:width\" content=\"2009\" \/>\n\t<meta property=\"og:image:height\" content=\"1094\" \/>\n\t<meta property=\"og:image:type\" content=\"image\/jpeg\" \/>\n<meta name=\"author\" content=\"NBCS Noticias\" \/>\n<meta name=\"twitter:card\" content=\"summary_large_image\" \/>\n<meta name=\"twitter:creator\" content=\"@https:\/\/twitter.com\/NBCSnoticias\" \/>\n<meta name=\"twitter:site\" content=\"@NBCSnoticias\" \/>\n<meta name=\"twitter:label1\" content=\"Escrito por\" \/>\n\t<meta name=\"twitter:data1\" content=\"NBCS Noticias\" \/>\n\t<meta name=\"twitter:label2\" content=\"Tiempo de lectura\" \/>\n\t<meta name=\"twitter:data2\" content=\"2 minutos\" \/>\n<script type=\"application\/ld+json\" class=\"yoast-schema-graph\">{\"@context\":\"https:\\\/\\\/schema.org\",\"@graph\":[{\"@type\":\"Article\",\"@id\":\"https:\\\/\\\/nbcs.mx\\\/?p=162324#article\",\"isPartOf\":{\"@id\":\"https:\\\/\\\/nbcs.mx\\\/?p=162324\"},\"author\":{\"name\":\"NBCS Noticias\",\"@id\":\"https:\\\/\\\/nbcs.mx\\\/#\\\/schema\\\/person\\\/ece58bab9a7c1e87a4d28ec9ecd79ff4\"},\"headline\":\"Entrega Gobernador obras de riego en Comond\u00fa; destaca inversi\u00f3n hist\u00f3rica en infraestructura h\u00eddrica en BCS\",\"datePublished\":\"2026-03-12T04:39:24+00:00\",\"mainEntityOfPage\":{\"@id\":\"https:\\\/\\\/nbcs.mx\\\/?p=162324\"},\"wordCount\":364,\"commentCount\":0,\"publisher\":{\"@id\":\"https:\\\/\\\/nbcs.mx\\\/#organization\"},\"image\":{\"@id\":\"https:\\\/\\\/nbcs.mx\\\/?p=162324#primaryimage\"},\"thumbnailUrl\":\"https:\\\/\\\/nbcs.mx\\\/wp-content\\\/uploads\\\/2026\\\/03\\\/FOTO1-BOLETIN-068-VMCC-ENTREGA.jpg\",\"articleSection\":[\"Noticias\"],\"inLanguage\":\"es\",\"potentialAction\":[{\"@type\":\"CommentAction\",\"name\":\"Comment\",\"target\":[\"https:\\\/\\\/nbcs.mx\\\/?p=162324#respond\"]}]},{\"@type\":\"WebPage\",\"@id\":\"https:\\\/\\\/nbcs.mx\\\/?p=162324\",\"url\":\"https:\\\/\\\/nbcs.mx\\\/?p=162324\",\"name\":\"Entrega Gobernador obras de riego en Comond\u00fa; destaca inversi\u00f3n hist\u00f3rica en infraestructura h\u00eddrica en BCS - NBCS Noticias\",\"isPartOf\":{\"@id\":\"https:\\\/\\\/nbcs.mx\\\/#website\"},\"primaryImageOfPage\":{\"@id\":\"https:\\\/\\\/nbcs.mx\\\/?p=162324#primaryimage\"},\"image\":{\"@id\":\"https:\\\/\\\/nbcs.mx\\\/?p=162324#primaryimage\"},\"thumbnailUrl\":\"https:\\\/\\\/nbcs.mx\\\/wp-content\\\/uploads\\\/2026\\\/03\\\/FOTO1-BOLETIN-068-VMCC-ENTREGA.jpg\",\"datePublished\":\"2026-03-12T04:39:24+00:00\",\"breadcrumb\":{\"@id\":\"https:\\\/\\\/nbcs.mx\\\/?p=162324#breadcrumb\"},\"inLanguage\":\"es\",\"potentialAction\":[{\"@type\":\"ReadAction\",\"target\":[\"https:\\\/\\\/nbcs.mx\\\/?p=162324\"]}]},{\"@type\":\"ImageObject\",\"inLanguage\":\"es\",\"@id\":\"https:\\\/\\\/nbcs.mx\\\/?p=162324#primaryimage\",\"url\":\"https:\\\/\\\/nbcs.mx\\\/wp-content\\\/uploads\\\/2026\\\/03\\\/FOTO1-BOLETIN-068-VMCC-ENTREGA.jpg\",\"contentUrl\":\"https:\\\/\\\/nbcs.mx\\\/wp-content\\\/uploads\\\/2026\\\/03\\\/FOTO1-BOLETIN-068-VMCC-ENTREGA.jpg\",\"width\":2009,\"height\":1094},{\"@type\":\"BreadcrumbList\",\"@id\":\"https:\\\/\\\/nbcs.mx\\\/?p=162324#breadcrumb\",\"itemListElement\":[{\"@type\":\"ListItem\",\"position\":1,\"name\":\"Portada\",\"item\":\"https:\\\/\\\/nbcs.mx\\\/\"},{\"@type\":\"ListItem\",\"position\":2,\"name\":\"Entrega Gobernador obras de riego en Comond\u00fa; destaca inversi\u00f3n hist\u00f3rica en infraestructura h\u00eddrica en BCS\"}]},{\"@type\":\"WebSite\",\"@id\":\"https:\\\/\\\/nbcs.mx\\\/#website\",\"url\":\"https:\\\/\\\/nbcs.mx\\\/\",\"name\":\"NBCS Noticias\",\"description\":\"Sitio web de noticias en Baja California Sur\",\"publisher\":{\"@id\":\"https:\\\/\\\/nbcs.mx\\\/#organization\"},\"potentialAction\":[{\"@type\":\"SearchAction\",\"target\":{\"@type\":\"EntryPoint\",\"urlTemplate\":\"https:\\\/\\\/nbcs.mx\\\/?s={search_term_string}\"},\"query-input\":{\"@type\":\"PropertyValueSpecification\",\"valueRequired\":true,\"valueName\":\"search_term_string\"}}],\"inLanguage\":\"es\"},{\"@type\":\"Organization\",\"@id\":\"https:\\\/\\\/nbcs.mx\\\/#organization\",\"name\":\"NBCS Noticias\",\"url\":\"https:\\\/\\\/nbcs.mx\\\/\",\"logo\":{\"@type\":\"ImageObject\",\"inLanguage\":\"es\",\"@id\":\"https:\\\/\\\/nbcs.mx\\\/#\\\/schema\\\/logo\\\/image\\\/\",\"url\":\"https:\\\/\\\/nbcs.mx\\\/wp-content\\\/uploads\\\/2018\\\/09\\\/057b69485e93575a5c2b1c1dde2dd297.jpeg\",\"contentUrl\":\"https:\\\/\\\/nbcs.mx\\\/wp-content\\\/uploads\\\/2018\\\/09\\\/057b69485e93575a5c2b1c1dde2dd297.jpeg\",\"width\":64,\"height\":64,\"caption\":\"NBCS Noticias\"},\"image\":{\"@id\":\"https:\\\/\\\/nbcs.mx\\\/#\\\/schema\\\/logo\\\/image\\\/\"},\"sameAs\":[\"https:\\\/\\\/www.facebook.com\\\/NBCSnoticias\",\"https:\\\/\\\/x.com\\\/NBCSnoticias\"]},{\"@type\":\"Person\",\"@id\":\"https:\\\/\\\/nbcs.mx\\\/#\\\/schema\\\/person\\\/ece58bab9a7c1e87a4d28ec9ecd79ff4\",\"name\":\"NBCS Noticias\",\"image\":{\"@type\":\"ImageObject\",\"inLanguage\":\"es\",\"@id\":\"https:\\\/\\\/secure.gravatar.com\\\/avatar\\\/4e52110cad1c4054b43271a0d14bbe9e2ea76aecd0e1097edfc670798d9ca1d4?s=96&d=blank&r=g\",\"url\":\"https:\\\/\\\/secure.gravatar.com\\\/avatar\\\/4e52110cad1c4054b43271a0d14bbe9e2ea76aecd0e1097edfc670798d9ca1d4?s=96&d=blank&r=g\",\"contentUrl\":\"https:\\\/\\\/secure.gravatar.com\\\/avatar\\\/4e52110cad1c4054b43271a0d14bbe9e2ea76aecd0e1097edfc670798d9ca1d4?s=96&d=blank&r=g\",\"caption\":\"NBCS Noticias\"},\"description\":\"\u00bfTienes fotos o video de alg\u00fan acto de posible negligencia, corrupci\u00f3n y abuso de autoridad? M\u00e1ndalo al WhatsApp de NBCS Noticias: 612 141 98 08\",\"sameAs\":[\"https:\\\/\\\/www.nbcs.mx\",\"https:\\\/\\\/www.facebook.com\\\/NBCSnoticias\",\"https:\\\/\\\/www.instagram.com\\\/nbcsnoticias\\\/\",\"https:\\\/\\\/x.com\\\/https:\\\/\\\/twitter.com\\\/NBCSnoticias\"]}]}<\/script>\n<!-- \/ Yoast SEO plugin. -->","yoast_head_json":{"title":"Entrega Gobernador obras de riego en Comond\u00fa; destaca inversi\u00f3n hist\u00f3rica en infraestructura h\u00eddrica en BCS - NBCS Noticias","robots":{"index":"index","follow":"follow","max-snippet":"max-snippet:-1","max-image-preview":"max-image-preview:large","max-video-preview":"max-video-preview:-1"},"canonical":"https:\/\/nbcs.mx\/?p=162324","og_locale":"es_ES","og_type":"article","og_title":"Entrega Gobernador obras de riego en Comond\u00fa; destaca inversi\u00f3n hist\u00f3rica en infraestructura h\u00eddrica en BCS - NBCS Noticias","og_description":"En gira de trabajo por el municipio de Comond\u00fa, el gobernador V\u00edctor Manuel Castro Cos\u00edo, acompa\u00f1ado de Efra\u00edn Morales L\u00f3pez,","og_url":"https:\/\/nbcs.mx\/?p=162324","og_site_name":"NBCS Noticias","article_publisher":"https:\/\/www.facebook.com\/NBCSnoticias","article_author":"https:\/\/www.facebook.com\/NBCSnoticias","article_published_time":"2026-03-12T04:39:24+00:00","og_image":[{"width":2009,"height":1094,"url":"https:\/\/nbcs.mx\/wp-content\/uploads\/2026\/03\/FOTO1-BOLETIN-068-VMCC-ENTREGA.jpg","type":"image\/jpeg"}],"author":"NBCS Noticias","twitter_card":"summary_large_image","twitter_creator":"@https:\/\/twitter.com\/NBCSnoticias","twitter_site":"@NBCSnoticias","twitter_misc":{"Escrito por":"NBCS Noticias","Tiempo de lectura":"2 minutos"},"schema":{"@context":"https:\/\/schema.org","@graph":[{"@type":"Article","@id":"https:\/\/nbcs.mx\/?p=162324#article","isPartOf":{"@id":"https:\/\/nbcs.mx\/?p=162324"},"author":{"name":"NBCS Noticias","@id":"https:\/\/nbcs.mx\/#\/schema\/person\/ece58bab9a7c1e87a4d28ec9ecd79ff4"},"headline":"Entrega Gobernador obras de riego en Comond\u00fa; destaca inversi\u00f3n hist\u00f3rica en infraestructura h\u00eddrica en BCS","datePublished":"2026-03-12T04:39:24+00:00","mainEntityOfPage":{"@id":"https:\/\/nbcs.mx\/?p=162324"},"wordCount":364,"commentCount":0,"publisher":{"@id":"https:\/\/nbcs.mx\/#organization"},"image":{"@id":"https:\/\/nbcs.mx\/?p=162324#primaryimage"},"thumbnailUrl":"https:\/\/nbcs.mx\/wp-content\/uploads\/2026\/03\/FOTO1-BOLETIN-068-VMCC-ENTREGA.jpg","articleSection":["Noticias"],"inLanguage":"es","potentialAction":[{"@type":"CommentAction","name":"Comment","target":["https:\/\/nbcs.mx\/?p=162324#respond"]}]},{"@type":"WebPage","@id":"https:\/\/nbcs.mx\/?p=162324","url":"https:\/\/nbcs.mx\/?p=162324","name":"Entrega Gobernador obras de riego en Comond\u00fa; destaca inversi\u00f3n hist\u00f3rica en infraestructura h\u00eddrica en BCS - NBCS Noticias","isPartOf":{"@id":"https:\/\/nbcs.mx\/#website"},"primaryImageOfPage":{"@id":"https:\/\/nbcs.mx\/?p=162324#primaryimage"},"image":{"@id":"https:\/\/nbcs.mx\/?p=162324#primaryimage"},"thumbnailUrl":"https:\/\/nbcs.mx\/wp-content\/uploads\/2026\/03\/FOTO1-BOLETIN-068-VMCC-ENTREGA.jpg","datePublished":"2026-03-12T04:39:24+00:00","breadcrumb":{"@id":"https:\/\/nbcs.mx\/?p=162324#breadcrumb"},"inLanguage":"es","potentialAction":[{"@type":"ReadAction","target":["https:\/\/nbcs.mx\/?p=162324"]}]},{"@type":"ImageObject","inLanguage":"es","@id":"https:\/\/nbcs.mx\/?p=162324#primaryimage","url":"https:\/\/nbcs.mx\/wp-content\/uploads\/2026\/03\/FOTO1-BOLETIN-068-VMCC-ENTREGA.jpg","contentUrl":"https:\/\/nbcs.mx\/wp-content\/uploads\/2026\/03\/FOTO1-BOLETIN-068-VMCC-ENTREGA.jpg","width":2009,"height":1094},{"@type":"BreadcrumbList","@id":"https:\/\/nbcs.mx\/?p=162324#breadcrumb","itemListElement":[{"@type":"ListItem","position":1,"name":"Portada","item":"https:\/\/nbcs.mx\/"},{"@type":"ListItem","position":2,"name":"Entrega Gobernador obras de riego en Comond\u00fa; destaca inversi\u00f3n hist\u00f3rica en infraestructura h\u00eddrica en BCS"}]},{"@type":"WebSite","@id":"https:\/\/nbcs.mx\/#website","url":"https:\/\/nbcs.mx\/","name":"NBCS Noticias","description":"Sitio web de noticias en Baja California Sur","publisher":{"@id":"https:\/\/nbcs.mx\/#organization"},"potentialAction":[{"@type":"SearchAction","target":{"@type":"EntryPoint","urlTemplate":"https:\/\/nbcs.mx\/?s={search_term_string}"},"query-input":{"@type":"PropertyValueSpecification","valueRequired":true,"valueName":"search_term_string"}}],"inLanguage":"es"},{"@type":"Organization","@id":"https:\/\/nbcs.mx\/#organization","name":"NBCS Noticias","url":"https:\/\/nbcs.mx\/","logo":{"@type":"ImageObject","inLanguage":"es","@id":"https:\/\/nbcs.mx\/#\/schema\/logo\/image\/","url":"https:\/\/nbcs.mx\/wp-content\/uploads\/2018\/09\/057b69485e93575a5c2b1c1dde2dd297.jpeg","contentUrl":"https:\/\/nbcs.mx\/wp-content\/uploads\/2018\/09\/057b69485e93575a5c2b1c1dde2dd297.jpeg","width":64,"height":64,"caption":"NBCS Noticias"},"image":{"@id":"https:\/\/nbcs.mx\/#\/schema\/logo\/image\/"},"sameAs":["https:\/\/www.facebook.com\/NBCSnoticias","https:\/\/x.com\/NBCSnoticias"]},{"@type":"Person","@id":"https:\/\/nbcs.mx\/#\/schema\/person\/ece58bab9a7c1e87a4d28ec9ecd79ff4","name":"NBCS Noticias","image":{"@type":"ImageObject","inLanguage":"es","@id":"https:\/\/secure.gravatar.com\/avatar\/4e52110cad1c4054b43271a0d14bbe9e2ea76aecd0e1097edfc670798d9ca1d4?s=96&d=blank&r=g","url":"https:\/\/secure.gravatar.com\/avatar\/4e52110cad1c4054b43271a0d14bbe9e2ea76aecd0e1097edfc670798d9ca1d4?s=96&d=blank&r=g","contentUrl":"https:\/\/secure.gravatar.com\/avatar\/4e52110cad1c4054b43271a0d14bbe9e2ea76aecd0e1097edfc670798d9ca1d4?s=96&d=blank&r=g","caption":"NBCS Noticias"},"description":"\u00bfTienes fotos o video de alg\u00fan acto de posible negligencia, corrupci\u00f3n y abuso de autoridad? M\u00e1ndalo al WhatsApp de NBCS Noticias: 612 141 98 08","sameAs":["https:\/\/www.nbcs.mx","https:\/\/www.facebook.com\/NBCSnoticias","https:\/\/www.instagram.com\/nbcsnoticias\/","https:\/\/x.com\/https:\/\/twitter.com\/NBCSnoticias"]}]}},"jetpack_publicize_connections":[],"jetpack_featured_media_url":"https:\/\/nbcs.mx\/wp-content\/uploads\/2026\/03\/FOTO1-BOLETIN-068-VMCC-ENTREGA.jpg","jetpack_sharing_enabled":true,"_links":{"self":[{"href":"https:\/\/nbcs.mx\/index.php?rest_route=\/wp\/v2\/posts\/162324","targetHints":{"allow":["GET"]}}],"collection":[{"href":"https:\/\/nbcs.mx\/index.php?rest_route=\/wp\/v2\/posts"}],"about":[{"href":"https:\/\/nbcs.mx\/index.php?rest_route=\/wp\/v2\/types\/post"}],"author":[{"embeddable":true,"href":"https:\/\/nbcs.mx\/index.php?rest_route=\/wp\/v2\/users\/1"}],"replies":[{"embeddable":true,"href":"https:\/\/nbcs.mx\/index.php?rest_route=%2Fwp%2Fv2%2Fcomments&post=162324"}],"version-history":[{"count":1,"href":"https:\/\/nbcs.mx\/index.php?rest_route=\/wp\/v2\/posts\/162324\/revisions"}],"predecessor-version":[{"id":162326,"href":"https:\/\/nbcs.mx\/index.php?rest_route=\/wp\/v2\/posts\/162324\/revisions\/162326"}],"wp:featuredmedia":[{"embeddable":true,"href":"https:\/\/nbcs.mx\/index.php?rest_route=\/wp\/v2\/media\/162325"}],"wp:attachment":[{"href":"https:\/\/nbcs.mx\/index.php?rest_route=%2Fwp%2Fv2%2Fmedia&parent=162324"}],"wp:term":[{"taxonomy":"category","embeddable":true,"href":"https:\/\/nbcs.mx\/index.php?rest_route=%2Fwp%2Fv2%2Fcategories&post=162324"},{"taxonomy":"post_tag","embeddable":true,"href":"https:\/\/nbcs.mx\/index.php?rest_route=%2Fwp%2Fv2%2Ftags&post=162324"}],"curies":[{"name":"wp","href":"https:\/\/api.w.org\/{rel}","templated":true}]}}