{"id":162327,"date":"2026-03-11T21:41:33","date_gmt":"2026-03-12T04:41:33","guid":{"rendered":"https:\/\/nbcs.mx\/?p=162327"},"modified":"2026-03-11T21:41:33","modified_gmt":"2026-03-12T04:41:33","slug":"inicia-baja-california-sur-su-participacion-en-la-etapa-regional-de-atletismo","status":"publish","type":"post","link":"https:\/\/nbcs.mx\/?p=162327","title":{"rendered":"Inicia Baja California Sur su participaci\u00f3n en la etapa regional de atletismo"},"content":{"rendered":"<p style=\"font-weight: 400; text-align: justify;\"><img loading=\"lazy\" decoding=\"async\" class=\" wp-image-162328 alignleft\" src=\"https:\/\/nbcs.mx\/wp-content\/uploads\/2026\/03\/IMG_0321-738x492.jpeg\" alt=\"\" width=\"362\" height=\"241\" srcset=\"https:\/\/nbcs.mx\/wp-content\/uploads\/2026\/03\/IMG_0321-738x492.jpeg 738w, https:\/\/nbcs.mx\/wp-content\/uploads\/2026\/03\/IMG_0321-1024x683.jpeg 1024w, https:\/\/nbcs.mx\/wp-content\/uploads\/2026\/03\/IMG_0321-150x100.jpeg 150w, https:\/\/nbcs.mx\/wp-content\/uploads\/2026\/03\/IMG_0321-768x512.jpeg 768w, https:\/\/nbcs.mx\/wp-content\/uploads\/2026\/03\/IMG_0321-1536x1024.jpeg 1536w, https:\/\/nbcs.mx\/wp-content\/uploads\/2026\/03\/IMG_0321.jpeg 2048w\" sizes=\"auto, (max-width: 362px) 100vw, 362px\" \/>Baja California Sur inici\u00f3 su participaci\u00f3n en la etapa regional de atletismo rumbo a la Olimpiada Nacional CONADE 2026, evento que tiene como sede la ciudad de Mexicali, Baja California.<\/p>\n<p style=\"font-weight: 400; text-align: justify;\">\n<p style=\"font-weight: 400; text-align: justify;\">deportistas sudcalifornianos participaron en diversas pruebas logrando destacados resultados para el estado, as\u00ed como la posibilidad de clasificaci\u00f3n a la etapa final, enfrent\u00e1ndose a representantes de Baja California, Chihuahua, Sonora y Sinaloa.<\/p>\n<p style=\"font-weight: 400; text-align: justify;\">\n<ul style=\"text-align: justify;\">\n<li>Prueba de Pista<\/li>\n<\/ul>\n<p style=\"font-weight: 400; text-align: justify;\">Sub 16<\/p>\n<p style=\"font-weight: 400; text-align: justify;\">Natalia Z\u00e1rate 1er lugar en los 600 metros planos.<\/p>\n<p style=\"font-weight: 400; text-align: justify;\">Sub 18<\/p>\n<p style=\"font-weight: 400; text-align: justify;\">Yanetzi Pasten 1er lugar en los 5000 metros marcha.<\/p>\n<p style=\"font-weight: 400; text-align: justify;\">Genesis Flores 3er lugar en los 100 metros planos.<\/p>\n<p style=\"font-weight: 400; text-align: justify;\">Sub 20<\/p>\n<p style=\"font-weight: 400; text-align: justify;\">Hugo G\u00e1mez 3er lugar en los 800 metros planos.<\/p>\n<p style=\"font-weight: 400; text-align: justify;\">Tadeo Ramirez 3er lugar en los 3000 metros steeplechase 91 cm.<\/p>\n<p style=\"font-weight: 400; text-align: justify;\">Sub 23<\/p>\n<p style=\"font-weight: 400; text-align: justify;\">Adri\u00e1n Beltran 3er lugar en los 100 metros planos.<\/p>\n<p style=\"font-weight: 400; text-align: justify;\">Isabella Ca\u00f1edo 1er lugar en los 3000 metros steeplechase 76 cm.<\/p>\n<p style=\"font-weight: 400; text-align: justify;\">\n<ul style=\"text-align: justify;\">\n<li>Salto Triple<\/li>\n<\/ul>\n<p style=\"font-weight: 400; text-align: justify;\">Sub 20<\/p>\n<p style=\"font-weight: 400; text-align: justify;\">Karely Lucero 2do lugar con 11.30m<\/p>\n<p style=\"font-weight: 400; text-align: justify;\">Sub 23<\/p>\n<p style=\"font-weight: 400; text-align: justify;\">Monica Aviles 2do lugar con 11.83m<\/p>\n<p style=\"font-weight: 400; text-align: justify;\">\n<ul style=\"text-align: justify;\">\n<li>Lanzamiento de martillo<\/li>\n<\/ul>\n<p style=\"font-weight: 400; text-align: justify;\">Sub 16<\/p>\n<p style=\"font-weight: 400; text-align: justify;\">Ximena Vea 1er lugar con 51.99m.<\/p>\n<p style=\"font-weight: 400; text-align: justify;\">Zoe Angel 1er lugar con 43.65m.<\/p>\n<p style=\"font-weight: 400; text-align: justify;\">\n<ul style=\"text-align: justify;\">\n<li>Impulso de Bala<\/li>\n<\/ul>\n<p style=\"font-weight: 400; text-align: justify;\">Sub 20<\/p>\n<p style=\"font-weight: 400; text-align: justify;\">\u00c1ngel Galicia 2do lugar con 15.35m<\/p>\n<p style=\"font-weight: 400; text-align: justify;\">\n<ul style=\"text-align: justify;\">\n<li>Lanzamiento de Jabalina<\/li>\n<\/ul>\n<p style=\"font-weight: 400; text-align: justify;\">Sub 16<\/p>\n<p style=\"font-weight: 400; text-align: justify;\">Kelvin Beltr\u00e1n 3er lugar con 39.32m<\/p>\n<p style=\"font-weight: 400; text-align: justify;\">\n<p style=\"font-weight: 400; text-align: justify;\">Asimismo, otros atletas sudcalifornianos tambi\u00e9n tuvieron participaci\u00f3n en esta primera jornada deportiva, representando a Baja California Sur en las distintas pruebas: Adonai Nelkhael, Dania Jimenez, Jes\u00fas Camarillo, Amir L\u00f3pez, Ximena Manriquez, Michel Monroy, Naidely Hernandez, Perla Barboza Marissa P\u00e9rez, Hilber G\u00f3mez, Jonathan Meza, Carlos M\u00e1rquez, Carlos Inocence, Jin Zheng, Jes\u00fas Becerra, Alexis Elias, \u00cdker Ram\u00edrez, Jacson R\u00edos, Valeria Verdugo, Kamil Morales, Irvin G\u00f3mez, Marc Soria, Gerard Delgado, Norma Trasvi\u00f1a, Veronica Olmedo, Aysel Medina, Vanessa Oliva, Irinet Villavicencio, Gadiel Luna.<\/p>\n<p style=\"font-weight: 400; text-align: justify;\">\n<p style=\"font-weight: 400; text-align: justify;\">La competencia apenas comienza las y los atletas sudcalifornianos seguir\u00e1n en la b\u00fasqueda de su clasificaci\u00f3n rumbo a la Olimpiada Nacional CONADE 2026.<\/p>\n<p style=\"font-weight: 400; text-align: justify;\">\n","protected":false},"excerpt":{"rendered":"<p>Baja California Sur inici\u00f3 su participaci\u00f3n en la etapa regional de atletismo rumbo a la Olimpiada Nacional CONADE 2026, evento<\/p>\n","protected":false},"author":1,"featured_media":162328,"comment_status":"open","ping_status":"closed","sticky":false,"template":"","format":"standard","meta":{"colormag_page_container_layout":"default_layout","colormag_page_sidebar_layout":"default_layout","_jetpack_memberships_contains_paid_content":false,"footnotes":"","jetpack_publicize_message":"","jetpack_publicize_feature_enabled":true,"jetpack_social_post_already_shared":true,"jetpack_social_options":{"image_generator_settings":{"template":"highway","default_image_id":0,"font":"","enabled":false},"version":2}},"categories":[23],"tags":[],"class_list":["post-162327","post","type-post","status-publish","format-standard","has-post-thumbnail","hentry","category-deportes"],"yoast_head":"<!-- This site is optimized with the Yoast SEO plugin v27.5 - https:\/\/yoast.com\/product\/yoast-seo-wordpress\/ -->\n<title>Inicia Baja California Sur su participaci\u00f3n en la etapa regional de atletismo - NBCS Noticias<\/title>\n<meta name=\"robots\" content=\"index, follow, max-snippet:-1, max-image-preview:large, max-video-preview:-1\" \/>\n<link rel=\"canonical\" href=\"https:\/\/nbcs.mx\/?p=162327\" \/>\n<meta property=\"og:locale\" content=\"es_ES\" \/>\n<meta property=\"og:type\" content=\"article\" \/>\n<meta property=\"og:title\" content=\"Inicia Baja California Sur su participaci\u00f3n en la etapa regional de atletismo - NBCS Noticias\" \/>\n<meta property=\"og:description\" content=\"Baja California Sur inici\u00f3 su participaci\u00f3n en la etapa regional de atletismo rumbo a la Olimpiada Nacional CONADE 2026, evento\" \/>\n<meta property=\"og:url\" content=\"https:\/\/nbcs.mx\/?p=162327\" \/>\n<meta property=\"og:site_name\" content=\"NBCS Noticias\" \/>\n<meta property=\"article:publisher\" content=\"https:\/\/www.facebook.com\/NBCSnoticias\" \/>\n<meta property=\"article:author\" content=\"https:\/\/www.facebook.com\/NBCSnoticias\" \/>\n<meta property=\"article:published_time\" content=\"2026-03-12T04:41:33+00:00\" \/>\n<meta property=\"og:image\" content=\"https:\/\/nbcs.mx\/wp-content\/uploads\/2026\/03\/IMG_0321.jpeg\" \/>\n\t<meta property=\"og:image:width\" content=\"2048\" \/>\n\t<meta property=\"og:image:height\" content=\"1365\" \/>\n\t<meta property=\"og:image:type\" content=\"image\/jpeg\" \/>\n<meta name=\"author\" content=\"NBCS Noticias\" \/>\n<meta name=\"twitter:card\" content=\"summary_large_image\" \/>\n<meta name=\"twitter:creator\" content=\"@https:\/\/twitter.com\/NBCSnoticias\" \/>\n<meta name=\"twitter:site\" content=\"@NBCSnoticias\" \/>\n<meta name=\"twitter:label1\" content=\"Escrito por\" \/>\n\t<meta name=\"twitter:data1\" content=\"NBCS Noticias\" \/>\n\t<meta name=\"twitter:label2\" content=\"Tiempo de lectura\" \/>\n\t<meta name=\"twitter:data2\" content=\"2 minutos\" \/>\n<script type=\"application\/ld+json\" class=\"yoast-schema-graph\">{\"@context\":\"https:\\\/\\\/schema.org\",\"@graph\":[{\"@type\":\"Article\",\"@id\":\"https:\\\/\\\/nbcs.mx\\\/?p=162327#article\",\"isPartOf\":{\"@id\":\"https:\\\/\\\/nbcs.mx\\\/?p=162327\"},\"author\":{\"name\":\"NBCS Noticias\",\"@id\":\"https:\\\/\\\/nbcs.mx\\\/#\\\/schema\\\/person\\\/ece58bab9a7c1e87a4d28ec9ecd79ff4\"},\"headline\":\"Inicia Baja California Sur su participaci\u00f3n en la etapa regional de atletismo\",\"datePublished\":\"2026-03-12T04:41:33+00:00\",\"mainEntityOfPage\":{\"@id\":\"https:\\\/\\\/nbcs.mx\\\/?p=162327\"},\"wordCount\":315,\"commentCount\":0,\"publisher\":{\"@id\":\"https:\\\/\\\/nbcs.mx\\\/#organization\"},\"image\":{\"@id\":\"https:\\\/\\\/nbcs.mx\\\/?p=162327#primaryimage\"},\"thumbnailUrl\":\"https:\\\/\\\/nbcs.mx\\\/wp-content\\\/uploads\\\/2026\\\/03\\\/IMG_0321.jpeg\",\"articleSection\":[\"Deportes\"],\"inLanguage\":\"es\",\"potentialAction\":[{\"@type\":\"CommentAction\",\"name\":\"Comment\",\"target\":[\"https:\\\/\\\/nbcs.mx\\\/?p=162327#respond\"]}]},{\"@type\":\"WebPage\",\"@id\":\"https:\\\/\\\/nbcs.mx\\\/?p=162327\",\"url\":\"https:\\\/\\\/nbcs.mx\\\/?p=162327\",\"name\":\"Inicia Baja California Sur su participaci\u00f3n en la etapa regional de atletismo - NBCS Noticias\",\"isPartOf\":{\"@id\":\"https:\\\/\\\/nbcs.mx\\\/#website\"},\"primaryImageOfPage\":{\"@id\":\"https:\\\/\\\/nbcs.mx\\\/?p=162327#primaryimage\"},\"image\":{\"@id\":\"https:\\\/\\\/nbcs.mx\\\/?p=162327#primaryimage\"},\"thumbnailUrl\":\"https:\\\/\\\/nbcs.mx\\\/wp-content\\\/uploads\\\/2026\\\/03\\\/IMG_0321.jpeg\",\"datePublished\":\"2026-03-12T04:41:33+00:00\",\"breadcrumb\":{\"@id\":\"https:\\\/\\\/nbcs.mx\\\/?p=162327#breadcrumb\"},\"inLanguage\":\"es\",\"potentialAction\":[{\"@type\":\"ReadAction\",\"target\":[\"https:\\\/\\\/nbcs.mx\\\/?p=162327\"]}]},{\"@type\":\"ImageObject\",\"inLanguage\":\"es\",\"@id\":\"https:\\\/\\\/nbcs.mx\\\/?p=162327#primaryimage\",\"url\":\"https:\\\/\\\/nbcs.mx\\\/wp-content\\\/uploads\\\/2026\\\/03\\\/IMG_0321.jpeg\",\"contentUrl\":\"https:\\\/\\\/nbcs.mx\\\/wp-content\\\/uploads\\\/2026\\\/03\\\/IMG_0321.jpeg\",\"width\":2048,\"height\":1365},{\"@type\":\"BreadcrumbList\",\"@id\":\"https:\\\/\\\/nbcs.mx\\\/?p=162327#breadcrumb\",\"itemListElement\":[{\"@type\":\"ListItem\",\"position\":1,\"name\":\"Portada\",\"item\":\"https:\\\/\\\/nbcs.mx\\\/\"},{\"@type\":\"ListItem\",\"position\":2,\"name\":\"Inicia Baja California Sur su participaci\u00f3n en la etapa regional de atletismo\"}]},{\"@type\":\"WebSite\",\"@id\":\"https:\\\/\\\/nbcs.mx\\\/#website\",\"url\":\"https:\\\/\\\/nbcs.mx\\\/\",\"name\":\"NBCS Noticias\",\"description\":\"Sitio web de noticias en Baja California Sur\",\"publisher\":{\"@id\":\"https:\\\/\\\/nbcs.mx\\\/#organization\"},\"potentialAction\":[{\"@type\":\"SearchAction\",\"target\":{\"@type\":\"EntryPoint\",\"urlTemplate\":\"https:\\\/\\\/nbcs.mx\\\/?s={search_term_string}\"},\"query-input\":{\"@type\":\"PropertyValueSpecification\",\"valueRequired\":true,\"valueName\":\"search_term_string\"}}],\"inLanguage\":\"es\"},{\"@type\":\"Organization\",\"@id\":\"https:\\\/\\\/nbcs.mx\\\/#organization\",\"name\":\"NBCS Noticias\",\"url\":\"https:\\\/\\\/nbcs.mx\\\/\",\"logo\":{\"@type\":\"ImageObject\",\"inLanguage\":\"es\",\"@id\":\"https:\\\/\\\/nbcs.mx\\\/#\\\/schema\\\/logo\\\/image\\\/\",\"url\":\"https:\\\/\\\/nbcs.mx\\\/wp-content\\\/uploads\\\/2018\\\/09\\\/057b69485e93575a5c2b1c1dde2dd297.jpeg\",\"contentUrl\":\"https:\\\/\\\/nbcs.mx\\\/wp-content\\\/uploads\\\/2018\\\/09\\\/057b69485e93575a5c2b1c1dde2dd297.jpeg\",\"width\":64,\"height\":64,\"caption\":\"NBCS Noticias\"},\"image\":{\"@id\":\"https:\\\/\\\/nbcs.mx\\\/#\\\/schema\\\/logo\\\/image\\\/\"},\"sameAs\":[\"https:\\\/\\\/www.facebook.com\\\/NBCSnoticias\",\"https:\\\/\\\/x.com\\\/NBCSnoticias\"]},{\"@type\":\"Person\",\"@id\":\"https:\\\/\\\/nbcs.mx\\\/#\\\/schema\\\/person\\\/ece58bab9a7c1e87a4d28ec9ecd79ff4\",\"name\":\"NBCS Noticias\",\"image\":{\"@type\":\"ImageObject\",\"inLanguage\":\"es\",\"@id\":\"https:\\\/\\\/secure.gravatar.com\\\/avatar\\\/4e52110cad1c4054b43271a0d14bbe9e2ea76aecd0e1097edfc670798d9ca1d4?s=96&d=blank&r=g\",\"url\":\"https:\\\/\\\/secure.gravatar.com\\\/avatar\\\/4e52110cad1c4054b43271a0d14bbe9e2ea76aecd0e1097edfc670798d9ca1d4?s=96&d=blank&r=g\",\"contentUrl\":\"https:\\\/\\\/secure.gravatar.com\\\/avatar\\\/4e52110cad1c4054b43271a0d14bbe9e2ea76aecd0e1097edfc670798d9ca1d4?s=96&d=blank&r=g\",\"caption\":\"NBCS Noticias\"},\"description\":\"\u00bfTienes fotos o video de alg\u00fan acto de posible negligencia, corrupci\u00f3n y abuso de autoridad? M\u00e1ndalo al WhatsApp de NBCS Noticias: 612 141 98 08\",\"sameAs\":[\"https:\\\/\\\/www.nbcs.mx\",\"https:\\\/\\\/www.facebook.com\\\/NBCSnoticias\",\"https:\\\/\\\/www.instagram.com\\\/nbcsnoticias\\\/\",\"https:\\\/\\\/x.com\\\/https:\\\/\\\/twitter.com\\\/NBCSnoticias\"]}]}<\/script>\n<!-- \/ Yoast SEO plugin. -->","yoast_head_json":{"title":"Inicia Baja California Sur su participaci\u00f3n en la etapa regional de atletismo - NBCS Noticias","robots":{"index":"index","follow":"follow","max-snippet":"max-snippet:-1","max-image-preview":"max-image-preview:large","max-video-preview":"max-video-preview:-1"},"canonical":"https:\/\/nbcs.mx\/?p=162327","og_locale":"es_ES","og_type":"article","og_title":"Inicia Baja California Sur su participaci\u00f3n en la etapa regional de atletismo - NBCS Noticias","og_description":"Baja California Sur inici\u00f3 su participaci\u00f3n en la etapa regional de atletismo rumbo a la Olimpiada Nacional CONADE 2026, evento","og_url":"https:\/\/nbcs.mx\/?p=162327","og_site_name":"NBCS Noticias","article_publisher":"https:\/\/www.facebook.com\/NBCSnoticias","article_author":"https:\/\/www.facebook.com\/NBCSnoticias","article_published_time":"2026-03-12T04:41:33+00:00","og_image":[{"width":2048,"height":1365,"url":"https:\/\/nbcs.mx\/wp-content\/uploads\/2026\/03\/IMG_0321.jpeg","type":"image\/jpeg"}],"author":"NBCS Noticias","twitter_card":"summary_large_image","twitter_creator":"@https:\/\/twitter.com\/NBCSnoticias","twitter_site":"@NBCSnoticias","twitter_misc":{"Escrito por":"NBCS Noticias","Tiempo de lectura":"2 minutos"},"schema":{"@context":"https:\/\/schema.org","@graph":[{"@type":"Article","@id":"https:\/\/nbcs.mx\/?p=162327#article","isPartOf":{"@id":"https:\/\/nbcs.mx\/?p=162327"},"author":{"name":"NBCS Noticias","@id":"https:\/\/nbcs.mx\/#\/schema\/person\/ece58bab9a7c1e87a4d28ec9ecd79ff4"},"headline":"Inicia Baja California Sur su participaci\u00f3n en la etapa regional de atletismo","datePublished":"2026-03-12T04:41:33+00:00","mainEntityOfPage":{"@id":"https:\/\/nbcs.mx\/?p=162327"},"wordCount":315,"commentCount":0,"publisher":{"@id":"https:\/\/nbcs.mx\/#organization"},"image":{"@id":"https:\/\/nbcs.mx\/?p=162327#primaryimage"},"thumbnailUrl":"https:\/\/nbcs.mx\/wp-content\/uploads\/2026\/03\/IMG_0321.jpeg","articleSection":["Deportes"],"inLanguage":"es","potentialAction":[{"@type":"CommentAction","name":"Comment","target":["https:\/\/nbcs.mx\/?p=162327#respond"]}]},{"@type":"WebPage","@id":"https:\/\/nbcs.mx\/?p=162327","url":"https:\/\/nbcs.mx\/?p=162327","name":"Inicia Baja California Sur su participaci\u00f3n en la etapa regional de atletismo - NBCS Noticias","isPartOf":{"@id":"https:\/\/nbcs.mx\/#website"},"primaryImageOfPage":{"@id":"https:\/\/nbcs.mx\/?p=162327#primaryimage"},"image":{"@id":"https:\/\/nbcs.mx\/?p=162327#primaryimage"},"thumbnailUrl":"https:\/\/nbcs.mx\/wp-content\/uploads\/2026\/03\/IMG_0321.jpeg","datePublished":"2026-03-12T04:41:33+00:00","breadcrumb":{"@id":"https:\/\/nbcs.mx\/?p=162327#breadcrumb"},"inLanguage":"es","potentialAction":[{"@type":"ReadAction","target":["https:\/\/nbcs.mx\/?p=162327"]}]},{"@type":"ImageObject","inLanguage":"es","@id":"https:\/\/nbcs.mx\/?p=162327#primaryimage","url":"https:\/\/nbcs.mx\/wp-content\/uploads\/2026\/03\/IMG_0321.jpeg","contentUrl":"https:\/\/nbcs.mx\/wp-content\/uploads\/2026\/03\/IMG_0321.jpeg","width":2048,"height":1365},{"@type":"BreadcrumbList","@id":"https:\/\/nbcs.mx\/?p=162327#breadcrumb","itemListElement":[{"@type":"ListItem","position":1,"name":"Portada","item":"https:\/\/nbcs.mx\/"},{"@type":"ListItem","position":2,"name":"Inicia Baja California Sur su participaci\u00f3n en la etapa regional de atletismo"}]},{"@type":"WebSite","@id":"https:\/\/nbcs.mx\/#website","url":"https:\/\/nbcs.mx\/","name":"NBCS Noticias","description":"Sitio web de noticias en Baja California Sur","publisher":{"@id":"https:\/\/nbcs.mx\/#organization"},"potentialAction":[{"@type":"SearchAction","target":{"@type":"EntryPoint","urlTemplate":"https:\/\/nbcs.mx\/?s={search_term_string}"},"query-input":{"@type":"PropertyValueSpecification","valueRequired":true,"valueName":"search_term_string"}}],"inLanguage":"es"},{"@type":"Organization","@id":"https:\/\/nbcs.mx\/#organization","name":"NBCS Noticias","url":"https:\/\/nbcs.mx\/","logo":{"@type":"ImageObject","inLanguage":"es","@id":"https:\/\/nbcs.mx\/#\/schema\/logo\/image\/","url":"https:\/\/nbcs.mx\/wp-content\/uploads\/2018\/09\/057b69485e93575a5c2b1c1dde2dd297.jpeg","contentUrl":"https:\/\/nbcs.mx\/wp-content\/uploads\/2018\/09\/057b69485e93575a5c2b1c1dde2dd297.jpeg","width":64,"height":64,"caption":"NBCS Noticias"},"image":{"@id":"https:\/\/nbcs.mx\/#\/schema\/logo\/image\/"},"sameAs":["https:\/\/www.facebook.com\/NBCSnoticias","https:\/\/x.com\/NBCSnoticias"]},{"@type":"Person","@id":"https:\/\/nbcs.mx\/#\/schema\/person\/ece58bab9a7c1e87a4d28ec9ecd79ff4","name":"NBCS Noticias","image":{"@type":"ImageObject","inLanguage":"es","@id":"https:\/\/secure.gravatar.com\/avatar\/4e52110cad1c4054b43271a0d14bbe9e2ea76aecd0e1097edfc670798d9ca1d4?s=96&d=blank&r=g","url":"https:\/\/secure.gravatar.com\/avatar\/4e52110cad1c4054b43271a0d14bbe9e2ea76aecd0e1097edfc670798d9ca1d4?s=96&d=blank&r=g","contentUrl":"https:\/\/secure.gravatar.com\/avatar\/4e52110cad1c4054b43271a0d14bbe9e2ea76aecd0e1097edfc670798d9ca1d4?s=96&d=blank&r=g","caption":"NBCS Noticias"},"description":"\u00bfTienes fotos o video de alg\u00fan acto de posible negligencia, corrupci\u00f3n y abuso de autoridad? M\u00e1ndalo al WhatsApp de NBCS Noticias: 612 141 98 08","sameAs":["https:\/\/www.nbcs.mx","https:\/\/www.facebook.com\/NBCSnoticias","https:\/\/www.instagram.com\/nbcsnoticias\/","https:\/\/x.com\/https:\/\/twitter.com\/NBCSnoticias"]}]}},"jetpack_publicize_connections":[],"jetpack_featured_media_url":"https:\/\/nbcs.mx\/wp-content\/uploads\/2026\/03\/IMG_0321.jpeg","jetpack_sharing_enabled":true,"_links":{"self":[{"href":"https:\/\/nbcs.mx\/index.php?rest_route=\/wp\/v2\/posts\/162327","targetHints":{"allow":["GET"]}}],"collection":[{"href":"https:\/\/nbcs.mx\/index.php?rest_route=\/wp\/v2\/posts"}],"about":[{"href":"https:\/\/nbcs.mx\/index.php?rest_route=\/wp\/v2\/types\/post"}],"author":[{"embeddable":true,"href":"https:\/\/nbcs.mx\/index.php?rest_route=\/wp\/v2\/users\/1"}],"replies":[{"embeddable":true,"href":"https:\/\/nbcs.mx\/index.php?rest_route=%2Fwp%2Fv2%2Fcomments&post=162327"}],"version-history":[{"count":1,"href":"https:\/\/nbcs.mx\/index.php?rest_route=\/wp\/v2\/posts\/162327\/revisions"}],"predecessor-version":[{"id":162329,"href":"https:\/\/nbcs.mx\/index.php?rest_route=\/wp\/v2\/posts\/162327\/revisions\/162329"}],"wp:featuredmedia":[{"embeddable":true,"href":"https:\/\/nbcs.mx\/index.php?rest_route=\/wp\/v2\/media\/162328"}],"wp:attachment":[{"href":"https:\/\/nbcs.mx\/index.php?rest_route=%2Fwp%2Fv2%2Fmedia&parent=162327"}],"wp:term":[{"taxonomy":"category","embeddable":true,"href":"https:\/\/nbcs.mx\/index.php?rest_route=%2Fwp%2Fv2%2Fcategories&post=162327"},{"taxonomy":"post_tag","embeddable":true,"href":"https:\/\/nbcs.mx\/index.php?rest_route=%2Fwp%2Fv2%2Ftags&post=162327"}],"curies":[{"name":"wp","href":"https:\/\/api.w.org\/{rel}","templated":true}]}}