{"id":162355,"date":"2026-03-12T10:00:58","date_gmt":"2026-03-12T17:00:58","guid":{"rendered":"https:\/\/nbcs.mx\/?p=162355"},"modified":"2026-03-12T10:00:58","modified_gmt":"2026-03-12T17:00:58","slug":"manuel-cota-respalda-reforma-electoral-de-sheinbaum-y-plantea-plan-b-tras-rechazo-en-san-lazaro","status":"publish","type":"post","link":"https:\/\/nbcs.mx\/?p=162355","title":{"rendered":"Manuel Cota respalda Reforma Electoral de Sheinbaum y plantea \u201cPlan B\u201d tras rechazo en San L\u00e1zaro"},"content":{"rendered":"<p style=\"text-align: justify;\" data-start=\"112\" data-end=\"540\"><img loading=\"lazy\" decoding=\"async\" class=\" wp-image-162356 alignleft\" src=\"https:\/\/nbcs.mx\/wp-content\/uploads\/2026\/03\/571196630_1392111859586277_7094418151129180572_n-755x445.jpg\" alt=\"\" width=\"372\" height=\"219\" srcset=\"https:\/\/nbcs.mx\/wp-content\/uploads\/2026\/03\/571196630_1392111859586277_7094418151129180572_n-755x445.jpg 755w, https:\/\/nbcs.mx\/wp-content\/uploads\/2026\/03\/571196630_1392111859586277_7094418151129180572_n-150x88.jpg 150w, https:\/\/nbcs.mx\/wp-content\/uploads\/2026\/03\/571196630_1392111859586277_7094418151129180572_n-768x452.jpg 768w, https:\/\/nbcs.mx\/wp-content\/uploads\/2026\/03\/571196630_1392111859586277_7094418151129180572_n.jpg 966w\" sizes=\"auto, (max-width: 372px) 100vw, 372px\" \/>El diputado federal por Baja California Sur, <span class=\"hover:entity-accent entity-underline inline cursor-pointer align-baseline\"><span class=\"whitespace-normal\">Manuel Cota C\u00e1rdenas<\/span><\/span>, reiter\u00f3 su respaldo a la iniciativa de Reforma Electoral impulsada por la presidenta de M\u00e9xico, <span class=\"hover:entity-accent entity-underline inline cursor-pointer align-baseline\"><span class=\"whitespace-normal\">Claudia Sheinbaum<\/span><\/span>, luego de la intensa sesi\u00f3n celebrada en el pleno de la <span class=\"hover:entity-accent entity-underline inline cursor-pointer align-baseline\"><span class=\"whitespace-normal\">C\u00e1mara de Diputados<\/span><\/span>, donde la propuesta no alcanz\u00f3 la mayor\u00eda calificada requerida para su aprobaci\u00f3n constitucional.<\/p>\n<p style=\"text-align: justify;\" data-start=\"542\" data-end=\"850\">A pesar de que la iniciativa no logr\u00f3 reunir las dos terceras partes de los votos necesarios, Cota C\u00e1rdenas se sum\u00f3 a los 259 legisladores que votaron a favor de la reforma, argumentando la urgencia de modernizar un sistema pol\u00edtico-electoral que, dijo, genera problemas recurrentes en cada proceso comicial.<\/p>\n<p style=\"text-align: justify;\" data-start=\"852\" data-end=\"1134\">El legislador sudcaliforniano se\u00f1al\u00f3 que su decisi\u00f3n fue tomada tras \u201cemitir un voto a conciencia\u201d, sustentado en la necesidad de responder a las exigencias ciudadanas que \u2014afirm\u00f3\u2014 fueron recogidas durante los recorridos realizados por la presidenta por distintas regiones del pa\u00eds.<\/p>\n<p style=\"text-align: justify;\" data-start=\"1136\" data-end=\"1451\">Entre los principales motivos de su voto a favor, destac\u00f3 la propuesta de reducir el gasto p\u00fablico del sistema pol\u00edtico-electoral, el cual actualmente supera los 70 mil millones de pesos. Seg\u00fan explic\u00f3, la reforma planteaba disminuir los recursos destinados tanto a los partidos pol\u00edticos como al \u00e1rbitro electoral.<\/p>\n<p style=\"text-align: justify;\" data-start=\"1453\" data-end=\"1901\">Otro de los puntos que motivaron su respaldo fue la propuesta para que las candidaturas plurinominales se sometan a lo que denomin\u00f3 una \u201cprueba de \u00e1cido\u201d, es decir, que quienes aspiren a estos cargos deban ser votados directamente por la ciudadan\u00eda y no designados \u00fanicamente por las dirigencias partidistas. Con ello \u2014se\u00f1al\u00f3\u2014 se evitar\u00eda que ciertos perfiles permanezcan durante d\u00e9cadas en el poder legislativo sin pasar por el escrutinio p\u00fablico.<\/p>\n<p style=\"text-align: justify;\" data-start=\"1903\" data-end=\"2113\">Asimismo, la iniciativa contemplaba fortalecer los mecanismos de vigilancia sobre el uso de los recursos en materia electoral, prohibir el nepotismo en cargos pol\u00edtico-electorales y establecer la no reelecci\u00f3n.<\/p>\n<p style=\"text-align: justify;\" data-start=\"2115\" data-end=\"2506\">Cota C\u00e1rdenas tambi\u00e9n reconoci\u00f3 la postura democr\u00e1tica de su coordinador parlamentario, <span class=\"hover:entity-accent entity-underline inline cursor-pointer align-baseline\"><span class=\"whitespace-normal\">Carlos Puente Salas<\/span><\/span>, al permitir un voto diferenciado entre los integrantes de su bancada sin que ello significara una ruptura con el gobierno federal. No obstante, calific\u00f3 como un \u201cerror\u201d que otros legisladores del Partido del Trabajo y del Partido Verde no respaldaran la propuesta.<\/p>\n<p style=\"text-align: justify;\" data-start=\"2508\" data-end=\"2739\">Tras el rechazo de la reforma constitucional, el diputado adelant\u00f3 que se buscar\u00e1 avanzar en las demandas ciudadanas a trav\u00e9s de un \u201cPlan B\u201d, que consistir\u00e1 en impulsar cambios mediante legislaci\u00f3n secundaria y otras rutas legales.<\/p>\n<p style=\"text-align: justify;\" data-start=\"2741\" data-end=\"3189\" data-is-last-node=\"\" data-is-only-node=\"\">Finalmente, Cota C\u00e1rdenas descart\u00f3 un rompimiento en la coalici\u00f3n oficialista y afirm\u00f3 que, aunque cada actor pol\u00edtico debe asumir el costo de sus decisiones, el objetivo es continuar construyendo consensos rumbo al proceso pol\u00edtico de 2027. Asimismo, sostuvo que el llamado \u201cPlan B\u201d representa una alternativa para no abandonar la lucha por transformar reglas que, consider\u00f3, se han vuelto obsoletas y generan conflictos en cada proceso electoral.<\/p>\n","protected":false},"excerpt":{"rendered":"<p>El diputado federal por Baja California Sur, Manuel Cota C\u00e1rdenas, reiter\u00f3 su respaldo a la iniciativa de Reforma Electoral impulsada<\/p>\n","protected":false},"author":1,"featured_media":162356,"comment_status":"open","ping_status":"closed","sticky":false,"template":"","format":"standard","meta":{"colormag_page_container_layout":"default_layout","colormag_page_sidebar_layout":"default_layout","_jetpack_memberships_contains_paid_content":false,"footnotes":"","jetpack_publicize_message":"","jetpack_publicize_feature_enabled":true,"jetpack_social_post_already_shared":true,"jetpack_social_options":{"image_generator_settings":{"template":"highway","default_image_id":0,"font":"","enabled":false},"version":2}},"categories":[1],"tags":[],"class_list":["post-162355","post","type-post","status-publish","format-standard","has-post-thumbnail","hentry","category-noticias"],"yoast_head":"<!-- This site is optimized with the Yoast SEO plugin v27.5 - https:\/\/yoast.com\/product\/yoast-seo-wordpress\/ -->\n<title>Manuel Cota respalda Reforma Electoral de Sheinbaum y plantea \u201cPlan B\u201d tras rechazo en San L\u00e1zaro - NBCS Noticias<\/title>\n<meta name=\"robots\" content=\"index, follow, max-snippet:-1, max-image-preview:large, max-video-preview:-1\" \/>\n<link rel=\"canonical\" href=\"https:\/\/nbcs.mx\/?p=162355\" \/>\n<meta property=\"og:locale\" content=\"es_ES\" \/>\n<meta property=\"og:type\" content=\"article\" \/>\n<meta property=\"og:title\" content=\"Manuel Cota respalda Reforma Electoral de Sheinbaum y plantea \u201cPlan B\u201d tras rechazo en San L\u00e1zaro - NBCS Noticias\" \/>\n<meta property=\"og:description\" content=\"El diputado federal por Baja California Sur, Manuel Cota C\u00e1rdenas, reiter\u00f3 su respaldo a la iniciativa de Reforma Electoral impulsada\" \/>\n<meta property=\"og:url\" content=\"https:\/\/nbcs.mx\/?p=162355\" \/>\n<meta property=\"og:site_name\" content=\"NBCS Noticias\" \/>\n<meta property=\"article:publisher\" content=\"https:\/\/www.facebook.com\/NBCSnoticias\" \/>\n<meta property=\"article:author\" content=\"https:\/\/www.facebook.com\/NBCSnoticias\" \/>\n<meta property=\"article:published_time\" content=\"2026-03-12T17:00:58+00:00\" \/>\n<meta property=\"og:image\" content=\"https:\/\/nbcs.mx\/wp-content\/uploads\/2026\/03\/571196630_1392111859586277_7094418151129180572_n.jpg\" \/>\n\t<meta property=\"og:image:width\" content=\"966\" \/>\n\t<meta property=\"og:image:height\" content=\"569\" \/>\n\t<meta property=\"og:image:type\" content=\"image\/jpeg\" \/>\n<meta name=\"author\" content=\"NBCS Noticias\" \/>\n<meta name=\"twitter:card\" content=\"summary_large_image\" \/>\n<meta name=\"twitter:creator\" content=\"@https:\/\/twitter.com\/NBCSnoticias\" \/>\n<meta name=\"twitter:site\" content=\"@NBCSnoticias\" \/>\n<meta name=\"twitter:label1\" content=\"Escrito por\" \/>\n\t<meta name=\"twitter:data1\" content=\"NBCS Noticias\" \/>\n\t<meta name=\"twitter:label2\" content=\"Tiempo de lectura\" \/>\n\t<meta name=\"twitter:data2\" content=\"3 minutos\" \/>\n<script type=\"application\/ld+json\" class=\"yoast-schema-graph\">{\"@context\":\"https:\\\/\\\/schema.org\",\"@graph\":[{\"@type\":\"Article\",\"@id\":\"https:\\\/\\\/nbcs.mx\\\/?p=162355#article\",\"isPartOf\":{\"@id\":\"https:\\\/\\\/nbcs.mx\\\/?p=162355\"},\"author\":{\"name\":\"NBCS Noticias\",\"@id\":\"https:\\\/\\\/nbcs.mx\\\/#\\\/schema\\\/person\\\/ece58bab9a7c1e87a4d28ec9ecd79ff4\"},\"headline\":\"Manuel Cota respalda Reforma Electoral de Sheinbaum y plantea \u201cPlan B\u201d tras rechazo en San L\u00e1zaro\",\"datePublished\":\"2026-03-12T17:00:58+00:00\",\"mainEntityOfPage\":{\"@id\":\"https:\\\/\\\/nbcs.mx\\\/?p=162355\"},\"wordCount\":495,\"commentCount\":0,\"publisher\":{\"@id\":\"https:\\\/\\\/nbcs.mx\\\/#organization\"},\"image\":{\"@id\":\"https:\\\/\\\/nbcs.mx\\\/?p=162355#primaryimage\"},\"thumbnailUrl\":\"https:\\\/\\\/nbcs.mx\\\/wp-content\\\/uploads\\\/2026\\\/03\\\/571196630_1392111859586277_7094418151129180572_n.jpg\",\"articleSection\":[\"Noticias\"],\"inLanguage\":\"es\",\"potentialAction\":[{\"@type\":\"CommentAction\",\"name\":\"Comment\",\"target\":[\"https:\\\/\\\/nbcs.mx\\\/?p=162355#respond\"]}]},{\"@type\":\"WebPage\",\"@id\":\"https:\\\/\\\/nbcs.mx\\\/?p=162355\",\"url\":\"https:\\\/\\\/nbcs.mx\\\/?p=162355\",\"name\":\"Manuel Cota respalda Reforma Electoral de Sheinbaum y plantea \u201cPlan B\u201d tras rechazo en San L\u00e1zaro - NBCS Noticias\",\"isPartOf\":{\"@id\":\"https:\\\/\\\/nbcs.mx\\\/#website\"},\"primaryImageOfPage\":{\"@id\":\"https:\\\/\\\/nbcs.mx\\\/?p=162355#primaryimage\"},\"image\":{\"@id\":\"https:\\\/\\\/nbcs.mx\\\/?p=162355#primaryimage\"},\"thumbnailUrl\":\"https:\\\/\\\/nbcs.mx\\\/wp-content\\\/uploads\\\/2026\\\/03\\\/571196630_1392111859586277_7094418151129180572_n.jpg\",\"datePublished\":\"2026-03-12T17:00:58+00:00\",\"breadcrumb\":{\"@id\":\"https:\\\/\\\/nbcs.mx\\\/?p=162355#breadcrumb\"},\"inLanguage\":\"es\",\"potentialAction\":[{\"@type\":\"ReadAction\",\"target\":[\"https:\\\/\\\/nbcs.mx\\\/?p=162355\"]}]},{\"@type\":\"ImageObject\",\"inLanguage\":\"es\",\"@id\":\"https:\\\/\\\/nbcs.mx\\\/?p=162355#primaryimage\",\"url\":\"https:\\\/\\\/nbcs.mx\\\/wp-content\\\/uploads\\\/2026\\\/03\\\/571196630_1392111859586277_7094418151129180572_n.jpg\",\"contentUrl\":\"https:\\\/\\\/nbcs.mx\\\/wp-content\\\/uploads\\\/2026\\\/03\\\/571196630_1392111859586277_7094418151129180572_n.jpg\",\"width\":966,\"height\":569},{\"@type\":\"BreadcrumbList\",\"@id\":\"https:\\\/\\\/nbcs.mx\\\/?p=162355#breadcrumb\",\"itemListElement\":[{\"@type\":\"ListItem\",\"position\":1,\"name\":\"Portada\",\"item\":\"https:\\\/\\\/nbcs.mx\\\/\"},{\"@type\":\"ListItem\",\"position\":2,\"name\":\"Manuel Cota respalda Reforma Electoral de Sheinbaum y plantea \u201cPlan B\u201d tras rechazo en San L\u00e1zaro\"}]},{\"@type\":\"WebSite\",\"@id\":\"https:\\\/\\\/nbcs.mx\\\/#website\",\"url\":\"https:\\\/\\\/nbcs.mx\\\/\",\"name\":\"NBCS Noticias\",\"description\":\"Sitio web de noticias en Baja California Sur\",\"publisher\":{\"@id\":\"https:\\\/\\\/nbcs.mx\\\/#organization\"},\"potentialAction\":[{\"@type\":\"SearchAction\",\"target\":{\"@type\":\"EntryPoint\",\"urlTemplate\":\"https:\\\/\\\/nbcs.mx\\\/?s={search_term_string}\"},\"query-input\":{\"@type\":\"PropertyValueSpecification\",\"valueRequired\":true,\"valueName\":\"search_term_string\"}}],\"inLanguage\":\"es\"},{\"@type\":\"Organization\",\"@id\":\"https:\\\/\\\/nbcs.mx\\\/#organization\",\"name\":\"NBCS Noticias\",\"url\":\"https:\\\/\\\/nbcs.mx\\\/\",\"logo\":{\"@type\":\"ImageObject\",\"inLanguage\":\"es\",\"@id\":\"https:\\\/\\\/nbcs.mx\\\/#\\\/schema\\\/logo\\\/image\\\/\",\"url\":\"https:\\\/\\\/nbcs.mx\\\/wp-content\\\/uploads\\\/2018\\\/09\\\/057b69485e93575a5c2b1c1dde2dd297.jpeg\",\"contentUrl\":\"https:\\\/\\\/nbcs.mx\\\/wp-content\\\/uploads\\\/2018\\\/09\\\/057b69485e93575a5c2b1c1dde2dd297.jpeg\",\"width\":64,\"height\":64,\"caption\":\"NBCS Noticias\"},\"image\":{\"@id\":\"https:\\\/\\\/nbcs.mx\\\/#\\\/schema\\\/logo\\\/image\\\/\"},\"sameAs\":[\"https:\\\/\\\/www.facebook.com\\\/NBCSnoticias\",\"https:\\\/\\\/x.com\\\/NBCSnoticias\"]},{\"@type\":\"Person\",\"@id\":\"https:\\\/\\\/nbcs.mx\\\/#\\\/schema\\\/person\\\/ece58bab9a7c1e87a4d28ec9ecd79ff4\",\"name\":\"NBCS Noticias\",\"image\":{\"@type\":\"ImageObject\",\"inLanguage\":\"es\",\"@id\":\"https:\\\/\\\/secure.gravatar.com\\\/avatar\\\/4e52110cad1c4054b43271a0d14bbe9e2ea76aecd0e1097edfc670798d9ca1d4?s=96&d=blank&r=g\",\"url\":\"https:\\\/\\\/secure.gravatar.com\\\/avatar\\\/4e52110cad1c4054b43271a0d14bbe9e2ea76aecd0e1097edfc670798d9ca1d4?s=96&d=blank&r=g\",\"contentUrl\":\"https:\\\/\\\/secure.gravatar.com\\\/avatar\\\/4e52110cad1c4054b43271a0d14bbe9e2ea76aecd0e1097edfc670798d9ca1d4?s=96&d=blank&r=g\",\"caption\":\"NBCS Noticias\"},\"description\":\"\u00bfTienes fotos o video de alg\u00fan acto de posible negligencia, corrupci\u00f3n y abuso de autoridad? M\u00e1ndalo al WhatsApp de NBCS Noticias: 612 141 98 08\",\"sameAs\":[\"https:\\\/\\\/www.nbcs.mx\",\"https:\\\/\\\/www.facebook.com\\\/NBCSnoticias\",\"https:\\\/\\\/www.instagram.com\\\/nbcsnoticias\\\/\",\"https:\\\/\\\/x.com\\\/https:\\\/\\\/twitter.com\\\/NBCSnoticias\"]}]}<\/script>\n<!-- \/ Yoast SEO plugin. -->","yoast_head_json":{"title":"Manuel Cota respalda Reforma Electoral de Sheinbaum y plantea \u201cPlan B\u201d tras rechazo en San L\u00e1zaro - NBCS Noticias","robots":{"index":"index","follow":"follow","max-snippet":"max-snippet:-1","max-image-preview":"max-image-preview:large","max-video-preview":"max-video-preview:-1"},"canonical":"https:\/\/nbcs.mx\/?p=162355","og_locale":"es_ES","og_type":"article","og_title":"Manuel Cota respalda Reforma Electoral de Sheinbaum y plantea \u201cPlan B\u201d tras rechazo en San L\u00e1zaro - NBCS Noticias","og_description":"El diputado federal por Baja California Sur, Manuel Cota C\u00e1rdenas, reiter\u00f3 su respaldo a la iniciativa de Reforma Electoral impulsada","og_url":"https:\/\/nbcs.mx\/?p=162355","og_site_name":"NBCS Noticias","article_publisher":"https:\/\/www.facebook.com\/NBCSnoticias","article_author":"https:\/\/www.facebook.com\/NBCSnoticias","article_published_time":"2026-03-12T17:00:58+00:00","og_image":[{"width":966,"height":569,"url":"https:\/\/nbcs.mx\/wp-content\/uploads\/2026\/03\/571196630_1392111859586277_7094418151129180572_n.jpg","type":"image\/jpeg"}],"author":"NBCS Noticias","twitter_card":"summary_large_image","twitter_creator":"@https:\/\/twitter.com\/NBCSnoticias","twitter_site":"@NBCSnoticias","twitter_misc":{"Escrito por":"NBCS Noticias","Tiempo de lectura":"3 minutos"},"schema":{"@context":"https:\/\/schema.org","@graph":[{"@type":"Article","@id":"https:\/\/nbcs.mx\/?p=162355#article","isPartOf":{"@id":"https:\/\/nbcs.mx\/?p=162355"},"author":{"name":"NBCS Noticias","@id":"https:\/\/nbcs.mx\/#\/schema\/person\/ece58bab9a7c1e87a4d28ec9ecd79ff4"},"headline":"Manuel Cota respalda Reforma Electoral de Sheinbaum y plantea \u201cPlan B\u201d tras rechazo en San L\u00e1zaro","datePublished":"2026-03-12T17:00:58+00:00","mainEntityOfPage":{"@id":"https:\/\/nbcs.mx\/?p=162355"},"wordCount":495,"commentCount":0,"publisher":{"@id":"https:\/\/nbcs.mx\/#organization"},"image":{"@id":"https:\/\/nbcs.mx\/?p=162355#primaryimage"},"thumbnailUrl":"https:\/\/nbcs.mx\/wp-content\/uploads\/2026\/03\/571196630_1392111859586277_7094418151129180572_n.jpg","articleSection":["Noticias"],"inLanguage":"es","potentialAction":[{"@type":"CommentAction","name":"Comment","target":["https:\/\/nbcs.mx\/?p=162355#respond"]}]},{"@type":"WebPage","@id":"https:\/\/nbcs.mx\/?p=162355","url":"https:\/\/nbcs.mx\/?p=162355","name":"Manuel Cota respalda Reforma Electoral de Sheinbaum y plantea \u201cPlan B\u201d tras rechazo en San L\u00e1zaro - NBCS Noticias","isPartOf":{"@id":"https:\/\/nbcs.mx\/#website"},"primaryImageOfPage":{"@id":"https:\/\/nbcs.mx\/?p=162355#primaryimage"},"image":{"@id":"https:\/\/nbcs.mx\/?p=162355#primaryimage"},"thumbnailUrl":"https:\/\/nbcs.mx\/wp-content\/uploads\/2026\/03\/571196630_1392111859586277_7094418151129180572_n.jpg","datePublished":"2026-03-12T17:00:58+00:00","breadcrumb":{"@id":"https:\/\/nbcs.mx\/?p=162355#breadcrumb"},"inLanguage":"es","potentialAction":[{"@type":"ReadAction","target":["https:\/\/nbcs.mx\/?p=162355"]}]},{"@type":"ImageObject","inLanguage":"es","@id":"https:\/\/nbcs.mx\/?p=162355#primaryimage","url":"https:\/\/nbcs.mx\/wp-content\/uploads\/2026\/03\/571196630_1392111859586277_7094418151129180572_n.jpg","contentUrl":"https:\/\/nbcs.mx\/wp-content\/uploads\/2026\/03\/571196630_1392111859586277_7094418151129180572_n.jpg","width":966,"height":569},{"@type":"BreadcrumbList","@id":"https:\/\/nbcs.mx\/?p=162355#breadcrumb","itemListElement":[{"@type":"ListItem","position":1,"name":"Portada","item":"https:\/\/nbcs.mx\/"},{"@type":"ListItem","position":2,"name":"Manuel Cota respalda Reforma Electoral de Sheinbaum y plantea \u201cPlan B\u201d tras rechazo en San L\u00e1zaro"}]},{"@type":"WebSite","@id":"https:\/\/nbcs.mx\/#website","url":"https:\/\/nbcs.mx\/","name":"NBCS Noticias","description":"Sitio web de noticias en Baja California Sur","publisher":{"@id":"https:\/\/nbcs.mx\/#organization"},"potentialAction":[{"@type":"SearchAction","target":{"@type":"EntryPoint","urlTemplate":"https:\/\/nbcs.mx\/?s={search_term_string}"},"query-input":{"@type":"PropertyValueSpecification","valueRequired":true,"valueName":"search_term_string"}}],"inLanguage":"es"},{"@type":"Organization","@id":"https:\/\/nbcs.mx\/#organization","name":"NBCS Noticias","url":"https:\/\/nbcs.mx\/","logo":{"@type":"ImageObject","inLanguage":"es","@id":"https:\/\/nbcs.mx\/#\/schema\/logo\/image\/","url":"https:\/\/nbcs.mx\/wp-content\/uploads\/2018\/09\/057b69485e93575a5c2b1c1dde2dd297.jpeg","contentUrl":"https:\/\/nbcs.mx\/wp-content\/uploads\/2018\/09\/057b69485e93575a5c2b1c1dde2dd297.jpeg","width":64,"height":64,"caption":"NBCS Noticias"},"image":{"@id":"https:\/\/nbcs.mx\/#\/schema\/logo\/image\/"},"sameAs":["https:\/\/www.facebook.com\/NBCSnoticias","https:\/\/x.com\/NBCSnoticias"]},{"@type":"Person","@id":"https:\/\/nbcs.mx\/#\/schema\/person\/ece58bab9a7c1e87a4d28ec9ecd79ff4","name":"NBCS Noticias","image":{"@type":"ImageObject","inLanguage":"es","@id":"https:\/\/secure.gravatar.com\/avatar\/4e52110cad1c4054b43271a0d14bbe9e2ea76aecd0e1097edfc670798d9ca1d4?s=96&d=blank&r=g","url":"https:\/\/secure.gravatar.com\/avatar\/4e52110cad1c4054b43271a0d14bbe9e2ea76aecd0e1097edfc670798d9ca1d4?s=96&d=blank&r=g","contentUrl":"https:\/\/secure.gravatar.com\/avatar\/4e52110cad1c4054b43271a0d14bbe9e2ea76aecd0e1097edfc670798d9ca1d4?s=96&d=blank&r=g","caption":"NBCS Noticias"},"description":"\u00bfTienes fotos o video de alg\u00fan acto de posible negligencia, corrupci\u00f3n y abuso de autoridad? M\u00e1ndalo al WhatsApp de NBCS Noticias: 612 141 98 08","sameAs":["https:\/\/www.nbcs.mx","https:\/\/www.facebook.com\/NBCSnoticias","https:\/\/www.instagram.com\/nbcsnoticias\/","https:\/\/x.com\/https:\/\/twitter.com\/NBCSnoticias"]}]}},"jetpack_publicize_connections":[],"jetpack_featured_media_url":"https:\/\/nbcs.mx\/wp-content\/uploads\/2026\/03\/571196630_1392111859586277_7094418151129180572_n.jpg","jetpack_sharing_enabled":true,"_links":{"self":[{"href":"https:\/\/nbcs.mx\/index.php?rest_route=\/wp\/v2\/posts\/162355","targetHints":{"allow":["GET"]}}],"collection":[{"href":"https:\/\/nbcs.mx\/index.php?rest_route=\/wp\/v2\/posts"}],"about":[{"href":"https:\/\/nbcs.mx\/index.php?rest_route=\/wp\/v2\/types\/post"}],"author":[{"embeddable":true,"href":"https:\/\/nbcs.mx\/index.php?rest_route=\/wp\/v2\/users\/1"}],"replies":[{"embeddable":true,"href":"https:\/\/nbcs.mx\/index.php?rest_route=%2Fwp%2Fv2%2Fcomments&post=162355"}],"version-history":[{"count":1,"href":"https:\/\/nbcs.mx\/index.php?rest_route=\/wp\/v2\/posts\/162355\/revisions"}],"predecessor-version":[{"id":162357,"href":"https:\/\/nbcs.mx\/index.php?rest_route=\/wp\/v2\/posts\/162355\/revisions\/162357"}],"wp:featuredmedia":[{"embeddable":true,"href":"https:\/\/nbcs.mx\/index.php?rest_route=\/wp\/v2\/media\/162356"}],"wp:attachment":[{"href":"https:\/\/nbcs.mx\/index.php?rest_route=%2Fwp%2Fv2%2Fmedia&parent=162355"}],"wp:term":[{"taxonomy":"category","embeddable":true,"href":"https:\/\/nbcs.mx\/index.php?rest_route=%2Fwp%2Fv2%2Fcategories&post=162355"},{"taxonomy":"post_tag","embeddable":true,"href":"https:\/\/nbcs.mx\/index.php?rest_route=%2Fwp%2Fv2%2Ftags&post=162355"}],"curies":[{"name":"wp","href":"https:\/\/api.w.org\/{rel}","templated":true}]}}